{"id":87401,"date":"2026-01-25T21:17:31","date_gmt":"2026-01-25T20:17:31","guid":{"rendered":"https:\/\/canfali.com\/lliga-comunitat-triomf-del-javea-derrota-del-calpe\/"},"modified":"2026-01-25T21:38:35","modified_gmt":"2026-01-25T20:38:35","slug":"lliga-comunitat-triomf-del-javea-derrota-del-calpe","status":"publish","type":"post","link":"https:\/\/canfali.com\/ca-es\/lliga-comunitat-triomf-del-javea-derrota-del-calpe\/","title":{"rendered":"Lliga Comunitat: Triomf del J\u00e1vea, derrota del Calpe"},"content":{"rendered":"\n<p>La jornada divuitena al Grup Sud de la Lliga Comunitat ha deixat una gran vict\u00f2ria per al J\u00e1vea i una derrota del Calpe. El J\u00e1vea va aconseguir un valu\u00f3s triomf per 1-0 davant l\u2019Ol\u00edmpic en un partit molt treballat, que es va decidir amb el gol d\u2019Adri\u00e1n Gil en el minut 41. Malgrat les importants baixes de Lucas i Aliou, el conjunt local va saber competir amb ordre i sacrifici davant un rival que va portar el pes del joc al centre del camp.&#13;\n<\/p>\n\n<p>El J\u00e1vea va ser efectiu en la primera meitat i va mostrar una gran solidesa defensiva despr\u00e9s del descans, amb un Nico decisiu sota els pals. L\u2019Ol\u00edmpic va disposar d\u2019ocasions per a empatar, per\u00f2 no va estar encertat. L\u2019encontre es va tancar despr\u00e9s de huit minuts d\u2019afegit amb la satisfacci\u00f3 pel triomf i la nota negativa de la lesi\u00f3 d\u2019Edu, que va patir un fort colp a la monyica esquerra.&#13;\n<\/p>\n\n<p>Per la seua banda, el Calpe va encaixar una ajustada derrota per 1-0 en la seua visita al camp del Novelda Uni\u00f3n, en un encontre decidit per un gol dels locals en el minut 25. El conjunt calp\u00ed no va poder reaccionar al gol encaixat i es va quedar sense premi tot i intentar-ho durant la resta del partit.&#13;\n<\/p>\n\n<p>Amb este resultat, el Calpe veu frenada una positiva din\u00e0mica de quatre vict\u00f2ries consecutives, que li havia perm\u00e9s escalar posicions i afermar-se en la zona mitja de la classificaci\u00f3. L\u2019equip va mantindre l\u2019ordre i la competitivitat, per\u00f2 li va faltar encert en els metres finals per a rescatar almenys un punt.&#13;\n<\/p>\n","protected":false},"excerpt":{"rendered":"La jornada divuitena al Grup Sud de la Lliga Comunitat ha deixat una gran vict\u00f2ria per al J\u00e1vea&hellip;","protected":false},"author":8,"featured_media":87399,"comment_status":"closed","ping_status":"closed","sticky":false,"template":"","format":"standard","meta":{"csco_display_header_overlay":false,"csco_singular_sidebar":"","csco_page_header_type":"","csco_page_load_nextpost":"","csco_post_video_location":[],"csco_post_video_location_hash":"","csco_post_video_url":"","csco_post_video_bg_start_time":0,"csco_post_video_bg_end_time":0,"footnotes":""},"categories":[573,598,601,608],"tags":[],"class_list":{"0":"post-87401","1":"post","2":"type-post","3":"status-publish","4":"format-standard","5":"has-post-thumbnail","7":"category-deportes-2","8":"category-esports","9":"category-futbol-ca-es","10":"category-futbol-ca-es-2","11":"cs-entry","12":"cs-video-wrap"},"yoast_head":"<!-- This site is optimized with the Yoast SEO Premium plugin v26.6 (Yoast SEO v27.3) - https:\/\/yoast.com\/product\/yoast-seo-premium-wordpress\/ -->\n<title>Lliga Comunitat: Triomf del J\u00e1vea, derrota del Calpe - Canfali<\/title>\n<meta name=\"description\" content=\"La jornada divuitena al Grup Sud de la Lliga Comunitat ha deixat una gran vict\u00f2ria per al J\u00e1vea i una derrota del Calpe.\" \/>\n<meta name=\"robots\" content=\"index, follow, max-snippet:-1, max-image-preview:large, max-video-preview:-1\" \/>\n<link rel=\"canonical\" href=\"https:\/\/canfali.com\/ca-es\/lliga-comunitat-triomf-del-javea-derrota-del-calpe\/\" \/>\n<meta property=\"og:locale\" content=\"en_US\" \/>\n<meta property=\"og:type\" content=\"article\" \/>\n<meta property=\"og:title\" content=\"Lliga Comunitat: Triomf del J\u00e1vea, derrota del Calpe\" \/>\n<meta property=\"og:description\" content=\"La jornada divuitena al Grup Sud de la Lliga Comunitat ha deixat una gran vict\u00f2ria per al J\u00e1vea i una derrota del Calpe.\" \/>\n<meta property=\"og:url\" content=\"https:\/\/canfali.com\/ca-es\/lliga-comunitat-triomf-del-javea-derrota-del-calpe\/\" \/>\n<meta property=\"og:site_name\" content=\"Canfali\" \/>\n<meta property=\"article:publisher\" content=\"https:\/\/es-es.facebook.com\/CANFALIMarinaAlta\" \/>\n<meta property=\"article:published_time\" content=\"2026-01-25T20:17:31+00:00\" \/>\n<meta property=\"article:modified_time\" content=\"2026-01-25T20:38:35+00:00\" \/>\n<meta property=\"og:image\" content=\"https:\/\/canfali.com\/app\/uploads\/2026\/01\/WhatsApp-Image-2026-01-25-at-15.10.56.jpeg\" \/>\n\t<meta property=\"og:image:width\" content=\"1126\" \/>\n\t<meta property=\"og:image:height\" content=\"656\" \/>\n\t<meta property=\"og:image:type\" content=\"image\/jpeg\" \/>\n<meta name=\"author\" content=\"Lluis\" \/>\n<meta name=\"twitter:card\" content=\"summary_large_image\" \/>\n<meta name=\"twitter:creator\" content=\"@canfalima\" \/>\n<meta name=\"twitter:site\" content=\"@canfalima\" \/>\n<meta name=\"twitter:label1\" content=\"Written by\" \/>\n\t<meta name=\"twitter:data1\" content=\"Lluis\" \/>\n\t<meta name=\"twitter:label2\" content=\"Est. reading time\" \/>\n\t<meta name=\"twitter:data2\" content=\"1 minute\" \/>\n<script type=\"application\/ld+json\" class=\"yoast-schema-graph\">{\"@context\":\"https:\\\/\\\/schema.org\",\"@graph\":[{\"@type\":\"NewsArticle\",\"@id\":\"https:\\\/\\\/canfali.com\\\/ca-es\\\/lliga-comunitat-triomf-del-javea-derrota-del-calpe\\\/#article\",\"isPartOf\":{\"@id\":\"https:\\\/\\\/canfali.com\\\/ca-es\\\/lliga-comunitat-triomf-del-javea-derrota-del-calpe\\\/\"},\"author\":{\"name\":\"Lluis\",\"@id\":\"https:\\\/\\\/canfali.com\\\/ca-es\\\/#\\\/schema\\\/person\\\/f540a86fb33e10daaae53c59ceaa1194\"},\"headline\":\"Lliga Comunitat: Triomf del J\u00e1vea, derrota del Calpe\",\"datePublished\":\"2026-01-25T20:17:31+00:00\",\"dateModified\":\"2026-01-25T20:38:35+00:00\",\"mainEntityOfPage\":{\"@id\":\"https:\\\/\\\/canfali.com\\\/ca-es\\\/lliga-comunitat-triomf-del-javea-derrota-del-calpe\\\/\"},\"wordCount\":294,\"publisher\":{\"@id\":\"https:\\\/\\\/canfali.com\\\/ca-es\\\/#organization\"},\"image\":{\"@id\":\"https:\\\/\\\/canfali.com\\\/ca-es\\\/lliga-comunitat-triomf-del-javea-derrota-del-calpe\\\/#primaryimage\"},\"thumbnailUrl\":\"https:\\\/\\\/canfali.com\\\/app\\\/uploads\\\/2026\\\/01\\\/WhatsApp-Image-2026-01-25-at-15.10.56.jpeg\",\"articleSection\":[\"Deportes\",\"Esports\",\"Futbol\",\"Futbol\"],\"inLanguage\":\"va-ES\",\"copyrightYear\":\"2026\",\"copyrightHolder\":{\"@id\":\"https:\\\/\\\/canfali.com\\\/#organization\"}},{\"@type\":\"WebPage\",\"@id\":\"https:\\\/\\\/canfali.com\\\/ca-es\\\/lliga-comunitat-triomf-del-javea-derrota-del-calpe\\\/\",\"url\":\"https:\\\/\\\/canfali.com\\\/ca-es\\\/lliga-comunitat-triomf-del-javea-derrota-del-calpe\\\/\",\"name\":\"Lliga Comunitat: Triomf del J\u00e1vea, derrota del Calpe - Canfali\",\"isPartOf\":{\"@id\":\"https:\\\/\\\/canfali.com\\\/ca-es\\\/#website\"},\"primaryImageOfPage\":{\"@id\":\"https:\\\/\\\/canfali.com\\\/ca-es\\\/lliga-comunitat-triomf-del-javea-derrota-del-calpe\\\/#primaryimage\"},\"image\":{\"@id\":\"https:\\\/\\\/canfali.com\\\/ca-es\\\/lliga-comunitat-triomf-del-javea-derrota-del-calpe\\\/#primaryimage\"},\"thumbnailUrl\":\"https:\\\/\\\/canfali.com\\\/app\\\/uploads\\\/2026\\\/01\\\/WhatsApp-Image-2026-01-25-at-15.10.56.jpeg\",\"datePublished\":\"2026-01-25T20:17:31+00:00\",\"dateModified\":\"2026-01-25T20:38:35+00:00\",\"description\":\"La jornada divuitena al Grup Sud de la Lliga Comunitat ha deixat una gran vict\u00f2ria per al J\u00e1vea i una derrota del Calpe.\",\"breadcrumb\":{\"@id\":\"https:\\\/\\\/canfali.com\\\/ca-es\\\/lliga-comunitat-triomf-del-javea-derrota-del-calpe\\\/#breadcrumb\"},\"inLanguage\":\"va-ES\",\"potentialAction\":[{\"@type\":\"ReadAction\",\"target\":[\"https:\\\/\\\/canfali.com\\\/ca-es\\\/lliga-comunitat-triomf-del-javea-derrota-del-calpe\\\/\"]}]},{\"@type\":\"ImageObject\",\"inLanguage\":\"va-ES\",\"@id\":\"https:\\\/\\\/canfali.com\\\/ca-es\\\/lliga-comunitat-triomf-del-javea-derrota-del-calpe\\\/#primaryimage\",\"url\":\"https:\\\/\\\/canfali.com\\\/app\\\/uploads\\\/2026\\\/01\\\/WhatsApp-Image-2026-01-25-at-15.10.56.jpeg\",\"contentUrl\":\"https:\\\/\\\/canfali.com\\\/app\\\/uploads\\\/2026\\\/01\\\/WhatsApp-Image-2026-01-25-at-15.10.56.jpeg\",\"width\":1126,\"height\":656},{\"@type\":\"BreadcrumbList\",\"@id\":\"https:\\\/\\\/canfali.com\\\/ca-es\\\/lliga-comunitat-triomf-del-javea-derrota-del-calpe\\\/#breadcrumb\",\"itemListElement\":[{\"@type\":\"ListItem\",\"position\":1,\"name\":\"Portada\",\"item\":\"https:\\\/\\\/canfali.com\\\/ca-es\\\/\"},{\"@type\":\"ListItem\",\"position\":2,\"name\":\"Lliga Comunitat: Triomf del J\u00e1vea, derrota del Calpe\"}]},{\"@type\":\"WebSite\",\"@id\":\"https:\\\/\\\/canfali.com\\\/ca-es\\\/#website\",\"url\":\"https:\\\/\\\/canfali.com\\\/ca-es\\\/\",\"name\":\"Canfali\",\"description\":\"\",\"publisher\":{\"@id\":\"https:\\\/\\\/canfali.com\\\/ca-es\\\/#organization\"},\"potentialAction\":[{\"@type\":\"SearchAction\",\"target\":{\"@type\":\"EntryPoint\",\"urlTemplate\":\"https:\\\/\\\/canfali.com\\\/ca-es\\\/?s={search_term_string}\"},\"query-input\":{\"@type\":\"PropertyValueSpecification\",\"valueRequired\":true,\"valueName\":\"search_term_string\"}}],\"inLanguage\":\"va-ES\"},{\"@type\":\"Organization\",\"@id\":\"https:\\\/\\\/canfali.com\\\/ca-es\\\/#organization\",\"name\":\"Canfali\",\"url\":\"https:\\\/\\\/canfali.com\\\/ca-es\\\/\",\"logo\":{\"@type\":\"ImageObject\",\"inLanguage\":\"va-ES\",\"@id\":\"https:\\\/\\\/canfali.com\\\/ca-es\\\/#\\\/schema\\\/logo\\\/image\\\/\",\"url\":\"https:\\\/\\\/canfali.com\\\/app\\\/uploads\\\/2025\\\/12\\\/canfali_marina_alta_logo.png\",\"contentUrl\":\"https:\\\/\\\/canfali.com\\\/app\\\/uploads\\\/2025\\\/12\\\/canfali_marina_alta_logo.png\",\"width\":225,\"height\":225,\"caption\":\"Canfali\"},\"image\":{\"@id\":\"https:\\\/\\\/canfali.com\\\/ca-es\\\/#\\\/schema\\\/logo\\\/image\\\/\"},\"sameAs\":[\"https:\\\/\\\/es-es.facebook.com\\\/CANFALIMarinaAlta\",\"https:\\\/\\\/x.com\\\/canfalima\",\"https:\\\/\\\/www.instagram.com\\\/canfalimarinaalta\\\/\"]},{\"@type\":\"Person\",\"@id\":\"https:\\\/\\\/canfali.com\\\/ca-es\\\/#\\\/schema\\\/person\\\/f540a86fb33e10daaae53c59ceaa1194\",\"name\":\"Lluis\",\"image\":{\"@type\":\"ImageObject\",\"inLanguage\":\"va-ES\",\"@id\":\"https:\\\/\\\/secure.gravatar.com\\\/avatar\\\/a21ec8835290e4e02ed0886b8cb327d807d0eb6ec8ccf25d4c2a0a415f506c0d?s=96&d=mm&r=g\",\"url\":\"https:\\\/\\\/secure.gravatar.com\\\/avatar\\\/a21ec8835290e4e02ed0886b8cb327d807d0eb6ec8ccf25d4c2a0a415f506c0d?s=96&d=mm&r=g\",\"contentUrl\":\"https:\\\/\\\/secure.gravatar.com\\\/avatar\\\/a21ec8835290e4e02ed0886b8cb327d807d0eb6ec8ccf25d4c2a0a415f506c0d?s=96&d=mm&r=g\",\"caption\":\"Lluis\"},\"url\":\"https:\\\/\\\/canfali.com\\\/ca-es\\\/author\\\/lluis\\\/\"}]}<\/script>\n<!-- \/ Yoast SEO Premium plugin. -->","yoast_head_json":{"title":"Lliga Comunitat: Triomf del J\u00e1vea, derrota del Calpe - Canfali","description":"La jornada divuitena al Grup Sud de la Lliga Comunitat ha deixat una gran vict\u00f2ria per al J\u00e1vea i una derrota del Calpe.","robots":{"index":"index","follow":"follow","max-snippet":"max-snippet:-1","max-image-preview":"max-image-preview:large","max-video-preview":"max-video-preview:-1"},"canonical":"https:\/\/canfali.com\/ca-es\/lliga-comunitat-triomf-del-javea-derrota-del-calpe\/","og_locale":"en_US","og_type":"article","og_title":"Lliga Comunitat: Triomf del J\u00e1vea, derrota del Calpe","og_description":"La jornada divuitena al Grup Sud de la Lliga Comunitat ha deixat una gran vict\u00f2ria per al J\u00e1vea i una derrota del Calpe.","og_url":"https:\/\/canfali.com\/ca-es\/lliga-comunitat-triomf-del-javea-derrota-del-calpe\/","og_site_name":"Canfali","article_publisher":"https:\/\/es-es.facebook.com\/CANFALIMarinaAlta","article_published_time":"2026-01-25T20:17:31+00:00","article_modified_time":"2026-01-25T20:38:35+00:00","og_image":[{"width":1126,"height":656,"url":"https:\/\/canfali.com\/app\/uploads\/2026\/01\/WhatsApp-Image-2026-01-25-at-15.10.56.jpeg","type":"image\/jpeg"}],"author":"Lluis","twitter_card":"summary_large_image","twitter_creator":"@canfalima","twitter_site":"@canfalima","twitter_misc":{"Written by":"Lluis","Est. reading time":"1 minute"},"schema":{"@context":"https:\/\/schema.org","@graph":[{"@type":"NewsArticle","@id":"https:\/\/canfali.com\/ca-es\/lliga-comunitat-triomf-del-javea-derrota-del-calpe\/#article","isPartOf":{"@id":"https:\/\/canfali.com\/ca-es\/lliga-comunitat-triomf-del-javea-derrota-del-calpe\/"},"author":{"name":"Lluis","@id":"https:\/\/canfali.com\/ca-es\/#\/schema\/person\/f540a86fb33e10daaae53c59ceaa1194"},"headline":"Lliga Comunitat: Triomf del J\u00e1vea, derrota del Calpe","datePublished":"2026-01-25T20:17:31+00:00","dateModified":"2026-01-25T20:38:35+00:00","mainEntityOfPage":{"@id":"https:\/\/canfali.com\/ca-es\/lliga-comunitat-triomf-del-javea-derrota-del-calpe\/"},"wordCount":294,"publisher":{"@id":"https:\/\/canfali.com\/ca-es\/#organization"},"image":{"@id":"https:\/\/canfali.com\/ca-es\/lliga-comunitat-triomf-del-javea-derrota-del-calpe\/#primaryimage"},"thumbnailUrl":"https:\/\/canfali.com\/app\/uploads\/2026\/01\/WhatsApp-Image-2026-01-25-at-15.10.56.jpeg","articleSection":["Deportes","Esports","Futbol","Futbol"],"inLanguage":"va-ES","copyrightYear":"2026","copyrightHolder":{"@id":"https:\/\/canfali.com\/#organization"}},{"@type":"WebPage","@id":"https:\/\/canfali.com\/ca-es\/lliga-comunitat-triomf-del-javea-derrota-del-calpe\/","url":"https:\/\/canfali.com\/ca-es\/lliga-comunitat-triomf-del-javea-derrota-del-calpe\/","name":"Lliga Comunitat: Triomf del J\u00e1vea, derrota del Calpe - Canfali","isPartOf":{"@id":"https:\/\/canfali.com\/ca-es\/#website"},"primaryImageOfPage":{"@id":"https:\/\/canfali.com\/ca-es\/lliga-comunitat-triomf-del-javea-derrota-del-calpe\/#primaryimage"},"image":{"@id":"https:\/\/canfali.com\/ca-es\/lliga-comunitat-triomf-del-javea-derrota-del-calpe\/#primaryimage"},"thumbnailUrl":"https:\/\/canfali.com\/app\/uploads\/2026\/01\/WhatsApp-Image-2026-01-25-at-15.10.56.jpeg","datePublished":"2026-01-25T20:17:31+00:00","dateModified":"2026-01-25T20:38:35+00:00","description":"La jornada divuitena al Grup Sud de la Lliga Comunitat ha deixat una gran vict\u00f2ria per al J\u00e1vea i una derrota del Calpe.","breadcrumb":{"@id":"https:\/\/canfali.com\/ca-es\/lliga-comunitat-triomf-del-javea-derrota-del-calpe\/#breadcrumb"},"inLanguage":"va-ES","potentialAction":[{"@type":"ReadAction","target":["https:\/\/canfali.com\/ca-es\/lliga-comunitat-triomf-del-javea-derrota-del-calpe\/"]}]},{"@type":"ImageObject","inLanguage":"va-ES","@id":"https:\/\/canfali.com\/ca-es\/lliga-comunitat-triomf-del-javea-derrota-del-calpe\/#primaryimage","url":"https:\/\/canfali.com\/app\/uploads\/2026\/01\/WhatsApp-Image-2026-01-25-at-15.10.56.jpeg","contentUrl":"https:\/\/canfali.com\/app\/uploads\/2026\/01\/WhatsApp-Image-2026-01-25-at-15.10.56.jpeg","width":1126,"height":656},{"@type":"BreadcrumbList","@id":"https:\/\/canfali.com\/ca-es\/lliga-comunitat-triomf-del-javea-derrota-del-calpe\/#breadcrumb","itemListElement":[{"@type":"ListItem","position":1,"name":"Portada","item":"https:\/\/canfali.com\/ca-es\/"},{"@type":"ListItem","position":2,"name":"Lliga Comunitat: Triomf del J\u00e1vea, derrota del Calpe"}]},{"@type":"WebSite","@id":"https:\/\/canfali.com\/ca-es\/#website","url":"https:\/\/canfali.com\/ca-es\/","name":"Canfali","description":"","publisher":{"@id":"https:\/\/canfali.com\/ca-es\/#organization"},"potentialAction":[{"@type":"SearchAction","target":{"@type":"EntryPoint","urlTemplate":"https:\/\/canfali.com\/ca-es\/?s={search_term_string}"},"query-input":{"@type":"PropertyValueSpecification","valueRequired":true,"valueName":"search_term_string"}}],"inLanguage":"va-ES"},{"@type":"Organization","@id":"https:\/\/canfali.com\/ca-es\/#organization","name":"Canfali","url":"https:\/\/canfali.com\/ca-es\/","logo":{"@type":"ImageObject","inLanguage":"va-ES","@id":"https:\/\/canfali.com\/ca-es\/#\/schema\/logo\/image\/","url":"https:\/\/canfali.com\/app\/uploads\/2025\/12\/canfali_marina_alta_logo.png","contentUrl":"https:\/\/canfali.com\/app\/uploads\/2025\/12\/canfali_marina_alta_logo.png","width":225,"height":225,"caption":"Canfali"},"image":{"@id":"https:\/\/canfali.com\/ca-es\/#\/schema\/logo\/image\/"},"sameAs":["https:\/\/es-es.facebook.com\/CANFALIMarinaAlta","https:\/\/x.com\/canfalima","https:\/\/www.instagram.com\/canfalimarinaalta\/"]},{"@type":"Person","@id":"https:\/\/canfali.com\/ca-es\/#\/schema\/person\/f540a86fb33e10daaae53c59ceaa1194","name":"Lluis","image":{"@type":"ImageObject","inLanguage":"va-ES","@id":"https:\/\/secure.gravatar.com\/avatar\/a21ec8835290e4e02ed0886b8cb327d807d0eb6ec8ccf25d4c2a0a415f506c0d?s=96&d=mm&r=g","url":"https:\/\/secure.gravatar.com\/avatar\/a21ec8835290e4e02ed0886b8cb327d807d0eb6ec8ccf25d4c2a0a415f506c0d?s=96&d=mm&r=g","contentUrl":"https:\/\/secure.gravatar.com\/avatar\/a21ec8835290e4e02ed0886b8cb327d807d0eb6ec8ccf25d4c2a0a415f506c0d?s=96&d=mm&r=g","caption":"Lluis"},"url":"https:\/\/canfali.com\/ca-es\/author\/lluis\/"}]}},"_links":{"self":[{"href":"https:\/\/canfali.com\/ca-es\/wp-json\/wp\/v2\/posts\/87401","targetHints":{"allow":["GET"]}}],"collection":[{"href":"https:\/\/canfali.com\/ca-es\/wp-json\/wp\/v2\/posts"}],"about":[{"href":"https:\/\/canfali.com\/ca-es\/wp-json\/wp\/v2\/types\/post"}],"author":[{"embeddable":true,"href":"https:\/\/canfali.com\/ca-es\/wp-json\/wp\/v2\/users\/8"}],"replies":[{"embeddable":true,"href":"https:\/\/canfali.com\/ca-es\/wp-json\/wp\/v2\/comments?post=87401"}],"version-history":[{"count":2,"href":"https:\/\/canfali.com\/ca-es\/wp-json\/wp\/v2\/posts\/87401\/revisions"}],"predecessor-version":[{"id":87404,"href":"https:\/\/canfali.com\/ca-es\/wp-json\/wp\/v2\/posts\/87401\/revisions\/87404"}],"wp:featuredmedia":[{"embeddable":true,"href":"https:\/\/canfali.com\/ca-es\/wp-json\/wp\/v2\/media\/87399"}],"wp:attachment":[{"href":"https:\/\/canfali.com\/ca-es\/wp-json\/wp\/v2\/media?parent=87401"}],"wp:term":[{"taxonomy":"category","embeddable":true,"href":"https:\/\/canfali.com\/ca-es\/wp-json\/wp\/v2\/categories?post=87401"},{"taxonomy":"post_tag","embeddable":true,"href":"https:\/\/canfali.com\/ca-es\/wp-json\/wp\/v2\/tags?post=87401"}],"curies":[{"name":"wp","href":"https:\/\/api.w.org\/{rel}","templated":true}]}}