{"id":87394,"date":"2026-01-25T21:00:02","date_gmt":"2026-01-25T20:00:02","guid":{"rendered":"https:\/\/canfali.com\/el-pilot-de-cross-country-cristobal-cholbi-brilla-en-la-gala-de-campions\/"},"modified":"2026-01-25T21:01:43","modified_gmt":"2026-01-25T20:01:43","slug":"el-pilot-de-cross-country-cristobal-cholbi-brilla-en-la-gala-de-campions","status":"publish","type":"post","link":"https:\/\/canfali.com\/ca-es\/el-pilot-de-cross-country-cristobal-cholbi-brilla-en-la-gala-de-campions\/","title":{"rendered":"El pilot de Cross Country Crist\u00f3bal Cholbi brilla en la Gala de Campions"},"content":{"rendered":"\n<p>El pilot de X\u00e0bia Crist\u00f3bal Cholbi va ser un dels grans protagonistes de la Gala de Campions 2025 de la Comunitat Valenciana de motociclisme, celebrada el passat dissabte 24 de gener. Cholbi va pujar al p\u00f2dium en dues ocasions, proclamant-se campi\u00f3 auton\u00f2mic de Cross Country 2025 i subcampi\u00f3 d\u2019Enduro en la categoria S\u00e8nior B, tancant aix\u00ed una temporada excel\u00b7lent.&#13;\n<\/p>\n\n<figure class=\"wp-block-gallery has-nested-images columns-default is-cropped wp-block-gallery-15 is-layout-flex wp-block-gallery-is-layout-flex\">\n<figure class=\"wp-block-image size-large\"><img decoding=\"async\" data-id=\"87391\" src=\"https:\/\/canfali.com\/app\/uploads\/2026\/01\/8cholbi1-1-683x1024.jpeg.webp\" alt=\"\" class=\"wp-image-87391\"\/><\/figure>\n\n\n\n<figure class=\"wp-block-image size-large\"><img decoding=\"async\" data-id=\"87389\" src=\"https:\/\/canfali.com\/app\/uploads\/2026\/01\/8cholbi3-2-1020x1024.jpeg.webp\" alt=\"\" class=\"wp-image-87389\"\/><\/figure>\n<\/figure>\n\n<p>Estos resultats confirmen la progressi\u00f3 i l\u2019alt nivell competitiu del pilot xabienc, que afronta la temporada 2026 amb ambici\u00f3 i l\u2019objectiu de continuar superant-se. Des de l\u2019equip de Cholbi s\u2019agra\u00efx el suport constant de La Mezquida X\u00e0bia i Limpiezas X\u00e0bia, patrocinadors clau en la seua traject\u00f2ria esportiva.&#13;\n<\/p>\n\n<p>A m\u00e9s, este mateix cap de setmana va comen\u00e7ar el Campionat d\u2019Enduro de la Comunitat Valenciana, on Crist\u00f3bal Cholbi va signar una merit\u00f2ria quinta posici\u00f3 en una prova marcada pel fort vent i un terreny exigent.&#13;\n<\/p>\n","protected":false},"excerpt":{"rendered":"El pilot de X\u00e0bia Crist\u00f3bal Cholbi va ser un dels grans protagonistes de la Gala de Campions 2025&hellip;","protected":false},"author":8,"featured_media":87385,"comment_status":"closed","ping_status":"closed","sticky":false,"template":"","format":"standard","meta":{"csco_display_header_overlay":false,"csco_singular_sidebar":"","csco_page_header_type":"","csco_page_load_nextpost":"","csco_post_video_location":[],"csco_post_video_location_hash":"","csco_post_video_url":"","csco_post_video_bg_start_time":0,"csco_post_video_bg_end_time":0,"footnotes":""},"categories":[598,603],"tags":[],"class_list":{"0":"post-87394","1":"post","2":"type-post","3":"status-publish","4":"format-standard","5":"has-post-thumbnail","7":"category-esports","8":"category-motor-ca-es","9":"cs-entry","10":"cs-video-wrap"},"yoast_head":"<!-- This site is optimized with the Yoast SEO Premium plugin v26.6 (Yoast SEO v27.3) - https:\/\/yoast.com\/product\/yoast-seo-premium-wordpress\/ -->\n<title>El pilot de Cross Country Crist\u00f3bal Cholbi brilla en la Gala de Campions - Canfali<\/title>\n<meta name=\"description\" content=\"El pilot de X\u00e0bia Crist\u00f3bal Cholbi va ser un dels grans protagonistes de la Gala de Campions 2025 de motociclisme.\" \/>\n<meta name=\"robots\" content=\"index, follow, max-snippet:-1, max-image-preview:large, max-video-preview:-1\" \/>\n<link rel=\"canonical\" href=\"https:\/\/canfali.com\/ca-es\/el-pilot-de-cross-country-cristobal-cholbi-brilla-en-la-gala-de-campions\/\" \/>\n<meta property=\"og:locale\" content=\"en_US\" \/>\n<meta property=\"og:type\" content=\"article\" \/>\n<meta property=\"og:title\" content=\"El pilot de Cross Country Crist\u00f3bal Cholbi brilla en la Gala de Campions\" \/>\n<meta property=\"og:description\" content=\"El pilot de X\u00e0bia Crist\u00f3bal Cholbi va ser un dels grans protagonistes de la Gala de Campions 2025 de motociclisme.\" \/>\n<meta property=\"og:url\" content=\"https:\/\/canfali.com\/ca-es\/el-pilot-de-cross-country-cristobal-cholbi-brilla-en-la-gala-de-campions\/\" \/>\n<meta property=\"og:site_name\" content=\"Canfali\" \/>\n<meta property=\"article:publisher\" content=\"https:\/\/es-es.facebook.com\/CANFALIMarinaAlta\" \/>\n<meta property=\"article:published_time\" content=\"2026-01-25T20:00:02+00:00\" \/>\n<meta property=\"article:modified_time\" content=\"2026-01-25T20:01:43+00:00\" \/>\n<meta property=\"og:image\" content=\"https:\/\/canfali.com\/app\/uploads\/2026\/01\/8chobli-1.jpg\" \/>\n\t<meta property=\"og:image:width\" content=\"1280\" \/>\n\t<meta property=\"og:image:height\" content=\"720\" \/>\n\t<meta property=\"og:image:type\" content=\"image\/jpeg\" \/>\n<meta name=\"author\" content=\"Lluis\" \/>\n<meta name=\"twitter:card\" content=\"summary_large_image\" \/>\n<meta name=\"twitter:creator\" content=\"@canfalima\" \/>\n<meta name=\"twitter:site\" content=\"@canfalima\" \/>\n<meta name=\"twitter:label1\" content=\"Written by\" \/>\n\t<meta name=\"twitter:data1\" content=\"Lluis\" \/>\n\t<meta name=\"twitter:label2\" content=\"Est. reading time\" \/>\n\t<meta name=\"twitter:data2\" content=\"1 minute\" \/>\n<script type=\"application\/ld+json\" class=\"yoast-schema-graph\">{\"@context\":\"https:\\\/\\\/schema.org\",\"@graph\":[{\"@type\":\"NewsArticle\",\"@id\":\"https:\\\/\\\/canfali.com\\\/ca-es\\\/el-pilot-de-cross-country-cristobal-cholbi-brilla-en-la-gala-de-campions\\\/#article\",\"isPartOf\":{\"@id\":\"https:\\\/\\\/canfali.com\\\/ca-es\\\/el-pilot-de-cross-country-cristobal-cholbi-brilla-en-la-gala-de-campions\\\/\"},\"author\":{\"name\":\"Lluis\",\"@id\":\"https:\\\/\\\/canfali.com\\\/ca-es\\\/#\\\/schema\\\/person\\\/f540a86fb33e10daaae53c59ceaa1194\"},\"headline\":\"El pilot de Cross Country Crist\u00f3bal Cholbi brilla en la Gala de Campions\",\"datePublished\":\"2026-01-25T20:00:02+00:00\",\"dateModified\":\"2026-01-25T20:01:43+00:00\",\"mainEntityOfPage\":{\"@id\":\"https:\\\/\\\/canfali.com\\\/ca-es\\\/el-pilot-de-cross-country-cristobal-cholbi-brilla-en-la-gala-de-campions\\\/\"},\"wordCount\":172,\"publisher\":{\"@id\":\"https:\\\/\\\/canfali.com\\\/ca-es\\\/#organization\"},\"image\":{\"@id\":\"https:\\\/\\\/canfali.com\\\/ca-es\\\/el-pilot-de-cross-country-cristobal-cholbi-brilla-en-la-gala-de-campions\\\/#primaryimage\"},\"thumbnailUrl\":\"https:\\\/\\\/canfali.com\\\/app\\\/uploads\\\/2026\\\/01\\\/8chobli-1.jpg\",\"articleSection\":[\"Esports\",\"Motor\"],\"inLanguage\":\"va-ES\",\"copyrightYear\":\"2026\",\"copyrightHolder\":{\"@id\":\"https:\\\/\\\/canfali.com\\\/#organization\"}},{\"@type\":\"WebPage\",\"@id\":\"https:\\\/\\\/canfali.com\\\/ca-es\\\/el-pilot-de-cross-country-cristobal-cholbi-brilla-en-la-gala-de-campions\\\/\",\"url\":\"https:\\\/\\\/canfali.com\\\/ca-es\\\/el-pilot-de-cross-country-cristobal-cholbi-brilla-en-la-gala-de-campions\\\/\",\"name\":\"El pilot de Cross Country Crist\u00f3bal Cholbi brilla en la Gala de Campions - Canfali\",\"isPartOf\":{\"@id\":\"https:\\\/\\\/canfali.com\\\/ca-es\\\/#website\"},\"primaryImageOfPage\":{\"@id\":\"https:\\\/\\\/canfali.com\\\/ca-es\\\/el-pilot-de-cross-country-cristobal-cholbi-brilla-en-la-gala-de-campions\\\/#primaryimage\"},\"image\":{\"@id\":\"https:\\\/\\\/canfali.com\\\/ca-es\\\/el-pilot-de-cross-country-cristobal-cholbi-brilla-en-la-gala-de-campions\\\/#primaryimage\"},\"thumbnailUrl\":\"https:\\\/\\\/canfali.com\\\/app\\\/uploads\\\/2026\\\/01\\\/8chobli-1.jpg\",\"datePublished\":\"2026-01-25T20:00:02+00:00\",\"dateModified\":\"2026-01-25T20:01:43+00:00\",\"description\":\"El pilot de X\u00e0bia Crist\u00f3bal Cholbi va ser un dels grans protagonistes de la Gala de Campions 2025 de motociclisme.\",\"breadcrumb\":{\"@id\":\"https:\\\/\\\/canfali.com\\\/ca-es\\\/el-pilot-de-cross-country-cristobal-cholbi-brilla-en-la-gala-de-campions\\\/#breadcrumb\"},\"inLanguage\":\"va-ES\",\"potentialAction\":[{\"@type\":\"ReadAction\",\"target\":[\"https:\\\/\\\/canfali.com\\\/ca-es\\\/el-pilot-de-cross-country-cristobal-cholbi-brilla-en-la-gala-de-campions\\\/\"]}]},{\"@type\":\"ImageObject\",\"inLanguage\":\"va-ES\",\"@id\":\"https:\\\/\\\/canfali.com\\\/ca-es\\\/el-pilot-de-cross-country-cristobal-cholbi-brilla-en-la-gala-de-campions\\\/#primaryimage\",\"url\":\"https:\\\/\\\/canfali.com\\\/app\\\/uploads\\\/2026\\\/01\\\/8chobli-1.jpg\",\"contentUrl\":\"https:\\\/\\\/canfali.com\\\/app\\\/uploads\\\/2026\\\/01\\\/8chobli-1.jpg\",\"width\":1280,\"height\":720},{\"@type\":\"BreadcrumbList\",\"@id\":\"https:\\\/\\\/canfali.com\\\/ca-es\\\/el-pilot-de-cross-country-cristobal-cholbi-brilla-en-la-gala-de-campions\\\/#breadcrumb\",\"itemListElement\":[{\"@type\":\"ListItem\",\"position\":1,\"name\":\"Portada\",\"item\":\"https:\\\/\\\/canfali.com\\\/ca-es\\\/\"},{\"@type\":\"ListItem\",\"position\":2,\"name\":\"El pilot de Cross Country Crist\u00f3bal Cholbi brilla en la Gala de Campions\"}]},{\"@type\":\"WebSite\",\"@id\":\"https:\\\/\\\/canfali.com\\\/ca-es\\\/#website\",\"url\":\"https:\\\/\\\/canfali.com\\\/ca-es\\\/\",\"name\":\"Canfali\",\"description\":\"\",\"publisher\":{\"@id\":\"https:\\\/\\\/canfali.com\\\/ca-es\\\/#organization\"},\"potentialAction\":[{\"@type\":\"SearchAction\",\"target\":{\"@type\":\"EntryPoint\",\"urlTemplate\":\"https:\\\/\\\/canfali.com\\\/ca-es\\\/?s={search_term_string}\"},\"query-input\":{\"@type\":\"PropertyValueSpecification\",\"valueRequired\":true,\"valueName\":\"search_term_string\"}}],\"inLanguage\":\"va-ES\"},{\"@type\":\"Organization\",\"@id\":\"https:\\\/\\\/canfali.com\\\/ca-es\\\/#organization\",\"name\":\"Canfali\",\"url\":\"https:\\\/\\\/canfali.com\\\/ca-es\\\/\",\"logo\":{\"@type\":\"ImageObject\",\"inLanguage\":\"va-ES\",\"@id\":\"https:\\\/\\\/canfali.com\\\/ca-es\\\/#\\\/schema\\\/logo\\\/image\\\/\",\"url\":\"https:\\\/\\\/canfali.com\\\/app\\\/uploads\\\/2025\\\/12\\\/canfali_marina_alta_logo.png\",\"contentUrl\":\"https:\\\/\\\/canfali.com\\\/app\\\/uploads\\\/2025\\\/12\\\/canfali_marina_alta_logo.png\",\"width\":225,\"height\":225,\"caption\":\"Canfali\"},\"image\":{\"@id\":\"https:\\\/\\\/canfali.com\\\/ca-es\\\/#\\\/schema\\\/logo\\\/image\\\/\"},\"sameAs\":[\"https:\\\/\\\/es-es.facebook.com\\\/CANFALIMarinaAlta\",\"https:\\\/\\\/x.com\\\/canfalima\",\"https:\\\/\\\/www.instagram.com\\\/canfalimarinaalta\\\/\"]},{\"@type\":\"Person\",\"@id\":\"https:\\\/\\\/canfali.com\\\/ca-es\\\/#\\\/schema\\\/person\\\/f540a86fb33e10daaae53c59ceaa1194\",\"name\":\"Lluis\",\"image\":{\"@type\":\"ImageObject\",\"inLanguage\":\"va-ES\",\"@id\":\"https:\\\/\\\/secure.gravatar.com\\\/avatar\\\/a21ec8835290e4e02ed0886b8cb327d807d0eb6ec8ccf25d4c2a0a415f506c0d?s=96&d=mm&r=g\",\"url\":\"https:\\\/\\\/secure.gravatar.com\\\/avatar\\\/a21ec8835290e4e02ed0886b8cb327d807d0eb6ec8ccf25d4c2a0a415f506c0d?s=96&d=mm&r=g\",\"contentUrl\":\"https:\\\/\\\/secure.gravatar.com\\\/avatar\\\/a21ec8835290e4e02ed0886b8cb327d807d0eb6ec8ccf25d4c2a0a415f506c0d?s=96&d=mm&r=g\",\"caption\":\"Lluis\"},\"url\":\"https:\\\/\\\/canfali.com\\\/ca-es\\\/author\\\/lluis\\\/\"}]}<\/script>\n<!-- \/ Yoast SEO Premium plugin. -->","yoast_head_json":{"title":"El pilot de Cross Country Crist\u00f3bal Cholbi brilla en la Gala de Campions - Canfali","description":"El pilot de X\u00e0bia Crist\u00f3bal Cholbi va ser un dels grans protagonistes de la Gala de Campions 2025 de motociclisme.","robots":{"index":"index","follow":"follow","max-snippet":"max-snippet:-1","max-image-preview":"max-image-preview:large","max-video-preview":"max-video-preview:-1"},"canonical":"https:\/\/canfali.com\/ca-es\/el-pilot-de-cross-country-cristobal-cholbi-brilla-en-la-gala-de-campions\/","og_locale":"en_US","og_type":"article","og_title":"El pilot de Cross Country Crist\u00f3bal Cholbi brilla en la Gala de Campions","og_description":"El pilot de X\u00e0bia Crist\u00f3bal Cholbi va ser un dels grans protagonistes de la Gala de Campions 2025 de motociclisme.","og_url":"https:\/\/canfali.com\/ca-es\/el-pilot-de-cross-country-cristobal-cholbi-brilla-en-la-gala-de-campions\/","og_site_name":"Canfali","article_publisher":"https:\/\/es-es.facebook.com\/CANFALIMarinaAlta","article_published_time":"2026-01-25T20:00:02+00:00","article_modified_time":"2026-01-25T20:01:43+00:00","og_image":[{"width":1280,"height":720,"url":"https:\/\/canfali.com\/app\/uploads\/2026\/01\/8chobli-1.jpg","type":"image\/jpeg"}],"author":"Lluis","twitter_card":"summary_large_image","twitter_creator":"@canfalima","twitter_site":"@canfalima","twitter_misc":{"Written by":"Lluis","Est. reading time":"1 minute"},"schema":{"@context":"https:\/\/schema.org","@graph":[{"@type":"NewsArticle","@id":"https:\/\/canfali.com\/ca-es\/el-pilot-de-cross-country-cristobal-cholbi-brilla-en-la-gala-de-campions\/#article","isPartOf":{"@id":"https:\/\/canfali.com\/ca-es\/el-pilot-de-cross-country-cristobal-cholbi-brilla-en-la-gala-de-campions\/"},"author":{"name":"Lluis","@id":"https:\/\/canfali.com\/ca-es\/#\/schema\/person\/f540a86fb33e10daaae53c59ceaa1194"},"headline":"El pilot de Cross Country Crist\u00f3bal Cholbi brilla en la Gala de Campions","datePublished":"2026-01-25T20:00:02+00:00","dateModified":"2026-01-25T20:01:43+00:00","mainEntityOfPage":{"@id":"https:\/\/canfali.com\/ca-es\/el-pilot-de-cross-country-cristobal-cholbi-brilla-en-la-gala-de-campions\/"},"wordCount":172,"publisher":{"@id":"https:\/\/canfali.com\/ca-es\/#organization"},"image":{"@id":"https:\/\/canfali.com\/ca-es\/el-pilot-de-cross-country-cristobal-cholbi-brilla-en-la-gala-de-campions\/#primaryimage"},"thumbnailUrl":"https:\/\/canfali.com\/app\/uploads\/2026\/01\/8chobli-1.jpg","articleSection":["Esports","Motor"],"inLanguage":"va-ES","copyrightYear":"2026","copyrightHolder":{"@id":"https:\/\/canfali.com\/#organization"}},{"@type":"WebPage","@id":"https:\/\/canfali.com\/ca-es\/el-pilot-de-cross-country-cristobal-cholbi-brilla-en-la-gala-de-campions\/","url":"https:\/\/canfali.com\/ca-es\/el-pilot-de-cross-country-cristobal-cholbi-brilla-en-la-gala-de-campions\/","name":"El pilot de Cross Country Crist\u00f3bal Cholbi brilla en la Gala de Campions - Canfali","isPartOf":{"@id":"https:\/\/canfali.com\/ca-es\/#website"},"primaryImageOfPage":{"@id":"https:\/\/canfali.com\/ca-es\/el-pilot-de-cross-country-cristobal-cholbi-brilla-en-la-gala-de-campions\/#primaryimage"},"image":{"@id":"https:\/\/canfali.com\/ca-es\/el-pilot-de-cross-country-cristobal-cholbi-brilla-en-la-gala-de-campions\/#primaryimage"},"thumbnailUrl":"https:\/\/canfali.com\/app\/uploads\/2026\/01\/8chobli-1.jpg","datePublished":"2026-01-25T20:00:02+00:00","dateModified":"2026-01-25T20:01:43+00:00","description":"El pilot de X\u00e0bia Crist\u00f3bal Cholbi va ser un dels grans protagonistes de la Gala de Campions 2025 de motociclisme.","breadcrumb":{"@id":"https:\/\/canfali.com\/ca-es\/el-pilot-de-cross-country-cristobal-cholbi-brilla-en-la-gala-de-campions\/#breadcrumb"},"inLanguage":"va-ES","potentialAction":[{"@type":"ReadAction","target":["https:\/\/canfali.com\/ca-es\/el-pilot-de-cross-country-cristobal-cholbi-brilla-en-la-gala-de-campions\/"]}]},{"@type":"ImageObject","inLanguage":"va-ES","@id":"https:\/\/canfali.com\/ca-es\/el-pilot-de-cross-country-cristobal-cholbi-brilla-en-la-gala-de-campions\/#primaryimage","url":"https:\/\/canfali.com\/app\/uploads\/2026\/01\/8chobli-1.jpg","contentUrl":"https:\/\/canfali.com\/app\/uploads\/2026\/01\/8chobli-1.jpg","width":1280,"height":720},{"@type":"BreadcrumbList","@id":"https:\/\/canfali.com\/ca-es\/el-pilot-de-cross-country-cristobal-cholbi-brilla-en-la-gala-de-campions\/#breadcrumb","itemListElement":[{"@type":"ListItem","position":1,"name":"Portada","item":"https:\/\/canfali.com\/ca-es\/"},{"@type":"ListItem","position":2,"name":"El pilot de Cross Country Crist\u00f3bal Cholbi brilla en la Gala de Campions"}]},{"@type":"WebSite","@id":"https:\/\/canfali.com\/ca-es\/#website","url":"https:\/\/canfali.com\/ca-es\/","name":"Canfali","description":"","publisher":{"@id":"https:\/\/canfali.com\/ca-es\/#organization"},"potentialAction":[{"@type":"SearchAction","target":{"@type":"EntryPoint","urlTemplate":"https:\/\/canfali.com\/ca-es\/?s={search_term_string}"},"query-input":{"@type":"PropertyValueSpecification","valueRequired":true,"valueName":"search_term_string"}}],"inLanguage":"va-ES"},{"@type":"Organization","@id":"https:\/\/canfali.com\/ca-es\/#organization","name":"Canfali","url":"https:\/\/canfali.com\/ca-es\/","logo":{"@type":"ImageObject","inLanguage":"va-ES","@id":"https:\/\/canfali.com\/ca-es\/#\/schema\/logo\/image\/","url":"https:\/\/canfali.com\/app\/uploads\/2025\/12\/canfali_marina_alta_logo.png","contentUrl":"https:\/\/canfali.com\/app\/uploads\/2025\/12\/canfali_marina_alta_logo.png","width":225,"height":225,"caption":"Canfali"},"image":{"@id":"https:\/\/canfali.com\/ca-es\/#\/schema\/logo\/image\/"},"sameAs":["https:\/\/es-es.facebook.com\/CANFALIMarinaAlta","https:\/\/x.com\/canfalima","https:\/\/www.instagram.com\/canfalimarinaalta\/"]},{"@type":"Person","@id":"https:\/\/canfali.com\/ca-es\/#\/schema\/person\/f540a86fb33e10daaae53c59ceaa1194","name":"Lluis","image":{"@type":"ImageObject","inLanguage":"va-ES","@id":"https:\/\/secure.gravatar.com\/avatar\/a21ec8835290e4e02ed0886b8cb327d807d0eb6ec8ccf25d4c2a0a415f506c0d?s=96&d=mm&r=g","url":"https:\/\/secure.gravatar.com\/avatar\/a21ec8835290e4e02ed0886b8cb327d807d0eb6ec8ccf25d4c2a0a415f506c0d?s=96&d=mm&r=g","contentUrl":"https:\/\/secure.gravatar.com\/avatar\/a21ec8835290e4e02ed0886b8cb327d807d0eb6ec8ccf25d4c2a0a415f506c0d?s=96&d=mm&r=g","caption":"Lluis"},"url":"https:\/\/canfali.com\/ca-es\/author\/lluis\/"}]}},"_links":{"self":[{"href":"https:\/\/canfali.com\/ca-es\/wp-json\/wp\/v2\/posts\/87394","targetHints":{"allow":["GET"]}}],"collection":[{"href":"https:\/\/canfali.com\/ca-es\/wp-json\/wp\/v2\/posts"}],"about":[{"href":"https:\/\/canfali.com\/ca-es\/wp-json\/wp\/v2\/types\/post"}],"author":[{"embeddable":true,"href":"https:\/\/canfali.com\/ca-es\/wp-json\/wp\/v2\/users\/8"}],"replies":[{"embeddable":true,"href":"https:\/\/canfali.com\/ca-es\/wp-json\/wp\/v2\/comments?post=87394"}],"version-history":[{"count":1,"href":"https:\/\/canfali.com\/ca-es\/wp-json\/wp\/v2\/posts\/87394\/revisions"}],"predecessor-version":[{"id":87395,"href":"https:\/\/canfali.com\/ca-es\/wp-json\/wp\/v2\/posts\/87394\/revisions\/87395"}],"wp:featuredmedia":[{"embeddable":true,"href":"https:\/\/canfali.com\/ca-es\/wp-json\/wp\/v2\/media\/87385"}],"wp:attachment":[{"href":"https:\/\/canfali.com\/ca-es\/wp-json\/wp\/v2\/media?parent=87394"}],"wp:term":[{"taxonomy":"category","embeddable":true,"href":"https:\/\/canfali.com\/ca-es\/wp-json\/wp\/v2\/categories?post=87394"},{"taxonomy":"post_tag","embeddable":true,"href":"https:\/\/canfali.com\/ca-es\/wp-json\/wp\/v2\/tags?post=87394"}],"curies":[{"name":"wp","href":"https:\/\/api.w.org\/{rel}","templated":true}]}}