{"id":87364,"date":"2026-01-25T15:29:04","date_gmt":"2026-01-25T14:29:04","guid":{"rendered":"https:\/\/canfali.com\/lliga-veterans-el-calp-frena-el-lider-oliva\/"},"modified":"2026-01-25T15:32:46","modified_gmt":"2026-01-25T14:32:46","slug":"lliga-veterans-el-calp-frena-el-lider-oliva","status":"publish","type":"post","link":"https:\/\/canfali.com\/ca-es\/lliga-veterans-el-calp-frena-el-lider-oliva\/","title":{"rendered":"Lliga Veterans: El Calp frena el l\u00edder Oliva"},"content":{"rendered":"\n<p>El l\u00edder, l\u2019Oliva, no va poder passar de l\u2019empat a dos gols a casa d\u2019un Calp que \u00e9s cinqu\u00e9 i que tracta d\u2019enganxar-se al grup capdavanter. Igual que Colombianos, sis\u00e9 amb els mateixos punts, que va golejar en esta d\u00edhuitena jornada el Verger, tercer classificat. Tamb\u00e9 va cedir terreny en esta jornada el Pedreguer, amb el seu empat a dos gols a casa del Meraki.&#13;\n<\/p>\n\n<figure class=\"wp-block-image size-large\"><img decoding=\"async\" src=\"https:\/\/canfali.com\/app\/uploads\/2026\/01\/5Q0A5408-1024x683.jpg.webp\" alt=\"\" class=\"wp-image-87361\"\/><\/figure>\n\n<p>El Kamarka va ser l\u2019\u00fanic dels equips de la part alta que va aconseguir la vict\u00f2ria, amb un contundent 5-2 davant del D\u00e9nia Veterans. Els de Kamarka, \u00fanic equip invicte de la competici\u00f3, es mantenen segons, a nom\u00e9s tres punts de l\u2019Oliva.&#13;\n<\/p>\n\n<p>Per la resta, el Benissa va v\u00e9ncer a casa el Beniarbeig per 2-1 i abandona l\u2019\u00faltima pla\u00e7a, que ara ocupa el Dorian Gray, despr\u00e9s d\u2019encaixar la golejada de la jornada (10-0) davant de Mi Pueblito.&#13;\n<\/p>\n\n<p>Tamb\u00e9 van v\u00e9ncer l\u2019Ondara Vet., per 3-1 contra Javeahouses, i el J\u00e1vea Vet., que es va imposar a domicili al Bang Bang per 0-1.&#13;\n<\/p>\n\n<p>Els resultats i la classificaci\u00f3 que va deixar la jornada s\u00f3n els seg\u00fcents:<\/p>\n<div class=\"wp-block-image\">\n<figure class=\"aligncenter size-large\"><img decoding=\"async\" src=\"https:\/\/canfali.com\/app\/uploads\/2026\/01\/Captura-de-pantalla-2026-01-25-a-las-15.26.23-586x1024.png.webp\" alt=\"\" class=\"wp-image-87366\"\/><\/figure>\n<\/div>","protected":false},"excerpt":{"rendered":"El l\u00edder, l\u2019Oliva, no va poder passar de l\u2019empat a dos gols a casa d\u2019un Calp que \u00e9s&hellip;","protected":false},"author":8,"featured_media":87360,"comment_status":"closed","ping_status":"closed","sticky":false,"template":"","format":"standard","meta":{"csco_display_header_overlay":false,"csco_singular_sidebar":"","csco_page_header_type":"","csco_page_load_nextpost":"","csco_post_video_location":[],"csco_post_video_location_hash":"","csco_post_video_url":"","csco_post_video_bg_start_time":0,"csco_post_video_bg_end_time":0,"footnotes":""},"categories":[573,601],"tags":[],"class_list":{"0":"post-87364","1":"post","2":"type-post","3":"status-publish","4":"format-standard","5":"has-post-thumbnail","7":"category-deportes-2","8":"category-futbol-ca-es","9":"cs-entry","10":"cs-video-wrap"},"yoast_head":"<!-- This site is optimized with the Yoast SEO Premium plugin v26.6 (Yoast SEO v27.3) - https:\/\/yoast.com\/product\/yoast-seo-premium-wordpress\/ -->\n<title>Lliga Veterans: El Calp frena el l\u00edder Oliva - Canfali<\/title>\n<meta name=\"description\" content=\"El l\u00edder, l\u2019Oliva, no va poder passar de l\u2019empat a dos gols a casa d\u2019un Calp que \u00e9s cinqu\u00e9 i que tracta d\u2019enganxar-se al grup capdavanter.\" \/>\n<meta name=\"robots\" content=\"index, follow, max-snippet:-1, max-image-preview:large, max-video-preview:-1\" \/>\n<link rel=\"canonical\" href=\"https:\/\/canfali.com\/ca-es\/lliga-veterans-el-calp-frena-el-lider-oliva\/\" \/>\n<meta property=\"og:locale\" content=\"en_US\" \/>\n<meta property=\"og:type\" content=\"article\" \/>\n<meta property=\"og:title\" content=\"Lliga Veterans: El Calp frena el l\u00edder Oliva\" \/>\n<meta property=\"og:description\" content=\"El l\u00edder, l\u2019Oliva, no va poder passar de l\u2019empat a dos gols a casa d\u2019un Calp que \u00e9s cinqu\u00e9 i que tracta d\u2019enganxar-se al grup capdavanter.\" \/>\n<meta property=\"og:url\" content=\"https:\/\/canfali.com\/ca-es\/lliga-veterans-el-calp-frena-el-lider-oliva\/\" \/>\n<meta property=\"og:site_name\" content=\"Canfali\" \/>\n<meta property=\"article:publisher\" content=\"https:\/\/es-es.facebook.com\/CANFALIMarinaAlta\" \/>\n<meta property=\"article:published_time\" content=\"2026-01-25T14:29:04+00:00\" \/>\n<meta property=\"article:modified_time\" content=\"2026-01-25T14:32:46+00:00\" \/>\n<meta property=\"og:image\" content=\"https:\/\/canfali.com\/app\/uploads\/2026\/01\/IMG_4988-scaled.jpg\" \/>\n\t<meta property=\"og:image:width\" content=\"2560\" \/>\n\t<meta property=\"og:image:height\" content=\"1707\" \/>\n\t<meta property=\"og:image:type\" content=\"image\/jpeg\" \/>\n<meta name=\"author\" content=\"Lluis\" \/>\n<meta name=\"twitter:card\" content=\"summary_large_image\" \/>\n<meta name=\"twitter:creator\" content=\"@canfalima\" \/>\n<meta name=\"twitter:site\" content=\"@canfalima\" \/>\n<meta name=\"twitter:label1\" content=\"Written by\" \/>\n\t<meta name=\"twitter:data1\" content=\"Lluis\" \/>\n\t<meta name=\"twitter:label2\" content=\"Est. reading time\" \/>\n\t<meta name=\"twitter:data2\" content=\"1 minute\" \/>\n<script type=\"application\/ld+json\" class=\"yoast-schema-graph\">{\"@context\":\"https:\\\/\\\/schema.org\",\"@graph\":[{\"@type\":\"NewsArticle\",\"@id\":\"https:\\\/\\\/canfali.com\\\/ca-es\\\/lliga-veterans-el-calp-frena-el-lider-oliva\\\/#article\",\"isPartOf\":{\"@id\":\"https:\\\/\\\/canfali.com\\\/ca-es\\\/lliga-veterans-el-calp-frena-el-lider-oliva\\\/\"},\"author\":{\"name\":\"Lluis\",\"@id\":\"https:\\\/\\\/canfali.com\\\/ca-es\\\/#\\\/schema\\\/person\\\/f540a86fb33e10daaae53c59ceaa1194\"},\"headline\":\"Lliga Veterans: El Calp frena el l\u00edder Oliva\",\"datePublished\":\"2026-01-25T14:29:04+00:00\",\"dateModified\":\"2026-01-25T14:32:46+00:00\",\"mainEntityOfPage\":{\"@id\":\"https:\\\/\\\/canfali.com\\\/ca-es\\\/lliga-veterans-el-calp-frena-el-lider-oliva\\\/\"},\"wordCount\":209,\"publisher\":{\"@id\":\"https:\\\/\\\/canfali.com\\\/ca-es\\\/#organization\"},\"image\":{\"@id\":\"https:\\\/\\\/canfali.com\\\/ca-es\\\/lliga-veterans-el-calp-frena-el-lider-oliva\\\/#primaryimage\"},\"thumbnailUrl\":\"https:\\\/\\\/canfali.com\\\/app\\\/uploads\\\/2026\\\/01\\\/IMG_4988-scaled.jpg\",\"articleSection\":[\"Deportes\",\"Futbol\"],\"inLanguage\":\"va-ES\",\"copyrightYear\":\"2026\",\"copyrightHolder\":{\"@id\":\"https:\\\/\\\/canfali.com\\\/#organization\"}},{\"@type\":\"WebPage\",\"@id\":\"https:\\\/\\\/canfali.com\\\/ca-es\\\/lliga-veterans-el-calp-frena-el-lider-oliva\\\/\",\"url\":\"https:\\\/\\\/canfali.com\\\/ca-es\\\/lliga-veterans-el-calp-frena-el-lider-oliva\\\/\",\"name\":\"Lliga Veterans: El Calp frena el l\u00edder Oliva - Canfali\",\"isPartOf\":{\"@id\":\"https:\\\/\\\/canfali.com\\\/ca-es\\\/#website\"},\"primaryImageOfPage\":{\"@id\":\"https:\\\/\\\/canfali.com\\\/ca-es\\\/lliga-veterans-el-calp-frena-el-lider-oliva\\\/#primaryimage\"},\"image\":{\"@id\":\"https:\\\/\\\/canfali.com\\\/ca-es\\\/lliga-veterans-el-calp-frena-el-lider-oliva\\\/#primaryimage\"},\"thumbnailUrl\":\"https:\\\/\\\/canfali.com\\\/app\\\/uploads\\\/2026\\\/01\\\/IMG_4988-scaled.jpg\",\"datePublished\":\"2026-01-25T14:29:04+00:00\",\"dateModified\":\"2026-01-25T14:32:46+00:00\",\"description\":\"El l\u00edder, l\u2019Oliva, no va poder passar de l\u2019empat a dos gols a casa d\u2019un Calp que \u00e9s cinqu\u00e9 i que tracta d\u2019enganxar-se al grup capdavanter.\",\"breadcrumb\":{\"@id\":\"https:\\\/\\\/canfali.com\\\/ca-es\\\/lliga-veterans-el-calp-frena-el-lider-oliva\\\/#breadcrumb\"},\"inLanguage\":\"va-ES\",\"potentialAction\":[{\"@type\":\"ReadAction\",\"target\":[\"https:\\\/\\\/canfali.com\\\/ca-es\\\/lliga-veterans-el-calp-frena-el-lider-oliva\\\/\"]}]},{\"@type\":\"ImageObject\",\"inLanguage\":\"va-ES\",\"@id\":\"https:\\\/\\\/canfali.com\\\/ca-es\\\/lliga-veterans-el-calp-frena-el-lider-oliva\\\/#primaryimage\",\"url\":\"https:\\\/\\\/canfali.com\\\/app\\\/uploads\\\/2026\\\/01\\\/IMG_4988-scaled.jpg\",\"contentUrl\":\"https:\\\/\\\/canfali.com\\\/app\\\/uploads\\\/2026\\\/01\\\/IMG_4988-scaled.jpg\",\"width\":2560,\"height\":1707},{\"@type\":\"BreadcrumbList\",\"@id\":\"https:\\\/\\\/canfali.com\\\/ca-es\\\/lliga-veterans-el-calp-frena-el-lider-oliva\\\/#breadcrumb\",\"itemListElement\":[{\"@type\":\"ListItem\",\"position\":1,\"name\":\"Portada\",\"item\":\"https:\\\/\\\/canfali.com\\\/ca-es\\\/\"},{\"@type\":\"ListItem\",\"position\":2,\"name\":\"Lliga Veterans: El Calp frena el l\u00edder Oliva\"}]},{\"@type\":\"WebSite\",\"@id\":\"https:\\\/\\\/canfali.com\\\/ca-es\\\/#website\",\"url\":\"https:\\\/\\\/canfali.com\\\/ca-es\\\/\",\"name\":\"Canfali\",\"description\":\"\",\"publisher\":{\"@id\":\"https:\\\/\\\/canfali.com\\\/ca-es\\\/#organization\"},\"potentialAction\":[{\"@type\":\"SearchAction\",\"target\":{\"@type\":\"EntryPoint\",\"urlTemplate\":\"https:\\\/\\\/canfali.com\\\/ca-es\\\/?s={search_term_string}\"},\"query-input\":{\"@type\":\"PropertyValueSpecification\",\"valueRequired\":true,\"valueName\":\"search_term_string\"}}],\"inLanguage\":\"va-ES\"},{\"@type\":\"Organization\",\"@id\":\"https:\\\/\\\/canfali.com\\\/ca-es\\\/#organization\",\"name\":\"Canfali\",\"url\":\"https:\\\/\\\/canfali.com\\\/ca-es\\\/\",\"logo\":{\"@type\":\"ImageObject\",\"inLanguage\":\"va-ES\",\"@id\":\"https:\\\/\\\/canfali.com\\\/ca-es\\\/#\\\/schema\\\/logo\\\/image\\\/\",\"url\":\"https:\\\/\\\/canfali.com\\\/app\\\/uploads\\\/2025\\\/12\\\/canfali_marina_alta_logo.png\",\"contentUrl\":\"https:\\\/\\\/canfali.com\\\/app\\\/uploads\\\/2025\\\/12\\\/canfali_marina_alta_logo.png\",\"width\":225,\"height\":225,\"caption\":\"Canfali\"},\"image\":{\"@id\":\"https:\\\/\\\/canfali.com\\\/ca-es\\\/#\\\/schema\\\/logo\\\/image\\\/\"},\"sameAs\":[\"https:\\\/\\\/es-es.facebook.com\\\/CANFALIMarinaAlta\",\"https:\\\/\\\/x.com\\\/canfalima\",\"https:\\\/\\\/www.instagram.com\\\/canfalimarinaalta\\\/\"]},{\"@type\":\"Person\",\"@id\":\"https:\\\/\\\/canfali.com\\\/ca-es\\\/#\\\/schema\\\/person\\\/f540a86fb33e10daaae53c59ceaa1194\",\"name\":\"Lluis\",\"image\":{\"@type\":\"ImageObject\",\"inLanguage\":\"va-ES\",\"@id\":\"https:\\\/\\\/secure.gravatar.com\\\/avatar\\\/a21ec8835290e4e02ed0886b8cb327d807d0eb6ec8ccf25d4c2a0a415f506c0d?s=96&d=mm&r=g\",\"url\":\"https:\\\/\\\/secure.gravatar.com\\\/avatar\\\/a21ec8835290e4e02ed0886b8cb327d807d0eb6ec8ccf25d4c2a0a415f506c0d?s=96&d=mm&r=g\",\"contentUrl\":\"https:\\\/\\\/secure.gravatar.com\\\/avatar\\\/a21ec8835290e4e02ed0886b8cb327d807d0eb6ec8ccf25d4c2a0a415f506c0d?s=96&d=mm&r=g\",\"caption\":\"Lluis\"},\"url\":\"https:\\\/\\\/canfali.com\\\/ca-es\\\/author\\\/lluis\\\/\"}]}<\/script>\n<!-- \/ Yoast SEO Premium plugin. -->","yoast_head_json":{"title":"Lliga Veterans: El Calp frena el l\u00edder Oliva - Canfali","description":"El l\u00edder, l\u2019Oliva, no va poder passar de l\u2019empat a dos gols a casa d\u2019un Calp que \u00e9s cinqu\u00e9 i que tracta d\u2019enganxar-se al grup capdavanter.","robots":{"index":"index","follow":"follow","max-snippet":"max-snippet:-1","max-image-preview":"max-image-preview:large","max-video-preview":"max-video-preview:-1"},"canonical":"https:\/\/canfali.com\/ca-es\/lliga-veterans-el-calp-frena-el-lider-oliva\/","og_locale":"en_US","og_type":"article","og_title":"Lliga Veterans: El Calp frena el l\u00edder Oliva","og_description":"El l\u00edder, l\u2019Oliva, no va poder passar de l\u2019empat a dos gols a casa d\u2019un Calp que \u00e9s cinqu\u00e9 i que tracta d\u2019enganxar-se al grup capdavanter.","og_url":"https:\/\/canfali.com\/ca-es\/lliga-veterans-el-calp-frena-el-lider-oliva\/","og_site_name":"Canfali","article_publisher":"https:\/\/es-es.facebook.com\/CANFALIMarinaAlta","article_published_time":"2026-01-25T14:29:04+00:00","article_modified_time":"2026-01-25T14:32:46+00:00","og_image":[{"width":2560,"height":1707,"url":"https:\/\/canfali.com\/app\/uploads\/2026\/01\/IMG_4988-scaled.jpg","type":"image\/jpeg"}],"author":"Lluis","twitter_card":"summary_large_image","twitter_creator":"@canfalima","twitter_site":"@canfalima","twitter_misc":{"Written by":"Lluis","Est. reading time":"1 minute"},"schema":{"@context":"https:\/\/schema.org","@graph":[{"@type":"NewsArticle","@id":"https:\/\/canfali.com\/ca-es\/lliga-veterans-el-calp-frena-el-lider-oliva\/#article","isPartOf":{"@id":"https:\/\/canfali.com\/ca-es\/lliga-veterans-el-calp-frena-el-lider-oliva\/"},"author":{"name":"Lluis","@id":"https:\/\/canfali.com\/ca-es\/#\/schema\/person\/f540a86fb33e10daaae53c59ceaa1194"},"headline":"Lliga Veterans: El Calp frena el l\u00edder Oliva","datePublished":"2026-01-25T14:29:04+00:00","dateModified":"2026-01-25T14:32:46+00:00","mainEntityOfPage":{"@id":"https:\/\/canfali.com\/ca-es\/lliga-veterans-el-calp-frena-el-lider-oliva\/"},"wordCount":209,"publisher":{"@id":"https:\/\/canfali.com\/ca-es\/#organization"},"image":{"@id":"https:\/\/canfali.com\/ca-es\/lliga-veterans-el-calp-frena-el-lider-oliva\/#primaryimage"},"thumbnailUrl":"https:\/\/canfali.com\/app\/uploads\/2026\/01\/IMG_4988-scaled.jpg","articleSection":["Deportes","Futbol"],"inLanguage":"va-ES","copyrightYear":"2026","copyrightHolder":{"@id":"https:\/\/canfali.com\/#organization"}},{"@type":"WebPage","@id":"https:\/\/canfali.com\/ca-es\/lliga-veterans-el-calp-frena-el-lider-oliva\/","url":"https:\/\/canfali.com\/ca-es\/lliga-veterans-el-calp-frena-el-lider-oliva\/","name":"Lliga Veterans: El Calp frena el l\u00edder Oliva - Canfali","isPartOf":{"@id":"https:\/\/canfali.com\/ca-es\/#website"},"primaryImageOfPage":{"@id":"https:\/\/canfali.com\/ca-es\/lliga-veterans-el-calp-frena-el-lider-oliva\/#primaryimage"},"image":{"@id":"https:\/\/canfali.com\/ca-es\/lliga-veterans-el-calp-frena-el-lider-oliva\/#primaryimage"},"thumbnailUrl":"https:\/\/canfali.com\/app\/uploads\/2026\/01\/IMG_4988-scaled.jpg","datePublished":"2026-01-25T14:29:04+00:00","dateModified":"2026-01-25T14:32:46+00:00","description":"El l\u00edder, l\u2019Oliva, no va poder passar de l\u2019empat a dos gols a casa d\u2019un Calp que \u00e9s cinqu\u00e9 i que tracta d\u2019enganxar-se al grup capdavanter.","breadcrumb":{"@id":"https:\/\/canfali.com\/ca-es\/lliga-veterans-el-calp-frena-el-lider-oliva\/#breadcrumb"},"inLanguage":"va-ES","potentialAction":[{"@type":"ReadAction","target":["https:\/\/canfali.com\/ca-es\/lliga-veterans-el-calp-frena-el-lider-oliva\/"]}]},{"@type":"ImageObject","inLanguage":"va-ES","@id":"https:\/\/canfali.com\/ca-es\/lliga-veterans-el-calp-frena-el-lider-oliva\/#primaryimage","url":"https:\/\/canfali.com\/app\/uploads\/2026\/01\/IMG_4988-scaled.jpg","contentUrl":"https:\/\/canfali.com\/app\/uploads\/2026\/01\/IMG_4988-scaled.jpg","width":2560,"height":1707},{"@type":"BreadcrumbList","@id":"https:\/\/canfali.com\/ca-es\/lliga-veterans-el-calp-frena-el-lider-oliva\/#breadcrumb","itemListElement":[{"@type":"ListItem","position":1,"name":"Portada","item":"https:\/\/canfali.com\/ca-es\/"},{"@type":"ListItem","position":2,"name":"Lliga Veterans: El Calp frena el l\u00edder Oliva"}]},{"@type":"WebSite","@id":"https:\/\/canfali.com\/ca-es\/#website","url":"https:\/\/canfali.com\/ca-es\/","name":"Canfali","description":"","publisher":{"@id":"https:\/\/canfali.com\/ca-es\/#organization"},"potentialAction":[{"@type":"SearchAction","target":{"@type":"EntryPoint","urlTemplate":"https:\/\/canfali.com\/ca-es\/?s={search_term_string}"},"query-input":{"@type":"PropertyValueSpecification","valueRequired":true,"valueName":"search_term_string"}}],"inLanguage":"va-ES"},{"@type":"Organization","@id":"https:\/\/canfali.com\/ca-es\/#organization","name":"Canfali","url":"https:\/\/canfali.com\/ca-es\/","logo":{"@type":"ImageObject","inLanguage":"va-ES","@id":"https:\/\/canfali.com\/ca-es\/#\/schema\/logo\/image\/","url":"https:\/\/canfali.com\/app\/uploads\/2025\/12\/canfali_marina_alta_logo.png","contentUrl":"https:\/\/canfali.com\/app\/uploads\/2025\/12\/canfali_marina_alta_logo.png","width":225,"height":225,"caption":"Canfali"},"image":{"@id":"https:\/\/canfali.com\/ca-es\/#\/schema\/logo\/image\/"},"sameAs":["https:\/\/es-es.facebook.com\/CANFALIMarinaAlta","https:\/\/x.com\/canfalima","https:\/\/www.instagram.com\/canfalimarinaalta\/"]},{"@type":"Person","@id":"https:\/\/canfali.com\/ca-es\/#\/schema\/person\/f540a86fb33e10daaae53c59ceaa1194","name":"Lluis","image":{"@type":"ImageObject","inLanguage":"va-ES","@id":"https:\/\/secure.gravatar.com\/avatar\/a21ec8835290e4e02ed0886b8cb327d807d0eb6ec8ccf25d4c2a0a415f506c0d?s=96&d=mm&r=g","url":"https:\/\/secure.gravatar.com\/avatar\/a21ec8835290e4e02ed0886b8cb327d807d0eb6ec8ccf25d4c2a0a415f506c0d?s=96&d=mm&r=g","contentUrl":"https:\/\/secure.gravatar.com\/avatar\/a21ec8835290e4e02ed0886b8cb327d807d0eb6ec8ccf25d4c2a0a415f506c0d?s=96&d=mm&r=g","caption":"Lluis"},"url":"https:\/\/canfali.com\/ca-es\/author\/lluis\/"}]}},"_links":{"self":[{"href":"https:\/\/canfali.com\/ca-es\/wp-json\/wp\/v2\/posts\/87364","targetHints":{"allow":["GET"]}}],"collection":[{"href":"https:\/\/canfali.com\/ca-es\/wp-json\/wp\/v2\/posts"}],"about":[{"href":"https:\/\/canfali.com\/ca-es\/wp-json\/wp\/v2\/types\/post"}],"author":[{"embeddable":true,"href":"https:\/\/canfali.com\/ca-es\/wp-json\/wp\/v2\/users\/8"}],"replies":[{"embeddable":true,"href":"https:\/\/canfali.com\/ca-es\/wp-json\/wp\/v2\/comments?post=87364"}],"version-history":[{"count":4,"href":"https:\/\/canfali.com\/ca-es\/wp-json\/wp\/v2\/posts\/87364\/revisions"}],"predecessor-version":[{"id":87371,"href":"https:\/\/canfali.com\/ca-es\/wp-json\/wp\/v2\/posts\/87364\/revisions\/87371"}],"wp:featuredmedia":[{"embeddable":true,"href":"https:\/\/canfali.com\/ca-es\/wp-json\/wp\/v2\/media\/87360"}],"wp:attachment":[{"href":"https:\/\/canfali.com\/ca-es\/wp-json\/wp\/v2\/media?parent=87364"}],"wp:term":[{"taxonomy":"category","embeddable":true,"href":"https:\/\/canfali.com\/ca-es\/wp-json\/wp\/v2\/categories?post=87364"},{"taxonomy":"post_tag","embeddable":true,"href":"https:\/\/canfali.com\/ca-es\/wp-json\/wp\/v2\/tags?post=87364"}],"curies":[{"name":"wp","href":"https:\/\/api.w.org\/{rel}","templated":true}]}}