{"id":87354,"date":"2026-01-25T14:51:21","date_gmt":"2026-01-25T13:51:21","guid":{"rendered":"https:\/\/canfali.com\/la-policia-identifica-els-vandals-que-van-sostraure-la-bandera-palestina-del-balco-de-lajuntament-de-pedreguer\/"},"modified":"2026-01-25T14:54:20","modified_gmt":"2026-01-25T13:54:20","slug":"la-policia-identifica-els-vandals-que-van-sostraure-la-bandera-palestina-del-balco-de-lajuntament-de-pedreguer","status":"publish","type":"post","link":"https:\/\/canfali.com\/ca-es\/la-policia-identifica-els-vandals-que-van-sostraure-la-bandera-palestina-del-balco-de-lajuntament-de-pedreguer\/","title":{"rendered":"La Policia identifica els v\u00e0ndals que van sostraure la bandera palestina del balc\u00f3 de l\u2019Ajuntament de Pedreguer"},"content":{"rendered":"\n<p>\u00abMoure el tancat taur\u00ed i llevar els bol\u00b7lards de seguretat que tallen les vies no \u00e9s cap broma\u00bb, adverteix la Policia Local de Pedreguer en les seues xarxes socials, despr\u00e9s d\u2019anunciar que ja ha identificat els autors d\u2019estos actes vand\u00e0lics. Una \u201cgamberrada\u201d que pot eixir cara, ja que es tracta d\u2019una \u201cimprud\u00e8ncia greu que posa en risc la seguretat vi\u00e0ria\u201d.&#13;\n<\/p>\n\n<p>A m\u00e9s de despla\u00e7ar el tancat taur\u00ed, estos individus el van utilitzar per a \u201caccedir il\u00b7leg\u00edtimament al balc\u00f3 de l\u2019Ajuntament\u201d, segons relaten les mateixes fonts policials. Despr\u00e9s de tindre coneixement dels fets, es va procedir a investigar unes conductes que afecten tant la seguretat com el patrimoni p\u00fablic.&#13;\n<\/p>\n\n<p>L\u2019alcalde de Pedreguer, Sergi Ferr\u00fas, tamb\u00e9 s\u2019ha manifestat en xarxes socials al respecte, qualificant d\u2019\u201cinacceptable que s\u2019utilitzen les nostres festes \u2014se suposa que amb un cert ab\u00fas de la cassalla\u2014 per a deixar lliures les b\u00e8sties d\u2019eixa neurona vito-abascaliana-vivafrancoyarribaespa\u00f1a que vos caracteritza\u201d. Segons la seua versi\u00f3, la \u201cgesta\u201d va consistir a arrancar una bandera del balc\u00f3 al crit de \u201csoc espanyol\u201d.&#13;\n<\/p>\n\n<p>La suposada bandera sostreta seria probablement la palestina, que des de fa un temps penjava del balc\u00f3 de l\u2019Ajuntament i que ja no apareix en la imatge difosa per la Policia Local en les xarxes socials.&#13;\n<\/p>\n","protected":false},"excerpt":{"rendered":"\u00abMoure el tancat taur\u00ed i llevar els bol\u00b7lards de seguretat que tallen les vies no \u00e9s cap broma\u00bb,&hellip;","protected":false},"author":8,"featured_media":87352,"comment_status":"closed","ping_status":"closed","sticky":false,"template":"","format":"standard","meta":{"csco_display_header_overlay":false,"csco_singular_sidebar":"","csco_page_header_type":"","csco_page_load_nextpost":"","csco_post_video_location":[],"csco_post_video_location_hash":"","csco_post_video_url":"","csco_post_video_bg_start_time":0,"csco_post_video_bg_end_time":0,"footnotes":""},"categories":[615,578],"tags":[],"class_list":{"0":"post-87354","1":"post","2":"type-post","3":"status-publish","4":"format-standard","5":"has-post-thumbnail","7":"category-successos","8":"category-sucesos-2","9":"cs-entry","10":"cs-video-wrap"},"yoast_head":"<!-- This site is optimized with the Yoast SEO Premium plugin v26.6 (Yoast SEO v27.3) - https:\/\/yoast.com\/product\/yoast-seo-premium-wordpress\/ -->\n<title>La Policia identifica els v\u00e0ndals que van sostraure la bandera palestina del balc\u00f3 de l\u2019Ajuntament de Pedreguer - Canfali<\/title>\n<meta name=\"description\" content=\"Moure el tancat taur\u00ed i llevar els bol\u00b7lards de seguretat que tallen les vies no \u00e9s cap broma\u00bb, adverteix la Policia Local de Pedreguer\" \/>\n<meta name=\"robots\" content=\"index, follow, max-snippet:-1, max-image-preview:large, max-video-preview:-1\" \/>\n<link rel=\"canonical\" href=\"https:\/\/canfali.com\/ca-es\/la-policia-identifica-els-vandals-que-van-sostraure-la-bandera-palestina-del-balco-de-lajuntament-de-pedreguer\/\" \/>\n<meta property=\"og:locale\" content=\"en_US\" \/>\n<meta property=\"og:type\" content=\"article\" \/>\n<meta property=\"og:title\" content=\"La Policia identifica els v\u00e0ndals que van sostraure la bandera palestina del balc\u00f3 de l\u2019Ajuntament de Pedreguer\" \/>\n<meta property=\"og:description\" content=\"Moure el tancat taur\u00ed i llevar els bol\u00b7lards de seguretat que tallen les vies no \u00e9s cap broma\u00bb, adverteix la Policia Local de Pedreguer\" \/>\n<meta property=\"og:url\" content=\"https:\/\/canfali.com\/ca-es\/la-policia-identifica-els-vandals-que-van-sostraure-la-bandera-palestina-del-balco-de-lajuntament-de-pedreguer\/\" \/>\n<meta property=\"og:site_name\" content=\"Canfali\" \/>\n<meta property=\"article:publisher\" content=\"https:\/\/es-es.facebook.com\/CANFALIMarinaAlta\" \/>\n<meta property=\"article:published_time\" content=\"2026-01-25T13:51:21+00:00\" \/>\n<meta property=\"article:modified_time\" content=\"2026-01-25T13:54:20+00:00\" \/>\n<meta property=\"og:image\" content=\"https:\/\/canfali.com\/app\/uploads\/2026\/01\/8bandera.jpg\" \/>\n\t<meta property=\"og:image:width\" content=\"1280\" \/>\n\t<meta property=\"og:image:height\" content=\"720\" \/>\n\t<meta property=\"og:image:type\" content=\"image\/jpeg\" \/>\n<meta name=\"author\" content=\"Lluis\" \/>\n<meta name=\"twitter:card\" content=\"summary_large_image\" \/>\n<meta name=\"twitter:creator\" content=\"@canfalima\" \/>\n<meta name=\"twitter:site\" content=\"@canfalima\" \/>\n<meta name=\"twitter:label1\" content=\"Written by\" \/>\n\t<meta name=\"twitter:data1\" content=\"Lluis\" \/>\n\t<meta name=\"twitter:label2\" content=\"Est. reading time\" \/>\n\t<meta name=\"twitter:data2\" content=\"1 minute\" \/>\n<script type=\"application\/ld+json\" class=\"yoast-schema-graph\">{\"@context\":\"https:\\\/\\\/schema.org\",\"@graph\":[{\"@type\":\"NewsArticle\",\"@id\":\"https:\\\/\\\/canfali.com\\\/ca-es\\\/la-policia-identifica-els-vandals-que-van-sostraure-la-bandera-palestina-del-balco-de-lajuntament-de-pedreguer\\\/#article\",\"isPartOf\":{\"@id\":\"https:\\\/\\\/canfali.com\\\/ca-es\\\/la-policia-identifica-els-vandals-que-van-sostraure-la-bandera-palestina-del-balco-de-lajuntament-de-pedreguer\\\/\"},\"author\":{\"name\":\"Lluis\",\"@id\":\"https:\\\/\\\/canfali.com\\\/ca-es\\\/#\\\/schema\\\/person\\\/f540a86fb33e10daaae53c59ceaa1194\"},\"headline\":\"La Policia identifica els v\u00e0ndals que van sostraure la bandera palestina del balc\u00f3 de l\u2019Ajuntament de Pedreguer\",\"datePublished\":\"2026-01-25T13:51:21+00:00\",\"dateModified\":\"2026-01-25T13:54:20+00:00\",\"mainEntityOfPage\":{\"@id\":\"https:\\\/\\\/canfali.com\\\/ca-es\\\/la-policia-identifica-els-vandals-que-van-sostraure-la-bandera-palestina-del-balco-de-lajuntament-de-pedreguer\\\/\"},\"wordCount\":249,\"publisher\":{\"@id\":\"https:\\\/\\\/canfali.com\\\/ca-es\\\/#organization\"},\"image\":{\"@id\":\"https:\\\/\\\/canfali.com\\\/ca-es\\\/la-policia-identifica-els-vandals-que-van-sostraure-la-bandera-palestina-del-balco-de-lajuntament-de-pedreguer\\\/#primaryimage\"},\"thumbnailUrl\":\"https:\\\/\\\/canfali.com\\\/app\\\/uploads\\\/2026\\\/01\\\/8bandera.jpg\",\"articleSection\":[\"Successos\",\"Sucesos\"],\"inLanguage\":\"va-ES\",\"copyrightYear\":\"2026\",\"copyrightHolder\":{\"@id\":\"https:\\\/\\\/canfali.com\\\/#organization\"}},{\"@type\":\"WebPage\",\"@id\":\"https:\\\/\\\/canfali.com\\\/ca-es\\\/la-policia-identifica-els-vandals-que-van-sostraure-la-bandera-palestina-del-balco-de-lajuntament-de-pedreguer\\\/\",\"url\":\"https:\\\/\\\/canfali.com\\\/ca-es\\\/la-policia-identifica-els-vandals-que-van-sostraure-la-bandera-palestina-del-balco-de-lajuntament-de-pedreguer\\\/\",\"name\":\"La Policia identifica els v\u00e0ndals que van sostraure la bandera palestina del balc\u00f3 de l\u2019Ajuntament de Pedreguer - Canfali\",\"isPartOf\":{\"@id\":\"https:\\\/\\\/canfali.com\\\/ca-es\\\/#website\"},\"primaryImageOfPage\":{\"@id\":\"https:\\\/\\\/canfali.com\\\/ca-es\\\/la-policia-identifica-els-vandals-que-van-sostraure-la-bandera-palestina-del-balco-de-lajuntament-de-pedreguer\\\/#primaryimage\"},\"image\":{\"@id\":\"https:\\\/\\\/canfali.com\\\/ca-es\\\/la-policia-identifica-els-vandals-que-van-sostraure-la-bandera-palestina-del-balco-de-lajuntament-de-pedreguer\\\/#primaryimage\"},\"thumbnailUrl\":\"https:\\\/\\\/canfali.com\\\/app\\\/uploads\\\/2026\\\/01\\\/8bandera.jpg\",\"datePublished\":\"2026-01-25T13:51:21+00:00\",\"dateModified\":\"2026-01-25T13:54:20+00:00\",\"description\":\"Moure el tancat taur\u00ed i llevar els bol\u00b7lards de seguretat que tallen les vies no \u00e9s cap broma\u00bb, adverteix la Policia Local de Pedreguer\",\"breadcrumb\":{\"@id\":\"https:\\\/\\\/canfali.com\\\/ca-es\\\/la-policia-identifica-els-vandals-que-van-sostraure-la-bandera-palestina-del-balco-de-lajuntament-de-pedreguer\\\/#breadcrumb\"},\"inLanguage\":\"va-ES\",\"potentialAction\":[{\"@type\":\"ReadAction\",\"target\":[\"https:\\\/\\\/canfali.com\\\/ca-es\\\/la-policia-identifica-els-vandals-que-van-sostraure-la-bandera-palestina-del-balco-de-lajuntament-de-pedreguer\\\/\"]}]},{\"@type\":\"ImageObject\",\"inLanguage\":\"va-ES\",\"@id\":\"https:\\\/\\\/canfali.com\\\/ca-es\\\/la-policia-identifica-els-vandals-que-van-sostraure-la-bandera-palestina-del-balco-de-lajuntament-de-pedreguer\\\/#primaryimage\",\"url\":\"https:\\\/\\\/canfali.com\\\/app\\\/uploads\\\/2026\\\/01\\\/8bandera.jpg\",\"contentUrl\":\"https:\\\/\\\/canfali.com\\\/app\\\/uploads\\\/2026\\\/01\\\/8bandera.jpg\",\"width\":1280,\"height\":720},{\"@type\":\"BreadcrumbList\",\"@id\":\"https:\\\/\\\/canfali.com\\\/ca-es\\\/la-policia-identifica-els-vandals-que-van-sostraure-la-bandera-palestina-del-balco-de-lajuntament-de-pedreguer\\\/#breadcrumb\",\"itemListElement\":[{\"@type\":\"ListItem\",\"position\":1,\"name\":\"Portada\",\"item\":\"https:\\\/\\\/canfali.com\\\/ca-es\\\/\"},{\"@type\":\"ListItem\",\"position\":2,\"name\":\"La Policia identifica els v\u00e0ndals que van sostraure la bandera palestina del balc\u00f3 de l\u2019Ajuntament de Pedreguer\"}]},{\"@type\":\"WebSite\",\"@id\":\"https:\\\/\\\/canfali.com\\\/ca-es\\\/#website\",\"url\":\"https:\\\/\\\/canfali.com\\\/ca-es\\\/\",\"name\":\"Canfali\",\"description\":\"\",\"publisher\":{\"@id\":\"https:\\\/\\\/canfali.com\\\/ca-es\\\/#organization\"},\"potentialAction\":[{\"@type\":\"SearchAction\",\"target\":{\"@type\":\"EntryPoint\",\"urlTemplate\":\"https:\\\/\\\/canfali.com\\\/ca-es\\\/?s={search_term_string}\"},\"query-input\":{\"@type\":\"PropertyValueSpecification\",\"valueRequired\":true,\"valueName\":\"search_term_string\"}}],\"inLanguage\":\"va-ES\"},{\"@type\":\"Organization\",\"@id\":\"https:\\\/\\\/canfali.com\\\/ca-es\\\/#organization\",\"name\":\"Canfali\",\"url\":\"https:\\\/\\\/canfali.com\\\/ca-es\\\/\",\"logo\":{\"@type\":\"ImageObject\",\"inLanguage\":\"va-ES\",\"@id\":\"https:\\\/\\\/canfali.com\\\/ca-es\\\/#\\\/schema\\\/logo\\\/image\\\/\",\"url\":\"https:\\\/\\\/canfali.com\\\/app\\\/uploads\\\/2025\\\/12\\\/canfali_marina_alta_logo.png\",\"contentUrl\":\"https:\\\/\\\/canfali.com\\\/app\\\/uploads\\\/2025\\\/12\\\/canfali_marina_alta_logo.png\",\"width\":225,\"height\":225,\"caption\":\"Canfali\"},\"image\":{\"@id\":\"https:\\\/\\\/canfali.com\\\/ca-es\\\/#\\\/schema\\\/logo\\\/image\\\/\"},\"sameAs\":[\"https:\\\/\\\/es-es.facebook.com\\\/CANFALIMarinaAlta\",\"https:\\\/\\\/x.com\\\/canfalima\",\"https:\\\/\\\/www.instagram.com\\\/canfalimarinaalta\\\/\"]},{\"@type\":\"Person\",\"@id\":\"https:\\\/\\\/canfali.com\\\/ca-es\\\/#\\\/schema\\\/person\\\/f540a86fb33e10daaae53c59ceaa1194\",\"name\":\"Lluis\",\"image\":{\"@type\":\"ImageObject\",\"inLanguage\":\"va-ES\",\"@id\":\"https:\\\/\\\/secure.gravatar.com\\\/avatar\\\/a21ec8835290e4e02ed0886b8cb327d807d0eb6ec8ccf25d4c2a0a415f506c0d?s=96&d=mm&r=g\",\"url\":\"https:\\\/\\\/secure.gravatar.com\\\/avatar\\\/a21ec8835290e4e02ed0886b8cb327d807d0eb6ec8ccf25d4c2a0a415f506c0d?s=96&d=mm&r=g\",\"contentUrl\":\"https:\\\/\\\/secure.gravatar.com\\\/avatar\\\/a21ec8835290e4e02ed0886b8cb327d807d0eb6ec8ccf25d4c2a0a415f506c0d?s=96&d=mm&r=g\",\"caption\":\"Lluis\"},\"url\":\"https:\\\/\\\/canfali.com\\\/ca-es\\\/author\\\/lluis\\\/\"}]}<\/script>\n<!-- \/ Yoast SEO Premium plugin. -->","yoast_head_json":{"title":"La Policia identifica els v\u00e0ndals que van sostraure la bandera palestina del balc\u00f3 de l\u2019Ajuntament de Pedreguer - Canfali","description":"Moure el tancat taur\u00ed i llevar els bol\u00b7lards de seguretat que tallen les vies no \u00e9s cap broma\u00bb, adverteix la Policia Local de Pedreguer","robots":{"index":"index","follow":"follow","max-snippet":"max-snippet:-1","max-image-preview":"max-image-preview:large","max-video-preview":"max-video-preview:-1"},"canonical":"https:\/\/canfali.com\/ca-es\/la-policia-identifica-els-vandals-que-van-sostraure-la-bandera-palestina-del-balco-de-lajuntament-de-pedreguer\/","og_locale":"en_US","og_type":"article","og_title":"La Policia identifica els v\u00e0ndals que van sostraure la bandera palestina del balc\u00f3 de l\u2019Ajuntament de Pedreguer","og_description":"Moure el tancat taur\u00ed i llevar els bol\u00b7lards de seguretat que tallen les vies no \u00e9s cap broma\u00bb, adverteix la Policia Local de Pedreguer","og_url":"https:\/\/canfali.com\/ca-es\/la-policia-identifica-els-vandals-que-van-sostraure-la-bandera-palestina-del-balco-de-lajuntament-de-pedreguer\/","og_site_name":"Canfali","article_publisher":"https:\/\/es-es.facebook.com\/CANFALIMarinaAlta","article_published_time":"2026-01-25T13:51:21+00:00","article_modified_time":"2026-01-25T13:54:20+00:00","og_image":[{"width":1280,"height":720,"url":"https:\/\/canfali.com\/app\/uploads\/2026\/01\/8bandera.jpg","type":"image\/jpeg"}],"author":"Lluis","twitter_card":"summary_large_image","twitter_creator":"@canfalima","twitter_site":"@canfalima","twitter_misc":{"Written by":"Lluis","Est. reading time":"1 minute"},"schema":{"@context":"https:\/\/schema.org","@graph":[{"@type":"NewsArticle","@id":"https:\/\/canfali.com\/ca-es\/la-policia-identifica-els-vandals-que-van-sostraure-la-bandera-palestina-del-balco-de-lajuntament-de-pedreguer\/#article","isPartOf":{"@id":"https:\/\/canfali.com\/ca-es\/la-policia-identifica-els-vandals-que-van-sostraure-la-bandera-palestina-del-balco-de-lajuntament-de-pedreguer\/"},"author":{"name":"Lluis","@id":"https:\/\/canfali.com\/ca-es\/#\/schema\/person\/f540a86fb33e10daaae53c59ceaa1194"},"headline":"La Policia identifica els v\u00e0ndals que van sostraure la bandera palestina del balc\u00f3 de l\u2019Ajuntament de Pedreguer","datePublished":"2026-01-25T13:51:21+00:00","dateModified":"2026-01-25T13:54:20+00:00","mainEntityOfPage":{"@id":"https:\/\/canfali.com\/ca-es\/la-policia-identifica-els-vandals-que-van-sostraure-la-bandera-palestina-del-balco-de-lajuntament-de-pedreguer\/"},"wordCount":249,"publisher":{"@id":"https:\/\/canfali.com\/ca-es\/#organization"},"image":{"@id":"https:\/\/canfali.com\/ca-es\/la-policia-identifica-els-vandals-que-van-sostraure-la-bandera-palestina-del-balco-de-lajuntament-de-pedreguer\/#primaryimage"},"thumbnailUrl":"https:\/\/canfali.com\/app\/uploads\/2026\/01\/8bandera.jpg","articleSection":["Successos","Sucesos"],"inLanguage":"va-ES","copyrightYear":"2026","copyrightHolder":{"@id":"https:\/\/canfali.com\/#organization"}},{"@type":"WebPage","@id":"https:\/\/canfali.com\/ca-es\/la-policia-identifica-els-vandals-que-van-sostraure-la-bandera-palestina-del-balco-de-lajuntament-de-pedreguer\/","url":"https:\/\/canfali.com\/ca-es\/la-policia-identifica-els-vandals-que-van-sostraure-la-bandera-palestina-del-balco-de-lajuntament-de-pedreguer\/","name":"La Policia identifica els v\u00e0ndals que van sostraure la bandera palestina del balc\u00f3 de l\u2019Ajuntament de Pedreguer - Canfali","isPartOf":{"@id":"https:\/\/canfali.com\/ca-es\/#website"},"primaryImageOfPage":{"@id":"https:\/\/canfali.com\/ca-es\/la-policia-identifica-els-vandals-que-van-sostraure-la-bandera-palestina-del-balco-de-lajuntament-de-pedreguer\/#primaryimage"},"image":{"@id":"https:\/\/canfali.com\/ca-es\/la-policia-identifica-els-vandals-que-van-sostraure-la-bandera-palestina-del-balco-de-lajuntament-de-pedreguer\/#primaryimage"},"thumbnailUrl":"https:\/\/canfali.com\/app\/uploads\/2026\/01\/8bandera.jpg","datePublished":"2026-01-25T13:51:21+00:00","dateModified":"2026-01-25T13:54:20+00:00","description":"Moure el tancat taur\u00ed i llevar els bol\u00b7lards de seguretat que tallen les vies no \u00e9s cap broma\u00bb, adverteix la Policia Local de Pedreguer","breadcrumb":{"@id":"https:\/\/canfali.com\/ca-es\/la-policia-identifica-els-vandals-que-van-sostraure-la-bandera-palestina-del-balco-de-lajuntament-de-pedreguer\/#breadcrumb"},"inLanguage":"va-ES","potentialAction":[{"@type":"ReadAction","target":["https:\/\/canfali.com\/ca-es\/la-policia-identifica-els-vandals-que-van-sostraure-la-bandera-palestina-del-balco-de-lajuntament-de-pedreguer\/"]}]},{"@type":"ImageObject","inLanguage":"va-ES","@id":"https:\/\/canfali.com\/ca-es\/la-policia-identifica-els-vandals-que-van-sostraure-la-bandera-palestina-del-balco-de-lajuntament-de-pedreguer\/#primaryimage","url":"https:\/\/canfali.com\/app\/uploads\/2026\/01\/8bandera.jpg","contentUrl":"https:\/\/canfali.com\/app\/uploads\/2026\/01\/8bandera.jpg","width":1280,"height":720},{"@type":"BreadcrumbList","@id":"https:\/\/canfali.com\/ca-es\/la-policia-identifica-els-vandals-que-van-sostraure-la-bandera-palestina-del-balco-de-lajuntament-de-pedreguer\/#breadcrumb","itemListElement":[{"@type":"ListItem","position":1,"name":"Portada","item":"https:\/\/canfali.com\/ca-es\/"},{"@type":"ListItem","position":2,"name":"La Policia identifica els v\u00e0ndals que van sostraure la bandera palestina del balc\u00f3 de l\u2019Ajuntament de Pedreguer"}]},{"@type":"WebSite","@id":"https:\/\/canfali.com\/ca-es\/#website","url":"https:\/\/canfali.com\/ca-es\/","name":"Canfali","description":"","publisher":{"@id":"https:\/\/canfali.com\/ca-es\/#organization"},"potentialAction":[{"@type":"SearchAction","target":{"@type":"EntryPoint","urlTemplate":"https:\/\/canfali.com\/ca-es\/?s={search_term_string}"},"query-input":{"@type":"PropertyValueSpecification","valueRequired":true,"valueName":"search_term_string"}}],"inLanguage":"va-ES"},{"@type":"Organization","@id":"https:\/\/canfali.com\/ca-es\/#organization","name":"Canfali","url":"https:\/\/canfali.com\/ca-es\/","logo":{"@type":"ImageObject","inLanguage":"va-ES","@id":"https:\/\/canfali.com\/ca-es\/#\/schema\/logo\/image\/","url":"https:\/\/canfali.com\/app\/uploads\/2025\/12\/canfali_marina_alta_logo.png","contentUrl":"https:\/\/canfali.com\/app\/uploads\/2025\/12\/canfali_marina_alta_logo.png","width":225,"height":225,"caption":"Canfali"},"image":{"@id":"https:\/\/canfali.com\/ca-es\/#\/schema\/logo\/image\/"},"sameAs":["https:\/\/es-es.facebook.com\/CANFALIMarinaAlta","https:\/\/x.com\/canfalima","https:\/\/www.instagram.com\/canfalimarinaalta\/"]},{"@type":"Person","@id":"https:\/\/canfali.com\/ca-es\/#\/schema\/person\/f540a86fb33e10daaae53c59ceaa1194","name":"Lluis","image":{"@type":"ImageObject","inLanguage":"va-ES","@id":"https:\/\/secure.gravatar.com\/avatar\/a21ec8835290e4e02ed0886b8cb327d807d0eb6ec8ccf25d4c2a0a415f506c0d?s=96&d=mm&r=g","url":"https:\/\/secure.gravatar.com\/avatar\/a21ec8835290e4e02ed0886b8cb327d807d0eb6ec8ccf25d4c2a0a415f506c0d?s=96&d=mm&r=g","contentUrl":"https:\/\/secure.gravatar.com\/avatar\/a21ec8835290e4e02ed0886b8cb327d807d0eb6ec8ccf25d4c2a0a415f506c0d?s=96&d=mm&r=g","caption":"Lluis"},"url":"https:\/\/canfali.com\/ca-es\/author\/lluis\/"}]}},"_links":{"self":[{"href":"https:\/\/canfali.com\/ca-es\/wp-json\/wp\/v2\/posts\/87354","targetHints":{"allow":["GET"]}}],"collection":[{"href":"https:\/\/canfali.com\/ca-es\/wp-json\/wp\/v2\/posts"}],"about":[{"href":"https:\/\/canfali.com\/ca-es\/wp-json\/wp\/v2\/types\/post"}],"author":[{"embeddable":true,"href":"https:\/\/canfali.com\/ca-es\/wp-json\/wp\/v2\/users\/8"}],"replies":[{"embeddable":true,"href":"https:\/\/canfali.com\/ca-es\/wp-json\/wp\/v2\/comments?post=87354"}],"version-history":[{"count":1,"href":"https:\/\/canfali.com\/ca-es\/wp-json\/wp\/v2\/posts\/87354\/revisions"}],"predecessor-version":[{"id":87355,"href":"https:\/\/canfali.com\/ca-es\/wp-json\/wp\/v2\/posts\/87354\/revisions\/87355"}],"wp:featuredmedia":[{"embeddable":true,"href":"https:\/\/canfali.com\/ca-es\/wp-json\/wp\/v2\/media\/87352"}],"wp:attachment":[{"href":"https:\/\/canfali.com\/ca-es\/wp-json\/wp\/v2\/media?parent=87354"}],"wp:term":[{"taxonomy":"category","embeddable":true,"href":"https:\/\/canfali.com\/ca-es\/wp-json\/wp\/v2\/categories?post=87354"},{"taxonomy":"post_tag","embeddable":true,"href":"https:\/\/canfali.com\/ca-es\/wp-json\/wp\/v2\/tags?post=87354"}],"curies":[{"name":"wp","href":"https:\/\/api.w.org\/{rel}","templated":true}]}}