{"id":87323,"date":"2026-01-24T23:14:34","date_gmt":"2026-01-24T22:14:34","guid":{"rendered":"https:\/\/canfali.com\/?p=87323"},"modified":"2026-01-24T23:14:36","modified_gmt":"2026-01-24T22:14:36","slug":"a-labric-del-sant-sebastia-de-murla","status":"publish","type":"post","link":"https:\/\/canfali.com\/ca-es\/a-labric-del-sant-sebastia-de-murla\/","title":{"rendered":"A l\u2019abric del Sant Sebasti\u00e0 de Murla"},"content":{"rendered":"\n<p><strong>Tradici\u00f3, germanor i gastronomia desafien l\u2019adversa climatologia en la romeria que t\u00e9 com a escenari l\u2019ermita del segle XIV<\/strong><\/p>\n\n\n\n<p>Les ratxes de ponent de vora 100 quil\u00f2metres per hora que des de la matinada de dissabte convertien la jornada en complicada a l\u2019interior de la comarca han donat treva a la romeria del Sant Sebasti\u00e0 de Murla que s\u2019ha celebrat amb tota normalitat a l\u2019ermita situada en la falda de la muntanya del Cavall Verd.<\/p>\n\n\n\n<figure class=\"wp-block-image size-large\"><img decoding=\"async\" src=\"https:\/\/canfali.com\/app\/uploads\/2026\/01\/digi2-1024x679.jpg.webp\" alt=\"\" class=\"wp-image-87326\"\/><\/figure>\n\n\n\n<figure class=\"wp-block-gallery has-nested-images columns-default is-cropped wp-block-gallery-15 is-layout-flex wp-block-gallery-is-layout-flex\">\n<figure class=\"wp-block-image size-large\"><img decoding=\"async\" data-id=\"87332\" src=\"https:\/\/canfali.com\/app\/uploads\/2026\/01\/impres5-1024x768.jpg.webp\" alt=\"\" class=\"wp-image-87332\"\/><figcaption class=\"wp-element-caption\">rbt<\/figcaption><\/figure>\n<\/figure>\n\n\n\n<p>&nbsp;&nbsp;&nbsp;&nbsp;&nbsp;&nbsp; Precisament aquest estrat\u00e8gic empla\u00e7ament amb vistes a la resta de la Vall del Pop ha aprofitat d\u2019abric per a les desenes de murlers i visitants de tota la comarca de diferents generacions que s\u2019han congregat al voltant de la hist\u00f2rica edificaci\u00f3 datada en el S.XIV per a celebrar la missa i despr\u00e9s per a gaudir d\u2019una de les nombroses tradicions que conserva el municipi, al voltant de la intend\u00e8ncia gastron\u00f2mica a c\u00e0rrec de la comissi\u00f3 de festes de 2026.<\/p>\n\n\n\n<p>&nbsp;&nbsp;&nbsp;&nbsp;&nbsp;&nbsp; Aix\u00ed la germanor s\u2019ha conjugat amb la devoci\u00f3 que ha emergit de la m\u00e0 del cor parroquial per a ambientar una cerim\u00f2nia religiosa i posar la nota costumista amb el cant d\u2019eixos gojos que evoquen el motiu de lliurar el terme de la pesta i les males pluges.<\/p>\n\n\n\n<figure class=\"wp-block-image size-large\"><img decoding=\"async\" src=\"https:\/\/canfali.com\/app\/uploads\/2026\/01\/digi3-1-1024x679.jpg.webp\" alt=\"\" class=\"wp-image-87330\"\/><\/figure>\n\n\n\n<p>&nbsp;&nbsp;&nbsp;&nbsp;&nbsp;&nbsp; El dinar i la sobretaula de rigor, amenitzades per la dol\u00e7aina, han tingut el seu ep\u00edleg ja per la vesprada amb la process\u00f3 en honor a la venerada imatge pels carrers del poble.<\/p>\n\n\n\n<figure class=\"wp-block-image size-large\"><img decoding=\"async\" src=\"https:\/\/canfali.com\/app\/uploads\/2026\/01\/digi5-1024x679.jpg.webp\" alt=\"\" class=\"wp-image-87334\"\/><\/figure>\n\n\n\n<p>\u00a0\u00a0\u00a0\u00a0\u00a0\u00a0 La disposici\u00f3 de ve\u00efns, festers i visitants per a mantenir una de les costums transmeses de generaci\u00f3 en generaci\u00f3 al municipi ha estat elogiada per l\u2019alcalde Juan Fernando Giner qui l\u2019ha aprofitat per a justificar la iniciativa impulsada per l\u2019Ajuntament de cara a preservar l\u2019entorn del monument com a un dels tresors del patrimoni local, a penes un any despr\u00e9s de la seua reobertura rere les obres de restauraci\u00f3 operades en ell. En aquest sentit, ha confirmat el inici en les pr\u00f2ximes setmanes dels treballs d\u2019adequaci\u00f3 dels accessos mitjan\u00e7ant margenades de pedra seca despr\u00e9s de que haja estat resolta la licitaci\u00f3 d\u2019un projecte que compta amb 150.000 euros del Pla de Sostenibilitat de Destinaci\u00f3 Tur\u00edstica de la Uni\u00f3 Europeu, el qual, tramitat des de la Mancomunitat de Turisme de la Vall del Pop, desenvolupa diferents iniciatives col\u00b7lectives i individuals dels municipis de la integren.\u00a0 \u00a0\u00a0\u00a0\u00a0<\/p>\n\n\n\n<figure class=\"wp-block-image size-large\"><img decoding=\"async\" src=\"https:\/\/canfali.com\/app\/uploads\/2026\/01\/digi6-b-786x1024.jpg.webp\" alt=\"\" class=\"wp-image-87336\"\/><\/figure>\n\n\n\n<p>\u00a0\u00a0 \u201cDe preservar el nostre patrimoni local que dona peu a les costums que formen part de la nostra particular idiosincr\u00e0sia dep\u00e8n la preservaci\u00f3 de la identitat dels pobles com Murla, per\u00f2 aix\u00f2 tamb\u00e9 comporta evitar el despoblament amb la garantia dels servicis, aix\u00ed que des de l\u2019Ajuntament hem gestionat amb la Diputaci\u00f3 Provincial d\u2019Alacant una millora de la xarxa d\u2019aigua potable per tal de poder substituir el fibrociment de les canonades per tal d\u2019optimitzar les prestacions amb ajudes del Pla Confian\u00e7a per una quantia de vora 400.000 euros\u201d ha anunciat<\/p>\n","protected":false},"excerpt":{"rendered":"Tradici\u00f3, germanor i gastronomia desafien l\u2019adversa climatologia en la romeria que t\u00e9 com a escenari l\u2019ermita del segle&hellip;","protected":false},"author":4,"featured_media":87324,"comment_status":"closed","ping_status":"closed","sticky":false,"template":"","format":"standard","meta":{"csco_display_header_overlay":false,"csco_singular_sidebar":"","csco_page_header_type":"","csco_page_load_nextpost":"","csco_post_video_location":[],"csco_post_video_location_hash":"","csco_post_video_url":"","csco_post_video_bg_start_time":0,"csco_post_video_bg_end_time":0,"footnotes":""},"categories":[587],"tags":[6185,1344,3443,3409,1021,6008,6009,1853],"class_list":{"0":"post-87323","1":"post","2":"type-post","3":"status-publish","4":"format-standard","5":"has-post-thumbnail","7":"category-festes","8":"tag-ermita","9":"tag-gastronomia-ca-es-2","10":"tag-germanor","11":"tag-murla","12":"tag-patrimoni","13":"tag-romeria","14":"tag-sant-sebastia","15":"tag-tradicio","16":"cs-entry","17":"cs-video-wrap"},"yoast_head":"<!-- This site is optimized with the Yoast SEO Premium plugin v26.6 (Yoast SEO v27.3) - https:\/\/yoast.com\/product\/yoast-seo-premium-wordpress\/ -->\n<title>A l\u2019abric del Sant Sebasti\u00e0 de Murla - Canfali<\/title>\n<meta name=\"robots\" content=\"index, follow, max-snippet:-1, max-image-preview:large, max-video-preview:-1\" \/>\n<link rel=\"canonical\" href=\"https:\/\/canfali.com\/ca-es\/a-labric-del-sant-sebastia-de-murla\/\" \/>\n<meta property=\"og:locale\" content=\"en_US\" \/>\n<meta property=\"og:type\" content=\"article\" \/>\n<meta property=\"og:title\" content=\"A l\u2019abric del Sant Sebasti\u00e0 de Murla\" \/>\n<meta property=\"og:description\" content=\"Tradici\u00f3, germanor i gastronomia desafien l\u2019adversa climatologia en la romeria que t\u00e9 com a escenari l\u2019ermita del segle&hellip;\" \/>\n<meta property=\"og:url\" content=\"https:\/\/canfali.com\/ca-es\/a-labric-del-sant-sebastia-de-murla\/\" \/>\n<meta property=\"og:site_name\" content=\"Canfali\" \/>\n<meta property=\"article:publisher\" content=\"https:\/\/es-es.facebook.com\/CANFALIMarinaAlta\" \/>\n<meta property=\"article:published_time\" content=\"2026-01-24T22:14:34+00:00\" \/>\n<meta property=\"article:modified_time\" content=\"2026-01-24T22:14:36+00:00\" \/>\n<meta property=\"og:image\" content=\"https:\/\/canfali.com\/app\/uploads\/2026\/01\/digi1.jpg\" \/>\n\t<meta property=\"og:image:width\" content=\"2256\" \/>\n\t<meta property=\"og:image:height\" content=\"1496\" \/>\n\t<meta property=\"og:image:type\" content=\"image\/jpeg\" \/>\n<meta name=\"author\" content=\"JJ Mas\" \/>\n<meta name=\"twitter:card\" content=\"summary_large_image\" \/>\n<meta name=\"twitter:creator\" content=\"@canfalima\" \/>\n<meta name=\"twitter:site\" content=\"@canfalima\" \/>\n<meta name=\"twitter:label1\" content=\"Written by\" \/>\n\t<meta name=\"twitter:data1\" content=\"JJ Mas\" \/>\n\t<meta name=\"twitter:label2\" content=\"Est. reading time\" \/>\n\t<meta name=\"twitter:data2\" content=\"4 minutes\" \/>\n<script type=\"application\/ld+json\" class=\"yoast-schema-graph\">{\"@context\":\"https:\\\/\\\/schema.org\",\"@graph\":[{\"@type\":\"NewsArticle\",\"@id\":\"https:\\\/\\\/canfali.com\\\/ca-es\\\/a-labric-del-sant-sebastia-de-murla\\\/#article\",\"isPartOf\":{\"@id\":\"https:\\\/\\\/canfali.com\\\/ca-es\\\/a-labric-del-sant-sebastia-de-murla\\\/\"},\"author\":{\"name\":\"JJ Mas\",\"@id\":\"https:\\\/\\\/canfali.com\\\/ca-es\\\/#\\\/schema\\\/person\\\/d834d2d4df17cac754d3c314d4c404ef\"},\"headline\":\"A l\u2019abric del Sant Sebasti\u00e0 de Murla\",\"datePublished\":\"2026-01-24T22:14:34+00:00\",\"dateModified\":\"2026-01-24T22:14:36+00:00\",\"mainEntityOfPage\":{\"@id\":\"https:\\\/\\\/canfali.com\\\/ca-es\\\/a-labric-del-sant-sebastia-de-murla\\\/\"},\"wordCount\":534,\"publisher\":{\"@id\":\"https:\\\/\\\/canfali.com\\\/ca-es\\\/#organization\"},\"image\":{\"@id\":\"https:\\\/\\\/canfali.com\\\/ca-es\\\/a-labric-del-sant-sebastia-de-murla\\\/#primaryimage\"},\"thumbnailUrl\":\"https:\\\/\\\/canfali.com\\\/app\\\/uploads\\\/2026\\\/01\\\/digi1.jpg\",\"keywords\":[\"ermita\",\"gastronomia\",\"germanor\",\"Murla\",\"patrimoni\",\"Romeria\",\"Sant Sebasti\u00e0\",\"Tradici\u00f3\"],\"articleSection\":[\"Festes\"],\"inLanguage\":\"va-ES\",\"copyrightYear\":\"2026\",\"copyrightHolder\":{\"@id\":\"https:\\\/\\\/canfali.com\\\/#organization\"}},{\"@type\":\"WebPage\",\"@id\":\"https:\\\/\\\/canfali.com\\\/ca-es\\\/a-labric-del-sant-sebastia-de-murla\\\/\",\"url\":\"https:\\\/\\\/canfali.com\\\/ca-es\\\/a-labric-del-sant-sebastia-de-murla\\\/\",\"name\":\"A l\u2019abric del Sant Sebasti\u00e0 de Murla - Canfali\",\"isPartOf\":{\"@id\":\"https:\\\/\\\/canfali.com\\\/ca-es\\\/#website\"},\"primaryImageOfPage\":{\"@id\":\"https:\\\/\\\/canfali.com\\\/ca-es\\\/a-labric-del-sant-sebastia-de-murla\\\/#primaryimage\"},\"image\":{\"@id\":\"https:\\\/\\\/canfali.com\\\/ca-es\\\/a-labric-del-sant-sebastia-de-murla\\\/#primaryimage\"},\"thumbnailUrl\":\"https:\\\/\\\/canfali.com\\\/app\\\/uploads\\\/2026\\\/01\\\/digi1.jpg\",\"datePublished\":\"2026-01-24T22:14:34+00:00\",\"dateModified\":\"2026-01-24T22:14:36+00:00\",\"breadcrumb\":{\"@id\":\"https:\\\/\\\/canfali.com\\\/ca-es\\\/a-labric-del-sant-sebastia-de-murla\\\/#breadcrumb\"},\"inLanguage\":\"va-ES\",\"potentialAction\":[{\"@type\":\"ReadAction\",\"target\":[\"https:\\\/\\\/canfali.com\\\/ca-es\\\/a-labric-del-sant-sebastia-de-murla\\\/\"]}]},{\"@type\":\"ImageObject\",\"inLanguage\":\"va-ES\",\"@id\":\"https:\\\/\\\/canfali.com\\\/ca-es\\\/a-labric-del-sant-sebastia-de-murla\\\/#primaryimage\",\"url\":\"https:\\\/\\\/canfali.com\\\/app\\\/uploads\\\/2026\\\/01\\\/digi1.jpg\",\"contentUrl\":\"https:\\\/\\\/canfali.com\\\/app\\\/uploads\\\/2026\\\/01\\\/digi1.jpg\",\"width\":2256,\"height\":1496},{\"@type\":\"BreadcrumbList\",\"@id\":\"https:\\\/\\\/canfali.com\\\/ca-es\\\/a-labric-del-sant-sebastia-de-murla\\\/#breadcrumb\",\"itemListElement\":[{\"@type\":\"ListItem\",\"position\":1,\"name\":\"Portada\",\"item\":\"https:\\\/\\\/canfali.com\\\/ca-es\\\/\"},{\"@type\":\"ListItem\",\"position\":2,\"name\":\"A l\u2019abric del Sant Sebasti\u00e0 de Murla\"}]},{\"@type\":\"WebSite\",\"@id\":\"https:\\\/\\\/canfali.com\\\/ca-es\\\/#website\",\"url\":\"https:\\\/\\\/canfali.com\\\/ca-es\\\/\",\"name\":\"Canfali\",\"description\":\"\",\"publisher\":{\"@id\":\"https:\\\/\\\/canfali.com\\\/ca-es\\\/#organization\"},\"potentialAction\":[{\"@type\":\"SearchAction\",\"target\":{\"@type\":\"EntryPoint\",\"urlTemplate\":\"https:\\\/\\\/canfali.com\\\/ca-es\\\/?s={search_term_string}\"},\"query-input\":{\"@type\":\"PropertyValueSpecification\",\"valueRequired\":true,\"valueName\":\"search_term_string\"}}],\"inLanguage\":\"va-ES\"},{\"@type\":\"Organization\",\"@id\":\"https:\\\/\\\/canfali.com\\\/ca-es\\\/#organization\",\"name\":\"Canfali\",\"url\":\"https:\\\/\\\/canfali.com\\\/ca-es\\\/\",\"logo\":{\"@type\":\"ImageObject\",\"inLanguage\":\"va-ES\",\"@id\":\"https:\\\/\\\/canfali.com\\\/ca-es\\\/#\\\/schema\\\/logo\\\/image\\\/\",\"url\":\"https:\\\/\\\/canfali.com\\\/app\\\/uploads\\\/2025\\\/12\\\/canfali_marina_alta_logo.png\",\"contentUrl\":\"https:\\\/\\\/canfali.com\\\/app\\\/uploads\\\/2025\\\/12\\\/canfali_marina_alta_logo.png\",\"width\":225,\"height\":225,\"caption\":\"Canfali\"},\"image\":{\"@id\":\"https:\\\/\\\/canfali.com\\\/ca-es\\\/#\\\/schema\\\/logo\\\/image\\\/\"},\"sameAs\":[\"https:\\\/\\\/es-es.facebook.com\\\/CANFALIMarinaAlta\",\"https:\\\/\\\/x.com\\\/canfalima\",\"https:\\\/\\\/www.instagram.com\\\/canfalimarinaalta\\\/\"]},{\"@type\":\"Person\",\"@id\":\"https:\\\/\\\/canfali.com\\\/ca-es\\\/#\\\/schema\\\/person\\\/d834d2d4df17cac754d3c314d4c404ef\",\"name\":\"JJ Mas\",\"image\":{\"@type\":\"ImageObject\",\"inLanguage\":\"va-ES\",\"@id\":\"https:\\\/\\\/secure.gravatar.com\\\/avatar\\\/65a5191f5438bf88c2394f6d1a625a6ff903c8785268e603c623a83bc15ba1ee?s=96&d=mm&r=g\",\"url\":\"https:\\\/\\\/secure.gravatar.com\\\/avatar\\\/65a5191f5438bf88c2394f6d1a625a6ff903c8785268e603c623a83bc15ba1ee?s=96&d=mm&r=g\",\"contentUrl\":\"https:\\\/\\\/secure.gravatar.com\\\/avatar\\\/65a5191f5438bf88c2394f6d1a625a6ff903c8785268e603c623a83bc15ba1ee?s=96&d=mm&r=g\",\"caption\":\"JJ Mas\"},\"url\":\"https:\\\/\\\/canfali.com\\\/ca-es\\\/author\\\/jj\\\/\"}]}<\/script>\n<!-- \/ Yoast SEO Premium plugin. -->","yoast_head_json":{"title":"A l\u2019abric del Sant Sebasti\u00e0 de Murla - Canfali","robots":{"index":"index","follow":"follow","max-snippet":"max-snippet:-1","max-image-preview":"max-image-preview:large","max-video-preview":"max-video-preview:-1"},"canonical":"https:\/\/canfali.com\/ca-es\/a-labric-del-sant-sebastia-de-murla\/","og_locale":"en_US","og_type":"article","og_title":"A l\u2019abric del Sant Sebasti\u00e0 de Murla","og_description":"Tradici\u00f3, germanor i gastronomia desafien l\u2019adversa climatologia en la romeria que t\u00e9 com a escenari l\u2019ermita del segle&hellip;","og_url":"https:\/\/canfali.com\/ca-es\/a-labric-del-sant-sebastia-de-murla\/","og_site_name":"Canfali","article_publisher":"https:\/\/es-es.facebook.com\/CANFALIMarinaAlta","article_published_time":"2026-01-24T22:14:34+00:00","article_modified_time":"2026-01-24T22:14:36+00:00","og_image":[{"width":2256,"height":1496,"url":"https:\/\/canfali.com\/app\/uploads\/2026\/01\/digi1.jpg","type":"image\/jpeg"}],"author":"JJ Mas","twitter_card":"summary_large_image","twitter_creator":"@canfalima","twitter_site":"@canfalima","twitter_misc":{"Written by":"JJ Mas","Est. reading time":"4 minutes"},"schema":{"@context":"https:\/\/schema.org","@graph":[{"@type":"NewsArticle","@id":"https:\/\/canfali.com\/ca-es\/a-labric-del-sant-sebastia-de-murla\/#article","isPartOf":{"@id":"https:\/\/canfali.com\/ca-es\/a-labric-del-sant-sebastia-de-murla\/"},"author":{"name":"JJ Mas","@id":"https:\/\/canfali.com\/ca-es\/#\/schema\/person\/d834d2d4df17cac754d3c314d4c404ef"},"headline":"A l\u2019abric del Sant Sebasti\u00e0 de Murla","datePublished":"2026-01-24T22:14:34+00:00","dateModified":"2026-01-24T22:14:36+00:00","mainEntityOfPage":{"@id":"https:\/\/canfali.com\/ca-es\/a-labric-del-sant-sebastia-de-murla\/"},"wordCount":534,"publisher":{"@id":"https:\/\/canfali.com\/ca-es\/#organization"},"image":{"@id":"https:\/\/canfali.com\/ca-es\/a-labric-del-sant-sebastia-de-murla\/#primaryimage"},"thumbnailUrl":"https:\/\/canfali.com\/app\/uploads\/2026\/01\/digi1.jpg","keywords":["ermita","gastronomia","germanor","Murla","patrimoni","Romeria","Sant Sebasti\u00e0","Tradici\u00f3"],"articleSection":["Festes"],"inLanguage":"va-ES","copyrightYear":"2026","copyrightHolder":{"@id":"https:\/\/canfali.com\/#organization"}},{"@type":"WebPage","@id":"https:\/\/canfali.com\/ca-es\/a-labric-del-sant-sebastia-de-murla\/","url":"https:\/\/canfali.com\/ca-es\/a-labric-del-sant-sebastia-de-murla\/","name":"A l\u2019abric del Sant Sebasti\u00e0 de Murla - Canfali","isPartOf":{"@id":"https:\/\/canfali.com\/ca-es\/#website"},"primaryImageOfPage":{"@id":"https:\/\/canfali.com\/ca-es\/a-labric-del-sant-sebastia-de-murla\/#primaryimage"},"image":{"@id":"https:\/\/canfali.com\/ca-es\/a-labric-del-sant-sebastia-de-murla\/#primaryimage"},"thumbnailUrl":"https:\/\/canfali.com\/app\/uploads\/2026\/01\/digi1.jpg","datePublished":"2026-01-24T22:14:34+00:00","dateModified":"2026-01-24T22:14:36+00:00","breadcrumb":{"@id":"https:\/\/canfali.com\/ca-es\/a-labric-del-sant-sebastia-de-murla\/#breadcrumb"},"inLanguage":"va-ES","potentialAction":[{"@type":"ReadAction","target":["https:\/\/canfali.com\/ca-es\/a-labric-del-sant-sebastia-de-murla\/"]}]},{"@type":"ImageObject","inLanguage":"va-ES","@id":"https:\/\/canfali.com\/ca-es\/a-labric-del-sant-sebastia-de-murla\/#primaryimage","url":"https:\/\/canfali.com\/app\/uploads\/2026\/01\/digi1.jpg","contentUrl":"https:\/\/canfali.com\/app\/uploads\/2026\/01\/digi1.jpg","width":2256,"height":1496},{"@type":"BreadcrumbList","@id":"https:\/\/canfali.com\/ca-es\/a-labric-del-sant-sebastia-de-murla\/#breadcrumb","itemListElement":[{"@type":"ListItem","position":1,"name":"Portada","item":"https:\/\/canfali.com\/ca-es\/"},{"@type":"ListItem","position":2,"name":"A l\u2019abric del Sant Sebasti\u00e0 de Murla"}]},{"@type":"WebSite","@id":"https:\/\/canfali.com\/ca-es\/#website","url":"https:\/\/canfali.com\/ca-es\/","name":"Canfali","description":"","publisher":{"@id":"https:\/\/canfali.com\/ca-es\/#organization"},"potentialAction":[{"@type":"SearchAction","target":{"@type":"EntryPoint","urlTemplate":"https:\/\/canfali.com\/ca-es\/?s={search_term_string}"},"query-input":{"@type":"PropertyValueSpecification","valueRequired":true,"valueName":"search_term_string"}}],"inLanguage":"va-ES"},{"@type":"Organization","@id":"https:\/\/canfali.com\/ca-es\/#organization","name":"Canfali","url":"https:\/\/canfali.com\/ca-es\/","logo":{"@type":"ImageObject","inLanguage":"va-ES","@id":"https:\/\/canfali.com\/ca-es\/#\/schema\/logo\/image\/","url":"https:\/\/canfali.com\/app\/uploads\/2025\/12\/canfali_marina_alta_logo.png","contentUrl":"https:\/\/canfali.com\/app\/uploads\/2025\/12\/canfali_marina_alta_logo.png","width":225,"height":225,"caption":"Canfali"},"image":{"@id":"https:\/\/canfali.com\/ca-es\/#\/schema\/logo\/image\/"},"sameAs":["https:\/\/es-es.facebook.com\/CANFALIMarinaAlta","https:\/\/x.com\/canfalima","https:\/\/www.instagram.com\/canfalimarinaalta\/"]},{"@type":"Person","@id":"https:\/\/canfali.com\/ca-es\/#\/schema\/person\/d834d2d4df17cac754d3c314d4c404ef","name":"JJ Mas","image":{"@type":"ImageObject","inLanguage":"va-ES","@id":"https:\/\/secure.gravatar.com\/avatar\/65a5191f5438bf88c2394f6d1a625a6ff903c8785268e603c623a83bc15ba1ee?s=96&d=mm&r=g","url":"https:\/\/secure.gravatar.com\/avatar\/65a5191f5438bf88c2394f6d1a625a6ff903c8785268e603c623a83bc15ba1ee?s=96&d=mm&r=g","contentUrl":"https:\/\/secure.gravatar.com\/avatar\/65a5191f5438bf88c2394f6d1a625a6ff903c8785268e603c623a83bc15ba1ee?s=96&d=mm&r=g","caption":"JJ Mas"},"url":"https:\/\/canfali.com\/ca-es\/author\/jj\/"}]}},"_links":{"self":[{"href":"https:\/\/canfali.com\/ca-es\/wp-json\/wp\/v2\/posts\/87323","targetHints":{"allow":["GET"]}}],"collection":[{"href":"https:\/\/canfali.com\/ca-es\/wp-json\/wp\/v2\/posts"}],"about":[{"href":"https:\/\/canfali.com\/ca-es\/wp-json\/wp\/v2\/types\/post"}],"author":[{"embeddable":true,"href":"https:\/\/canfali.com\/ca-es\/wp-json\/wp\/v2\/users\/4"}],"replies":[{"embeddable":true,"href":"https:\/\/canfali.com\/ca-es\/wp-json\/wp\/v2\/comments?post=87323"}],"version-history":[{"count":1,"href":"https:\/\/canfali.com\/ca-es\/wp-json\/wp\/v2\/posts\/87323\/revisions"}],"predecessor-version":[{"id":87338,"href":"https:\/\/canfali.com\/ca-es\/wp-json\/wp\/v2\/posts\/87323\/revisions\/87338"}],"wp:featuredmedia":[{"embeddable":true,"href":"https:\/\/canfali.com\/ca-es\/wp-json\/wp\/v2\/media\/87324"}],"wp:attachment":[{"href":"https:\/\/canfali.com\/ca-es\/wp-json\/wp\/v2\/media?parent=87323"}],"wp:term":[{"taxonomy":"category","embeddable":true,"href":"https:\/\/canfali.com\/ca-es\/wp-json\/wp\/v2\/categories?post=87323"},{"taxonomy":"post_tag","embeddable":true,"href":"https:\/\/canfali.com\/ca-es\/wp-json\/wp\/v2\/tags?post=87323"}],"curies":[{"name":"wp","href":"https:\/\/api.w.org\/{rel}","templated":true}]}}