{"id":87302,"date":"2026-01-23T18:14:32","date_gmt":"2026-01-23T17:14:32","guid":{"rendered":"https:\/\/canfali.com\/el-gust-de-lerico\/"},"modified":"2026-01-23T18:25:03","modified_gmt":"2026-01-23T17:25:03","slug":"el-gust-de-lerico","status":"publish","type":"post","link":"https:\/\/canfali.com\/ca-es\/el-gust-de-lerico\/","title":{"rendered":"El gust de l&#8217;eri\u00e7\u00f3"},"content":{"rendered":"\n<p><\/p>\n\n<figure class=\"wp-block-pullquote\"><blockquote><p>Continuen els estudis sobre la repoblaci\u00f3 d&#8217;una esp\u00e8cie molt estimada a la Marina Alta<\/p><\/blockquote><\/figure>\n\n<p>A partir d&#8217;un projecte de l&#8217;any passat sobre la distribuci\u00f3 de l&#8217;eri\u00e7\u00f3 de mar, l&#8217;investigador Pablo S\u00e1nchez Jerez i el seu equip han centrat enguany la seva recerca, emmarcada en el programa R+D+I del Centre de Gastronomia del Mediterrani Gasterra UA-D\u00e9nia, en l&#8217;aspecte metab\u00f2lic i el sabor de la g\u00f2nada. S&#8217;han comparat dues esp\u00e8cies i s&#8217;ha comprovat que una \u00e9s herb\u00edvora i l&#8217;altra carn\u00edvora, la qual cosa fa diferent el seu sabor. Els consumidors s&#8217;inclinen per la primera, m\u00e9s suau i amb m\u00e9s gust a mar. Quant al sexe, des del punt de vista culinari, encara que externament no es diferencien, hi ha prefer\u00e8ncia pel sabor de les femelles. <\/p>\n\n<p>L&#8217;equip de recerca participa amb la Fundaci\u00f3 Ocenogr\u00e0fic en les campanyes de repoblaci\u00f3 de l&#8217;eri\u00e7\u00f3. Partint de la solta d&#8217;individus juvenils i veient la taxa de superviv\u00e8ncia, es pret\u00e9n establir una esp\u00e8cie de protocol per a les soltes, de manera que l&#8217;esfor\u00e7 que es fa siga viable. Es tenen en compte factors com la pres\u00e8ncia d&#8217;adults d&#8217;una i de l&#8217;altra esp\u00e8cie, si ha de ser una zona amb predomini de posid\u00f2nia o d&#8217;algar molt desenvolupat o si prefereixen roques o zones de c\u00f2dols, per exemple. <\/p>\n\n<p>Estela Carbonell explica que \u00e9s dif\u00edcil respondre a la pregunta de si tornar\u00e0 a ser habitual veure eri\u00e7ons  taula. Primer s&#8217;haur\u00e0 de determinar per qu\u00e8 hi ha eri\u00e7ons en unes zones i en unes altres no. \u201cS\u00f3n esp\u00e8cies molt sensibles i creiem que un dels principals problemes que hi ha est\u00e0 relacionat amb la densitat\u201d, indica. Alguna cosa aix\u00ed com que perqu\u00e8 la poblaci\u00f3 continue creixent ha d&#8217;haver-hi una densitat pr\u00e8via d&#8217;individus tant juvenils com adults en la zona. Si no n&#8217;hi ha, la poblaci\u00f3 mai es recuperar\u00e0. Per aix\u00f2 en aquestes repoblacions la idea \u00e9s actuar en zones o punts on hi haja suficients individus i biomassa perqu\u00e8 la poblaci\u00f3 cresca i exporte la biomassa a altres llocs. Un viatge lent que tal vegada permetria la recuperaci\u00f3. Per\u00f2 encara queden moltes preguntes en l&#8217;aire i molt a investigar.<\/p>\n","protected":false},"excerpt":{"rendered":"Continuen els estudis sobre la repoblaci\u00f3 d&#8217;una esp\u00e8cie molt estimada a la Marina Alta A partir d&#8217;un projecte&hellip;","protected":false},"author":6,"featured_media":87301,"comment_status":"closed","ping_status":"closed","sticky":false,"template":"","format":"standard","meta":{"csco_display_header_overlay":false,"csco_singular_sidebar":"","csco_page_header_type":"","csco_page_load_nextpost":"","csco_post_video_location":[],"csco_post_video_location_hash":"","csco_post_video_url":"","csco_post_video_bg_start_time":0,"csco_post_video_bg_end_time":0,"footnotes":""},"categories":[589],"tags":[6118,6166,2496,692],"class_list":{"0":"post-87302","1":"post","2":"type-post","3":"status-publish","4":"format-standard","5":"has-post-thumbnail","7":"category-gastronomia-ca-es","8":"tag-ajuntament-de-denia-2","9":"tag-erico-de-mar","10":"tag-gasterra-ca-es","11":"tag-gastronomia-ca-es","12":"cs-entry","13":"cs-video-wrap"},"yoast_head":"<!-- This site is optimized with the Yoast SEO Premium plugin v26.6 (Yoast SEO v27.3) - https:\/\/yoast.com\/product\/yoast-seo-premium-wordpress\/ -->\n<title>El gust de l&#039;eri\u00e7\u00f3 - Canfali<\/title>\n<meta name=\"description\" content=\"Un grup d&#039;investigadors estudia la repoblaci\u00f3 de l&#039;eri\u00e7\u00f3 de mar, el seu comportament i el seu sabor\" \/>\n<meta name=\"robots\" content=\"index, follow, max-snippet:-1, max-image-preview:large, max-video-preview:-1\" \/>\n<link rel=\"canonical\" href=\"https:\/\/canfali.com\/ca-es\/el-gust-de-lerico\/\" \/>\n<meta property=\"og:locale\" content=\"en_US\" \/>\n<meta property=\"og:type\" content=\"article\" \/>\n<meta property=\"og:title\" content=\"El gust de l&#039;eri\u00e7\u00f3\" \/>\n<meta property=\"og:description\" content=\"Un grup d&#039;investigadors estudia la repoblaci\u00f3 de l&#039;eri\u00e7\u00f3 de mar, el seu comportament i el seu sabor\" \/>\n<meta property=\"og:url\" content=\"https:\/\/canfali.com\/ca-es\/el-gust-de-lerico\/\" \/>\n<meta property=\"og:site_name\" content=\"Canfali\" \/>\n<meta property=\"article:publisher\" content=\"https:\/\/es-es.facebook.com\/CANFALIMarinaAlta\" \/>\n<meta property=\"article:published_time\" content=\"2026-01-23T17:14:32+00:00\" \/>\n<meta property=\"article:modified_time\" content=\"2026-01-23T17:25:03+00:00\" \/>\n<meta property=\"og:image\" content=\"https:\/\/canfali.com\/app\/uploads\/2026\/01\/a654e5552638215812fbc40001e7cc00-1536x1152-1.jpg\" \/>\n\t<meta property=\"og:image:width\" content=\"1536\" \/>\n\t<meta property=\"og:image:height\" content=\"1152\" \/>\n\t<meta property=\"og:image:type\" content=\"image\/jpeg\" \/>\n<meta name=\"author\" content=\"Rosa\" \/>\n<meta name=\"twitter:card\" content=\"summary_large_image\" \/>\n<meta name=\"twitter:creator\" content=\"@canfalima\" \/>\n<meta name=\"twitter:site\" content=\"@canfalima\" \/>\n<meta name=\"twitter:label1\" content=\"Written by\" \/>\n\t<meta name=\"twitter:data1\" content=\"Rosa\" \/>\n\t<meta name=\"twitter:label2\" content=\"Est. reading time\" \/>\n\t<meta name=\"twitter:data2\" content=\"2 minutes\" \/>\n<script type=\"application\/ld+json\" class=\"yoast-schema-graph\">{\"@context\":\"https:\\\/\\\/schema.org\",\"@graph\":[{\"@type\":\"NewsArticle\",\"@id\":\"https:\\\/\\\/canfali.com\\\/ca-es\\\/el-gust-de-lerico\\\/#article\",\"isPartOf\":{\"@id\":\"https:\\\/\\\/canfali.com\\\/ca-es\\\/el-gust-de-lerico\\\/\"},\"author\":{\"name\":\"Rosa\",\"@id\":\"https:\\\/\\\/canfali.com\\\/ca-es\\\/#\\\/schema\\\/person\\\/c861a7aa2b2495357b95f35bd5d82f88\"},\"headline\":\"El gust de l&#8217;eri\u00e7\u00f3\",\"datePublished\":\"2026-01-23T17:14:32+00:00\",\"dateModified\":\"2026-01-23T17:25:03+00:00\",\"mainEntityOfPage\":{\"@id\":\"https:\\\/\\\/canfali.com\\\/ca-es\\\/el-gust-de-lerico\\\/\"},\"wordCount\":402,\"publisher\":{\"@id\":\"https:\\\/\\\/canfali.com\\\/ca-es\\\/#organization\"},\"image\":{\"@id\":\"https:\\\/\\\/canfali.com\\\/ca-es\\\/el-gust-de-lerico\\\/#primaryimage\"},\"thumbnailUrl\":\"https:\\\/\\\/canfali.com\\\/app\\\/uploads\\\/2026\\\/01\\\/a654e5552638215812fbc40001e7cc00-1536x1152-1.jpg\",\"keywords\":[\"ajuntament de d\u00e9nia\",\"eri\u00e7\u00f3 de mar\",\"Gasterra\",\"gastronomia\"],\"articleSection\":[\"Gastronomia\"],\"inLanguage\":\"va-ES\",\"copyrightYear\":\"2026\",\"copyrightHolder\":{\"@id\":\"https:\\\/\\\/canfali.com\\\/#organization\"}},{\"@type\":\"WebPage\",\"@id\":\"https:\\\/\\\/canfali.com\\\/ca-es\\\/el-gust-de-lerico\\\/\",\"url\":\"https:\\\/\\\/canfali.com\\\/ca-es\\\/el-gust-de-lerico\\\/\",\"name\":\"El gust de l'eri\u00e7\u00f3 - Canfali\",\"isPartOf\":{\"@id\":\"https:\\\/\\\/canfali.com\\\/ca-es\\\/#website\"},\"primaryImageOfPage\":{\"@id\":\"https:\\\/\\\/canfali.com\\\/ca-es\\\/el-gust-de-lerico\\\/#primaryimage\"},\"image\":{\"@id\":\"https:\\\/\\\/canfali.com\\\/ca-es\\\/el-gust-de-lerico\\\/#primaryimage\"},\"thumbnailUrl\":\"https:\\\/\\\/canfali.com\\\/app\\\/uploads\\\/2026\\\/01\\\/a654e5552638215812fbc40001e7cc00-1536x1152-1.jpg\",\"datePublished\":\"2026-01-23T17:14:32+00:00\",\"dateModified\":\"2026-01-23T17:25:03+00:00\",\"description\":\"Un grup d'investigadors estudia la repoblaci\u00f3 de l'eri\u00e7\u00f3 de mar, el seu comportament i el seu sabor\",\"breadcrumb\":{\"@id\":\"https:\\\/\\\/canfali.com\\\/ca-es\\\/el-gust-de-lerico\\\/#breadcrumb\"},\"inLanguage\":\"va-ES\",\"potentialAction\":[{\"@type\":\"ReadAction\",\"target\":[\"https:\\\/\\\/canfali.com\\\/ca-es\\\/el-gust-de-lerico\\\/\"]}]},{\"@type\":\"ImageObject\",\"inLanguage\":\"va-ES\",\"@id\":\"https:\\\/\\\/canfali.com\\\/ca-es\\\/el-gust-de-lerico\\\/#primaryimage\",\"url\":\"https:\\\/\\\/canfali.com\\\/app\\\/uploads\\\/2026\\\/01\\\/a654e5552638215812fbc40001e7cc00-1536x1152-1.jpg\",\"contentUrl\":\"https:\\\/\\\/canfali.com\\\/app\\\/uploads\\\/2026\\\/01\\\/a654e5552638215812fbc40001e7cc00-1536x1152-1.jpg\",\"width\":1536,\"height\":1152},{\"@type\":\"BreadcrumbList\",\"@id\":\"https:\\\/\\\/canfali.com\\\/ca-es\\\/el-gust-de-lerico\\\/#breadcrumb\",\"itemListElement\":[{\"@type\":\"ListItem\",\"position\":1,\"name\":\"Portada\",\"item\":\"https:\\\/\\\/canfali.com\\\/ca-es\\\/\"},{\"@type\":\"ListItem\",\"position\":2,\"name\":\"El gust de l&#8217;eri\u00e7\u00f3\"}]},{\"@type\":\"WebSite\",\"@id\":\"https:\\\/\\\/canfali.com\\\/ca-es\\\/#website\",\"url\":\"https:\\\/\\\/canfali.com\\\/ca-es\\\/\",\"name\":\"Canfali\",\"description\":\"\",\"publisher\":{\"@id\":\"https:\\\/\\\/canfali.com\\\/ca-es\\\/#organization\"},\"potentialAction\":[{\"@type\":\"SearchAction\",\"target\":{\"@type\":\"EntryPoint\",\"urlTemplate\":\"https:\\\/\\\/canfali.com\\\/ca-es\\\/?s={search_term_string}\"},\"query-input\":{\"@type\":\"PropertyValueSpecification\",\"valueRequired\":true,\"valueName\":\"search_term_string\"}}],\"inLanguage\":\"va-ES\"},{\"@type\":\"Organization\",\"@id\":\"https:\\\/\\\/canfali.com\\\/ca-es\\\/#organization\",\"name\":\"Canfali\",\"url\":\"https:\\\/\\\/canfali.com\\\/ca-es\\\/\",\"logo\":{\"@type\":\"ImageObject\",\"inLanguage\":\"va-ES\",\"@id\":\"https:\\\/\\\/canfali.com\\\/ca-es\\\/#\\\/schema\\\/logo\\\/image\\\/\",\"url\":\"https:\\\/\\\/canfali.com\\\/app\\\/uploads\\\/2025\\\/12\\\/canfali_marina_alta_logo.png\",\"contentUrl\":\"https:\\\/\\\/canfali.com\\\/app\\\/uploads\\\/2025\\\/12\\\/canfali_marina_alta_logo.png\",\"width\":225,\"height\":225,\"caption\":\"Canfali\"},\"image\":{\"@id\":\"https:\\\/\\\/canfali.com\\\/ca-es\\\/#\\\/schema\\\/logo\\\/image\\\/\"},\"sameAs\":[\"https:\\\/\\\/es-es.facebook.com\\\/CANFALIMarinaAlta\",\"https:\\\/\\\/x.com\\\/canfalima\",\"https:\\\/\\\/www.instagram.com\\\/canfalimarinaalta\\\/\"]},{\"@type\":\"Person\",\"@id\":\"https:\\\/\\\/canfali.com\\\/ca-es\\\/#\\\/schema\\\/person\\\/c861a7aa2b2495357b95f35bd5d82f88\",\"name\":\"Rosa\",\"image\":{\"@type\":\"ImageObject\",\"inLanguage\":\"va-ES\",\"@id\":\"https:\\\/\\\/secure.gravatar.com\\\/avatar\\\/47fb83d99423a6ef1cf9f83f02a5e91366c671dec76c5c24badf1b0494e1d960?s=96&d=mm&r=g\",\"url\":\"https:\\\/\\\/secure.gravatar.com\\\/avatar\\\/47fb83d99423a6ef1cf9f83f02a5e91366c671dec76c5c24badf1b0494e1d960?s=96&d=mm&r=g\",\"contentUrl\":\"https:\\\/\\\/secure.gravatar.com\\\/avatar\\\/47fb83d99423a6ef1cf9f83f02a5e91366c671dec76c5c24badf1b0494e1d960?s=96&d=mm&r=g\",\"caption\":\"Rosa\"},\"url\":\"https:\\\/\\\/canfali.com\\\/ca-es\\\/author\\\/rosa\\\/\"}]}<\/script>\n<!-- \/ Yoast SEO Premium plugin. -->","yoast_head_json":{"title":"El gust de l'eri\u00e7\u00f3 - Canfali","description":"Un grup d'investigadors estudia la repoblaci\u00f3 de l'eri\u00e7\u00f3 de mar, el seu comportament i el seu sabor","robots":{"index":"index","follow":"follow","max-snippet":"max-snippet:-1","max-image-preview":"max-image-preview:large","max-video-preview":"max-video-preview:-1"},"canonical":"https:\/\/canfali.com\/ca-es\/el-gust-de-lerico\/","og_locale":"en_US","og_type":"article","og_title":"El gust de l'eri\u00e7\u00f3","og_description":"Un grup d'investigadors estudia la repoblaci\u00f3 de l'eri\u00e7\u00f3 de mar, el seu comportament i el seu sabor","og_url":"https:\/\/canfali.com\/ca-es\/el-gust-de-lerico\/","og_site_name":"Canfali","article_publisher":"https:\/\/es-es.facebook.com\/CANFALIMarinaAlta","article_published_time":"2026-01-23T17:14:32+00:00","article_modified_time":"2026-01-23T17:25:03+00:00","og_image":[{"width":1536,"height":1152,"url":"https:\/\/canfali.com\/app\/uploads\/2026\/01\/a654e5552638215812fbc40001e7cc00-1536x1152-1.jpg","type":"image\/jpeg"}],"author":"Rosa","twitter_card":"summary_large_image","twitter_creator":"@canfalima","twitter_site":"@canfalima","twitter_misc":{"Written by":"Rosa","Est. reading time":"2 minutes"},"schema":{"@context":"https:\/\/schema.org","@graph":[{"@type":"NewsArticle","@id":"https:\/\/canfali.com\/ca-es\/el-gust-de-lerico\/#article","isPartOf":{"@id":"https:\/\/canfali.com\/ca-es\/el-gust-de-lerico\/"},"author":{"name":"Rosa","@id":"https:\/\/canfali.com\/ca-es\/#\/schema\/person\/c861a7aa2b2495357b95f35bd5d82f88"},"headline":"El gust de l&#8217;eri\u00e7\u00f3","datePublished":"2026-01-23T17:14:32+00:00","dateModified":"2026-01-23T17:25:03+00:00","mainEntityOfPage":{"@id":"https:\/\/canfali.com\/ca-es\/el-gust-de-lerico\/"},"wordCount":402,"publisher":{"@id":"https:\/\/canfali.com\/ca-es\/#organization"},"image":{"@id":"https:\/\/canfali.com\/ca-es\/el-gust-de-lerico\/#primaryimage"},"thumbnailUrl":"https:\/\/canfali.com\/app\/uploads\/2026\/01\/a654e5552638215812fbc40001e7cc00-1536x1152-1.jpg","keywords":["ajuntament de d\u00e9nia","eri\u00e7\u00f3 de mar","Gasterra","gastronomia"],"articleSection":["Gastronomia"],"inLanguage":"va-ES","copyrightYear":"2026","copyrightHolder":{"@id":"https:\/\/canfali.com\/#organization"}},{"@type":"WebPage","@id":"https:\/\/canfali.com\/ca-es\/el-gust-de-lerico\/","url":"https:\/\/canfali.com\/ca-es\/el-gust-de-lerico\/","name":"El gust de l'eri\u00e7\u00f3 - Canfali","isPartOf":{"@id":"https:\/\/canfali.com\/ca-es\/#website"},"primaryImageOfPage":{"@id":"https:\/\/canfali.com\/ca-es\/el-gust-de-lerico\/#primaryimage"},"image":{"@id":"https:\/\/canfali.com\/ca-es\/el-gust-de-lerico\/#primaryimage"},"thumbnailUrl":"https:\/\/canfali.com\/app\/uploads\/2026\/01\/a654e5552638215812fbc40001e7cc00-1536x1152-1.jpg","datePublished":"2026-01-23T17:14:32+00:00","dateModified":"2026-01-23T17:25:03+00:00","description":"Un grup d'investigadors estudia la repoblaci\u00f3 de l'eri\u00e7\u00f3 de mar, el seu comportament i el seu sabor","breadcrumb":{"@id":"https:\/\/canfali.com\/ca-es\/el-gust-de-lerico\/#breadcrumb"},"inLanguage":"va-ES","potentialAction":[{"@type":"ReadAction","target":["https:\/\/canfali.com\/ca-es\/el-gust-de-lerico\/"]}]},{"@type":"ImageObject","inLanguage":"va-ES","@id":"https:\/\/canfali.com\/ca-es\/el-gust-de-lerico\/#primaryimage","url":"https:\/\/canfali.com\/app\/uploads\/2026\/01\/a654e5552638215812fbc40001e7cc00-1536x1152-1.jpg","contentUrl":"https:\/\/canfali.com\/app\/uploads\/2026\/01\/a654e5552638215812fbc40001e7cc00-1536x1152-1.jpg","width":1536,"height":1152},{"@type":"BreadcrumbList","@id":"https:\/\/canfali.com\/ca-es\/el-gust-de-lerico\/#breadcrumb","itemListElement":[{"@type":"ListItem","position":1,"name":"Portada","item":"https:\/\/canfali.com\/ca-es\/"},{"@type":"ListItem","position":2,"name":"El gust de l&#8217;eri\u00e7\u00f3"}]},{"@type":"WebSite","@id":"https:\/\/canfali.com\/ca-es\/#website","url":"https:\/\/canfali.com\/ca-es\/","name":"Canfali","description":"","publisher":{"@id":"https:\/\/canfali.com\/ca-es\/#organization"},"potentialAction":[{"@type":"SearchAction","target":{"@type":"EntryPoint","urlTemplate":"https:\/\/canfali.com\/ca-es\/?s={search_term_string}"},"query-input":{"@type":"PropertyValueSpecification","valueRequired":true,"valueName":"search_term_string"}}],"inLanguage":"va-ES"},{"@type":"Organization","@id":"https:\/\/canfali.com\/ca-es\/#organization","name":"Canfali","url":"https:\/\/canfali.com\/ca-es\/","logo":{"@type":"ImageObject","inLanguage":"va-ES","@id":"https:\/\/canfali.com\/ca-es\/#\/schema\/logo\/image\/","url":"https:\/\/canfali.com\/app\/uploads\/2025\/12\/canfali_marina_alta_logo.png","contentUrl":"https:\/\/canfali.com\/app\/uploads\/2025\/12\/canfali_marina_alta_logo.png","width":225,"height":225,"caption":"Canfali"},"image":{"@id":"https:\/\/canfali.com\/ca-es\/#\/schema\/logo\/image\/"},"sameAs":["https:\/\/es-es.facebook.com\/CANFALIMarinaAlta","https:\/\/x.com\/canfalima","https:\/\/www.instagram.com\/canfalimarinaalta\/"]},{"@type":"Person","@id":"https:\/\/canfali.com\/ca-es\/#\/schema\/person\/c861a7aa2b2495357b95f35bd5d82f88","name":"Rosa","image":{"@type":"ImageObject","inLanguage":"va-ES","@id":"https:\/\/secure.gravatar.com\/avatar\/47fb83d99423a6ef1cf9f83f02a5e91366c671dec76c5c24badf1b0494e1d960?s=96&d=mm&r=g","url":"https:\/\/secure.gravatar.com\/avatar\/47fb83d99423a6ef1cf9f83f02a5e91366c671dec76c5c24badf1b0494e1d960?s=96&d=mm&r=g","contentUrl":"https:\/\/secure.gravatar.com\/avatar\/47fb83d99423a6ef1cf9f83f02a5e91366c671dec76c5c24badf1b0494e1d960?s=96&d=mm&r=g","caption":"Rosa"},"url":"https:\/\/canfali.com\/ca-es\/author\/rosa\/"}]}},"_links":{"self":[{"href":"https:\/\/canfali.com\/ca-es\/wp-json\/wp\/v2\/posts\/87302","targetHints":{"allow":["GET"]}}],"collection":[{"href":"https:\/\/canfali.com\/ca-es\/wp-json\/wp\/v2\/posts"}],"about":[{"href":"https:\/\/canfali.com\/ca-es\/wp-json\/wp\/v2\/types\/post"}],"author":[{"embeddable":true,"href":"https:\/\/canfali.com\/ca-es\/wp-json\/wp\/v2\/users\/6"}],"replies":[{"embeddable":true,"href":"https:\/\/canfali.com\/ca-es\/wp-json\/wp\/v2\/comments?post=87302"}],"version-history":[{"count":1,"href":"https:\/\/canfali.com\/ca-es\/wp-json\/wp\/v2\/posts\/87302\/revisions"}],"predecessor-version":[{"id":87303,"href":"https:\/\/canfali.com\/ca-es\/wp-json\/wp\/v2\/posts\/87302\/revisions\/87303"}],"wp:featuredmedia":[{"embeddable":true,"href":"https:\/\/canfali.com\/ca-es\/wp-json\/wp\/v2\/media\/87301"}],"wp:attachment":[{"href":"https:\/\/canfali.com\/ca-es\/wp-json\/wp\/v2\/media?parent=87302"}],"wp:term":[{"taxonomy":"category","embeddable":true,"href":"https:\/\/canfali.com\/ca-es\/wp-json\/wp\/v2\/categories?post=87302"},{"taxonomy":"post_tag","embeddable":true,"href":"https:\/\/canfali.com\/ca-es\/wp-json\/wp\/v2\/tags?post=87302"}],"curies":[{"name":"wp","href":"https:\/\/api.w.org\/{rel}","templated":true}]}}