{"id":87229,"date":"2026-01-23T14:14:58","date_gmt":"2026-01-23T13:14:58","guid":{"rendered":"https:\/\/canfali.com\/?p=87229"},"modified":"2026-01-23T14:16:57","modified_gmt":"2026-01-23T13:16:57","slug":"el-turismo-de-la-comunitat-valenciana-consolida-su-liderazgo-y-los-buenos-resultados","status":"publish","type":"post","link":"https:\/\/canfali.com\/ca-es\/el-turismo-de-la-comunitat-valenciana-consolida-su-liderazgo-y-los-buenos-resultados\/","title":{"rendered":"El turismo de la Comunitat Valenciana consolida su liderazgo y los buenos resultados"},"content":{"rendered":"\n<blockquote class=\"wp-block-quote is-layout-flow wp-block-quote-is-layout-flow\">\n<p><br>La cultura y la gastronom\u00eda se abren paso sobre la opci\u00f3n m\u00e1s cl\u00e1sica de sol y playa<\/p>\n<\/blockquote>\n\n\n\n<p>La Comunitat Valenciana ha consolidado en 2025 su recuperaci\u00f3n tur\u00edstica y avanza hacia una fase de estabilidad estructural, seg\u00fan el informe presentado por HOSBEC en FITUR, que analiza los resultados del ejercicio y marca las claves estrat\u00e9gicas para 2026. El sector hotelero valenciano cierra el a\u00f1o con cifras hist\u00f3ricas y una clara evoluci\u00f3n del modelo tur\u00edstico. Aunque en turismo es atrevido cuando menos generar expectativas, en este caso no lo es tanto afirmar que el turismo valenciano goza de muy buena salud.<\/p>\n\n\n\n<figure class=\"wp-block-image size-large\"><img decoding=\"async\" src=\"https:\/\/canfali.com\/app\/uploads\/2026\/01\/8resultados-1-1024x683.jpg.webp\" alt=\"\" class=\"wp-image-87235\"\/><\/figure>\n\n\n\n<p>El presidente de HOSBEC, Fede Fuster, destac\u00f3 que 2025 ha registrado casi 10 millones de clientes hoteleros y 31,5 millones de pernoctaciones, con m\u00e1s de 1.100 establecimientos y 140.000 camas operativas. La producci\u00f3n hotelera creci\u00f3 cerca de un 2% y el empleo aument\u00f3 m\u00e1s de un 3%, confirmando un equilibrio entre oferta y demanda.<\/p>\n\n\n\n<p>M\u00e1s all\u00e1 de los vol\u00famenes, el informe subraya un cambio relevante en las motivaciones del viajero. La cultura, la gastronom\u00eda, el deporte y el patrimonio ganan protagonismo, complementando y, en muchos casos, superando el tradicional atractivo del sol y playa. Los visitantes buscan experiencias m\u00e1s completas y personalizadas, lo que refuerza el valor del destino durante todo el a\u00f1o.<\/p>\n\n\n\n<p>Esta tendencia se refleja en indicadores como el ADR de Valencia ciudad, el m\u00e1s alto de la Comunitat, o en la mejora del RevPAR de Benidorm, que demuestra una mayor eficiencia en la monetizaci\u00f3n de su oferta. Castell\u00f3n, por su parte, emerge como un destino en crecimiento que requiere una estrategia espec\u00edfica para consolidar su desarrollo tur\u00edstico.<\/p>\n\n\n\n<p>El informe tambi\u00e9n alerta de la necesidad de invertir en la renovaci\u00f3n del producto hotelero, ya que la satisfacci\u00f3n con los establecimientos se sit\u00faa por debajo de la valoraci\u00f3n global del destino. HOSBEC insiste en que el esfuerzo inversor es clave para mejorar calidad, sostenibilidad y competitividad, descartando la implantaci\u00f3n de tasas tur\u00edsticas.<\/p>\n\n\n\n<figure class=\"wp-block-image size-large\"><img decoding=\"async\" src=\"https:\/\/canfali.com\/app\/uploads\/2026\/01\/8resultados2-1-1024x683.jpg.webp\" alt=\"\" class=\"wp-image-87233\"\/><\/figure>\n\n\n\n<p>De cara a 2026, las previsiones son positivas, con un aumento del 8% en la oferta a\u00e9rea y un buen comportamiento del mercado internacional. En este escenario, HOSBEC apuesta por reforzar la diversificaci\u00f3n del producto, consolidando la cultura y la gastronom\u00eda como ejes estrat\u00e9gicos del turismo valenciano.<\/p>\n","protected":false},"excerpt":{"rendered":"La cultura y la gastronom\u00eda se abren paso sobre la opci\u00f3n m\u00e1s cl\u00e1sica de sol y playa La&hellip;","protected":false},"author":8,"featured_media":87230,"comment_status":"closed","ping_status":"closed","sticky":false,"template":"","format":"standard","meta":{"csco_display_header_overlay":false,"csco_singular_sidebar":"","csco_page_header_type":"","csco_page_load_nextpost":"","csco_post_video_location":[],"csco_post_video_location_hash":"","csco_post_video_url":"","csco_post_video_bg_start_time":0,"csco_post_video_bg_end_time":0,"footnotes":""},"categories":[4551],"tags":[],"class_list":{"0":"post-87229","1":"post","2":"type-post","3":"status-publish","4":"format-standard","5":"has-post-thumbnail","7":"category-turisme","8":"cs-entry","9":"cs-video-wrap"},"yoast_head":"<!-- This site is optimized with the Yoast SEO Premium plugin v26.6 (Yoast SEO v27.3) - https:\/\/yoast.com\/product\/yoast-seo-premium-wordpress\/ -->\n<title>El turismo de la Comunitat Valenciana consolida su liderazgo y los buenos resultados - Canfali<\/title>\n<meta name=\"description\" content=\"La Comunitat Valenciana ha consolidado en 2025 su recuperaci\u00f3n tur\u00edstica y avanza hacia una fase de estabilidad estructural\" \/>\n<meta name=\"robots\" content=\"index, follow, max-snippet:-1, max-image-preview:large, max-video-preview:-1\" \/>\n<link rel=\"canonical\" href=\"https:\/\/canfali.com\/ca-es\/el-turismo-de-la-comunitat-valenciana-consolida-su-liderazgo-y-los-buenos-resultados\/\" \/>\n<meta property=\"og:locale\" content=\"en_US\" \/>\n<meta property=\"og:type\" content=\"article\" \/>\n<meta property=\"og:title\" content=\"El turismo de la Comunitat Valenciana consolida su liderazgo y los buenos resultados\" \/>\n<meta property=\"og:description\" content=\"La Comunitat Valenciana ha consolidado en 2025 su recuperaci\u00f3n tur\u00edstica y avanza hacia una fase de estabilidad estructural\" \/>\n<meta property=\"og:url\" content=\"https:\/\/canfali.com\/ca-es\/el-turismo-de-la-comunitat-valenciana-consolida-su-liderazgo-y-los-buenos-resultados\/\" \/>\n<meta property=\"og:site_name\" content=\"Canfali\" \/>\n<meta property=\"article:publisher\" content=\"https:\/\/es-es.facebook.com\/CANFALIMarinaAlta\" \/>\n<meta property=\"article:published_time\" content=\"2026-01-23T13:14:58+00:00\" \/>\n<meta property=\"article:modified_time\" content=\"2026-01-23T13:16:57+00:00\" \/>\n<meta property=\"og:image\" content=\"https:\/\/canfali.com\/app\/uploads\/2026\/01\/8resultados3-1-scaled.jpg\" \/>\n\t<meta property=\"og:image:width\" content=\"2560\" \/>\n\t<meta property=\"og:image:height\" content=\"1707\" \/>\n\t<meta property=\"og:image:type\" content=\"image\/jpeg\" \/>\n<meta name=\"author\" content=\"Lluis\" \/>\n<meta name=\"twitter:card\" content=\"summary_large_image\" \/>\n<meta name=\"twitter:creator\" content=\"@canfalima\" \/>\n<meta name=\"twitter:site\" content=\"@canfalima\" \/>\n<meta name=\"twitter:label1\" content=\"Written by\" \/>\n\t<meta name=\"twitter:data1\" content=\"Lluis\" \/>\n\t<meta name=\"twitter:label2\" content=\"Est. reading time\" \/>\n\t<meta name=\"twitter:data2\" content=\"3 minutes\" \/>\n<script type=\"application\/ld+json\" class=\"yoast-schema-graph\">{\"@context\":\"https:\\\/\\\/schema.org\",\"@graph\":[{\"@type\":\"NewsArticle\",\"@id\":\"https:\\\/\\\/canfali.com\\\/ca-es\\\/el-turismo-de-la-comunitat-valenciana-consolida-su-liderazgo-y-los-buenos-resultados\\\/#article\",\"isPartOf\":{\"@id\":\"https:\\\/\\\/canfali.com\\\/ca-es\\\/el-turismo-de-la-comunitat-valenciana-consolida-su-liderazgo-y-los-buenos-resultados\\\/\"},\"author\":{\"name\":\"Lluis\",\"@id\":\"https:\\\/\\\/canfali.com\\\/ca-es\\\/#\\\/schema\\\/person\\\/f540a86fb33e10daaae53c59ceaa1194\"},\"headline\":\"El turismo de la Comunitat Valenciana consolida su liderazgo y los buenos resultados\",\"datePublished\":\"2026-01-23T13:14:58+00:00\",\"dateModified\":\"2026-01-23T13:16:57+00:00\",\"mainEntityOfPage\":{\"@id\":\"https:\\\/\\\/canfali.com\\\/ca-es\\\/el-turismo-de-la-comunitat-valenciana-consolida-su-liderazgo-y-los-buenos-resultados\\\/\"},\"wordCount\":407,\"publisher\":{\"@id\":\"https:\\\/\\\/canfali.com\\\/ca-es\\\/#organization\"},\"image\":{\"@id\":\"https:\\\/\\\/canfali.com\\\/ca-es\\\/el-turismo-de-la-comunitat-valenciana-consolida-su-liderazgo-y-los-buenos-resultados\\\/#primaryimage\"},\"thumbnailUrl\":\"https:\\\/\\\/canfali.com\\\/app\\\/uploads\\\/2026\\\/01\\\/8resultados3-1-scaled.jpg\",\"articleSection\":[\"Turisme\"],\"inLanguage\":\"va-ES\",\"copyrightYear\":\"2026\",\"copyrightHolder\":{\"@id\":\"https:\\\/\\\/canfali.com\\\/#organization\"}},{\"@type\":\"WebPage\",\"@id\":\"https:\\\/\\\/canfali.com\\\/ca-es\\\/el-turismo-de-la-comunitat-valenciana-consolida-su-liderazgo-y-los-buenos-resultados\\\/\",\"url\":\"https:\\\/\\\/canfali.com\\\/ca-es\\\/el-turismo-de-la-comunitat-valenciana-consolida-su-liderazgo-y-los-buenos-resultados\\\/\",\"name\":\"El turismo de la Comunitat Valenciana consolida su liderazgo y los buenos resultados - Canfali\",\"isPartOf\":{\"@id\":\"https:\\\/\\\/canfali.com\\\/ca-es\\\/#website\"},\"primaryImageOfPage\":{\"@id\":\"https:\\\/\\\/canfali.com\\\/ca-es\\\/el-turismo-de-la-comunitat-valenciana-consolida-su-liderazgo-y-los-buenos-resultados\\\/#primaryimage\"},\"image\":{\"@id\":\"https:\\\/\\\/canfali.com\\\/ca-es\\\/el-turismo-de-la-comunitat-valenciana-consolida-su-liderazgo-y-los-buenos-resultados\\\/#primaryimage\"},\"thumbnailUrl\":\"https:\\\/\\\/canfali.com\\\/app\\\/uploads\\\/2026\\\/01\\\/8resultados3-1-scaled.jpg\",\"datePublished\":\"2026-01-23T13:14:58+00:00\",\"dateModified\":\"2026-01-23T13:16:57+00:00\",\"description\":\"La Comunitat Valenciana ha consolidado en 2025 su recuperaci\u00f3n tur\u00edstica y avanza hacia una fase de estabilidad estructural\",\"breadcrumb\":{\"@id\":\"https:\\\/\\\/canfali.com\\\/ca-es\\\/el-turismo-de-la-comunitat-valenciana-consolida-su-liderazgo-y-los-buenos-resultados\\\/#breadcrumb\"},\"inLanguage\":\"va-ES\",\"potentialAction\":[{\"@type\":\"ReadAction\",\"target\":[\"https:\\\/\\\/canfali.com\\\/ca-es\\\/el-turismo-de-la-comunitat-valenciana-consolida-su-liderazgo-y-los-buenos-resultados\\\/\"]}]},{\"@type\":\"ImageObject\",\"inLanguage\":\"va-ES\",\"@id\":\"https:\\\/\\\/canfali.com\\\/ca-es\\\/el-turismo-de-la-comunitat-valenciana-consolida-su-liderazgo-y-los-buenos-resultados\\\/#primaryimage\",\"url\":\"https:\\\/\\\/canfali.com\\\/app\\\/uploads\\\/2026\\\/01\\\/8resultados3-1-scaled.jpg\",\"contentUrl\":\"https:\\\/\\\/canfali.com\\\/app\\\/uploads\\\/2026\\\/01\\\/8resultados3-1-scaled.jpg\",\"width\":2560,\"height\":1707},{\"@type\":\"BreadcrumbList\",\"@id\":\"https:\\\/\\\/canfali.com\\\/ca-es\\\/el-turismo-de-la-comunitat-valenciana-consolida-su-liderazgo-y-los-buenos-resultados\\\/#breadcrumb\",\"itemListElement\":[{\"@type\":\"ListItem\",\"position\":1,\"name\":\"Portada\",\"item\":\"https:\\\/\\\/canfali.com\\\/ca-es\\\/\"},{\"@type\":\"ListItem\",\"position\":2,\"name\":\"El turismo de la Comunitat Valenciana consolida su liderazgo y los buenos resultados\"}]},{\"@type\":\"WebSite\",\"@id\":\"https:\\\/\\\/canfali.com\\\/ca-es\\\/#website\",\"url\":\"https:\\\/\\\/canfali.com\\\/ca-es\\\/\",\"name\":\"Canfali\",\"description\":\"\",\"publisher\":{\"@id\":\"https:\\\/\\\/canfali.com\\\/ca-es\\\/#organization\"},\"potentialAction\":[{\"@type\":\"SearchAction\",\"target\":{\"@type\":\"EntryPoint\",\"urlTemplate\":\"https:\\\/\\\/canfali.com\\\/ca-es\\\/?s={search_term_string}\"},\"query-input\":{\"@type\":\"PropertyValueSpecification\",\"valueRequired\":true,\"valueName\":\"search_term_string\"}}],\"inLanguage\":\"va-ES\"},{\"@type\":\"Organization\",\"@id\":\"https:\\\/\\\/canfali.com\\\/ca-es\\\/#organization\",\"name\":\"Canfali\",\"url\":\"https:\\\/\\\/canfali.com\\\/ca-es\\\/\",\"logo\":{\"@type\":\"ImageObject\",\"inLanguage\":\"va-ES\",\"@id\":\"https:\\\/\\\/canfali.com\\\/ca-es\\\/#\\\/schema\\\/logo\\\/image\\\/\",\"url\":\"https:\\\/\\\/canfali.com\\\/app\\\/uploads\\\/2025\\\/12\\\/canfali_marina_alta_logo.png\",\"contentUrl\":\"https:\\\/\\\/canfali.com\\\/app\\\/uploads\\\/2025\\\/12\\\/canfali_marina_alta_logo.png\",\"width\":225,\"height\":225,\"caption\":\"Canfali\"},\"image\":{\"@id\":\"https:\\\/\\\/canfali.com\\\/ca-es\\\/#\\\/schema\\\/logo\\\/image\\\/\"},\"sameAs\":[\"https:\\\/\\\/es-es.facebook.com\\\/CANFALIMarinaAlta\",\"https:\\\/\\\/x.com\\\/canfalima\",\"https:\\\/\\\/www.instagram.com\\\/canfalimarinaalta\\\/\"]},{\"@type\":\"Person\",\"@id\":\"https:\\\/\\\/canfali.com\\\/ca-es\\\/#\\\/schema\\\/person\\\/f540a86fb33e10daaae53c59ceaa1194\",\"name\":\"Lluis\",\"image\":{\"@type\":\"ImageObject\",\"inLanguage\":\"va-ES\",\"@id\":\"https:\\\/\\\/secure.gravatar.com\\\/avatar\\\/a21ec8835290e4e02ed0886b8cb327d807d0eb6ec8ccf25d4c2a0a415f506c0d?s=96&d=mm&r=g\",\"url\":\"https:\\\/\\\/secure.gravatar.com\\\/avatar\\\/a21ec8835290e4e02ed0886b8cb327d807d0eb6ec8ccf25d4c2a0a415f506c0d?s=96&d=mm&r=g\",\"contentUrl\":\"https:\\\/\\\/secure.gravatar.com\\\/avatar\\\/a21ec8835290e4e02ed0886b8cb327d807d0eb6ec8ccf25d4c2a0a415f506c0d?s=96&d=mm&r=g\",\"caption\":\"Lluis\"},\"url\":\"https:\\\/\\\/canfali.com\\\/ca-es\\\/author\\\/lluis\\\/\"}]}<\/script>\n<!-- \/ Yoast SEO Premium plugin. -->","yoast_head_json":{"title":"El turismo de la Comunitat Valenciana consolida su liderazgo y los buenos resultados - Canfali","description":"La Comunitat Valenciana ha consolidado en 2025 su recuperaci\u00f3n tur\u00edstica y avanza hacia una fase de estabilidad estructural","robots":{"index":"index","follow":"follow","max-snippet":"max-snippet:-1","max-image-preview":"max-image-preview:large","max-video-preview":"max-video-preview:-1"},"canonical":"https:\/\/canfali.com\/ca-es\/el-turismo-de-la-comunitat-valenciana-consolida-su-liderazgo-y-los-buenos-resultados\/","og_locale":"en_US","og_type":"article","og_title":"El turismo de la Comunitat Valenciana consolida su liderazgo y los buenos resultados","og_description":"La Comunitat Valenciana ha consolidado en 2025 su recuperaci\u00f3n tur\u00edstica y avanza hacia una fase de estabilidad estructural","og_url":"https:\/\/canfali.com\/ca-es\/el-turismo-de-la-comunitat-valenciana-consolida-su-liderazgo-y-los-buenos-resultados\/","og_site_name":"Canfali","article_publisher":"https:\/\/es-es.facebook.com\/CANFALIMarinaAlta","article_published_time":"2026-01-23T13:14:58+00:00","article_modified_time":"2026-01-23T13:16:57+00:00","og_image":[{"width":2560,"height":1707,"url":"https:\/\/canfali.com\/app\/uploads\/2026\/01\/8resultados3-1-scaled.jpg","type":"image\/jpeg"}],"author":"Lluis","twitter_card":"summary_large_image","twitter_creator":"@canfalima","twitter_site":"@canfalima","twitter_misc":{"Written by":"Lluis","Est. reading time":"3 minutes"},"schema":{"@context":"https:\/\/schema.org","@graph":[{"@type":"NewsArticle","@id":"https:\/\/canfali.com\/ca-es\/el-turismo-de-la-comunitat-valenciana-consolida-su-liderazgo-y-los-buenos-resultados\/#article","isPartOf":{"@id":"https:\/\/canfali.com\/ca-es\/el-turismo-de-la-comunitat-valenciana-consolida-su-liderazgo-y-los-buenos-resultados\/"},"author":{"name":"Lluis","@id":"https:\/\/canfali.com\/ca-es\/#\/schema\/person\/f540a86fb33e10daaae53c59ceaa1194"},"headline":"El turismo de la Comunitat Valenciana consolida su liderazgo y los buenos resultados","datePublished":"2026-01-23T13:14:58+00:00","dateModified":"2026-01-23T13:16:57+00:00","mainEntityOfPage":{"@id":"https:\/\/canfali.com\/ca-es\/el-turismo-de-la-comunitat-valenciana-consolida-su-liderazgo-y-los-buenos-resultados\/"},"wordCount":407,"publisher":{"@id":"https:\/\/canfali.com\/ca-es\/#organization"},"image":{"@id":"https:\/\/canfali.com\/ca-es\/el-turismo-de-la-comunitat-valenciana-consolida-su-liderazgo-y-los-buenos-resultados\/#primaryimage"},"thumbnailUrl":"https:\/\/canfali.com\/app\/uploads\/2026\/01\/8resultados3-1-scaled.jpg","articleSection":["Turisme"],"inLanguage":"va-ES","copyrightYear":"2026","copyrightHolder":{"@id":"https:\/\/canfali.com\/#organization"}},{"@type":"WebPage","@id":"https:\/\/canfali.com\/ca-es\/el-turismo-de-la-comunitat-valenciana-consolida-su-liderazgo-y-los-buenos-resultados\/","url":"https:\/\/canfali.com\/ca-es\/el-turismo-de-la-comunitat-valenciana-consolida-su-liderazgo-y-los-buenos-resultados\/","name":"El turismo de la Comunitat Valenciana consolida su liderazgo y los buenos resultados - Canfali","isPartOf":{"@id":"https:\/\/canfali.com\/ca-es\/#website"},"primaryImageOfPage":{"@id":"https:\/\/canfali.com\/ca-es\/el-turismo-de-la-comunitat-valenciana-consolida-su-liderazgo-y-los-buenos-resultados\/#primaryimage"},"image":{"@id":"https:\/\/canfali.com\/ca-es\/el-turismo-de-la-comunitat-valenciana-consolida-su-liderazgo-y-los-buenos-resultados\/#primaryimage"},"thumbnailUrl":"https:\/\/canfali.com\/app\/uploads\/2026\/01\/8resultados3-1-scaled.jpg","datePublished":"2026-01-23T13:14:58+00:00","dateModified":"2026-01-23T13:16:57+00:00","description":"La Comunitat Valenciana ha consolidado en 2025 su recuperaci\u00f3n tur\u00edstica y avanza hacia una fase de estabilidad estructural","breadcrumb":{"@id":"https:\/\/canfali.com\/ca-es\/el-turismo-de-la-comunitat-valenciana-consolida-su-liderazgo-y-los-buenos-resultados\/#breadcrumb"},"inLanguage":"va-ES","potentialAction":[{"@type":"ReadAction","target":["https:\/\/canfali.com\/ca-es\/el-turismo-de-la-comunitat-valenciana-consolida-su-liderazgo-y-los-buenos-resultados\/"]}]},{"@type":"ImageObject","inLanguage":"va-ES","@id":"https:\/\/canfali.com\/ca-es\/el-turismo-de-la-comunitat-valenciana-consolida-su-liderazgo-y-los-buenos-resultados\/#primaryimage","url":"https:\/\/canfali.com\/app\/uploads\/2026\/01\/8resultados3-1-scaled.jpg","contentUrl":"https:\/\/canfali.com\/app\/uploads\/2026\/01\/8resultados3-1-scaled.jpg","width":2560,"height":1707},{"@type":"BreadcrumbList","@id":"https:\/\/canfali.com\/ca-es\/el-turismo-de-la-comunitat-valenciana-consolida-su-liderazgo-y-los-buenos-resultados\/#breadcrumb","itemListElement":[{"@type":"ListItem","position":1,"name":"Portada","item":"https:\/\/canfali.com\/ca-es\/"},{"@type":"ListItem","position":2,"name":"El turismo de la Comunitat Valenciana consolida su liderazgo y los buenos resultados"}]},{"@type":"WebSite","@id":"https:\/\/canfali.com\/ca-es\/#website","url":"https:\/\/canfali.com\/ca-es\/","name":"Canfali","description":"","publisher":{"@id":"https:\/\/canfali.com\/ca-es\/#organization"},"potentialAction":[{"@type":"SearchAction","target":{"@type":"EntryPoint","urlTemplate":"https:\/\/canfali.com\/ca-es\/?s={search_term_string}"},"query-input":{"@type":"PropertyValueSpecification","valueRequired":true,"valueName":"search_term_string"}}],"inLanguage":"va-ES"},{"@type":"Organization","@id":"https:\/\/canfali.com\/ca-es\/#organization","name":"Canfali","url":"https:\/\/canfali.com\/ca-es\/","logo":{"@type":"ImageObject","inLanguage":"va-ES","@id":"https:\/\/canfali.com\/ca-es\/#\/schema\/logo\/image\/","url":"https:\/\/canfali.com\/app\/uploads\/2025\/12\/canfali_marina_alta_logo.png","contentUrl":"https:\/\/canfali.com\/app\/uploads\/2025\/12\/canfali_marina_alta_logo.png","width":225,"height":225,"caption":"Canfali"},"image":{"@id":"https:\/\/canfali.com\/ca-es\/#\/schema\/logo\/image\/"},"sameAs":["https:\/\/es-es.facebook.com\/CANFALIMarinaAlta","https:\/\/x.com\/canfalima","https:\/\/www.instagram.com\/canfalimarinaalta\/"]},{"@type":"Person","@id":"https:\/\/canfali.com\/ca-es\/#\/schema\/person\/f540a86fb33e10daaae53c59ceaa1194","name":"Lluis","image":{"@type":"ImageObject","inLanguage":"va-ES","@id":"https:\/\/secure.gravatar.com\/avatar\/a21ec8835290e4e02ed0886b8cb327d807d0eb6ec8ccf25d4c2a0a415f506c0d?s=96&d=mm&r=g","url":"https:\/\/secure.gravatar.com\/avatar\/a21ec8835290e4e02ed0886b8cb327d807d0eb6ec8ccf25d4c2a0a415f506c0d?s=96&d=mm&r=g","contentUrl":"https:\/\/secure.gravatar.com\/avatar\/a21ec8835290e4e02ed0886b8cb327d807d0eb6ec8ccf25d4c2a0a415f506c0d?s=96&d=mm&r=g","caption":"Lluis"},"url":"https:\/\/canfali.com\/ca-es\/author\/lluis\/"}]}},"_links":{"self":[{"href":"https:\/\/canfali.com\/ca-es\/wp-json\/wp\/v2\/posts\/87229","targetHints":{"allow":["GET"]}}],"collection":[{"href":"https:\/\/canfali.com\/ca-es\/wp-json\/wp\/v2\/posts"}],"about":[{"href":"https:\/\/canfali.com\/ca-es\/wp-json\/wp\/v2\/types\/post"}],"author":[{"embeddable":true,"href":"https:\/\/canfali.com\/ca-es\/wp-json\/wp\/v2\/users\/8"}],"replies":[{"embeddable":true,"href":"https:\/\/canfali.com\/ca-es\/wp-json\/wp\/v2\/comments?post=87229"}],"version-history":[{"count":2,"href":"https:\/\/canfali.com\/ca-es\/wp-json\/wp\/v2\/posts\/87229\/revisions"}],"predecessor-version":[{"id":87238,"href":"https:\/\/canfali.com\/ca-es\/wp-json\/wp\/v2\/posts\/87229\/revisions\/87238"}],"wp:featuredmedia":[{"embeddable":true,"href":"https:\/\/canfali.com\/ca-es\/wp-json\/wp\/v2\/media\/87230"}],"wp:attachment":[{"href":"https:\/\/canfali.com\/ca-es\/wp-json\/wp\/v2\/media?parent=87229"}],"wp:term":[{"taxonomy":"category","embeddable":true,"href":"https:\/\/canfali.com\/ca-es\/wp-json\/wp\/v2\/categories?post=87229"},{"taxonomy":"post_tag","embeddable":true,"href":"https:\/\/canfali.com\/ca-es\/wp-json\/wp\/v2\/tags?post=87229"}],"curies":[{"name":"wp","href":"https:\/\/api.w.org\/{rel}","templated":true}]}}