{"id":87199,"date":"2026-01-23T12:06:09","date_gmt":"2026-01-23T11:06:09","guid":{"rendered":"https:\/\/canfali.com\/gabriel-martinez-destaca-el-paper-de-les-marines-com-a-motor-del-turisme-nautic\/"},"modified":"2026-01-23T12:10:34","modified_gmt":"2026-01-23T11:10:34","slug":"gabriel-martinez-destaca-el-paper-de-les-marines-com-a-motor-del-turisme-nautic","status":"publish","type":"post","link":"https:\/\/canfali.com\/ca-es\/gabriel-martinez-destaca-el-paper-de-les-marines-com-a-motor-del-turisme-nautic\/","title":{"rendered":"Gabriel Mart\u00ednez destaca el paper de les marines com a motor del turisme n\u00e0utic"},"content":{"rendered":"\n<p><p class=\"p1\">L\u2019Agrupaci\u00f3 de Ports Esportius i Tur\u00edstics de la Comunitat Valenciana, <b>Marinas Comunitat Valenciana<\/b>, participa un any m\u00e9s en la <b>Fira Internacional de Turisme (FITUR)<\/b>, integrada en l\u2019estand de <b>Turisme Comunitat Valenciana<\/b>, on desenvolupa una intensa agenda de reunions professionals orientades a la promoci\u00f3 del turisme n\u00e0utic.<\/p><\/p>\n\n<figure class=\"wp-block-image size-large\"><img decoding=\"async\" src=\"https:\/\/canfali.com\/app\/uploads\/2026\/01\/8marinadenia2-copia-1024x778.jpeg.webp\" alt=\"\" class=\"wp-image-87189\"\/><\/figure>\n\n<p><p class=\"p1\">L\u2019entitat compta amb pres\u00e8ncia a la zona habilitada per a trobades de treball, un espai clau per a l\u2019intercanvi entre destinacions, empreses i institucions del sector. Durant la seua participaci\u00f3 en la fira, el president de Marinas Comunitat Valenciana, <b>Gabriel Mart\u00ednez<\/b>, ha subratllat que \u201c<i>els ports esportius compleixen una funci\u00f3 complement\u00e0ria essencial dins del model tur\u00edstic de la Comunitat Valenciana, amb un pes cada vegada m\u00e9s rellevant en l\u2019atracci\u00f3 d\u2019un turisme de qualitat<\/i>\u201d.<\/p><\/p>\n\n<figure class=\"wp-block-image size-large\"><img decoding=\"async\" src=\"https:\/\/canfali.com\/app\/uploads\/2026\/01\/8marinadenia3-1024x675.jpeg.webp\" alt=\"\" class=\"wp-image-87196\"\/><\/figure>\n\n<p>Mart\u00ednez ha destacat el proc\u00e9s de reobertura i modernitzaci\u00f3 de diverses marines valencianes, amb infraestructures de nova generaci\u00f3 que milloren els serveis al visitant i reforcen el posicionament del dest\u00ed a la Mediterr\u00e0nia. Aix\u00ed mateix, ha posat el focus en el creixement del turisme n\u00e0utic internacional, especialment d\u2019origen europeu, i en l\u2019impacte econ\u00f2mic i laboral que genera el sector.&#13;\n<\/p>\n\n<figure class=\"wp-block-image size-large\"><img decoding=\"async\" src=\"https:\/\/canfali.com\/app\/uploads\/2026\/01\/8marinadenia24-1-1024x768.jpg.webp\" alt=\"\" class=\"wp-image-87191\"\/><\/figure>\n\n<p>La pres\u00e8ncia a FITUR permet a Marinas Comunitat Valenciana refor\u00e7ar la seua visibilitat institucional i traslladar el potencial estrat\u00e8gic de la xarxa de ports esportius valencians dins del model tur\u00edstic auton\u00f2mic.&#13;\n<\/p>\n\n<figure class=\"wp-block-image size-large\"><img decoding=\"async\" src=\"https:\/\/canfali.com\/app\/uploads\/2026\/01\/8marinadenia23-1-1024x768.jpg.webp\" alt=\"\" class=\"wp-image-87193\"\/><\/figure>\n\n<p><p class=\"p1\"><b>Sobre Marinas Comunitat Valenciana<\/b>&#13;\nMarinas Comunitat Valenciana agrupa <b>16 ports esportius<\/b> de la Comunitat, que generen <b>m\u00e9s de 2.000 llocs de treball<\/b> a trav\u00e9s d\u2019unes <b>400 empreses<\/b>, promovent un model basat en la sostenibilitat, l\u2019ocupaci\u00f3 i el turisme n\u00e0utic.<\/p><\/p>\n","protected":false},"excerpt":{"rendered":"L\u2019Agrupaci\u00f3 de Ports Esportius i Tur\u00edstics de la Comunitat Valenciana, Marinas Comunitat Valenciana, participa un any m\u00e9s en&hellip;","protected":false},"author":8,"featured_media":87187,"comment_status":"closed","ping_status":"closed","sticky":false,"template":"","format":"standard","meta":{"csco_display_header_overlay":false,"csco_singular_sidebar":"","csco_page_header_type":"","csco_page_load_nextpost":"","csco_post_video_location":[],"csco_post_video_location_hash":"","csco_post_video_url":"","csco_post_video_bg_start_time":0,"csco_post_video_bg_end_time":0,"footnotes":""},"categories":[4551],"tags":[],"class_list":{"0":"post-87199","1":"post","2":"type-post","3":"status-publish","4":"format-standard","5":"has-post-thumbnail","7":"category-turisme","8":"cs-entry","9":"cs-video-wrap"},"yoast_head":"<!-- This site is optimized with the Yoast SEO Premium plugin v26.6 (Yoast SEO v27.3) - https:\/\/yoast.com\/product\/yoast-seo-premium-wordpress\/ -->\n<title>Gabriel Mart\u00ednez destaca el paper de les marines com a motor del turisme n\u00e0utic - Canfali<\/title>\n<meta name=\"description\" content=\"L&#039;agrupaci\u00f3 valenciana de Ports Esportius i Marines assisteix un any m\u00e9s a Fitur.\" \/>\n<meta name=\"robots\" content=\"index, follow, max-snippet:-1, max-image-preview:large, max-video-preview:-1\" \/>\n<link rel=\"canonical\" href=\"https:\/\/canfali.com\/ca-es\/gabriel-martinez-destaca-el-paper-de-les-marines-com-a-motor-del-turisme-nautic\/\" \/>\n<meta property=\"og:locale\" content=\"en_US\" \/>\n<meta property=\"og:type\" content=\"article\" \/>\n<meta property=\"og:title\" content=\"Gabriel Mart\u00ednez destaca el paper de les marines com a motor del turisme n\u00e0utic\" \/>\n<meta property=\"og:description\" content=\"L&#039;agrupaci\u00f3 valenciana de Ports Esportius i Marines assisteix un any m\u00e9s a Fitur.\" \/>\n<meta property=\"og:url\" content=\"https:\/\/canfali.com\/ca-es\/gabriel-martinez-destaca-el-paper-de-les-marines-com-a-motor-del-turisme-nautic\/\" \/>\n<meta property=\"og:site_name\" content=\"Canfali\" \/>\n<meta property=\"article:publisher\" content=\"https:\/\/es-es.facebook.com\/CANFALIMarinaAlta\" \/>\n<meta property=\"article:published_time\" content=\"2026-01-23T11:06:09+00:00\" \/>\n<meta property=\"article:modified_time\" content=\"2026-01-23T11:10:34+00:00\" \/>\n<meta property=\"og:image\" content=\"https:\/\/canfali.com\/app\/uploads\/2026\/01\/8marinadenia1-scaled.jpeg\" \/>\n\t<meta property=\"og:image:width\" content=\"2560\" \/>\n\t<meta property=\"og:image:height\" content=\"1920\" \/>\n\t<meta property=\"og:image:type\" content=\"image\/jpeg\" \/>\n<meta name=\"author\" content=\"Lluis\" \/>\n<meta name=\"twitter:card\" content=\"summary_large_image\" \/>\n<meta name=\"twitter:creator\" content=\"@canfalima\" \/>\n<meta name=\"twitter:site\" content=\"@canfalima\" \/>\n<meta name=\"twitter:label1\" content=\"Written by\" \/>\n\t<meta name=\"twitter:data1\" content=\"Lluis\" \/>\n\t<meta name=\"twitter:label2\" content=\"Est. reading time\" \/>\n\t<meta name=\"twitter:data2\" content=\"1 minute\" \/>\n<script type=\"application\/ld+json\" class=\"yoast-schema-graph\">{\"@context\":\"https:\\\/\\\/schema.org\",\"@graph\":[{\"@type\":\"NewsArticle\",\"@id\":\"https:\\\/\\\/canfali.com\\\/ca-es\\\/gabriel-martinez-destaca-el-paper-de-les-marines-com-a-motor-del-turisme-nautic\\\/#article\",\"isPartOf\":{\"@id\":\"https:\\\/\\\/canfali.com\\\/ca-es\\\/gabriel-martinez-destaca-el-paper-de-les-marines-com-a-motor-del-turisme-nautic\\\/\"},\"author\":{\"name\":\"Lluis\",\"@id\":\"https:\\\/\\\/canfali.com\\\/ca-es\\\/#\\\/schema\\\/person\\\/f540a86fb33e10daaae53c59ceaa1194\"},\"headline\":\"Gabriel Mart\u00ednez destaca el paper de les marines com a motor del turisme n\u00e0utic\",\"datePublished\":\"2026-01-23T11:06:09+00:00\",\"dateModified\":\"2026-01-23T11:10:34+00:00\",\"mainEntityOfPage\":{\"@id\":\"https:\\\/\\\/canfali.com\\\/ca-es\\\/gabriel-martinez-destaca-el-paper-de-les-marines-com-a-motor-del-turisme-nautic\\\/\"},\"wordCount\":292,\"publisher\":{\"@id\":\"https:\\\/\\\/canfali.com\\\/ca-es\\\/#organization\"},\"image\":{\"@id\":\"https:\\\/\\\/canfali.com\\\/ca-es\\\/gabriel-martinez-destaca-el-paper-de-les-marines-com-a-motor-del-turisme-nautic\\\/#primaryimage\"},\"thumbnailUrl\":\"https:\\\/\\\/canfali.com\\\/app\\\/uploads\\\/2026\\\/01\\\/8marinadenia1-scaled.jpeg\",\"articleSection\":[\"Turisme\"],\"inLanguage\":\"va-ES\",\"copyrightYear\":\"2026\",\"copyrightHolder\":{\"@id\":\"https:\\\/\\\/canfali.com\\\/#organization\"}},{\"@type\":\"WebPage\",\"@id\":\"https:\\\/\\\/canfali.com\\\/ca-es\\\/gabriel-martinez-destaca-el-paper-de-les-marines-com-a-motor-del-turisme-nautic\\\/\",\"url\":\"https:\\\/\\\/canfali.com\\\/ca-es\\\/gabriel-martinez-destaca-el-paper-de-les-marines-com-a-motor-del-turisme-nautic\\\/\",\"name\":\"Gabriel Mart\u00ednez destaca el paper de les marines com a motor del turisme n\u00e0utic - Canfali\",\"isPartOf\":{\"@id\":\"https:\\\/\\\/canfali.com\\\/ca-es\\\/#website\"},\"primaryImageOfPage\":{\"@id\":\"https:\\\/\\\/canfali.com\\\/ca-es\\\/gabriel-martinez-destaca-el-paper-de-les-marines-com-a-motor-del-turisme-nautic\\\/#primaryimage\"},\"image\":{\"@id\":\"https:\\\/\\\/canfali.com\\\/ca-es\\\/gabriel-martinez-destaca-el-paper-de-les-marines-com-a-motor-del-turisme-nautic\\\/#primaryimage\"},\"thumbnailUrl\":\"https:\\\/\\\/canfali.com\\\/app\\\/uploads\\\/2026\\\/01\\\/8marinadenia1-scaled.jpeg\",\"datePublished\":\"2026-01-23T11:06:09+00:00\",\"dateModified\":\"2026-01-23T11:10:34+00:00\",\"description\":\"L'agrupaci\u00f3 valenciana de Ports Esportius i Marines assisteix un any m\u00e9s a Fitur.\",\"breadcrumb\":{\"@id\":\"https:\\\/\\\/canfali.com\\\/ca-es\\\/gabriel-martinez-destaca-el-paper-de-les-marines-com-a-motor-del-turisme-nautic\\\/#breadcrumb\"},\"inLanguage\":\"va-ES\",\"potentialAction\":[{\"@type\":\"ReadAction\",\"target\":[\"https:\\\/\\\/canfali.com\\\/ca-es\\\/gabriel-martinez-destaca-el-paper-de-les-marines-com-a-motor-del-turisme-nautic\\\/\"]}]},{\"@type\":\"ImageObject\",\"inLanguage\":\"va-ES\",\"@id\":\"https:\\\/\\\/canfali.com\\\/ca-es\\\/gabriel-martinez-destaca-el-paper-de-les-marines-com-a-motor-del-turisme-nautic\\\/#primaryimage\",\"url\":\"https:\\\/\\\/canfali.com\\\/app\\\/uploads\\\/2026\\\/01\\\/8marinadenia1-scaled.jpeg\",\"contentUrl\":\"https:\\\/\\\/canfali.com\\\/app\\\/uploads\\\/2026\\\/01\\\/8marinadenia1-scaled.jpeg\",\"width\":2560,\"height\":1920},{\"@type\":\"BreadcrumbList\",\"@id\":\"https:\\\/\\\/canfali.com\\\/ca-es\\\/gabriel-martinez-destaca-el-paper-de-les-marines-com-a-motor-del-turisme-nautic\\\/#breadcrumb\",\"itemListElement\":[{\"@type\":\"ListItem\",\"position\":1,\"name\":\"Portada\",\"item\":\"https:\\\/\\\/canfali.com\\\/ca-es\\\/\"},{\"@type\":\"ListItem\",\"position\":2,\"name\":\"Gabriel Mart\u00ednez destaca el paper de les marines com a motor del turisme n\u00e0utic\"}]},{\"@type\":\"WebSite\",\"@id\":\"https:\\\/\\\/canfali.com\\\/ca-es\\\/#website\",\"url\":\"https:\\\/\\\/canfali.com\\\/ca-es\\\/\",\"name\":\"Canfali\",\"description\":\"\",\"publisher\":{\"@id\":\"https:\\\/\\\/canfali.com\\\/ca-es\\\/#organization\"},\"potentialAction\":[{\"@type\":\"SearchAction\",\"target\":{\"@type\":\"EntryPoint\",\"urlTemplate\":\"https:\\\/\\\/canfali.com\\\/ca-es\\\/?s={search_term_string}\"},\"query-input\":{\"@type\":\"PropertyValueSpecification\",\"valueRequired\":true,\"valueName\":\"search_term_string\"}}],\"inLanguage\":\"va-ES\"},{\"@type\":\"Organization\",\"@id\":\"https:\\\/\\\/canfali.com\\\/ca-es\\\/#organization\",\"name\":\"Canfali\",\"url\":\"https:\\\/\\\/canfali.com\\\/ca-es\\\/\",\"logo\":{\"@type\":\"ImageObject\",\"inLanguage\":\"va-ES\",\"@id\":\"https:\\\/\\\/canfali.com\\\/ca-es\\\/#\\\/schema\\\/logo\\\/image\\\/\",\"url\":\"https:\\\/\\\/canfali.com\\\/app\\\/uploads\\\/2025\\\/12\\\/canfali_marina_alta_logo.png\",\"contentUrl\":\"https:\\\/\\\/canfali.com\\\/app\\\/uploads\\\/2025\\\/12\\\/canfali_marina_alta_logo.png\",\"width\":225,\"height\":225,\"caption\":\"Canfali\"},\"image\":{\"@id\":\"https:\\\/\\\/canfali.com\\\/ca-es\\\/#\\\/schema\\\/logo\\\/image\\\/\"},\"sameAs\":[\"https:\\\/\\\/es-es.facebook.com\\\/CANFALIMarinaAlta\",\"https:\\\/\\\/x.com\\\/canfalima\",\"https:\\\/\\\/www.instagram.com\\\/canfalimarinaalta\\\/\"]},{\"@type\":\"Person\",\"@id\":\"https:\\\/\\\/canfali.com\\\/ca-es\\\/#\\\/schema\\\/person\\\/f540a86fb33e10daaae53c59ceaa1194\",\"name\":\"Lluis\",\"image\":{\"@type\":\"ImageObject\",\"inLanguage\":\"va-ES\",\"@id\":\"https:\\\/\\\/secure.gravatar.com\\\/avatar\\\/a21ec8835290e4e02ed0886b8cb327d807d0eb6ec8ccf25d4c2a0a415f506c0d?s=96&d=mm&r=g\",\"url\":\"https:\\\/\\\/secure.gravatar.com\\\/avatar\\\/a21ec8835290e4e02ed0886b8cb327d807d0eb6ec8ccf25d4c2a0a415f506c0d?s=96&d=mm&r=g\",\"contentUrl\":\"https:\\\/\\\/secure.gravatar.com\\\/avatar\\\/a21ec8835290e4e02ed0886b8cb327d807d0eb6ec8ccf25d4c2a0a415f506c0d?s=96&d=mm&r=g\",\"caption\":\"Lluis\"},\"url\":\"https:\\\/\\\/canfali.com\\\/ca-es\\\/author\\\/lluis\\\/\"}]}<\/script>\n<!-- \/ Yoast SEO Premium plugin. -->","yoast_head_json":{"title":"Gabriel Mart\u00ednez destaca el paper de les marines com a motor del turisme n\u00e0utic - Canfali","description":"L'agrupaci\u00f3 valenciana de Ports Esportius i Marines assisteix un any m\u00e9s a Fitur.","robots":{"index":"index","follow":"follow","max-snippet":"max-snippet:-1","max-image-preview":"max-image-preview:large","max-video-preview":"max-video-preview:-1"},"canonical":"https:\/\/canfali.com\/ca-es\/gabriel-martinez-destaca-el-paper-de-les-marines-com-a-motor-del-turisme-nautic\/","og_locale":"en_US","og_type":"article","og_title":"Gabriel Mart\u00ednez destaca el paper de les marines com a motor del turisme n\u00e0utic","og_description":"L'agrupaci\u00f3 valenciana de Ports Esportius i Marines assisteix un any m\u00e9s a Fitur.","og_url":"https:\/\/canfali.com\/ca-es\/gabriel-martinez-destaca-el-paper-de-les-marines-com-a-motor-del-turisme-nautic\/","og_site_name":"Canfali","article_publisher":"https:\/\/es-es.facebook.com\/CANFALIMarinaAlta","article_published_time":"2026-01-23T11:06:09+00:00","article_modified_time":"2026-01-23T11:10:34+00:00","og_image":[{"width":2560,"height":1920,"url":"https:\/\/canfali.com\/app\/uploads\/2026\/01\/8marinadenia1-scaled.jpeg","type":"image\/jpeg"}],"author":"Lluis","twitter_card":"summary_large_image","twitter_creator":"@canfalima","twitter_site":"@canfalima","twitter_misc":{"Written by":"Lluis","Est. reading time":"1 minute"},"schema":{"@context":"https:\/\/schema.org","@graph":[{"@type":"NewsArticle","@id":"https:\/\/canfali.com\/ca-es\/gabriel-martinez-destaca-el-paper-de-les-marines-com-a-motor-del-turisme-nautic\/#article","isPartOf":{"@id":"https:\/\/canfali.com\/ca-es\/gabriel-martinez-destaca-el-paper-de-les-marines-com-a-motor-del-turisme-nautic\/"},"author":{"name":"Lluis","@id":"https:\/\/canfali.com\/ca-es\/#\/schema\/person\/f540a86fb33e10daaae53c59ceaa1194"},"headline":"Gabriel Mart\u00ednez destaca el paper de les marines com a motor del turisme n\u00e0utic","datePublished":"2026-01-23T11:06:09+00:00","dateModified":"2026-01-23T11:10:34+00:00","mainEntityOfPage":{"@id":"https:\/\/canfali.com\/ca-es\/gabriel-martinez-destaca-el-paper-de-les-marines-com-a-motor-del-turisme-nautic\/"},"wordCount":292,"publisher":{"@id":"https:\/\/canfali.com\/ca-es\/#organization"},"image":{"@id":"https:\/\/canfali.com\/ca-es\/gabriel-martinez-destaca-el-paper-de-les-marines-com-a-motor-del-turisme-nautic\/#primaryimage"},"thumbnailUrl":"https:\/\/canfali.com\/app\/uploads\/2026\/01\/8marinadenia1-scaled.jpeg","articleSection":["Turisme"],"inLanguage":"va-ES","copyrightYear":"2026","copyrightHolder":{"@id":"https:\/\/canfali.com\/#organization"}},{"@type":"WebPage","@id":"https:\/\/canfali.com\/ca-es\/gabriel-martinez-destaca-el-paper-de-les-marines-com-a-motor-del-turisme-nautic\/","url":"https:\/\/canfali.com\/ca-es\/gabriel-martinez-destaca-el-paper-de-les-marines-com-a-motor-del-turisme-nautic\/","name":"Gabriel Mart\u00ednez destaca el paper de les marines com a motor del turisme n\u00e0utic - Canfali","isPartOf":{"@id":"https:\/\/canfali.com\/ca-es\/#website"},"primaryImageOfPage":{"@id":"https:\/\/canfali.com\/ca-es\/gabriel-martinez-destaca-el-paper-de-les-marines-com-a-motor-del-turisme-nautic\/#primaryimage"},"image":{"@id":"https:\/\/canfali.com\/ca-es\/gabriel-martinez-destaca-el-paper-de-les-marines-com-a-motor-del-turisme-nautic\/#primaryimage"},"thumbnailUrl":"https:\/\/canfali.com\/app\/uploads\/2026\/01\/8marinadenia1-scaled.jpeg","datePublished":"2026-01-23T11:06:09+00:00","dateModified":"2026-01-23T11:10:34+00:00","description":"L'agrupaci\u00f3 valenciana de Ports Esportius i Marines assisteix un any m\u00e9s a Fitur.","breadcrumb":{"@id":"https:\/\/canfali.com\/ca-es\/gabriel-martinez-destaca-el-paper-de-les-marines-com-a-motor-del-turisme-nautic\/#breadcrumb"},"inLanguage":"va-ES","potentialAction":[{"@type":"ReadAction","target":["https:\/\/canfali.com\/ca-es\/gabriel-martinez-destaca-el-paper-de-les-marines-com-a-motor-del-turisme-nautic\/"]}]},{"@type":"ImageObject","inLanguage":"va-ES","@id":"https:\/\/canfali.com\/ca-es\/gabriel-martinez-destaca-el-paper-de-les-marines-com-a-motor-del-turisme-nautic\/#primaryimage","url":"https:\/\/canfali.com\/app\/uploads\/2026\/01\/8marinadenia1-scaled.jpeg","contentUrl":"https:\/\/canfali.com\/app\/uploads\/2026\/01\/8marinadenia1-scaled.jpeg","width":2560,"height":1920},{"@type":"BreadcrumbList","@id":"https:\/\/canfali.com\/ca-es\/gabriel-martinez-destaca-el-paper-de-les-marines-com-a-motor-del-turisme-nautic\/#breadcrumb","itemListElement":[{"@type":"ListItem","position":1,"name":"Portada","item":"https:\/\/canfali.com\/ca-es\/"},{"@type":"ListItem","position":2,"name":"Gabriel Mart\u00ednez destaca el paper de les marines com a motor del turisme n\u00e0utic"}]},{"@type":"WebSite","@id":"https:\/\/canfali.com\/ca-es\/#website","url":"https:\/\/canfali.com\/ca-es\/","name":"Canfali","description":"","publisher":{"@id":"https:\/\/canfali.com\/ca-es\/#organization"},"potentialAction":[{"@type":"SearchAction","target":{"@type":"EntryPoint","urlTemplate":"https:\/\/canfali.com\/ca-es\/?s={search_term_string}"},"query-input":{"@type":"PropertyValueSpecification","valueRequired":true,"valueName":"search_term_string"}}],"inLanguage":"va-ES"},{"@type":"Organization","@id":"https:\/\/canfali.com\/ca-es\/#organization","name":"Canfali","url":"https:\/\/canfali.com\/ca-es\/","logo":{"@type":"ImageObject","inLanguage":"va-ES","@id":"https:\/\/canfali.com\/ca-es\/#\/schema\/logo\/image\/","url":"https:\/\/canfali.com\/app\/uploads\/2025\/12\/canfali_marina_alta_logo.png","contentUrl":"https:\/\/canfali.com\/app\/uploads\/2025\/12\/canfali_marina_alta_logo.png","width":225,"height":225,"caption":"Canfali"},"image":{"@id":"https:\/\/canfali.com\/ca-es\/#\/schema\/logo\/image\/"},"sameAs":["https:\/\/es-es.facebook.com\/CANFALIMarinaAlta","https:\/\/x.com\/canfalima","https:\/\/www.instagram.com\/canfalimarinaalta\/"]},{"@type":"Person","@id":"https:\/\/canfali.com\/ca-es\/#\/schema\/person\/f540a86fb33e10daaae53c59ceaa1194","name":"Lluis","image":{"@type":"ImageObject","inLanguage":"va-ES","@id":"https:\/\/secure.gravatar.com\/avatar\/a21ec8835290e4e02ed0886b8cb327d807d0eb6ec8ccf25d4c2a0a415f506c0d?s=96&d=mm&r=g","url":"https:\/\/secure.gravatar.com\/avatar\/a21ec8835290e4e02ed0886b8cb327d807d0eb6ec8ccf25d4c2a0a415f506c0d?s=96&d=mm&r=g","contentUrl":"https:\/\/secure.gravatar.com\/avatar\/a21ec8835290e4e02ed0886b8cb327d807d0eb6ec8ccf25d4c2a0a415f506c0d?s=96&d=mm&r=g","caption":"Lluis"},"url":"https:\/\/canfali.com\/ca-es\/author\/lluis\/"}]}},"_links":{"self":[{"href":"https:\/\/canfali.com\/ca-es\/wp-json\/wp\/v2\/posts\/87199","targetHints":{"allow":["GET"]}}],"collection":[{"href":"https:\/\/canfali.com\/ca-es\/wp-json\/wp\/v2\/posts"}],"about":[{"href":"https:\/\/canfali.com\/ca-es\/wp-json\/wp\/v2\/types\/post"}],"author":[{"embeddable":true,"href":"https:\/\/canfali.com\/ca-es\/wp-json\/wp\/v2\/users\/8"}],"replies":[{"embeddable":true,"href":"https:\/\/canfali.com\/ca-es\/wp-json\/wp\/v2\/comments?post=87199"}],"version-history":[{"count":1,"href":"https:\/\/canfali.com\/ca-es\/wp-json\/wp\/v2\/posts\/87199\/revisions"}],"predecessor-version":[{"id":87200,"href":"https:\/\/canfali.com\/ca-es\/wp-json\/wp\/v2\/posts\/87199\/revisions\/87200"}],"wp:featuredmedia":[{"embeddable":true,"href":"https:\/\/canfali.com\/ca-es\/wp-json\/wp\/v2\/media\/87187"}],"wp:attachment":[{"href":"https:\/\/canfali.com\/ca-es\/wp-json\/wp\/v2\/media?parent=87199"}],"wp:term":[{"taxonomy":"category","embeddable":true,"href":"https:\/\/canfali.com\/ca-es\/wp-json\/wp\/v2\/categories?post=87199"},{"taxonomy":"post_tag","embeddable":true,"href":"https:\/\/canfali.com\/ca-es\/wp-json\/wp\/v2\/tags?post=87199"}],"curies":[{"name":"wp","href":"https:\/\/api.w.org\/{rel}","templated":true}]}}