{"id":87131,"date":"2026-01-22T19:54:50","date_gmt":"2026-01-22T18:54:50","guid":{"rendered":"https:\/\/canfali.com\/fitur-madrid-la-cultura-a-lalfas-del-pi-va-de-cine\/"},"modified":"2026-01-22T20:17:13","modified_gmt":"2026-01-22T19:17:13","slug":"fitur-madrid-la-cultura-a-lalfas-del-pi-va-de-cine","status":"publish","type":"post","link":"https:\/\/canfali.com\/ca-es\/fitur-madrid-la-cultura-a-lalfas-del-pi-va-de-cine\/","title":{"rendered":"FITUR Madrid: la cultura a l\u2019Alf\u00e0s del Pi va de cine"},"content":{"rendered":"\n<p>L\u2019Alf\u00e0s del Pi ha presentat a Madrid la seua ambiciosa proposta per a 2026, que situa la cultura com a eix estrat\u00e8gic de la seua promoci\u00f3 tur\u00edstica. El municipi ha declarat 2026 com a Any Cultural, una iniciativa destinada a donar visibilitat a la seua \u00e0mplia programaci\u00f3 i a les principals efem\u00e8rides del seu patrimoni cultural.<\/p>\n\n<figure class=\"wp-block-image size-large\"><img decoding=\"async\" src=\"https:\/\/canfali.com\/app\/uploads\/2026\/01\/5Q0A5820-1024x683.jpg.webp\" alt=\"\" class=\"wp-image-87113\"\/><\/figure>\n\n<p><p class=\"p1\">L\u2019alcalde, Vicente Arques, va explicar que 2026 ser\u00e0 \u201c<i>un any totalment bolcat a la cultura<\/i>\u201d, amb dotze festivals i la participaci\u00f3 activa de catorze espais culturals. Entre les celebracions destaquen el centenari de les antigues escoles nacionals, els 35 anys de la Casa de Cultura i el 15 aniversari d\u2019espais com la Vil\u00b7la Romana de l\u2019Albir, el Far o el Centre Social de l\u2019Albir.<\/p><\/p>\n\n<figure class=\"wp-block-image size-large\"><img decoding=\"async\" src=\"https:\/\/canfali.com\/app\/uploads\/2026\/01\/5Q0A5710-1024x683.jpg.webp\" alt=\"\" class=\"wp-image-87117\"\/><\/figure>\n\n<p><p class=\"p1\">Per\u00f2, per damunt de tot, destaca el <b>Festival de Cinema de l\u2019Alf\u00e0s<\/b>, que celebrar\u00e0 la <b>38a edici\u00f3 del 4 al 12 de juliol<\/b> i que, en paraules de l\u2019alcalde, \u00e9s \u201c<i>l\u2019esdeveniment de major promoci\u00f3 tur\u00edstica del municipi<\/i>\u201d. Arques va recordar, a m\u00e9s, que l\u2019Alf\u00e0s suma <b>249 edicions de celebracions culturals<\/b>, fruit de quasi quatre d\u00e8cades d\u2019aposta continuada per la cultura. L\u2019actriu <b>Vanesa Romero<\/b>, que va participar la setmana passada en la presentaci\u00f3 del festival a l\u2019Alf\u00e0s del Pi, ser\u00e0 la imatge p\u00fablica d\u2019aquest certamen.<\/p><\/p>\n\n<figure class=\"wp-block-image size-large\"><img decoding=\"async\" src=\"https:\/\/canfali.com\/app\/uploads\/2026\/01\/5Q0A5730-1024x683.jpg.webp\" alt=\"\" class=\"wp-image-87119\"\/><\/figure>\n\n<p><p class=\"p1\">\u201c<i>En 2026 arreplegarem el fruit de quaranta anys de treball cultural<\/i>\u201d, va resumir, convidant el <b>p\u00fablic<\/b> a descobrir un municipi que combina cultura, patrimoni i natura en el seu territori.<\/p><\/p>\n\n<figure class=\"wp-block-image size-large\"><img decoding=\"async\" src=\"https:\/\/canfali.com\/app\/uploads\/2026\/01\/5Q0A5742-1-1024x683.jpg.webp\" alt=\"\" class=\"wp-image-87123\"\/><\/figure>\n\n<figure class=\"wp-block-image size-large\"><img decoding=\"async\" src=\"https:\/\/canfali.com\/app\/uploads\/2026\/01\/5Q0A5684-1024x683.jpg.webp\" alt=\"\" class=\"wp-image-87126\"\/><\/figure>\n\n<figure class=\"wp-block-image size-large\"><img decoding=\"async\" src=\"https:\/\/canfali.com\/app\/uploads\/2026\/01\/5Q0A5738-1024x683.jpg.webp\" alt=\"\" class=\"wp-image-87128\"\/><\/figure>\n","protected":false},"excerpt":{"rendered":"L\u2019Alf\u00e0s del Pi ha presentat a Madrid la seua ambiciosa proposta per a 2026, que situa la cultura&hellip;","protected":false},"author":8,"featured_media":87148,"comment_status":"closed","ping_status":"closed","sticky":false,"template":"","format":"standard","meta":{"csco_display_header_overlay":false,"csco_singular_sidebar":"","csco_page_header_type":"","csco_page_load_nextpost":"","csco_post_video_location":[],"csco_post_video_location_hash":"","csco_post_video_url":"","csco_post_video_bg_start_time":0,"csco_post_video_bg_end_time":0,"footnotes":""},"categories":[579,597],"tags":[],"class_list":{"0":"post-87131","1":"post","2":"type-post","3":"status-publish","4":"format-standard","5":"has-post-thumbnail","7":"category-cultura-2","8":"category-cultura-ca-es","9":"cs-entry","10":"cs-video-wrap"},"yoast_head":"<!-- This site is optimized with the Yoast SEO Premium plugin v26.6 (Yoast SEO v27.3) - https:\/\/yoast.com\/product\/yoast-seo-premium-wordpress\/ -->\n<title>FITUR Madrid: la cultura a l\u2019Alf\u00e0s del Pi va de cine - Canfali<\/title>\n<meta name=\"description\" content=\"L\u2019Alf\u00e0s del Pi ha presentat a Madrid la seua ambiciosa proposta per a 2026, que situa la cultura com a eix de la promoci\u00f3 tur\u00edstica.\" \/>\n<meta name=\"robots\" content=\"index, follow, max-snippet:-1, max-image-preview:large, max-video-preview:-1\" \/>\n<link rel=\"canonical\" href=\"https:\/\/canfali.com\/ca-es\/fitur-madrid-la-cultura-a-lalfas-del-pi-va-de-cine\/\" \/>\n<meta property=\"og:locale\" content=\"en_US\" \/>\n<meta property=\"og:type\" content=\"article\" \/>\n<meta property=\"og:title\" content=\"FITUR Madrid: la cultura a l\u2019Alf\u00e0s del Pi va de cine\" \/>\n<meta property=\"og:description\" content=\"L\u2019Alf\u00e0s del Pi ha presentat a Madrid la seua ambiciosa proposta per a 2026, que situa la cultura com a eix de la promoci\u00f3 tur\u00edstica.\" \/>\n<meta property=\"og:url\" content=\"https:\/\/canfali.com\/ca-es\/fitur-madrid-la-cultura-a-lalfas-del-pi-va-de-cine\/\" \/>\n<meta property=\"og:site_name\" content=\"Canfali\" \/>\n<meta property=\"article:publisher\" content=\"https:\/\/es-es.facebook.com\/CANFALIMarinaAlta\" \/>\n<meta property=\"article:published_time\" content=\"2026-01-22T18:54:50+00:00\" \/>\n<meta property=\"article:modified_time\" content=\"2026-01-22T19:17:13+00:00\" \/>\n<meta property=\"og:image\" content=\"https:\/\/canfali.com\/app\/uploads\/2026\/01\/5Q0A5822-3-scaled.jpg\" \/>\n\t<meta property=\"og:image:width\" content=\"2560\" \/>\n\t<meta property=\"og:image:height\" content=\"1707\" \/>\n\t<meta property=\"og:image:type\" content=\"image\/jpeg\" \/>\n<meta name=\"author\" content=\"Lluis\" \/>\n<meta name=\"twitter:card\" content=\"summary_large_image\" \/>\n<meta name=\"twitter:creator\" content=\"@canfalima\" \/>\n<meta name=\"twitter:site\" content=\"@canfalima\" \/>\n<meta name=\"twitter:label1\" content=\"Written by\" \/>\n\t<meta name=\"twitter:data1\" content=\"Lluis\" \/>\n\t<meta name=\"twitter:label2\" content=\"Est. reading time\" \/>\n\t<meta name=\"twitter:data2\" content=\"1 minute\" \/>\n<script type=\"application\/ld+json\" class=\"yoast-schema-graph\">{\"@context\":\"https:\\\/\\\/schema.org\",\"@graph\":[{\"@type\":\"NewsArticle\",\"@id\":\"https:\\\/\\\/canfali.com\\\/ca-es\\\/fitur-madrid-la-cultura-a-lalfas-del-pi-va-de-cine\\\/#article\",\"isPartOf\":{\"@id\":\"https:\\\/\\\/canfali.com\\\/ca-es\\\/fitur-madrid-la-cultura-a-lalfas-del-pi-va-de-cine\\\/\"},\"author\":{\"name\":\"Lluis\",\"@id\":\"https:\\\/\\\/canfali.com\\\/ca-es\\\/#\\\/schema\\\/person\\\/f540a86fb33e10daaae53c59ceaa1194\"},\"headline\":\"FITUR Madrid: la cultura a l\u2019Alf\u00e0s del Pi va de cine\",\"datePublished\":\"2026-01-22T18:54:50+00:00\",\"dateModified\":\"2026-01-22T19:17:13+00:00\",\"mainEntityOfPage\":{\"@id\":\"https:\\\/\\\/canfali.com\\\/ca-es\\\/fitur-madrid-la-cultura-a-lalfas-del-pi-va-de-cine\\\/\"},\"wordCount\":264,\"publisher\":{\"@id\":\"https:\\\/\\\/canfali.com\\\/ca-es\\\/#organization\"},\"image\":{\"@id\":\"https:\\\/\\\/canfali.com\\\/ca-es\\\/fitur-madrid-la-cultura-a-lalfas-del-pi-va-de-cine\\\/#primaryimage\"},\"thumbnailUrl\":\"https:\\\/\\\/canfali.com\\\/app\\\/uploads\\\/2026\\\/01\\\/5Q0A5822-3-scaled.jpg\",\"articleSection\":[\"Cultura\",\"Cultura\"],\"inLanguage\":\"va-ES\",\"copyrightYear\":\"2026\",\"copyrightHolder\":{\"@id\":\"https:\\\/\\\/canfali.com\\\/#organization\"}},{\"@type\":\"WebPage\",\"@id\":\"https:\\\/\\\/canfali.com\\\/ca-es\\\/fitur-madrid-la-cultura-a-lalfas-del-pi-va-de-cine\\\/\",\"url\":\"https:\\\/\\\/canfali.com\\\/ca-es\\\/fitur-madrid-la-cultura-a-lalfas-del-pi-va-de-cine\\\/\",\"name\":\"FITUR Madrid: la cultura a l\u2019Alf\u00e0s del Pi va de cine - Canfali\",\"isPartOf\":{\"@id\":\"https:\\\/\\\/canfali.com\\\/ca-es\\\/#website\"},\"primaryImageOfPage\":{\"@id\":\"https:\\\/\\\/canfali.com\\\/ca-es\\\/fitur-madrid-la-cultura-a-lalfas-del-pi-va-de-cine\\\/#primaryimage\"},\"image\":{\"@id\":\"https:\\\/\\\/canfali.com\\\/ca-es\\\/fitur-madrid-la-cultura-a-lalfas-del-pi-va-de-cine\\\/#primaryimage\"},\"thumbnailUrl\":\"https:\\\/\\\/canfali.com\\\/app\\\/uploads\\\/2026\\\/01\\\/5Q0A5822-3-scaled.jpg\",\"datePublished\":\"2026-01-22T18:54:50+00:00\",\"dateModified\":\"2026-01-22T19:17:13+00:00\",\"description\":\"L\u2019Alf\u00e0s del Pi ha presentat a Madrid la seua ambiciosa proposta per a 2026, que situa la cultura com a eix de la promoci\u00f3 tur\u00edstica.\",\"breadcrumb\":{\"@id\":\"https:\\\/\\\/canfali.com\\\/ca-es\\\/fitur-madrid-la-cultura-a-lalfas-del-pi-va-de-cine\\\/#breadcrumb\"},\"inLanguage\":\"va-ES\",\"potentialAction\":[{\"@type\":\"ReadAction\",\"target\":[\"https:\\\/\\\/canfali.com\\\/ca-es\\\/fitur-madrid-la-cultura-a-lalfas-del-pi-va-de-cine\\\/\"]}]},{\"@type\":\"ImageObject\",\"inLanguage\":\"va-ES\",\"@id\":\"https:\\\/\\\/canfali.com\\\/ca-es\\\/fitur-madrid-la-cultura-a-lalfas-del-pi-va-de-cine\\\/#primaryimage\",\"url\":\"https:\\\/\\\/canfali.com\\\/app\\\/uploads\\\/2026\\\/01\\\/5Q0A5822-3-scaled.jpg\",\"contentUrl\":\"https:\\\/\\\/canfali.com\\\/app\\\/uploads\\\/2026\\\/01\\\/5Q0A5822-3-scaled.jpg\",\"width\":2560,\"height\":1707},{\"@type\":\"BreadcrumbList\",\"@id\":\"https:\\\/\\\/canfali.com\\\/ca-es\\\/fitur-madrid-la-cultura-a-lalfas-del-pi-va-de-cine\\\/#breadcrumb\",\"itemListElement\":[{\"@type\":\"ListItem\",\"position\":1,\"name\":\"Portada\",\"item\":\"https:\\\/\\\/canfali.com\\\/ca-es\\\/\"},{\"@type\":\"ListItem\",\"position\":2,\"name\":\"FITUR Madrid: la cultura a l\u2019Alf\u00e0s del Pi va de cine\"}]},{\"@type\":\"WebSite\",\"@id\":\"https:\\\/\\\/canfali.com\\\/ca-es\\\/#website\",\"url\":\"https:\\\/\\\/canfali.com\\\/ca-es\\\/\",\"name\":\"Canfali\",\"description\":\"\",\"publisher\":{\"@id\":\"https:\\\/\\\/canfali.com\\\/ca-es\\\/#organization\"},\"potentialAction\":[{\"@type\":\"SearchAction\",\"target\":{\"@type\":\"EntryPoint\",\"urlTemplate\":\"https:\\\/\\\/canfali.com\\\/ca-es\\\/?s={search_term_string}\"},\"query-input\":{\"@type\":\"PropertyValueSpecification\",\"valueRequired\":true,\"valueName\":\"search_term_string\"}}],\"inLanguage\":\"va-ES\"},{\"@type\":\"Organization\",\"@id\":\"https:\\\/\\\/canfali.com\\\/ca-es\\\/#organization\",\"name\":\"Canfali\",\"url\":\"https:\\\/\\\/canfali.com\\\/ca-es\\\/\",\"logo\":{\"@type\":\"ImageObject\",\"inLanguage\":\"va-ES\",\"@id\":\"https:\\\/\\\/canfali.com\\\/ca-es\\\/#\\\/schema\\\/logo\\\/image\\\/\",\"url\":\"https:\\\/\\\/canfali.com\\\/app\\\/uploads\\\/2025\\\/12\\\/canfali_marina_alta_logo.png\",\"contentUrl\":\"https:\\\/\\\/canfali.com\\\/app\\\/uploads\\\/2025\\\/12\\\/canfali_marina_alta_logo.png\",\"width\":225,\"height\":225,\"caption\":\"Canfali\"},\"image\":{\"@id\":\"https:\\\/\\\/canfali.com\\\/ca-es\\\/#\\\/schema\\\/logo\\\/image\\\/\"},\"sameAs\":[\"https:\\\/\\\/es-es.facebook.com\\\/CANFALIMarinaAlta\",\"https:\\\/\\\/x.com\\\/canfalima\",\"https:\\\/\\\/www.instagram.com\\\/canfalimarinaalta\\\/\"]},{\"@type\":\"Person\",\"@id\":\"https:\\\/\\\/canfali.com\\\/ca-es\\\/#\\\/schema\\\/person\\\/f540a86fb33e10daaae53c59ceaa1194\",\"name\":\"Lluis\",\"image\":{\"@type\":\"ImageObject\",\"inLanguage\":\"va-ES\",\"@id\":\"https:\\\/\\\/secure.gravatar.com\\\/avatar\\\/a21ec8835290e4e02ed0886b8cb327d807d0eb6ec8ccf25d4c2a0a415f506c0d?s=96&d=mm&r=g\",\"url\":\"https:\\\/\\\/secure.gravatar.com\\\/avatar\\\/a21ec8835290e4e02ed0886b8cb327d807d0eb6ec8ccf25d4c2a0a415f506c0d?s=96&d=mm&r=g\",\"contentUrl\":\"https:\\\/\\\/secure.gravatar.com\\\/avatar\\\/a21ec8835290e4e02ed0886b8cb327d807d0eb6ec8ccf25d4c2a0a415f506c0d?s=96&d=mm&r=g\",\"caption\":\"Lluis\"},\"url\":\"https:\\\/\\\/canfali.com\\\/ca-es\\\/author\\\/lluis\\\/\"}]}<\/script>\n<!-- \/ Yoast SEO Premium plugin. -->","yoast_head_json":{"title":"FITUR Madrid: la cultura a l\u2019Alf\u00e0s del Pi va de cine - Canfali","description":"L\u2019Alf\u00e0s del Pi ha presentat a Madrid la seua ambiciosa proposta per a 2026, que situa la cultura com a eix de la promoci\u00f3 tur\u00edstica.","robots":{"index":"index","follow":"follow","max-snippet":"max-snippet:-1","max-image-preview":"max-image-preview:large","max-video-preview":"max-video-preview:-1"},"canonical":"https:\/\/canfali.com\/ca-es\/fitur-madrid-la-cultura-a-lalfas-del-pi-va-de-cine\/","og_locale":"en_US","og_type":"article","og_title":"FITUR Madrid: la cultura a l\u2019Alf\u00e0s del Pi va de cine","og_description":"L\u2019Alf\u00e0s del Pi ha presentat a Madrid la seua ambiciosa proposta per a 2026, que situa la cultura com a eix de la promoci\u00f3 tur\u00edstica.","og_url":"https:\/\/canfali.com\/ca-es\/fitur-madrid-la-cultura-a-lalfas-del-pi-va-de-cine\/","og_site_name":"Canfali","article_publisher":"https:\/\/es-es.facebook.com\/CANFALIMarinaAlta","article_published_time":"2026-01-22T18:54:50+00:00","article_modified_time":"2026-01-22T19:17:13+00:00","og_image":[{"width":2560,"height":1707,"url":"https:\/\/canfali.com\/app\/uploads\/2026\/01\/5Q0A5822-3-scaled.jpg","type":"image\/jpeg"}],"author":"Lluis","twitter_card":"summary_large_image","twitter_creator":"@canfalima","twitter_site":"@canfalima","twitter_misc":{"Written by":"Lluis","Est. reading time":"1 minute"},"schema":{"@context":"https:\/\/schema.org","@graph":[{"@type":"NewsArticle","@id":"https:\/\/canfali.com\/ca-es\/fitur-madrid-la-cultura-a-lalfas-del-pi-va-de-cine\/#article","isPartOf":{"@id":"https:\/\/canfali.com\/ca-es\/fitur-madrid-la-cultura-a-lalfas-del-pi-va-de-cine\/"},"author":{"name":"Lluis","@id":"https:\/\/canfali.com\/ca-es\/#\/schema\/person\/f540a86fb33e10daaae53c59ceaa1194"},"headline":"FITUR Madrid: la cultura a l\u2019Alf\u00e0s del Pi va de cine","datePublished":"2026-01-22T18:54:50+00:00","dateModified":"2026-01-22T19:17:13+00:00","mainEntityOfPage":{"@id":"https:\/\/canfali.com\/ca-es\/fitur-madrid-la-cultura-a-lalfas-del-pi-va-de-cine\/"},"wordCount":264,"publisher":{"@id":"https:\/\/canfali.com\/ca-es\/#organization"},"image":{"@id":"https:\/\/canfali.com\/ca-es\/fitur-madrid-la-cultura-a-lalfas-del-pi-va-de-cine\/#primaryimage"},"thumbnailUrl":"https:\/\/canfali.com\/app\/uploads\/2026\/01\/5Q0A5822-3-scaled.jpg","articleSection":["Cultura","Cultura"],"inLanguage":"va-ES","copyrightYear":"2026","copyrightHolder":{"@id":"https:\/\/canfali.com\/#organization"}},{"@type":"WebPage","@id":"https:\/\/canfali.com\/ca-es\/fitur-madrid-la-cultura-a-lalfas-del-pi-va-de-cine\/","url":"https:\/\/canfali.com\/ca-es\/fitur-madrid-la-cultura-a-lalfas-del-pi-va-de-cine\/","name":"FITUR Madrid: la cultura a l\u2019Alf\u00e0s del Pi va de cine - Canfali","isPartOf":{"@id":"https:\/\/canfali.com\/ca-es\/#website"},"primaryImageOfPage":{"@id":"https:\/\/canfali.com\/ca-es\/fitur-madrid-la-cultura-a-lalfas-del-pi-va-de-cine\/#primaryimage"},"image":{"@id":"https:\/\/canfali.com\/ca-es\/fitur-madrid-la-cultura-a-lalfas-del-pi-va-de-cine\/#primaryimage"},"thumbnailUrl":"https:\/\/canfali.com\/app\/uploads\/2026\/01\/5Q0A5822-3-scaled.jpg","datePublished":"2026-01-22T18:54:50+00:00","dateModified":"2026-01-22T19:17:13+00:00","description":"L\u2019Alf\u00e0s del Pi ha presentat a Madrid la seua ambiciosa proposta per a 2026, que situa la cultura com a eix de la promoci\u00f3 tur\u00edstica.","breadcrumb":{"@id":"https:\/\/canfali.com\/ca-es\/fitur-madrid-la-cultura-a-lalfas-del-pi-va-de-cine\/#breadcrumb"},"inLanguage":"va-ES","potentialAction":[{"@type":"ReadAction","target":["https:\/\/canfali.com\/ca-es\/fitur-madrid-la-cultura-a-lalfas-del-pi-va-de-cine\/"]}]},{"@type":"ImageObject","inLanguage":"va-ES","@id":"https:\/\/canfali.com\/ca-es\/fitur-madrid-la-cultura-a-lalfas-del-pi-va-de-cine\/#primaryimage","url":"https:\/\/canfali.com\/app\/uploads\/2026\/01\/5Q0A5822-3-scaled.jpg","contentUrl":"https:\/\/canfali.com\/app\/uploads\/2026\/01\/5Q0A5822-3-scaled.jpg","width":2560,"height":1707},{"@type":"BreadcrumbList","@id":"https:\/\/canfali.com\/ca-es\/fitur-madrid-la-cultura-a-lalfas-del-pi-va-de-cine\/#breadcrumb","itemListElement":[{"@type":"ListItem","position":1,"name":"Portada","item":"https:\/\/canfali.com\/ca-es\/"},{"@type":"ListItem","position":2,"name":"FITUR Madrid: la cultura a l\u2019Alf\u00e0s del Pi va de cine"}]},{"@type":"WebSite","@id":"https:\/\/canfali.com\/ca-es\/#website","url":"https:\/\/canfali.com\/ca-es\/","name":"Canfali","description":"","publisher":{"@id":"https:\/\/canfali.com\/ca-es\/#organization"},"potentialAction":[{"@type":"SearchAction","target":{"@type":"EntryPoint","urlTemplate":"https:\/\/canfali.com\/ca-es\/?s={search_term_string}"},"query-input":{"@type":"PropertyValueSpecification","valueRequired":true,"valueName":"search_term_string"}}],"inLanguage":"va-ES"},{"@type":"Organization","@id":"https:\/\/canfali.com\/ca-es\/#organization","name":"Canfali","url":"https:\/\/canfali.com\/ca-es\/","logo":{"@type":"ImageObject","inLanguage":"va-ES","@id":"https:\/\/canfali.com\/ca-es\/#\/schema\/logo\/image\/","url":"https:\/\/canfali.com\/app\/uploads\/2025\/12\/canfali_marina_alta_logo.png","contentUrl":"https:\/\/canfali.com\/app\/uploads\/2025\/12\/canfali_marina_alta_logo.png","width":225,"height":225,"caption":"Canfali"},"image":{"@id":"https:\/\/canfali.com\/ca-es\/#\/schema\/logo\/image\/"},"sameAs":["https:\/\/es-es.facebook.com\/CANFALIMarinaAlta","https:\/\/x.com\/canfalima","https:\/\/www.instagram.com\/canfalimarinaalta\/"]},{"@type":"Person","@id":"https:\/\/canfali.com\/ca-es\/#\/schema\/person\/f540a86fb33e10daaae53c59ceaa1194","name":"Lluis","image":{"@type":"ImageObject","inLanguage":"va-ES","@id":"https:\/\/secure.gravatar.com\/avatar\/a21ec8835290e4e02ed0886b8cb327d807d0eb6ec8ccf25d4c2a0a415f506c0d?s=96&d=mm&r=g","url":"https:\/\/secure.gravatar.com\/avatar\/a21ec8835290e4e02ed0886b8cb327d807d0eb6ec8ccf25d4c2a0a415f506c0d?s=96&d=mm&r=g","contentUrl":"https:\/\/secure.gravatar.com\/avatar\/a21ec8835290e4e02ed0886b8cb327d807d0eb6ec8ccf25d4c2a0a415f506c0d?s=96&d=mm&r=g","caption":"Lluis"},"url":"https:\/\/canfali.com\/ca-es\/author\/lluis\/"}]}},"_links":{"self":[{"href":"https:\/\/canfali.com\/ca-es\/wp-json\/wp\/v2\/posts\/87131","targetHints":{"allow":["GET"]}}],"collection":[{"href":"https:\/\/canfali.com\/ca-es\/wp-json\/wp\/v2\/posts"}],"about":[{"href":"https:\/\/canfali.com\/ca-es\/wp-json\/wp\/v2\/types\/post"}],"author":[{"embeddable":true,"href":"https:\/\/canfali.com\/ca-es\/wp-json\/wp\/v2\/users\/8"}],"replies":[{"embeddable":true,"href":"https:\/\/canfali.com\/ca-es\/wp-json\/wp\/v2\/comments?post=87131"}],"version-history":[{"count":1,"href":"https:\/\/canfali.com\/ca-es\/wp-json\/wp\/v2\/posts\/87131\/revisions"}],"predecessor-version":[{"id":87132,"href":"https:\/\/canfali.com\/ca-es\/wp-json\/wp\/v2\/posts\/87131\/revisions\/87132"}],"wp:featuredmedia":[{"embeddable":true,"href":"https:\/\/canfali.com\/ca-es\/wp-json\/wp\/v2\/media\/87148"}],"wp:attachment":[{"href":"https:\/\/canfali.com\/ca-es\/wp-json\/wp\/v2\/media?parent=87131"}],"wp:term":[{"taxonomy":"category","embeddable":true,"href":"https:\/\/canfali.com\/ca-es\/wp-json\/wp\/v2\/categories?post=87131"},{"taxonomy":"post_tag","embeddable":true,"href":"https:\/\/canfali.com\/ca-es\/wp-json\/wp\/v2\/tags?post=87131"}],"curies":[{"name":"wp","href":"https:\/\/api.w.org\/{rel}","templated":true}]}}