{"id":87110,"date":"2026-01-22T19:52:50","date_gmt":"2026-01-22T18:52:50","guid":{"rendered":"https:\/\/canfali.com\/?p=87110"},"modified":"2026-01-22T19:52:52","modified_gmt":"2026-01-22T18:52:52","slug":"el-mig-any-de-moros-i-cristians-de-pego-investeix-a-la-fila-feixucs-com-a-capitana-2026","status":"publish","type":"post","link":"https:\/\/canfali.com\/ca-es\/el-mig-any-de-moros-i-cristians-de-pego-investeix-a-la-fila-feixucs-com-a-capitana-2026\/","title":{"rendered":"El mig any de moros i cristians de Pego investeix a la fil\u00e0 Feixucs com a capitana 2026"},"content":{"rendered":"\n<p>Els moros i cristians de Pego arrancaran l\u2019exercici fester de 2026 aquest cap de setmana amb un mig any que investir\u00e0 oficialment a la fil\u00e0 mora Feixucs com a capitana. En concret, segons el comunicat de la Junta Central, la capitania ser\u00e0 encarnada per Teo Llamb\u00edes, qui ser\u00e0 presentat dem\u00e0 divendres junt a Merxe Franqueza com a ambaixadora per la fil\u00e0 Templ\u00e0ries, en el concert de m\u00fasica festera a la seu de l\u2019Agrupaci\u00f3 Musical de Pego, on els membres de la banda estaran dirigits per Miquel Nadal. .<\/p>\n\n\n\n<p>&nbsp;&nbsp;&nbsp;&nbsp;&nbsp;&nbsp; La presentaci\u00f3 donar\u00e0 pas dissabte a la jornada central de la festa amb els tallers participatius per als m\u00e9s menuts a partir de les 11. Aquestes activitats, que abasten la pintada de cares i la formaci\u00f3 de caps d\u2019esquadra en el desfil\u00f2drom habilitat en la pla\u00e7a del Mercat, estaran amenitzades per la banda de Pego i la xaranga local Contracant, o per la barra a c\u00e0rrec de les filaes Inquisidors i Templ\u00e0ries. &nbsp;<\/p>\n\n\n\n<p>La programaci\u00f3 es reprendr\u00e0 de nou a les 19 h de la vesprada amb les entradetes de les filaes mores des de la pla\u00e7a del Mercat i les cristianes des del Pla de la Font, encap\u00e7alades respectivament per la capitana i l\u2019ambaixadora, i les posteriors arrancades.<\/p>\n","protected":false},"excerpt":{"rendered":"Els moros i cristians de Pego arrancaran l\u2019exercici fester de 2026 aquest cap de setmana amb un mig&hellip;","protected":false},"author":4,"featured_media":87115,"comment_status":"closed","ping_status":"closed","sticky":false,"template":"","format":"standard","meta":{"csco_display_header_overlay":false,"csco_singular_sidebar":"","csco_page_header_type":"","csco_page_load_nextpost":"","csco_post_video_location":[],"csco_post_video_location_hash":"","csco_post_video_url":"","csco_post_video_bg_start_time":0,"csco_post_video_bg_end_time":0,"footnotes":""},"categories":[587],"tags":[6142,6141,3029,642],"class_list":{"0":"post-87110","1":"post","2":"type-post","3":"status-publish","4":"format-standard","5":"has-post-thumbnail","7":"category-festes","8":"tag-investidura","9":"tag-mig-any","10":"tag-moros-i-cristians","11":"tag-pego-2","12":"cs-entry","13":"cs-video-wrap"},"yoast_head":"<!-- This site is optimized with the Yoast SEO Premium plugin v26.6 (Yoast SEO v27.3) - https:\/\/yoast.com\/product\/yoast-seo-premium-wordpress\/ -->\n<title>El mig any de moros i cristians de Pego investeix a la fil\u00e0 Feixucs com a capitana 2026 - Canfali<\/title>\n<meta name=\"robots\" content=\"index, follow, max-snippet:-1, max-image-preview:large, max-video-preview:-1\" \/>\n<link rel=\"canonical\" href=\"https:\/\/canfali.com\/ca-es\/el-mig-any-de-moros-i-cristians-de-pego-investeix-a-la-fila-feixucs-com-a-capitana-2026\/\" \/>\n<meta property=\"og:locale\" content=\"en_US\" \/>\n<meta property=\"og:type\" content=\"article\" \/>\n<meta property=\"og:title\" content=\"El mig any de moros i cristians de Pego investeix a la fil\u00e0 Feixucs com a capitana 2026\" \/>\n<meta property=\"og:description\" content=\"Els moros i cristians de Pego arrancaran l\u2019exercici fester de 2026 aquest cap de setmana amb un mig&hellip;\" \/>\n<meta property=\"og:url\" content=\"https:\/\/canfali.com\/ca-es\/el-mig-any-de-moros-i-cristians-de-pego-investeix-a-la-fila-feixucs-com-a-capitana-2026\/\" \/>\n<meta property=\"og:site_name\" content=\"Canfali\" \/>\n<meta property=\"article:publisher\" content=\"https:\/\/es-es.facebook.com\/CANFALIMarinaAlta\" \/>\n<meta property=\"article:published_time\" content=\"2026-01-22T18:52:50+00:00\" \/>\n<meta property=\"article:modified_time\" content=\"2026-01-22T18:52:52+00:00\" \/>\n<meta property=\"og:image\" content=\"https:\/\/canfali.com\/app\/uploads\/2026\/01\/migany-pego.jpg\" \/>\n\t<meta property=\"og:image:width\" content=\"2256\" \/>\n\t<meta property=\"og:image:height\" content=\"1496\" \/>\n\t<meta property=\"og:image:type\" content=\"image\/jpeg\" \/>\n<meta name=\"author\" content=\"JJ Mas\" \/>\n<meta name=\"twitter:card\" content=\"summary_large_image\" \/>\n<meta name=\"twitter:creator\" content=\"@canfalima\" \/>\n<meta name=\"twitter:site\" content=\"@canfalima\" \/>\n<meta name=\"twitter:label1\" content=\"Written by\" \/>\n\t<meta name=\"twitter:data1\" content=\"JJ Mas\" \/>\n\t<meta name=\"twitter:label2\" content=\"Est. reading time\" \/>\n\t<meta name=\"twitter:data2\" content=\"2 minutes\" \/>\n<script type=\"application\/ld+json\" class=\"yoast-schema-graph\">{\"@context\":\"https:\\\/\\\/schema.org\",\"@graph\":[{\"@type\":\"NewsArticle\",\"@id\":\"https:\\\/\\\/canfali.com\\\/ca-es\\\/el-mig-any-de-moros-i-cristians-de-pego-investeix-a-la-fila-feixucs-com-a-capitana-2026\\\/#article\",\"isPartOf\":{\"@id\":\"https:\\\/\\\/canfali.com\\\/ca-es\\\/el-mig-any-de-moros-i-cristians-de-pego-investeix-a-la-fila-feixucs-com-a-capitana-2026\\\/\"},\"author\":{\"name\":\"JJ Mas\",\"@id\":\"https:\\\/\\\/canfali.com\\\/ca-es\\\/#\\\/schema\\\/person\\\/d834d2d4df17cac754d3c314d4c404ef\"},\"headline\":\"El mig any de moros i cristians de Pego investeix a la fil\u00e0 Feixucs com a capitana 2026\",\"datePublished\":\"2026-01-22T18:52:50+00:00\",\"dateModified\":\"2026-01-22T18:52:52+00:00\",\"mainEntityOfPage\":{\"@id\":\"https:\\\/\\\/canfali.com\\\/ca-es\\\/el-mig-any-de-moros-i-cristians-de-pego-investeix-a-la-fila-feixucs-com-a-capitana-2026\\\/\"},\"wordCount\":240,\"publisher\":{\"@id\":\"https:\\\/\\\/canfali.com\\\/ca-es\\\/#organization\"},\"image\":{\"@id\":\"https:\\\/\\\/canfali.com\\\/ca-es\\\/el-mig-any-de-moros-i-cristians-de-pego-investeix-a-la-fila-feixucs-com-a-capitana-2026\\\/#primaryimage\"},\"thumbnailUrl\":\"https:\\\/\\\/canfali.com\\\/app\\\/uploads\\\/2026\\\/01\\\/migany-pego.jpg\",\"keywords\":[\"investidura\",\"Mig any\",\"Moros i cristians\",\"Pego\"],\"articleSection\":[\"Festes\"],\"inLanguage\":\"va-ES\",\"copyrightYear\":\"2026\",\"copyrightHolder\":{\"@id\":\"https:\\\/\\\/canfali.com\\\/#organization\"}},{\"@type\":\"WebPage\",\"@id\":\"https:\\\/\\\/canfali.com\\\/ca-es\\\/el-mig-any-de-moros-i-cristians-de-pego-investeix-a-la-fila-feixucs-com-a-capitana-2026\\\/\",\"url\":\"https:\\\/\\\/canfali.com\\\/ca-es\\\/el-mig-any-de-moros-i-cristians-de-pego-investeix-a-la-fila-feixucs-com-a-capitana-2026\\\/\",\"name\":\"El mig any de moros i cristians de Pego investeix a la fil\u00e0 Feixucs com a capitana 2026 - Canfali\",\"isPartOf\":{\"@id\":\"https:\\\/\\\/canfali.com\\\/ca-es\\\/#website\"},\"primaryImageOfPage\":{\"@id\":\"https:\\\/\\\/canfali.com\\\/ca-es\\\/el-mig-any-de-moros-i-cristians-de-pego-investeix-a-la-fila-feixucs-com-a-capitana-2026\\\/#primaryimage\"},\"image\":{\"@id\":\"https:\\\/\\\/canfali.com\\\/ca-es\\\/el-mig-any-de-moros-i-cristians-de-pego-investeix-a-la-fila-feixucs-com-a-capitana-2026\\\/#primaryimage\"},\"thumbnailUrl\":\"https:\\\/\\\/canfali.com\\\/app\\\/uploads\\\/2026\\\/01\\\/migany-pego.jpg\",\"datePublished\":\"2026-01-22T18:52:50+00:00\",\"dateModified\":\"2026-01-22T18:52:52+00:00\",\"breadcrumb\":{\"@id\":\"https:\\\/\\\/canfali.com\\\/ca-es\\\/el-mig-any-de-moros-i-cristians-de-pego-investeix-a-la-fila-feixucs-com-a-capitana-2026\\\/#breadcrumb\"},\"inLanguage\":\"va-ES\",\"potentialAction\":[{\"@type\":\"ReadAction\",\"target\":[\"https:\\\/\\\/canfali.com\\\/ca-es\\\/el-mig-any-de-moros-i-cristians-de-pego-investeix-a-la-fila-feixucs-com-a-capitana-2026\\\/\"]}]},{\"@type\":\"ImageObject\",\"inLanguage\":\"va-ES\",\"@id\":\"https:\\\/\\\/canfali.com\\\/ca-es\\\/el-mig-any-de-moros-i-cristians-de-pego-investeix-a-la-fila-feixucs-com-a-capitana-2026\\\/#primaryimage\",\"url\":\"https:\\\/\\\/canfali.com\\\/app\\\/uploads\\\/2026\\\/01\\\/migany-pego.jpg\",\"contentUrl\":\"https:\\\/\\\/canfali.com\\\/app\\\/uploads\\\/2026\\\/01\\\/migany-pego.jpg\",\"width\":2256,\"height\":1496},{\"@type\":\"BreadcrumbList\",\"@id\":\"https:\\\/\\\/canfali.com\\\/ca-es\\\/el-mig-any-de-moros-i-cristians-de-pego-investeix-a-la-fila-feixucs-com-a-capitana-2026\\\/#breadcrumb\",\"itemListElement\":[{\"@type\":\"ListItem\",\"position\":1,\"name\":\"Portada\",\"item\":\"https:\\\/\\\/canfali.com\\\/ca-es\\\/\"},{\"@type\":\"ListItem\",\"position\":2,\"name\":\"El mig any de moros i cristians de Pego investeix a la fil\u00e0 Feixucs com a capitana 2026\"}]},{\"@type\":\"WebSite\",\"@id\":\"https:\\\/\\\/canfali.com\\\/ca-es\\\/#website\",\"url\":\"https:\\\/\\\/canfali.com\\\/ca-es\\\/\",\"name\":\"Canfali\",\"description\":\"\",\"publisher\":{\"@id\":\"https:\\\/\\\/canfali.com\\\/ca-es\\\/#organization\"},\"potentialAction\":[{\"@type\":\"SearchAction\",\"target\":{\"@type\":\"EntryPoint\",\"urlTemplate\":\"https:\\\/\\\/canfali.com\\\/ca-es\\\/?s={search_term_string}\"},\"query-input\":{\"@type\":\"PropertyValueSpecification\",\"valueRequired\":true,\"valueName\":\"search_term_string\"}}],\"inLanguage\":\"va-ES\"},{\"@type\":\"Organization\",\"@id\":\"https:\\\/\\\/canfali.com\\\/ca-es\\\/#organization\",\"name\":\"Canfali\",\"url\":\"https:\\\/\\\/canfali.com\\\/ca-es\\\/\",\"logo\":{\"@type\":\"ImageObject\",\"inLanguage\":\"va-ES\",\"@id\":\"https:\\\/\\\/canfali.com\\\/ca-es\\\/#\\\/schema\\\/logo\\\/image\\\/\",\"url\":\"https:\\\/\\\/canfali.com\\\/app\\\/uploads\\\/2025\\\/12\\\/canfali_marina_alta_logo.png\",\"contentUrl\":\"https:\\\/\\\/canfali.com\\\/app\\\/uploads\\\/2025\\\/12\\\/canfali_marina_alta_logo.png\",\"width\":225,\"height\":225,\"caption\":\"Canfali\"},\"image\":{\"@id\":\"https:\\\/\\\/canfali.com\\\/ca-es\\\/#\\\/schema\\\/logo\\\/image\\\/\"},\"sameAs\":[\"https:\\\/\\\/es-es.facebook.com\\\/CANFALIMarinaAlta\",\"https:\\\/\\\/x.com\\\/canfalima\",\"https:\\\/\\\/www.instagram.com\\\/canfalimarinaalta\\\/\"]},{\"@type\":\"Person\",\"@id\":\"https:\\\/\\\/canfali.com\\\/ca-es\\\/#\\\/schema\\\/person\\\/d834d2d4df17cac754d3c314d4c404ef\",\"name\":\"JJ Mas\",\"image\":{\"@type\":\"ImageObject\",\"inLanguage\":\"va-ES\",\"@id\":\"https:\\\/\\\/secure.gravatar.com\\\/avatar\\\/65a5191f5438bf88c2394f6d1a625a6ff903c8785268e603c623a83bc15ba1ee?s=96&d=mm&r=g\",\"url\":\"https:\\\/\\\/secure.gravatar.com\\\/avatar\\\/65a5191f5438bf88c2394f6d1a625a6ff903c8785268e603c623a83bc15ba1ee?s=96&d=mm&r=g\",\"contentUrl\":\"https:\\\/\\\/secure.gravatar.com\\\/avatar\\\/65a5191f5438bf88c2394f6d1a625a6ff903c8785268e603c623a83bc15ba1ee?s=96&d=mm&r=g\",\"caption\":\"JJ Mas\"},\"url\":\"https:\\\/\\\/canfali.com\\\/ca-es\\\/author\\\/jj\\\/\"}]}<\/script>\n<!-- \/ Yoast SEO Premium plugin. -->","yoast_head_json":{"title":"El mig any de moros i cristians de Pego investeix a la fil\u00e0 Feixucs com a capitana 2026 - Canfali","robots":{"index":"index","follow":"follow","max-snippet":"max-snippet:-1","max-image-preview":"max-image-preview:large","max-video-preview":"max-video-preview:-1"},"canonical":"https:\/\/canfali.com\/ca-es\/el-mig-any-de-moros-i-cristians-de-pego-investeix-a-la-fila-feixucs-com-a-capitana-2026\/","og_locale":"en_US","og_type":"article","og_title":"El mig any de moros i cristians de Pego investeix a la fil\u00e0 Feixucs com a capitana 2026","og_description":"Els moros i cristians de Pego arrancaran l\u2019exercici fester de 2026 aquest cap de setmana amb un mig&hellip;","og_url":"https:\/\/canfali.com\/ca-es\/el-mig-any-de-moros-i-cristians-de-pego-investeix-a-la-fila-feixucs-com-a-capitana-2026\/","og_site_name":"Canfali","article_publisher":"https:\/\/es-es.facebook.com\/CANFALIMarinaAlta","article_published_time":"2026-01-22T18:52:50+00:00","article_modified_time":"2026-01-22T18:52:52+00:00","og_image":[{"width":2256,"height":1496,"url":"https:\/\/canfali.com\/app\/uploads\/2026\/01\/migany-pego.jpg","type":"image\/jpeg"}],"author":"JJ Mas","twitter_card":"summary_large_image","twitter_creator":"@canfalima","twitter_site":"@canfalima","twitter_misc":{"Written by":"JJ Mas","Est. reading time":"2 minutes"},"schema":{"@context":"https:\/\/schema.org","@graph":[{"@type":"NewsArticle","@id":"https:\/\/canfali.com\/ca-es\/el-mig-any-de-moros-i-cristians-de-pego-investeix-a-la-fila-feixucs-com-a-capitana-2026\/#article","isPartOf":{"@id":"https:\/\/canfali.com\/ca-es\/el-mig-any-de-moros-i-cristians-de-pego-investeix-a-la-fila-feixucs-com-a-capitana-2026\/"},"author":{"name":"JJ Mas","@id":"https:\/\/canfali.com\/ca-es\/#\/schema\/person\/d834d2d4df17cac754d3c314d4c404ef"},"headline":"El mig any de moros i cristians de Pego investeix a la fil\u00e0 Feixucs com a capitana 2026","datePublished":"2026-01-22T18:52:50+00:00","dateModified":"2026-01-22T18:52:52+00:00","mainEntityOfPage":{"@id":"https:\/\/canfali.com\/ca-es\/el-mig-any-de-moros-i-cristians-de-pego-investeix-a-la-fila-feixucs-com-a-capitana-2026\/"},"wordCount":240,"publisher":{"@id":"https:\/\/canfali.com\/ca-es\/#organization"},"image":{"@id":"https:\/\/canfali.com\/ca-es\/el-mig-any-de-moros-i-cristians-de-pego-investeix-a-la-fila-feixucs-com-a-capitana-2026\/#primaryimage"},"thumbnailUrl":"https:\/\/canfali.com\/app\/uploads\/2026\/01\/migany-pego.jpg","keywords":["investidura","Mig any","Moros i cristians","Pego"],"articleSection":["Festes"],"inLanguage":"va-ES","copyrightYear":"2026","copyrightHolder":{"@id":"https:\/\/canfali.com\/#organization"}},{"@type":"WebPage","@id":"https:\/\/canfali.com\/ca-es\/el-mig-any-de-moros-i-cristians-de-pego-investeix-a-la-fila-feixucs-com-a-capitana-2026\/","url":"https:\/\/canfali.com\/ca-es\/el-mig-any-de-moros-i-cristians-de-pego-investeix-a-la-fila-feixucs-com-a-capitana-2026\/","name":"El mig any de moros i cristians de Pego investeix a la fil\u00e0 Feixucs com a capitana 2026 - Canfali","isPartOf":{"@id":"https:\/\/canfali.com\/ca-es\/#website"},"primaryImageOfPage":{"@id":"https:\/\/canfali.com\/ca-es\/el-mig-any-de-moros-i-cristians-de-pego-investeix-a-la-fila-feixucs-com-a-capitana-2026\/#primaryimage"},"image":{"@id":"https:\/\/canfali.com\/ca-es\/el-mig-any-de-moros-i-cristians-de-pego-investeix-a-la-fila-feixucs-com-a-capitana-2026\/#primaryimage"},"thumbnailUrl":"https:\/\/canfali.com\/app\/uploads\/2026\/01\/migany-pego.jpg","datePublished":"2026-01-22T18:52:50+00:00","dateModified":"2026-01-22T18:52:52+00:00","breadcrumb":{"@id":"https:\/\/canfali.com\/ca-es\/el-mig-any-de-moros-i-cristians-de-pego-investeix-a-la-fila-feixucs-com-a-capitana-2026\/#breadcrumb"},"inLanguage":"va-ES","potentialAction":[{"@type":"ReadAction","target":["https:\/\/canfali.com\/ca-es\/el-mig-any-de-moros-i-cristians-de-pego-investeix-a-la-fila-feixucs-com-a-capitana-2026\/"]}]},{"@type":"ImageObject","inLanguage":"va-ES","@id":"https:\/\/canfali.com\/ca-es\/el-mig-any-de-moros-i-cristians-de-pego-investeix-a-la-fila-feixucs-com-a-capitana-2026\/#primaryimage","url":"https:\/\/canfali.com\/app\/uploads\/2026\/01\/migany-pego.jpg","contentUrl":"https:\/\/canfali.com\/app\/uploads\/2026\/01\/migany-pego.jpg","width":2256,"height":1496},{"@type":"BreadcrumbList","@id":"https:\/\/canfali.com\/ca-es\/el-mig-any-de-moros-i-cristians-de-pego-investeix-a-la-fila-feixucs-com-a-capitana-2026\/#breadcrumb","itemListElement":[{"@type":"ListItem","position":1,"name":"Portada","item":"https:\/\/canfali.com\/ca-es\/"},{"@type":"ListItem","position":2,"name":"El mig any de moros i cristians de Pego investeix a la fil\u00e0 Feixucs com a capitana 2026"}]},{"@type":"WebSite","@id":"https:\/\/canfali.com\/ca-es\/#website","url":"https:\/\/canfali.com\/ca-es\/","name":"Canfali","description":"","publisher":{"@id":"https:\/\/canfali.com\/ca-es\/#organization"},"potentialAction":[{"@type":"SearchAction","target":{"@type":"EntryPoint","urlTemplate":"https:\/\/canfali.com\/ca-es\/?s={search_term_string}"},"query-input":{"@type":"PropertyValueSpecification","valueRequired":true,"valueName":"search_term_string"}}],"inLanguage":"va-ES"},{"@type":"Organization","@id":"https:\/\/canfali.com\/ca-es\/#organization","name":"Canfali","url":"https:\/\/canfali.com\/ca-es\/","logo":{"@type":"ImageObject","inLanguage":"va-ES","@id":"https:\/\/canfali.com\/ca-es\/#\/schema\/logo\/image\/","url":"https:\/\/canfali.com\/app\/uploads\/2025\/12\/canfali_marina_alta_logo.png","contentUrl":"https:\/\/canfali.com\/app\/uploads\/2025\/12\/canfali_marina_alta_logo.png","width":225,"height":225,"caption":"Canfali"},"image":{"@id":"https:\/\/canfali.com\/ca-es\/#\/schema\/logo\/image\/"},"sameAs":["https:\/\/es-es.facebook.com\/CANFALIMarinaAlta","https:\/\/x.com\/canfalima","https:\/\/www.instagram.com\/canfalimarinaalta\/"]},{"@type":"Person","@id":"https:\/\/canfali.com\/ca-es\/#\/schema\/person\/d834d2d4df17cac754d3c314d4c404ef","name":"JJ Mas","image":{"@type":"ImageObject","inLanguage":"va-ES","@id":"https:\/\/secure.gravatar.com\/avatar\/65a5191f5438bf88c2394f6d1a625a6ff903c8785268e603c623a83bc15ba1ee?s=96&d=mm&r=g","url":"https:\/\/secure.gravatar.com\/avatar\/65a5191f5438bf88c2394f6d1a625a6ff903c8785268e603c623a83bc15ba1ee?s=96&d=mm&r=g","contentUrl":"https:\/\/secure.gravatar.com\/avatar\/65a5191f5438bf88c2394f6d1a625a6ff903c8785268e603c623a83bc15ba1ee?s=96&d=mm&r=g","caption":"JJ Mas"},"url":"https:\/\/canfali.com\/ca-es\/author\/jj\/"}]}},"_links":{"self":[{"href":"https:\/\/canfali.com\/ca-es\/wp-json\/wp\/v2\/posts\/87110","targetHints":{"allow":["GET"]}}],"collection":[{"href":"https:\/\/canfali.com\/ca-es\/wp-json\/wp\/v2\/posts"}],"about":[{"href":"https:\/\/canfali.com\/ca-es\/wp-json\/wp\/v2\/types\/post"}],"author":[{"embeddable":true,"href":"https:\/\/canfali.com\/ca-es\/wp-json\/wp\/v2\/users\/4"}],"replies":[{"embeddable":true,"href":"https:\/\/canfali.com\/ca-es\/wp-json\/wp\/v2\/comments?post=87110"}],"version-history":[{"count":1,"href":"https:\/\/canfali.com\/ca-es\/wp-json\/wp\/v2\/posts\/87110\/revisions"}],"predecessor-version":[{"id":87125,"href":"https:\/\/canfali.com\/ca-es\/wp-json\/wp\/v2\/posts\/87110\/revisions\/87125"}],"wp:featuredmedia":[{"embeddable":true,"href":"https:\/\/canfali.com\/ca-es\/wp-json\/wp\/v2\/media\/87115"}],"wp:attachment":[{"href":"https:\/\/canfali.com\/ca-es\/wp-json\/wp\/v2\/media?parent=87110"}],"wp:term":[{"taxonomy":"category","embeddable":true,"href":"https:\/\/canfali.com\/ca-es\/wp-json\/wp\/v2\/categories?post=87110"},{"taxonomy":"post_tag","embeddable":true,"href":"https:\/\/canfali.com\/ca-es\/wp-json\/wp\/v2\/tags?post=87110"}],"curies":[{"name":"wp","href":"https:\/\/api.w.org\/{rel}","templated":true}]}}