{"id":87100,"date":"2026-01-22T11:52:47","date_gmt":"2026-01-22T10:52:47","guid":{"rendered":"https:\/\/canfali.com\/jornada-sobre-etica-i-integritat-en-la-contractacio-publica\/"},"modified":"2026-01-22T11:54:44","modified_gmt":"2026-01-22T10:54:44","slug":"jornada-sobre-etica-i-integritat-en-la-contractacio-publica","status":"publish","type":"post","link":"https:\/\/canfali.com\/ca-es\/jornada-sobre-etica-i-integritat-en-la-contractacio-publica\/","title":{"rendered":"Jornada sobre \u00e8tica i integritat en la contractaci\u00f3 p\u00fablica"},"content":{"rendered":"\n<p>L&#8217;Ajuntament de Calp celebrar\u00e0 el divendres 6 de febrer la III Jornada sobre \u00c8tica i Integritat en la Contractaci\u00f3 P\u00fablica. La jornada tindr\u00e0 lloc a l&#8217;Auditori de la Casa de Cultura Jaume Pastor i Fluix\u00e0 i s&#8217;iniciar\u00e0 a les 8,30 hores. Aquesta tercera edici\u00f3 est\u00e0 dirigida principalment a personal t\u00e8cnic i responsables p\u00fablics vinculats a la gesti\u00f3 de contractes, amb l&#8217;objectiu d&#8217;oferir-los eines pr\u00e0ctiques per a refor\u00e7ar la integritat, la seguretat jur\u00eddica i el control de la despesa p\u00fablica.&#13;\n<\/p>\n\n<p>El programa combinar\u00e0 pon\u00e8ncies d&#8217;alt nivell jur\u00eddic i t\u00e8cnic amb experts de la talla de Manuel Fueyo Bros, Javier Mart\u00ednez Hell\u00edn, Beatriz Mar\u00eda Vigo, Mar\u00eda \u00c1ngeles Jare\u00f1o Leal, Gabriele Vestri, etc.<\/p>\n\n<p>\tLes inscripcions romandran obertes fins al 28 de gener a trav\u00e9s del formulari accessible mitjan\u00e7ant el codi QR incl\u00f2s en el material informatiu de la jornada. La participaci\u00f3 \u00e9s gratu\u00efta fins a completar aforament.<\/p>\n\n<p>\tLa jornada est\u00e0 organitzada per l&#8217;Ajuntament de Calp i compta amb la col\u00b7laboraci\u00f3 de la Diputaci\u00f3 Provincial d&#8217;Alacant, la Federaci\u00f3 Valenciana de Municipis i Prov\u00edncies i el Col\u00b7legi Oficial de Secretaris, Interventors i Tresorers de l&#8217;Administraci\u00f3 Local.<\/p>\n","protected":false},"excerpt":{"rendered":"L&#8217;Ajuntament de Calp celebrar\u00e0 el divendres 6 de febrer la III Jornada sobre \u00c8tica i Integritat en la&hellip;","protected":false},"author":5,"featured_media":87098,"comment_status":"closed","ping_status":"closed","sticky":false,"template":"","format":"standard","meta":{"csco_display_header_overlay":false,"csco_singular_sidebar":"","csco_page_header_type":"","csco_page_load_nextpost":"","csco_post_video_location":[],"csco_post_video_location_hash":"","csco_post_video_url":"","csco_post_video_bg_start_time":0,"csco_post_video_bg_end_time":0,"footnotes":""},"categories":[574],"tags":[],"class_list":{"0":"post-87100","1":"post","2":"type-post","3":"status-publish","4":"format-standard","5":"has-post-thumbnail","7":"category-sociedad-2","8":"cs-entry","9":"cs-video-wrap"},"yoast_head":"<!-- This site is optimized with the Yoast SEO Premium plugin v26.6 (Yoast SEO v27.3) - https:\/\/yoast.com\/product\/yoast-seo-premium-wordpress\/ -->\n<title>Jornada sobre \u00e8tica i integritat en la contractaci\u00f3 p\u00fablica - Canfali<\/title>\n<meta name=\"robots\" content=\"index, follow, max-snippet:-1, max-image-preview:large, max-video-preview:-1\" \/>\n<link rel=\"canonical\" href=\"https:\/\/canfali.com\/ca-es\/jornada-sobre-etica-i-integritat-en-la-contractacio-publica\/\" \/>\n<meta property=\"og:locale\" content=\"en_US\" \/>\n<meta property=\"og:type\" content=\"article\" \/>\n<meta property=\"og:title\" content=\"Jornada sobre \u00e8tica i integritat en la contractaci\u00f3 p\u00fablica\" \/>\n<meta property=\"og:description\" content=\"L&#8217;Ajuntament de Calp celebrar\u00e0 el divendres 6 de febrer la III Jornada sobre \u00c8tica i Integritat en la&hellip;\" \/>\n<meta property=\"og:url\" content=\"https:\/\/canfali.com\/ca-es\/jornada-sobre-etica-i-integritat-en-la-contractacio-publica\/\" \/>\n<meta property=\"og:site_name\" content=\"Canfali\" \/>\n<meta property=\"article:publisher\" content=\"https:\/\/es-es.facebook.com\/CANFALIMarinaAlta\" \/>\n<meta property=\"article:published_time\" content=\"2026-01-22T10:52:47+00:00\" \/>\n<meta property=\"article:modified_time\" content=\"2026-01-22T10:54:44+00:00\" \/>\n<meta property=\"og:image\" content=\"https:\/\/canfali.com\/app\/uploads\/2026\/01\/etica-calp.jpg\" \/>\n\t<meta property=\"og:image:width\" content=\"2048\" \/>\n\t<meta property=\"og:image:height\" content=\"1536\" \/>\n\t<meta property=\"og:image:type\" content=\"image\/jpeg\" \/>\n<meta name=\"author\" content=\"D\u00eddac\" \/>\n<meta name=\"twitter:card\" content=\"summary_large_image\" \/>\n<meta name=\"twitter:creator\" content=\"@canfalima\" \/>\n<meta name=\"twitter:site\" content=\"@canfalima\" \/>\n<meta name=\"twitter:label1\" content=\"Written by\" \/>\n\t<meta name=\"twitter:data1\" content=\"D\u00eddac\" \/>\n\t<meta name=\"twitter:label2\" content=\"Est. reading time\" \/>\n\t<meta name=\"twitter:data2\" content=\"1 minute\" \/>\n<script type=\"application\/ld+json\" class=\"yoast-schema-graph\">{\"@context\":\"https:\\\/\\\/schema.org\",\"@graph\":[{\"@type\":\"NewsArticle\",\"@id\":\"https:\\\/\\\/canfali.com\\\/ca-es\\\/jornada-sobre-etica-i-integritat-en-la-contractacio-publica\\\/#article\",\"isPartOf\":{\"@id\":\"https:\\\/\\\/canfali.com\\\/ca-es\\\/jornada-sobre-etica-i-integritat-en-la-contractacio-publica\\\/\"},\"author\":{\"name\":\"D\u00eddac\",\"@id\":\"https:\\\/\\\/canfali.com\\\/ca-es\\\/#\\\/schema\\\/person\\\/5211f51be1ed486a218e6a4f53355b6d\"},\"headline\":\"Jornada sobre \u00e8tica i integritat en la contractaci\u00f3 p\u00fablica\",\"datePublished\":\"2026-01-22T10:52:47+00:00\",\"dateModified\":\"2026-01-22T10:54:44+00:00\",\"mainEntityOfPage\":{\"@id\":\"https:\\\/\\\/canfali.com\\\/ca-es\\\/jornada-sobre-etica-i-integritat-en-la-contractacio-publica\\\/\"},\"wordCount\":219,\"publisher\":{\"@id\":\"https:\\\/\\\/canfali.com\\\/ca-es\\\/#organization\"},\"image\":{\"@id\":\"https:\\\/\\\/canfali.com\\\/ca-es\\\/jornada-sobre-etica-i-integritat-en-la-contractacio-publica\\\/#primaryimage\"},\"thumbnailUrl\":\"https:\\\/\\\/canfali.com\\\/app\\\/uploads\\\/2026\\\/01\\\/etica-calp.jpg\",\"articleSection\":[\"Sociedad\"],\"inLanguage\":\"va-ES\",\"copyrightYear\":\"2026\",\"copyrightHolder\":{\"@id\":\"https:\\\/\\\/canfali.com\\\/#organization\"}},{\"@type\":\"WebPage\",\"@id\":\"https:\\\/\\\/canfali.com\\\/ca-es\\\/jornada-sobre-etica-i-integritat-en-la-contractacio-publica\\\/\",\"url\":\"https:\\\/\\\/canfali.com\\\/ca-es\\\/jornada-sobre-etica-i-integritat-en-la-contractacio-publica\\\/\",\"name\":\"Jornada sobre \u00e8tica i integritat en la contractaci\u00f3 p\u00fablica - Canfali\",\"isPartOf\":{\"@id\":\"https:\\\/\\\/canfali.com\\\/ca-es\\\/#website\"},\"primaryImageOfPage\":{\"@id\":\"https:\\\/\\\/canfali.com\\\/ca-es\\\/jornada-sobre-etica-i-integritat-en-la-contractacio-publica\\\/#primaryimage\"},\"image\":{\"@id\":\"https:\\\/\\\/canfali.com\\\/ca-es\\\/jornada-sobre-etica-i-integritat-en-la-contractacio-publica\\\/#primaryimage\"},\"thumbnailUrl\":\"https:\\\/\\\/canfali.com\\\/app\\\/uploads\\\/2026\\\/01\\\/etica-calp.jpg\",\"datePublished\":\"2026-01-22T10:52:47+00:00\",\"dateModified\":\"2026-01-22T10:54:44+00:00\",\"breadcrumb\":{\"@id\":\"https:\\\/\\\/canfali.com\\\/ca-es\\\/jornada-sobre-etica-i-integritat-en-la-contractacio-publica\\\/#breadcrumb\"},\"inLanguage\":\"va-ES\",\"potentialAction\":[{\"@type\":\"ReadAction\",\"target\":[\"https:\\\/\\\/canfali.com\\\/ca-es\\\/jornada-sobre-etica-i-integritat-en-la-contractacio-publica\\\/\"]}]},{\"@type\":\"ImageObject\",\"inLanguage\":\"va-ES\",\"@id\":\"https:\\\/\\\/canfali.com\\\/ca-es\\\/jornada-sobre-etica-i-integritat-en-la-contractacio-publica\\\/#primaryimage\",\"url\":\"https:\\\/\\\/canfali.com\\\/app\\\/uploads\\\/2026\\\/01\\\/etica-calp.jpg\",\"contentUrl\":\"https:\\\/\\\/canfali.com\\\/app\\\/uploads\\\/2026\\\/01\\\/etica-calp.jpg\",\"width\":2048,\"height\":1536},{\"@type\":\"BreadcrumbList\",\"@id\":\"https:\\\/\\\/canfali.com\\\/ca-es\\\/jornada-sobre-etica-i-integritat-en-la-contractacio-publica\\\/#breadcrumb\",\"itemListElement\":[{\"@type\":\"ListItem\",\"position\":1,\"name\":\"Portada\",\"item\":\"https:\\\/\\\/canfali.com\\\/ca-es\\\/\"},{\"@type\":\"ListItem\",\"position\":2,\"name\":\"Jornada sobre \u00e8tica i integritat en la contractaci\u00f3 p\u00fablica\"}]},{\"@type\":\"WebSite\",\"@id\":\"https:\\\/\\\/canfali.com\\\/ca-es\\\/#website\",\"url\":\"https:\\\/\\\/canfali.com\\\/ca-es\\\/\",\"name\":\"Canfali\",\"description\":\"\",\"publisher\":{\"@id\":\"https:\\\/\\\/canfali.com\\\/ca-es\\\/#organization\"},\"potentialAction\":[{\"@type\":\"SearchAction\",\"target\":{\"@type\":\"EntryPoint\",\"urlTemplate\":\"https:\\\/\\\/canfali.com\\\/ca-es\\\/?s={search_term_string}\"},\"query-input\":{\"@type\":\"PropertyValueSpecification\",\"valueRequired\":true,\"valueName\":\"search_term_string\"}}],\"inLanguage\":\"va-ES\"},{\"@type\":\"Organization\",\"@id\":\"https:\\\/\\\/canfali.com\\\/ca-es\\\/#organization\",\"name\":\"Canfali\",\"url\":\"https:\\\/\\\/canfali.com\\\/ca-es\\\/\",\"logo\":{\"@type\":\"ImageObject\",\"inLanguage\":\"va-ES\",\"@id\":\"https:\\\/\\\/canfali.com\\\/ca-es\\\/#\\\/schema\\\/logo\\\/image\\\/\",\"url\":\"https:\\\/\\\/canfali.com\\\/app\\\/uploads\\\/2025\\\/12\\\/canfali_marina_alta_logo.png\",\"contentUrl\":\"https:\\\/\\\/canfali.com\\\/app\\\/uploads\\\/2025\\\/12\\\/canfali_marina_alta_logo.png\",\"width\":225,\"height\":225,\"caption\":\"Canfali\"},\"image\":{\"@id\":\"https:\\\/\\\/canfali.com\\\/ca-es\\\/#\\\/schema\\\/logo\\\/image\\\/\"},\"sameAs\":[\"https:\\\/\\\/es-es.facebook.com\\\/CANFALIMarinaAlta\",\"https:\\\/\\\/x.com\\\/canfalima\",\"https:\\\/\\\/www.instagram.com\\\/canfalimarinaalta\\\/\"]},{\"@type\":\"Person\",\"@id\":\"https:\\\/\\\/canfali.com\\\/ca-es\\\/#\\\/schema\\\/person\\\/5211f51be1ed486a218e6a4f53355b6d\",\"name\":\"D\u00eddac\",\"image\":{\"@type\":\"ImageObject\",\"inLanguage\":\"va-ES\",\"@id\":\"https:\\\/\\\/secure.gravatar.com\\\/avatar\\\/a68a2078c12da8a6dd6cff4f3f3f69f7eb69a2d31ac1aac4da61c3761e4557f4?s=96&d=mm&r=g\",\"url\":\"https:\\\/\\\/secure.gravatar.com\\\/avatar\\\/a68a2078c12da8a6dd6cff4f3f3f69f7eb69a2d31ac1aac4da61c3761e4557f4?s=96&d=mm&r=g\",\"contentUrl\":\"https:\\\/\\\/secure.gravatar.com\\\/avatar\\\/a68a2078c12da8a6dd6cff4f3f3f69f7eb69a2d31ac1aac4da61c3761e4557f4?s=96&d=mm&r=g\",\"caption\":\"D\u00eddac\"},\"url\":\"https:\\\/\\\/canfali.com\\\/ca-es\\\/author\\\/didac\\\/\"}]}<\/script>\n<!-- \/ Yoast SEO Premium plugin. -->","yoast_head_json":{"title":"Jornada sobre \u00e8tica i integritat en la contractaci\u00f3 p\u00fablica - Canfali","robots":{"index":"index","follow":"follow","max-snippet":"max-snippet:-1","max-image-preview":"max-image-preview:large","max-video-preview":"max-video-preview:-1"},"canonical":"https:\/\/canfali.com\/ca-es\/jornada-sobre-etica-i-integritat-en-la-contractacio-publica\/","og_locale":"en_US","og_type":"article","og_title":"Jornada sobre \u00e8tica i integritat en la contractaci\u00f3 p\u00fablica","og_description":"L&#8217;Ajuntament de Calp celebrar\u00e0 el divendres 6 de febrer la III Jornada sobre \u00c8tica i Integritat en la&hellip;","og_url":"https:\/\/canfali.com\/ca-es\/jornada-sobre-etica-i-integritat-en-la-contractacio-publica\/","og_site_name":"Canfali","article_publisher":"https:\/\/es-es.facebook.com\/CANFALIMarinaAlta","article_published_time":"2026-01-22T10:52:47+00:00","article_modified_time":"2026-01-22T10:54:44+00:00","og_image":[{"width":2048,"height":1536,"url":"https:\/\/canfali.com\/app\/uploads\/2026\/01\/etica-calp.jpg","type":"image\/jpeg"}],"author":"D\u00eddac","twitter_card":"summary_large_image","twitter_creator":"@canfalima","twitter_site":"@canfalima","twitter_misc":{"Written by":"D\u00eddac","Est. reading time":"1 minute"},"schema":{"@context":"https:\/\/schema.org","@graph":[{"@type":"NewsArticle","@id":"https:\/\/canfali.com\/ca-es\/jornada-sobre-etica-i-integritat-en-la-contractacio-publica\/#article","isPartOf":{"@id":"https:\/\/canfali.com\/ca-es\/jornada-sobre-etica-i-integritat-en-la-contractacio-publica\/"},"author":{"name":"D\u00eddac","@id":"https:\/\/canfali.com\/ca-es\/#\/schema\/person\/5211f51be1ed486a218e6a4f53355b6d"},"headline":"Jornada sobre \u00e8tica i integritat en la contractaci\u00f3 p\u00fablica","datePublished":"2026-01-22T10:52:47+00:00","dateModified":"2026-01-22T10:54:44+00:00","mainEntityOfPage":{"@id":"https:\/\/canfali.com\/ca-es\/jornada-sobre-etica-i-integritat-en-la-contractacio-publica\/"},"wordCount":219,"publisher":{"@id":"https:\/\/canfali.com\/ca-es\/#organization"},"image":{"@id":"https:\/\/canfali.com\/ca-es\/jornada-sobre-etica-i-integritat-en-la-contractacio-publica\/#primaryimage"},"thumbnailUrl":"https:\/\/canfali.com\/app\/uploads\/2026\/01\/etica-calp.jpg","articleSection":["Sociedad"],"inLanguage":"va-ES","copyrightYear":"2026","copyrightHolder":{"@id":"https:\/\/canfali.com\/#organization"}},{"@type":"WebPage","@id":"https:\/\/canfali.com\/ca-es\/jornada-sobre-etica-i-integritat-en-la-contractacio-publica\/","url":"https:\/\/canfali.com\/ca-es\/jornada-sobre-etica-i-integritat-en-la-contractacio-publica\/","name":"Jornada sobre \u00e8tica i integritat en la contractaci\u00f3 p\u00fablica - Canfali","isPartOf":{"@id":"https:\/\/canfali.com\/ca-es\/#website"},"primaryImageOfPage":{"@id":"https:\/\/canfali.com\/ca-es\/jornada-sobre-etica-i-integritat-en-la-contractacio-publica\/#primaryimage"},"image":{"@id":"https:\/\/canfali.com\/ca-es\/jornada-sobre-etica-i-integritat-en-la-contractacio-publica\/#primaryimage"},"thumbnailUrl":"https:\/\/canfali.com\/app\/uploads\/2026\/01\/etica-calp.jpg","datePublished":"2026-01-22T10:52:47+00:00","dateModified":"2026-01-22T10:54:44+00:00","breadcrumb":{"@id":"https:\/\/canfali.com\/ca-es\/jornada-sobre-etica-i-integritat-en-la-contractacio-publica\/#breadcrumb"},"inLanguage":"va-ES","potentialAction":[{"@type":"ReadAction","target":["https:\/\/canfali.com\/ca-es\/jornada-sobre-etica-i-integritat-en-la-contractacio-publica\/"]}]},{"@type":"ImageObject","inLanguage":"va-ES","@id":"https:\/\/canfali.com\/ca-es\/jornada-sobre-etica-i-integritat-en-la-contractacio-publica\/#primaryimage","url":"https:\/\/canfali.com\/app\/uploads\/2026\/01\/etica-calp.jpg","contentUrl":"https:\/\/canfali.com\/app\/uploads\/2026\/01\/etica-calp.jpg","width":2048,"height":1536},{"@type":"BreadcrumbList","@id":"https:\/\/canfali.com\/ca-es\/jornada-sobre-etica-i-integritat-en-la-contractacio-publica\/#breadcrumb","itemListElement":[{"@type":"ListItem","position":1,"name":"Portada","item":"https:\/\/canfali.com\/ca-es\/"},{"@type":"ListItem","position":2,"name":"Jornada sobre \u00e8tica i integritat en la contractaci\u00f3 p\u00fablica"}]},{"@type":"WebSite","@id":"https:\/\/canfali.com\/ca-es\/#website","url":"https:\/\/canfali.com\/ca-es\/","name":"Canfali","description":"","publisher":{"@id":"https:\/\/canfali.com\/ca-es\/#organization"},"potentialAction":[{"@type":"SearchAction","target":{"@type":"EntryPoint","urlTemplate":"https:\/\/canfali.com\/ca-es\/?s={search_term_string}"},"query-input":{"@type":"PropertyValueSpecification","valueRequired":true,"valueName":"search_term_string"}}],"inLanguage":"va-ES"},{"@type":"Organization","@id":"https:\/\/canfali.com\/ca-es\/#organization","name":"Canfali","url":"https:\/\/canfali.com\/ca-es\/","logo":{"@type":"ImageObject","inLanguage":"va-ES","@id":"https:\/\/canfali.com\/ca-es\/#\/schema\/logo\/image\/","url":"https:\/\/canfali.com\/app\/uploads\/2025\/12\/canfali_marina_alta_logo.png","contentUrl":"https:\/\/canfali.com\/app\/uploads\/2025\/12\/canfali_marina_alta_logo.png","width":225,"height":225,"caption":"Canfali"},"image":{"@id":"https:\/\/canfali.com\/ca-es\/#\/schema\/logo\/image\/"},"sameAs":["https:\/\/es-es.facebook.com\/CANFALIMarinaAlta","https:\/\/x.com\/canfalima","https:\/\/www.instagram.com\/canfalimarinaalta\/"]},{"@type":"Person","@id":"https:\/\/canfali.com\/ca-es\/#\/schema\/person\/5211f51be1ed486a218e6a4f53355b6d","name":"D\u00eddac","image":{"@type":"ImageObject","inLanguage":"va-ES","@id":"https:\/\/secure.gravatar.com\/avatar\/a68a2078c12da8a6dd6cff4f3f3f69f7eb69a2d31ac1aac4da61c3761e4557f4?s=96&d=mm&r=g","url":"https:\/\/secure.gravatar.com\/avatar\/a68a2078c12da8a6dd6cff4f3f3f69f7eb69a2d31ac1aac4da61c3761e4557f4?s=96&d=mm&r=g","contentUrl":"https:\/\/secure.gravatar.com\/avatar\/a68a2078c12da8a6dd6cff4f3f3f69f7eb69a2d31ac1aac4da61c3761e4557f4?s=96&d=mm&r=g","caption":"D\u00eddac"},"url":"https:\/\/canfali.com\/ca-es\/author\/didac\/"}]}},"_links":{"self":[{"href":"https:\/\/canfali.com\/ca-es\/wp-json\/wp\/v2\/posts\/87100","targetHints":{"allow":["GET"]}}],"collection":[{"href":"https:\/\/canfali.com\/ca-es\/wp-json\/wp\/v2\/posts"}],"about":[{"href":"https:\/\/canfali.com\/ca-es\/wp-json\/wp\/v2\/types\/post"}],"author":[{"embeddable":true,"href":"https:\/\/canfali.com\/ca-es\/wp-json\/wp\/v2\/users\/5"}],"replies":[{"embeddable":true,"href":"https:\/\/canfali.com\/ca-es\/wp-json\/wp\/v2\/comments?post=87100"}],"version-history":[{"count":1,"href":"https:\/\/canfali.com\/ca-es\/wp-json\/wp\/v2\/posts\/87100\/revisions"}],"predecessor-version":[{"id":87101,"href":"https:\/\/canfali.com\/ca-es\/wp-json\/wp\/v2\/posts\/87100\/revisions\/87101"}],"wp:featuredmedia":[{"embeddable":true,"href":"https:\/\/canfali.com\/ca-es\/wp-json\/wp\/v2\/media\/87098"}],"wp:attachment":[{"href":"https:\/\/canfali.com\/ca-es\/wp-json\/wp\/v2\/media?parent=87100"}],"wp:term":[{"taxonomy":"category","embeddable":true,"href":"https:\/\/canfali.com\/ca-es\/wp-json\/wp\/v2\/categories?post=87100"},{"taxonomy":"post_tag","embeddable":true,"href":"https:\/\/canfali.com\/ca-es\/wp-json\/wp\/v2\/tags?post=87100"}],"curies":[{"name":"wp","href":"https:\/\/api.w.org\/{rel}","templated":true}]}}