{"id":87088,"date":"2026-01-22T11:36:44","date_gmt":"2026-01-22T10:36:44","guid":{"rendered":"https:\/\/canfali.com\/?p=87088"},"modified":"2026-01-22T11:36:46","modified_gmt":"2026-01-22T10:36:46","slug":"pego-participa-en-un-projecte-europeu-de-revitalitzacio-despais-urbans-a-portugal","status":"publish","type":"post","link":"https:\/\/canfali.com\/ca-es\/pego-participa-en-un-projecte-europeu-de-revitalitzacio-despais-urbans-a-portugal\/","title":{"rendered":"Pego participa en un projecte europeu de revitalitzaci\u00f3 d\u2019espais urbans a Portugal"},"content":{"rendered":"\n<p><strong>Preveu posar-lo en pr\u00e0ctica a trav\u00e9s de l\u2019emprenedoria sostenible<\/strong><\/p>\n\n\n\n<p>Una comitiva de pol\u00edtics i t\u00e8cnics de l\u2019Ajuntament de Pego s\u2019han despla\u00e7at aquesta setmana al municipi portugu\u00e8s d\u2019Amarante, per a participar en el projecte europeu <em>From Heritage to Hub: Urban Spaces Revitalization for Sustainable Entrepreneurship.<\/em><\/p>\n\n\n\n<p><em>&nbsp;&nbsp;&nbsp;&nbsp;&nbsp;&nbsp; <\/em>La iniciativa, tradu\u00efda com <em>Del patrimoni al hub: revitalitzaci\u00f3 d&#8217;espais urbans per a l&#8217;emprenedoria sostenible, <\/em>contempla la revitalitzaci\u00f3 d\u2019espais urbans a trav\u00e9s de l\u2019emprenedoria sostenible, segons ha explicat la responsable de l\u2019\u00e0rea d\u2019Urbanisme, Laura Castell\u00e0.<\/p>\n\n\n\n<p>La regidora hajustificat la pres\u00e8ncia del consistori pegol\u00ed en el projecte en ares a l\u2019inter\u00e8s municipal per rehabilitar l&#8217;antic centre d&#8217;educaci\u00f3 secund\u00e0ria, situat al costat de la nova biblioteca municipal, amb la finalitat de transformar-ho en nous espais d&#8217;\u00fas ciutad\u00e0, orientats a la dinamitzaci\u00f3 social, cultural i econ\u00f2mica del municipi.<\/p>\n\n\n\n<figure class=\"wp-block-image size-large\"><img decoding=\"async\" src=\"https:\/\/canfali.com\/app\/uploads\/2026\/01\/pegoportugal-dig2-1024x768.jpg.webp\" alt=\"\" class=\"wp-image-87091\"\/><\/figure>\n\n\n\n<p>En eixe sentit, han conegut de primera m\u00e0 diverses bones pr\u00e0ctiques en mat\u00e8ria de col\u00b7laboraci\u00f3 p\u00fablic-privada, suport a l&#8217;emprenedoria i reutilitzaci\u00f3 d&#8217;espais urbans amb visites a la Casa de la Joventut, l&#8217;Institut Empresarial del T\u00e2mega, l&#8217;ag\u00e8ncia Invest Amarante, el Amarante Tech Hub, aix\u00ed com diferents iniciatives desenrotllades en el marc d\u2019eixe municipi portugu\u00e8s com a Ciutat Creativa de la UNESCO. Tot aix\u00f2 dins d\u2019un proc\u00e9s d\u2019intercanvi i aprenentatge compta a m\u00e9s amb l&#8217;acompanyament d&#8217;un expert del programa European Urban Initiative, que est\u00e0 fent costat a l&#8217;Ajuntament de Pego en l&#8217;an\u00e0lisi de les experi\u00e8ncies visitades i en la <a>identificaci\u00f3 d&#8217;aquells models i estrat\u00e8gies que poden ser adaptats a la realitat del municipi.<\/a><\/p>\n\n\n\n<p>\u201cLa participaci\u00f3 en el programa EUI City refor\u00e7a el comprom\u00eds de l&#8217;Ajuntament de Pego amb la captaci\u00f3 de fons europeus i l&#8217;aprenentatge compartit amb altres ciutats europees, amb l&#8217;objectiu de millorar la qualitat de vida de la ciutadania i promoure un desenrotllament urb\u00e0 innovador i sostenible\u201d, ha remarcat Castell\u00e0.<\/p>\n","protected":false},"excerpt":{"rendered":"Preveu posar-lo en pr\u00e0ctica a trav\u00e9s de l\u2019emprenedoria sostenible Una comitiva de pol\u00edtics i t\u00e8cnics de l\u2019Ajuntament de&hellip;","protected":false},"author":4,"featured_media":87089,"comment_status":"closed","ping_status":"closed","sticky":false,"template":"","format":"standard","meta":{"csco_display_header_overlay":false,"csco_singular_sidebar":"","csco_page_header_type":"","csco_page_load_nextpost":"","csco_post_video_location":[],"csco_post_video_location_hash":"","csco_post_video_url":"","csco_post_video_bg_start_time":0,"csco_post_video_bg_end_time":0,"footnotes":""},"categories":[607],"tags":[2278,642,2915,2277,6132],"class_list":{"0":"post-87088","1":"post","2":"type-post","3":"status-publish","4":"format-standard","5":"has-post-thumbnail","7":"category-economia-i-empreses","8":"tag-europeu","9":"tag-pego-2","10":"tag-portugal","11":"tag-projecte","12":"tag-revitalitzacio-espais-urbans","13":"cs-entry","14":"cs-video-wrap"},"yoast_head":"<!-- This site is optimized with the Yoast SEO Premium plugin v26.6 (Yoast SEO v27.3) - https:\/\/yoast.com\/product\/yoast-seo-premium-wordpress\/ -->\n<title>Pego participa en un projecte europeu de revitalitzaci\u00f3 d\u2019espais urbans a Portugal - Canfali<\/title>\n<meta name=\"robots\" content=\"index, follow, max-snippet:-1, max-image-preview:large, max-video-preview:-1\" \/>\n<link rel=\"canonical\" href=\"https:\/\/canfali.com\/ca-es\/pego-participa-en-un-projecte-europeu-de-revitalitzacio-despais-urbans-a-portugal\/\" \/>\n<meta property=\"og:locale\" content=\"en_US\" \/>\n<meta property=\"og:type\" content=\"article\" \/>\n<meta property=\"og:title\" content=\"Pego participa en un projecte europeu de revitalitzaci\u00f3 d\u2019espais urbans a Portugal\" \/>\n<meta property=\"og:description\" content=\"Preveu posar-lo en pr\u00e0ctica a trav\u00e9s de l\u2019emprenedoria sostenible Una comitiva de pol\u00edtics i t\u00e8cnics de l\u2019Ajuntament de&hellip;\" \/>\n<meta property=\"og:url\" content=\"https:\/\/canfali.com\/ca-es\/pego-participa-en-un-projecte-europeu-de-revitalitzacio-despais-urbans-a-portugal\/\" \/>\n<meta property=\"og:site_name\" content=\"Canfali\" \/>\n<meta property=\"article:publisher\" content=\"https:\/\/es-es.facebook.com\/CANFALIMarinaAlta\" \/>\n<meta property=\"article:published_time\" content=\"2026-01-22T10:36:44+00:00\" \/>\n<meta property=\"article:modified_time\" content=\"2026-01-22T10:36:46+00:00\" \/>\n<meta property=\"og:image\" content=\"https:\/\/canfali.com\/app\/uploads\/2026\/01\/pegoportugal-digi1.jpg\" \/>\n\t<meta property=\"og:image:width\" content=\"2000\" \/>\n\t<meta property=\"og:image:height\" content=\"1500\" \/>\n\t<meta property=\"og:image:type\" content=\"image\/jpeg\" \/>\n<meta name=\"author\" content=\"JJ Mas\" \/>\n<meta name=\"twitter:card\" content=\"summary_large_image\" \/>\n<meta name=\"twitter:creator\" content=\"@canfalima\" \/>\n<meta name=\"twitter:site\" content=\"@canfalima\" \/>\n<meta name=\"twitter:label1\" content=\"Written by\" \/>\n\t<meta name=\"twitter:data1\" content=\"JJ Mas\" \/>\n\t<meta name=\"twitter:label2\" content=\"Est. reading time\" \/>\n\t<meta name=\"twitter:data2\" content=\"2 minutes\" \/>\n<script type=\"application\/ld+json\" class=\"yoast-schema-graph\">{\"@context\":\"https:\\\/\\\/schema.org\",\"@graph\":[{\"@type\":\"NewsArticle\",\"@id\":\"https:\\\/\\\/canfali.com\\\/ca-es\\\/pego-participa-en-un-projecte-europeu-de-revitalitzacio-despais-urbans-a-portugal\\\/#article\",\"isPartOf\":{\"@id\":\"https:\\\/\\\/canfali.com\\\/ca-es\\\/pego-participa-en-un-projecte-europeu-de-revitalitzacio-despais-urbans-a-portugal\\\/\"},\"author\":{\"name\":\"JJ Mas\",\"@id\":\"https:\\\/\\\/canfali.com\\\/ca-es\\\/#\\\/schema\\\/person\\\/d834d2d4df17cac754d3c314d4c404ef\"},\"headline\":\"Pego participa en un projecte europeu de revitalitzaci\u00f3 d\u2019espais urbans a Portugal\",\"datePublished\":\"2026-01-22T10:36:44+00:00\",\"dateModified\":\"2026-01-22T10:36:46+00:00\",\"mainEntityOfPage\":{\"@id\":\"https:\\\/\\\/canfali.com\\\/ca-es\\\/pego-participa-en-un-projecte-europeu-de-revitalitzacio-despais-urbans-a-portugal\\\/\"},\"wordCount\":363,\"publisher\":{\"@id\":\"https:\\\/\\\/canfali.com\\\/ca-es\\\/#organization\"},\"image\":{\"@id\":\"https:\\\/\\\/canfali.com\\\/ca-es\\\/pego-participa-en-un-projecte-europeu-de-revitalitzacio-despais-urbans-a-portugal\\\/#primaryimage\"},\"thumbnailUrl\":\"https:\\\/\\\/canfali.com\\\/app\\\/uploads\\\/2026\\\/01\\\/pegoportugal-digi1.jpg\",\"keywords\":[\"europeu\",\"Pego\",\"Portugal\",\"projecte\",\"revitalitzaci\u00f3 espais urbans\"],\"articleSection\":[\"Economia i Empreses\"],\"inLanguage\":\"va-ES\",\"copyrightYear\":\"2026\",\"copyrightHolder\":{\"@id\":\"https:\\\/\\\/canfali.com\\\/#organization\"}},{\"@type\":\"WebPage\",\"@id\":\"https:\\\/\\\/canfali.com\\\/ca-es\\\/pego-participa-en-un-projecte-europeu-de-revitalitzacio-despais-urbans-a-portugal\\\/\",\"url\":\"https:\\\/\\\/canfali.com\\\/ca-es\\\/pego-participa-en-un-projecte-europeu-de-revitalitzacio-despais-urbans-a-portugal\\\/\",\"name\":\"Pego participa en un projecte europeu de revitalitzaci\u00f3 d\u2019espais urbans a Portugal - Canfali\",\"isPartOf\":{\"@id\":\"https:\\\/\\\/canfali.com\\\/ca-es\\\/#website\"},\"primaryImageOfPage\":{\"@id\":\"https:\\\/\\\/canfali.com\\\/ca-es\\\/pego-participa-en-un-projecte-europeu-de-revitalitzacio-despais-urbans-a-portugal\\\/#primaryimage\"},\"image\":{\"@id\":\"https:\\\/\\\/canfali.com\\\/ca-es\\\/pego-participa-en-un-projecte-europeu-de-revitalitzacio-despais-urbans-a-portugal\\\/#primaryimage\"},\"thumbnailUrl\":\"https:\\\/\\\/canfali.com\\\/app\\\/uploads\\\/2026\\\/01\\\/pegoportugal-digi1.jpg\",\"datePublished\":\"2026-01-22T10:36:44+00:00\",\"dateModified\":\"2026-01-22T10:36:46+00:00\",\"breadcrumb\":{\"@id\":\"https:\\\/\\\/canfali.com\\\/ca-es\\\/pego-participa-en-un-projecte-europeu-de-revitalitzacio-despais-urbans-a-portugal\\\/#breadcrumb\"},\"inLanguage\":\"va-ES\",\"potentialAction\":[{\"@type\":\"ReadAction\",\"target\":[\"https:\\\/\\\/canfali.com\\\/ca-es\\\/pego-participa-en-un-projecte-europeu-de-revitalitzacio-despais-urbans-a-portugal\\\/\"]}]},{\"@type\":\"ImageObject\",\"inLanguage\":\"va-ES\",\"@id\":\"https:\\\/\\\/canfali.com\\\/ca-es\\\/pego-participa-en-un-projecte-europeu-de-revitalitzacio-despais-urbans-a-portugal\\\/#primaryimage\",\"url\":\"https:\\\/\\\/canfali.com\\\/app\\\/uploads\\\/2026\\\/01\\\/pegoportugal-digi1.jpg\",\"contentUrl\":\"https:\\\/\\\/canfali.com\\\/app\\\/uploads\\\/2026\\\/01\\\/pegoportugal-digi1.jpg\",\"width\":2000,\"height\":1500},{\"@type\":\"BreadcrumbList\",\"@id\":\"https:\\\/\\\/canfali.com\\\/ca-es\\\/pego-participa-en-un-projecte-europeu-de-revitalitzacio-despais-urbans-a-portugal\\\/#breadcrumb\",\"itemListElement\":[{\"@type\":\"ListItem\",\"position\":1,\"name\":\"Portada\",\"item\":\"https:\\\/\\\/canfali.com\\\/ca-es\\\/\"},{\"@type\":\"ListItem\",\"position\":2,\"name\":\"Pego participa en un projecte europeu de revitalitzaci\u00f3 d\u2019espais urbans a Portugal\"}]},{\"@type\":\"WebSite\",\"@id\":\"https:\\\/\\\/canfali.com\\\/ca-es\\\/#website\",\"url\":\"https:\\\/\\\/canfali.com\\\/ca-es\\\/\",\"name\":\"Canfali\",\"description\":\"\",\"publisher\":{\"@id\":\"https:\\\/\\\/canfali.com\\\/ca-es\\\/#organization\"},\"potentialAction\":[{\"@type\":\"SearchAction\",\"target\":{\"@type\":\"EntryPoint\",\"urlTemplate\":\"https:\\\/\\\/canfali.com\\\/ca-es\\\/?s={search_term_string}\"},\"query-input\":{\"@type\":\"PropertyValueSpecification\",\"valueRequired\":true,\"valueName\":\"search_term_string\"}}],\"inLanguage\":\"va-ES\"},{\"@type\":\"Organization\",\"@id\":\"https:\\\/\\\/canfali.com\\\/ca-es\\\/#organization\",\"name\":\"Canfali\",\"url\":\"https:\\\/\\\/canfali.com\\\/ca-es\\\/\",\"logo\":{\"@type\":\"ImageObject\",\"inLanguage\":\"va-ES\",\"@id\":\"https:\\\/\\\/canfali.com\\\/ca-es\\\/#\\\/schema\\\/logo\\\/image\\\/\",\"url\":\"https:\\\/\\\/canfali.com\\\/app\\\/uploads\\\/2025\\\/12\\\/canfali_marina_alta_logo.png\",\"contentUrl\":\"https:\\\/\\\/canfali.com\\\/app\\\/uploads\\\/2025\\\/12\\\/canfali_marina_alta_logo.png\",\"width\":225,\"height\":225,\"caption\":\"Canfali\"},\"image\":{\"@id\":\"https:\\\/\\\/canfali.com\\\/ca-es\\\/#\\\/schema\\\/logo\\\/image\\\/\"},\"sameAs\":[\"https:\\\/\\\/es-es.facebook.com\\\/CANFALIMarinaAlta\",\"https:\\\/\\\/x.com\\\/canfalima\",\"https:\\\/\\\/www.instagram.com\\\/canfalimarinaalta\\\/\"]},{\"@type\":\"Person\",\"@id\":\"https:\\\/\\\/canfali.com\\\/ca-es\\\/#\\\/schema\\\/person\\\/d834d2d4df17cac754d3c314d4c404ef\",\"name\":\"JJ Mas\",\"image\":{\"@type\":\"ImageObject\",\"inLanguage\":\"va-ES\",\"@id\":\"https:\\\/\\\/secure.gravatar.com\\\/avatar\\\/65a5191f5438bf88c2394f6d1a625a6ff903c8785268e603c623a83bc15ba1ee?s=96&d=mm&r=g\",\"url\":\"https:\\\/\\\/secure.gravatar.com\\\/avatar\\\/65a5191f5438bf88c2394f6d1a625a6ff903c8785268e603c623a83bc15ba1ee?s=96&d=mm&r=g\",\"contentUrl\":\"https:\\\/\\\/secure.gravatar.com\\\/avatar\\\/65a5191f5438bf88c2394f6d1a625a6ff903c8785268e603c623a83bc15ba1ee?s=96&d=mm&r=g\",\"caption\":\"JJ Mas\"},\"url\":\"https:\\\/\\\/canfali.com\\\/ca-es\\\/author\\\/jj\\\/\"}]}<\/script>\n<!-- \/ Yoast SEO Premium plugin. -->","yoast_head_json":{"title":"Pego participa en un projecte europeu de revitalitzaci\u00f3 d\u2019espais urbans a Portugal - Canfali","robots":{"index":"index","follow":"follow","max-snippet":"max-snippet:-1","max-image-preview":"max-image-preview:large","max-video-preview":"max-video-preview:-1"},"canonical":"https:\/\/canfali.com\/ca-es\/pego-participa-en-un-projecte-europeu-de-revitalitzacio-despais-urbans-a-portugal\/","og_locale":"en_US","og_type":"article","og_title":"Pego participa en un projecte europeu de revitalitzaci\u00f3 d\u2019espais urbans a Portugal","og_description":"Preveu posar-lo en pr\u00e0ctica a trav\u00e9s de l\u2019emprenedoria sostenible Una comitiva de pol\u00edtics i t\u00e8cnics de l\u2019Ajuntament de&hellip;","og_url":"https:\/\/canfali.com\/ca-es\/pego-participa-en-un-projecte-europeu-de-revitalitzacio-despais-urbans-a-portugal\/","og_site_name":"Canfali","article_publisher":"https:\/\/es-es.facebook.com\/CANFALIMarinaAlta","article_published_time":"2026-01-22T10:36:44+00:00","article_modified_time":"2026-01-22T10:36:46+00:00","og_image":[{"width":2000,"height":1500,"url":"https:\/\/canfali.com\/app\/uploads\/2026\/01\/pegoportugal-digi1.jpg","type":"image\/jpeg"}],"author":"JJ Mas","twitter_card":"summary_large_image","twitter_creator":"@canfalima","twitter_site":"@canfalima","twitter_misc":{"Written by":"JJ Mas","Est. reading time":"2 minutes"},"schema":{"@context":"https:\/\/schema.org","@graph":[{"@type":"NewsArticle","@id":"https:\/\/canfali.com\/ca-es\/pego-participa-en-un-projecte-europeu-de-revitalitzacio-despais-urbans-a-portugal\/#article","isPartOf":{"@id":"https:\/\/canfali.com\/ca-es\/pego-participa-en-un-projecte-europeu-de-revitalitzacio-despais-urbans-a-portugal\/"},"author":{"name":"JJ Mas","@id":"https:\/\/canfali.com\/ca-es\/#\/schema\/person\/d834d2d4df17cac754d3c314d4c404ef"},"headline":"Pego participa en un projecte europeu de revitalitzaci\u00f3 d\u2019espais urbans a Portugal","datePublished":"2026-01-22T10:36:44+00:00","dateModified":"2026-01-22T10:36:46+00:00","mainEntityOfPage":{"@id":"https:\/\/canfali.com\/ca-es\/pego-participa-en-un-projecte-europeu-de-revitalitzacio-despais-urbans-a-portugal\/"},"wordCount":363,"publisher":{"@id":"https:\/\/canfali.com\/ca-es\/#organization"},"image":{"@id":"https:\/\/canfali.com\/ca-es\/pego-participa-en-un-projecte-europeu-de-revitalitzacio-despais-urbans-a-portugal\/#primaryimage"},"thumbnailUrl":"https:\/\/canfali.com\/app\/uploads\/2026\/01\/pegoportugal-digi1.jpg","keywords":["europeu","Pego","Portugal","projecte","revitalitzaci\u00f3 espais urbans"],"articleSection":["Economia i Empreses"],"inLanguage":"va-ES","copyrightYear":"2026","copyrightHolder":{"@id":"https:\/\/canfali.com\/#organization"}},{"@type":"WebPage","@id":"https:\/\/canfali.com\/ca-es\/pego-participa-en-un-projecte-europeu-de-revitalitzacio-despais-urbans-a-portugal\/","url":"https:\/\/canfali.com\/ca-es\/pego-participa-en-un-projecte-europeu-de-revitalitzacio-despais-urbans-a-portugal\/","name":"Pego participa en un projecte europeu de revitalitzaci\u00f3 d\u2019espais urbans a Portugal - Canfali","isPartOf":{"@id":"https:\/\/canfali.com\/ca-es\/#website"},"primaryImageOfPage":{"@id":"https:\/\/canfali.com\/ca-es\/pego-participa-en-un-projecte-europeu-de-revitalitzacio-despais-urbans-a-portugal\/#primaryimage"},"image":{"@id":"https:\/\/canfali.com\/ca-es\/pego-participa-en-un-projecte-europeu-de-revitalitzacio-despais-urbans-a-portugal\/#primaryimage"},"thumbnailUrl":"https:\/\/canfali.com\/app\/uploads\/2026\/01\/pegoportugal-digi1.jpg","datePublished":"2026-01-22T10:36:44+00:00","dateModified":"2026-01-22T10:36:46+00:00","breadcrumb":{"@id":"https:\/\/canfali.com\/ca-es\/pego-participa-en-un-projecte-europeu-de-revitalitzacio-despais-urbans-a-portugal\/#breadcrumb"},"inLanguage":"va-ES","potentialAction":[{"@type":"ReadAction","target":["https:\/\/canfali.com\/ca-es\/pego-participa-en-un-projecte-europeu-de-revitalitzacio-despais-urbans-a-portugal\/"]}]},{"@type":"ImageObject","inLanguage":"va-ES","@id":"https:\/\/canfali.com\/ca-es\/pego-participa-en-un-projecte-europeu-de-revitalitzacio-despais-urbans-a-portugal\/#primaryimage","url":"https:\/\/canfali.com\/app\/uploads\/2026\/01\/pegoportugal-digi1.jpg","contentUrl":"https:\/\/canfali.com\/app\/uploads\/2026\/01\/pegoportugal-digi1.jpg","width":2000,"height":1500},{"@type":"BreadcrumbList","@id":"https:\/\/canfali.com\/ca-es\/pego-participa-en-un-projecte-europeu-de-revitalitzacio-despais-urbans-a-portugal\/#breadcrumb","itemListElement":[{"@type":"ListItem","position":1,"name":"Portada","item":"https:\/\/canfali.com\/ca-es\/"},{"@type":"ListItem","position":2,"name":"Pego participa en un projecte europeu de revitalitzaci\u00f3 d\u2019espais urbans a Portugal"}]},{"@type":"WebSite","@id":"https:\/\/canfali.com\/ca-es\/#website","url":"https:\/\/canfali.com\/ca-es\/","name":"Canfali","description":"","publisher":{"@id":"https:\/\/canfali.com\/ca-es\/#organization"},"potentialAction":[{"@type":"SearchAction","target":{"@type":"EntryPoint","urlTemplate":"https:\/\/canfali.com\/ca-es\/?s={search_term_string}"},"query-input":{"@type":"PropertyValueSpecification","valueRequired":true,"valueName":"search_term_string"}}],"inLanguage":"va-ES"},{"@type":"Organization","@id":"https:\/\/canfali.com\/ca-es\/#organization","name":"Canfali","url":"https:\/\/canfali.com\/ca-es\/","logo":{"@type":"ImageObject","inLanguage":"va-ES","@id":"https:\/\/canfali.com\/ca-es\/#\/schema\/logo\/image\/","url":"https:\/\/canfali.com\/app\/uploads\/2025\/12\/canfali_marina_alta_logo.png","contentUrl":"https:\/\/canfali.com\/app\/uploads\/2025\/12\/canfali_marina_alta_logo.png","width":225,"height":225,"caption":"Canfali"},"image":{"@id":"https:\/\/canfali.com\/ca-es\/#\/schema\/logo\/image\/"},"sameAs":["https:\/\/es-es.facebook.com\/CANFALIMarinaAlta","https:\/\/x.com\/canfalima","https:\/\/www.instagram.com\/canfalimarinaalta\/"]},{"@type":"Person","@id":"https:\/\/canfali.com\/ca-es\/#\/schema\/person\/d834d2d4df17cac754d3c314d4c404ef","name":"JJ Mas","image":{"@type":"ImageObject","inLanguage":"va-ES","@id":"https:\/\/secure.gravatar.com\/avatar\/65a5191f5438bf88c2394f6d1a625a6ff903c8785268e603c623a83bc15ba1ee?s=96&d=mm&r=g","url":"https:\/\/secure.gravatar.com\/avatar\/65a5191f5438bf88c2394f6d1a625a6ff903c8785268e603c623a83bc15ba1ee?s=96&d=mm&r=g","contentUrl":"https:\/\/secure.gravatar.com\/avatar\/65a5191f5438bf88c2394f6d1a625a6ff903c8785268e603c623a83bc15ba1ee?s=96&d=mm&r=g","caption":"JJ Mas"},"url":"https:\/\/canfali.com\/ca-es\/author\/jj\/"}]}},"_links":{"self":[{"href":"https:\/\/canfali.com\/ca-es\/wp-json\/wp\/v2\/posts\/87088","targetHints":{"allow":["GET"]}}],"collection":[{"href":"https:\/\/canfali.com\/ca-es\/wp-json\/wp\/v2\/posts"}],"about":[{"href":"https:\/\/canfali.com\/ca-es\/wp-json\/wp\/v2\/types\/post"}],"author":[{"embeddable":true,"href":"https:\/\/canfali.com\/ca-es\/wp-json\/wp\/v2\/users\/4"}],"replies":[{"embeddable":true,"href":"https:\/\/canfali.com\/ca-es\/wp-json\/wp\/v2\/comments?post=87088"}],"version-history":[{"count":1,"href":"https:\/\/canfali.com\/ca-es\/wp-json\/wp\/v2\/posts\/87088\/revisions"}],"predecessor-version":[{"id":87093,"href":"https:\/\/canfali.com\/ca-es\/wp-json\/wp\/v2\/posts\/87088\/revisions\/87093"}],"wp:featuredmedia":[{"embeddable":true,"href":"https:\/\/canfali.com\/ca-es\/wp-json\/wp\/v2\/media\/87089"}],"wp:attachment":[{"href":"https:\/\/canfali.com\/ca-es\/wp-json\/wp\/v2\/media?parent=87088"}],"wp:term":[{"taxonomy":"category","embeddable":true,"href":"https:\/\/canfali.com\/ca-es\/wp-json\/wp\/v2\/categories?post=87088"},{"taxonomy":"post_tag","embeddable":true,"href":"https:\/\/canfali.com\/ca-es\/wp-json\/wp\/v2\/tags?post=87088"}],"curies":[{"name":"wp","href":"https:\/\/api.w.org\/{rel}","templated":true}]}}