{"id":87067,"date":"2026-01-21T18:51:48","date_gmt":"2026-01-21T17:51:48","guid":{"rendered":"https:\/\/canfali.com\/benissa-presenta-a-fitur-la-seua-aposta-per-lesport-de-natura\/"},"modified":"2026-01-21T19:06:33","modified_gmt":"2026-01-21T18:06:33","slug":"benissa-presenta-a-fitur-la-seua-aposta-per-lesport-de-natura","status":"publish","type":"post","link":"https:\/\/canfali.com\/ca-es\/benissa-presenta-a-fitur-la-seua-aposta-per-lesport-de-natura\/","title":{"rendered":"Benissa presenta a Fitur la seua aposta per l\u2019esport de natura"},"content":{"rendered":"\n<p><p class=\"p1\">Benissa ha presentat a la Fira Internacional de Turisme de Madrid (Fitur) la seua nova aposta promocional sota el paraigua de Benissa Nature Sport, un producte tur\u00edstic centrat en l\u2019esport, la natura i les experi\u00e8ncies actives a l\u2019aire lliure, amb l\u2019objectiu de refor\u00e7ar la desestacionalitzaci\u00f3 i atraure visitants durant tot l\u2019any.<\/p><\/p>\n\n<figure class=\"wp-block-image size-large\"><img decoding=\"async\" src=\"https:\/\/canfali.com\/app\/uploads\/2026\/01\/IMG_0196-3-1024x768.jpg.webp\" alt=\"\" class=\"wp-image-87062\"\/><\/figure>\n\n<p><p class=\"p1\">L\u2019alcalde de Benissa, Arturo Poquet, va destacar que el municipi compta amb un ampli ventall de possibilitats gr\u00e0cies a la combinaci\u00f3 de mar, cales, muntanya i un entorn natural privilegiat, fet que converteix Benissa en un dest\u00ed idoni per al turisme actiu. En aquest sentit, va explicar que el projecte Benissa Nature Sport \u00e9s fruit d\u2019un treball desenvolupat al llarg del temps i es recolza en una completa guia de rutes que permet estructurar i posar en valor l\u2019oferta esportiva del municipi.<\/p><\/p>\n\n<figure class=\"wp-block-image size-large\"><img decoding=\"async\" src=\"https:\/\/canfali.com\/app\/uploads\/2026\/01\/IMG_0263-3-1024x768.jpg.webp\" alt=\"\" class=\"wp-image-87064\"\/><\/figure>\n\n<p><p class=\"p1\">Per la seua banda, la regidora de Turisme, Virginia P\u00e9rez, va subratllar que Benissa \u00e9s un dest\u00ed \u201ccomplet\u201d, que suma patrimoni, cultura, un centre hist\u00f2ric singular, sol durant tot l\u2019any i espais naturals \u00fanics. P\u00e9rez va incidir en la import\u00e0ncia de promocionar experi\u00e8ncies que es puguen gaudir m\u00e9s enll\u00e0 de la temporada estival, apostant per un model tur\u00edstic sostenible i respectu\u00f3s amb el territori.<\/p><\/p>\n\n<figure class=\"wp-block-gallery has-nested-images columns-default is-cropped wp-block-gallery-15 is-layout-flex wp-block-gallery-is-layout-flex\">\n<figure class=\"wp-block-image size-large\"><img decoding=\"async\" data-id=\"87060\" src=\"https:\/\/canfali.com\/app\/uploads\/2026\/01\/IMG_0184-4-768x1024.jpg.webp\" alt=\"\" class=\"wp-image-87060\"\/><\/figure>\n\n\n\n<figure class=\"wp-block-image size-large\"><img decoding=\"async\" data-id=\"87058\" src=\"https:\/\/canfali.com\/app\/uploads\/2026\/01\/IMG_0212-4-768x1024.jpg.webp\" alt=\"\" class=\"wp-image-87058\"\/><\/figure>\n<\/figure>\n\n<p>Des de l\u2019Ajuntament de Benissa es va remarcar que la sostenibilitat i la cura de l\u2019entorn s\u00f3n eixos fonamentals d\u2019aquesta estrat\u00e8gia tur\u00edstica, alineada amb l\u2019evoluci\u00f3 del sector i amb les noves demandes del visitant actual.&#13;\n<\/p>\n","protected":false},"excerpt":{"rendered":"Benissa ha presentat a la Fira Internacional de Turisme de Madrid (Fitur) la seua nova aposta promocional sota&hellip;","protected":false},"author":8,"featured_media":87043,"comment_status":"closed","ping_status":"closed","sticky":false,"template":"","format":"standard","meta":{"csco_display_header_overlay":false,"csco_singular_sidebar":"","csco_page_header_type":"","csco_page_load_nextpost":"","csco_post_video_location":[],"csco_post_video_location_hash":"","csco_post_video_url":"","csco_post_video_bg_start_time":0,"csco_post_video_bg_end_time":0,"footnotes":""},"categories":[1,4551],"tags":[],"class_list":{"0":"post-87067","1":"post","2":"type-post","3":"status-publish","4":"format-standard","5":"has-post-thumbnail","7":"category-sin-categorizar","8":"category-turisme","9":"cs-entry","10":"cs-video-wrap"},"yoast_head":"<!-- This site is optimized with the Yoast SEO Premium plugin v26.6 (Yoast SEO v27.3) - https:\/\/yoast.com\/product\/yoast-seo-premium-wordpress\/ -->\n<title>Benissa presenta a Fitur la seua aposta per l\u2019esport de natura - Canfali<\/title>\n<meta name=\"description\" content=\"El municipi compta amb un ampli ventall de possibilitats gr\u00e0cies a la combinaci\u00f3 de mar, cales, muntanya i un entorn natural privilegiat\" \/>\n<meta name=\"robots\" content=\"index, follow, max-snippet:-1, max-image-preview:large, max-video-preview:-1\" \/>\n<link rel=\"canonical\" href=\"https:\/\/canfali.com\/ca-es\/benissa-presenta-a-fitur-la-seua-aposta-per-lesport-de-natura\/\" \/>\n<meta property=\"og:locale\" content=\"en_US\" \/>\n<meta property=\"og:type\" content=\"article\" \/>\n<meta property=\"og:title\" content=\"Benissa presenta a Fitur la seua aposta per l\u2019esport de natura\" \/>\n<meta property=\"og:description\" content=\"El municipi compta amb un ampli ventall de possibilitats gr\u00e0cies a la combinaci\u00f3 de mar, cales, muntanya i un entorn natural privilegiat\" \/>\n<meta property=\"og:url\" content=\"https:\/\/canfali.com\/ca-es\/benissa-presenta-a-fitur-la-seua-aposta-per-lesport-de-natura\/\" \/>\n<meta property=\"og:site_name\" content=\"Canfali\" \/>\n<meta property=\"article:publisher\" content=\"https:\/\/es-es.facebook.com\/CANFALIMarinaAlta\" \/>\n<meta property=\"article:published_time\" content=\"2026-01-21T17:51:48+00:00\" \/>\n<meta property=\"article:modified_time\" content=\"2026-01-21T18:06:33+00:00\" \/>\n<meta property=\"og:image\" content=\"https:\/\/canfali.com\/app\/uploads\/2026\/01\/8benissa-2-scaled.jpg\" \/>\n\t<meta property=\"og:image:width\" content=\"2560\" \/>\n\t<meta property=\"og:image:height\" content=\"1920\" \/>\n\t<meta property=\"og:image:type\" content=\"image\/jpeg\" \/>\n<meta name=\"author\" content=\"Lluis\" \/>\n<meta name=\"twitter:card\" content=\"summary_large_image\" \/>\n<meta name=\"twitter:creator\" content=\"@canfalima\" \/>\n<meta name=\"twitter:site\" content=\"@canfalima\" \/>\n<meta name=\"twitter:label1\" content=\"Written by\" \/>\n\t<meta name=\"twitter:data1\" content=\"Lluis\" \/>\n\t<meta name=\"twitter:label2\" content=\"Est. reading time\" \/>\n\t<meta name=\"twitter:data2\" content=\"1 minute\" \/>\n<script type=\"application\/ld+json\" class=\"yoast-schema-graph\">{\"@context\":\"https:\\\/\\\/schema.org\",\"@graph\":[{\"@type\":\"NewsArticle\",\"@id\":\"https:\\\/\\\/canfali.com\\\/ca-es\\\/benissa-presenta-a-fitur-la-seua-aposta-per-lesport-de-natura\\\/#article\",\"isPartOf\":{\"@id\":\"https:\\\/\\\/canfali.com\\\/ca-es\\\/benissa-presenta-a-fitur-la-seua-aposta-per-lesport-de-natura\\\/\"},\"author\":{\"name\":\"Lluis\",\"@id\":\"https:\\\/\\\/canfali.com\\\/ca-es\\\/#\\\/schema\\\/person\\\/f540a86fb33e10daaae53c59ceaa1194\"},\"headline\":\"Benissa presenta a Fitur la seua aposta per l\u2019esport de natura\",\"datePublished\":\"2026-01-21T17:51:48+00:00\",\"dateModified\":\"2026-01-21T18:06:33+00:00\",\"mainEntityOfPage\":{\"@id\":\"https:\\\/\\\/canfali.com\\\/ca-es\\\/benissa-presenta-a-fitur-la-seua-aposta-per-lesport-de-natura\\\/\"},\"wordCount\":271,\"publisher\":{\"@id\":\"https:\\\/\\\/canfali.com\\\/ca-es\\\/#organization\"},\"image\":{\"@id\":\"https:\\\/\\\/canfali.com\\\/ca-es\\\/benissa-presenta-a-fitur-la-seua-aposta-per-lesport-de-natura\\\/#primaryimage\"},\"thumbnailUrl\":\"https:\\\/\\\/canfali.com\\\/app\\\/uploads\\\/2026\\\/01\\\/8benissa-2-scaled.jpg\",\"articleSection\":[\"Sin categorizar\",\"Turisme\"],\"inLanguage\":\"va-ES\",\"copyrightYear\":\"2026\",\"copyrightHolder\":{\"@id\":\"https:\\\/\\\/canfali.com\\\/#organization\"}},{\"@type\":\"WebPage\",\"@id\":\"https:\\\/\\\/canfali.com\\\/ca-es\\\/benissa-presenta-a-fitur-la-seua-aposta-per-lesport-de-natura\\\/\",\"url\":\"https:\\\/\\\/canfali.com\\\/ca-es\\\/benissa-presenta-a-fitur-la-seua-aposta-per-lesport-de-natura\\\/\",\"name\":\"Benissa presenta a Fitur la seua aposta per l\u2019esport de natura - Canfali\",\"isPartOf\":{\"@id\":\"https:\\\/\\\/canfali.com\\\/ca-es\\\/#website\"},\"primaryImageOfPage\":{\"@id\":\"https:\\\/\\\/canfali.com\\\/ca-es\\\/benissa-presenta-a-fitur-la-seua-aposta-per-lesport-de-natura\\\/#primaryimage\"},\"image\":{\"@id\":\"https:\\\/\\\/canfali.com\\\/ca-es\\\/benissa-presenta-a-fitur-la-seua-aposta-per-lesport-de-natura\\\/#primaryimage\"},\"thumbnailUrl\":\"https:\\\/\\\/canfali.com\\\/app\\\/uploads\\\/2026\\\/01\\\/8benissa-2-scaled.jpg\",\"datePublished\":\"2026-01-21T17:51:48+00:00\",\"dateModified\":\"2026-01-21T18:06:33+00:00\",\"description\":\"El municipi compta amb un ampli ventall de possibilitats gr\u00e0cies a la combinaci\u00f3 de mar, cales, muntanya i un entorn natural privilegiat\",\"breadcrumb\":{\"@id\":\"https:\\\/\\\/canfali.com\\\/ca-es\\\/benissa-presenta-a-fitur-la-seua-aposta-per-lesport-de-natura\\\/#breadcrumb\"},\"inLanguage\":\"va-ES\",\"potentialAction\":[{\"@type\":\"ReadAction\",\"target\":[\"https:\\\/\\\/canfali.com\\\/ca-es\\\/benissa-presenta-a-fitur-la-seua-aposta-per-lesport-de-natura\\\/\"]}]},{\"@type\":\"ImageObject\",\"inLanguage\":\"va-ES\",\"@id\":\"https:\\\/\\\/canfali.com\\\/ca-es\\\/benissa-presenta-a-fitur-la-seua-aposta-per-lesport-de-natura\\\/#primaryimage\",\"url\":\"https:\\\/\\\/canfali.com\\\/app\\\/uploads\\\/2026\\\/01\\\/8benissa-2-scaled.jpg\",\"contentUrl\":\"https:\\\/\\\/canfali.com\\\/app\\\/uploads\\\/2026\\\/01\\\/8benissa-2-scaled.jpg\",\"width\":2560,\"height\":1920},{\"@type\":\"BreadcrumbList\",\"@id\":\"https:\\\/\\\/canfali.com\\\/ca-es\\\/benissa-presenta-a-fitur-la-seua-aposta-per-lesport-de-natura\\\/#breadcrumb\",\"itemListElement\":[{\"@type\":\"ListItem\",\"position\":1,\"name\":\"Portada\",\"item\":\"https:\\\/\\\/canfali.com\\\/ca-es\\\/\"},{\"@type\":\"ListItem\",\"position\":2,\"name\":\"Benissa presenta a Fitur la seua aposta per l\u2019esport de natura\"}]},{\"@type\":\"WebSite\",\"@id\":\"https:\\\/\\\/canfali.com\\\/ca-es\\\/#website\",\"url\":\"https:\\\/\\\/canfali.com\\\/ca-es\\\/\",\"name\":\"Canfali\",\"description\":\"\",\"publisher\":{\"@id\":\"https:\\\/\\\/canfali.com\\\/ca-es\\\/#organization\"},\"potentialAction\":[{\"@type\":\"SearchAction\",\"target\":{\"@type\":\"EntryPoint\",\"urlTemplate\":\"https:\\\/\\\/canfali.com\\\/ca-es\\\/?s={search_term_string}\"},\"query-input\":{\"@type\":\"PropertyValueSpecification\",\"valueRequired\":true,\"valueName\":\"search_term_string\"}}],\"inLanguage\":\"va-ES\"},{\"@type\":\"Organization\",\"@id\":\"https:\\\/\\\/canfali.com\\\/ca-es\\\/#organization\",\"name\":\"Canfali\",\"url\":\"https:\\\/\\\/canfali.com\\\/ca-es\\\/\",\"logo\":{\"@type\":\"ImageObject\",\"inLanguage\":\"va-ES\",\"@id\":\"https:\\\/\\\/canfali.com\\\/ca-es\\\/#\\\/schema\\\/logo\\\/image\\\/\",\"url\":\"https:\\\/\\\/canfali.com\\\/app\\\/uploads\\\/2025\\\/12\\\/canfali_marina_alta_logo.png\",\"contentUrl\":\"https:\\\/\\\/canfali.com\\\/app\\\/uploads\\\/2025\\\/12\\\/canfali_marina_alta_logo.png\",\"width\":225,\"height\":225,\"caption\":\"Canfali\"},\"image\":{\"@id\":\"https:\\\/\\\/canfali.com\\\/ca-es\\\/#\\\/schema\\\/logo\\\/image\\\/\"},\"sameAs\":[\"https:\\\/\\\/es-es.facebook.com\\\/CANFALIMarinaAlta\",\"https:\\\/\\\/x.com\\\/canfalima\",\"https:\\\/\\\/www.instagram.com\\\/canfalimarinaalta\\\/\"]},{\"@type\":\"Person\",\"@id\":\"https:\\\/\\\/canfali.com\\\/ca-es\\\/#\\\/schema\\\/person\\\/f540a86fb33e10daaae53c59ceaa1194\",\"name\":\"Lluis\",\"image\":{\"@type\":\"ImageObject\",\"inLanguage\":\"va-ES\",\"@id\":\"https:\\\/\\\/secure.gravatar.com\\\/avatar\\\/a21ec8835290e4e02ed0886b8cb327d807d0eb6ec8ccf25d4c2a0a415f506c0d?s=96&d=mm&r=g\",\"url\":\"https:\\\/\\\/secure.gravatar.com\\\/avatar\\\/a21ec8835290e4e02ed0886b8cb327d807d0eb6ec8ccf25d4c2a0a415f506c0d?s=96&d=mm&r=g\",\"contentUrl\":\"https:\\\/\\\/secure.gravatar.com\\\/avatar\\\/a21ec8835290e4e02ed0886b8cb327d807d0eb6ec8ccf25d4c2a0a415f506c0d?s=96&d=mm&r=g\",\"caption\":\"Lluis\"},\"url\":\"https:\\\/\\\/canfali.com\\\/ca-es\\\/author\\\/lluis\\\/\"}]}<\/script>\n<!-- \/ Yoast SEO Premium plugin. -->","yoast_head_json":{"title":"Benissa presenta a Fitur la seua aposta per l\u2019esport de natura - Canfali","description":"El municipi compta amb un ampli ventall de possibilitats gr\u00e0cies a la combinaci\u00f3 de mar, cales, muntanya i un entorn natural privilegiat","robots":{"index":"index","follow":"follow","max-snippet":"max-snippet:-1","max-image-preview":"max-image-preview:large","max-video-preview":"max-video-preview:-1"},"canonical":"https:\/\/canfali.com\/ca-es\/benissa-presenta-a-fitur-la-seua-aposta-per-lesport-de-natura\/","og_locale":"en_US","og_type":"article","og_title":"Benissa presenta a Fitur la seua aposta per l\u2019esport de natura","og_description":"El municipi compta amb un ampli ventall de possibilitats gr\u00e0cies a la combinaci\u00f3 de mar, cales, muntanya i un entorn natural privilegiat","og_url":"https:\/\/canfali.com\/ca-es\/benissa-presenta-a-fitur-la-seua-aposta-per-lesport-de-natura\/","og_site_name":"Canfali","article_publisher":"https:\/\/es-es.facebook.com\/CANFALIMarinaAlta","article_published_time":"2026-01-21T17:51:48+00:00","article_modified_time":"2026-01-21T18:06:33+00:00","og_image":[{"width":2560,"height":1920,"url":"https:\/\/canfali.com\/app\/uploads\/2026\/01\/8benissa-2-scaled.jpg","type":"image\/jpeg"}],"author":"Lluis","twitter_card":"summary_large_image","twitter_creator":"@canfalima","twitter_site":"@canfalima","twitter_misc":{"Written by":"Lluis","Est. reading time":"1 minute"},"schema":{"@context":"https:\/\/schema.org","@graph":[{"@type":"NewsArticle","@id":"https:\/\/canfali.com\/ca-es\/benissa-presenta-a-fitur-la-seua-aposta-per-lesport-de-natura\/#article","isPartOf":{"@id":"https:\/\/canfali.com\/ca-es\/benissa-presenta-a-fitur-la-seua-aposta-per-lesport-de-natura\/"},"author":{"name":"Lluis","@id":"https:\/\/canfali.com\/ca-es\/#\/schema\/person\/f540a86fb33e10daaae53c59ceaa1194"},"headline":"Benissa presenta a Fitur la seua aposta per l\u2019esport de natura","datePublished":"2026-01-21T17:51:48+00:00","dateModified":"2026-01-21T18:06:33+00:00","mainEntityOfPage":{"@id":"https:\/\/canfali.com\/ca-es\/benissa-presenta-a-fitur-la-seua-aposta-per-lesport-de-natura\/"},"wordCount":271,"publisher":{"@id":"https:\/\/canfali.com\/ca-es\/#organization"},"image":{"@id":"https:\/\/canfali.com\/ca-es\/benissa-presenta-a-fitur-la-seua-aposta-per-lesport-de-natura\/#primaryimage"},"thumbnailUrl":"https:\/\/canfali.com\/app\/uploads\/2026\/01\/8benissa-2-scaled.jpg","articleSection":["Sin categorizar","Turisme"],"inLanguage":"va-ES","copyrightYear":"2026","copyrightHolder":{"@id":"https:\/\/canfali.com\/#organization"}},{"@type":"WebPage","@id":"https:\/\/canfali.com\/ca-es\/benissa-presenta-a-fitur-la-seua-aposta-per-lesport-de-natura\/","url":"https:\/\/canfali.com\/ca-es\/benissa-presenta-a-fitur-la-seua-aposta-per-lesport-de-natura\/","name":"Benissa presenta a Fitur la seua aposta per l\u2019esport de natura - Canfali","isPartOf":{"@id":"https:\/\/canfali.com\/ca-es\/#website"},"primaryImageOfPage":{"@id":"https:\/\/canfali.com\/ca-es\/benissa-presenta-a-fitur-la-seua-aposta-per-lesport-de-natura\/#primaryimage"},"image":{"@id":"https:\/\/canfali.com\/ca-es\/benissa-presenta-a-fitur-la-seua-aposta-per-lesport-de-natura\/#primaryimage"},"thumbnailUrl":"https:\/\/canfali.com\/app\/uploads\/2026\/01\/8benissa-2-scaled.jpg","datePublished":"2026-01-21T17:51:48+00:00","dateModified":"2026-01-21T18:06:33+00:00","description":"El municipi compta amb un ampli ventall de possibilitats gr\u00e0cies a la combinaci\u00f3 de mar, cales, muntanya i un entorn natural privilegiat","breadcrumb":{"@id":"https:\/\/canfali.com\/ca-es\/benissa-presenta-a-fitur-la-seua-aposta-per-lesport-de-natura\/#breadcrumb"},"inLanguage":"va-ES","potentialAction":[{"@type":"ReadAction","target":["https:\/\/canfali.com\/ca-es\/benissa-presenta-a-fitur-la-seua-aposta-per-lesport-de-natura\/"]}]},{"@type":"ImageObject","inLanguage":"va-ES","@id":"https:\/\/canfali.com\/ca-es\/benissa-presenta-a-fitur-la-seua-aposta-per-lesport-de-natura\/#primaryimage","url":"https:\/\/canfali.com\/app\/uploads\/2026\/01\/8benissa-2-scaled.jpg","contentUrl":"https:\/\/canfali.com\/app\/uploads\/2026\/01\/8benissa-2-scaled.jpg","width":2560,"height":1920},{"@type":"BreadcrumbList","@id":"https:\/\/canfali.com\/ca-es\/benissa-presenta-a-fitur-la-seua-aposta-per-lesport-de-natura\/#breadcrumb","itemListElement":[{"@type":"ListItem","position":1,"name":"Portada","item":"https:\/\/canfali.com\/ca-es\/"},{"@type":"ListItem","position":2,"name":"Benissa presenta a Fitur la seua aposta per l\u2019esport de natura"}]},{"@type":"WebSite","@id":"https:\/\/canfali.com\/ca-es\/#website","url":"https:\/\/canfali.com\/ca-es\/","name":"Canfali","description":"","publisher":{"@id":"https:\/\/canfali.com\/ca-es\/#organization"},"potentialAction":[{"@type":"SearchAction","target":{"@type":"EntryPoint","urlTemplate":"https:\/\/canfali.com\/ca-es\/?s={search_term_string}"},"query-input":{"@type":"PropertyValueSpecification","valueRequired":true,"valueName":"search_term_string"}}],"inLanguage":"va-ES"},{"@type":"Organization","@id":"https:\/\/canfali.com\/ca-es\/#organization","name":"Canfali","url":"https:\/\/canfali.com\/ca-es\/","logo":{"@type":"ImageObject","inLanguage":"va-ES","@id":"https:\/\/canfali.com\/ca-es\/#\/schema\/logo\/image\/","url":"https:\/\/canfali.com\/app\/uploads\/2025\/12\/canfali_marina_alta_logo.png","contentUrl":"https:\/\/canfali.com\/app\/uploads\/2025\/12\/canfali_marina_alta_logo.png","width":225,"height":225,"caption":"Canfali"},"image":{"@id":"https:\/\/canfali.com\/ca-es\/#\/schema\/logo\/image\/"},"sameAs":["https:\/\/es-es.facebook.com\/CANFALIMarinaAlta","https:\/\/x.com\/canfalima","https:\/\/www.instagram.com\/canfalimarinaalta\/"]},{"@type":"Person","@id":"https:\/\/canfali.com\/ca-es\/#\/schema\/person\/f540a86fb33e10daaae53c59ceaa1194","name":"Lluis","image":{"@type":"ImageObject","inLanguage":"va-ES","@id":"https:\/\/secure.gravatar.com\/avatar\/a21ec8835290e4e02ed0886b8cb327d807d0eb6ec8ccf25d4c2a0a415f506c0d?s=96&d=mm&r=g","url":"https:\/\/secure.gravatar.com\/avatar\/a21ec8835290e4e02ed0886b8cb327d807d0eb6ec8ccf25d4c2a0a415f506c0d?s=96&d=mm&r=g","contentUrl":"https:\/\/secure.gravatar.com\/avatar\/a21ec8835290e4e02ed0886b8cb327d807d0eb6ec8ccf25d4c2a0a415f506c0d?s=96&d=mm&r=g","caption":"Lluis"},"url":"https:\/\/canfali.com\/ca-es\/author\/lluis\/"}]}},"_links":{"self":[{"href":"https:\/\/canfali.com\/ca-es\/wp-json\/wp\/v2\/posts\/87067","targetHints":{"allow":["GET"]}}],"collection":[{"href":"https:\/\/canfali.com\/ca-es\/wp-json\/wp\/v2\/posts"}],"about":[{"href":"https:\/\/canfali.com\/ca-es\/wp-json\/wp\/v2\/types\/post"}],"author":[{"embeddable":true,"href":"https:\/\/canfali.com\/ca-es\/wp-json\/wp\/v2\/users\/8"}],"replies":[{"embeddable":true,"href":"https:\/\/canfali.com\/ca-es\/wp-json\/wp\/v2\/comments?post=87067"}],"version-history":[{"count":3,"href":"https:\/\/canfali.com\/ca-es\/wp-json\/wp\/v2\/posts\/87067\/revisions"}],"predecessor-version":[{"id":87070,"href":"https:\/\/canfali.com\/ca-es\/wp-json\/wp\/v2\/posts\/87067\/revisions\/87070"}],"wp:featuredmedia":[{"embeddable":true,"href":"https:\/\/canfali.com\/ca-es\/wp-json\/wp\/v2\/media\/87043"}],"wp:attachment":[{"href":"https:\/\/canfali.com\/ca-es\/wp-json\/wp\/v2\/media?parent=87067"}],"wp:term":[{"taxonomy":"category","embeddable":true,"href":"https:\/\/canfali.com\/ca-es\/wp-json\/wp\/v2\/categories?post=87067"},{"taxonomy":"post_tag","embeddable":true,"href":"https:\/\/canfali.com\/ca-es\/wp-json\/wp\/v2\/tags?post=87067"}],"curies":[{"name":"wp","href":"https:\/\/api.w.org\/{rel}","templated":true}]}}