{"id":86912,"date":"2026-01-20T09:50:18","date_gmt":"2026-01-20T08:50:18","guid":{"rendered":"https:\/\/canfali.com\/detinguts-per-robatori-de-cablejat-de-coure\/"},"modified":"2026-01-20T10:09:45","modified_gmt":"2026-01-20T09:09:45","slug":"detinguts-per-robatori-de-cablejat-de-coure","status":"publish","type":"post","link":"https:\/\/canfali.com\/ca-es\/detinguts-per-robatori-de-cablejat-de-coure\/","title":{"rendered":"Detinguts per robatori de cablejat de coure"},"content":{"rendered":"\n<figure class=\"wp-block-pullquote\"><blockquote><p>La Gu\u00e0rdia Civil interv\u00e9 2.500 quilograms de cable de telefonia en un centre de reciclatge de D\u00e9nia que pel que sembla havia estat sostret pels treballadors d&#8217;una empresa de telecomunicacions&#13;\n<\/p><\/blockquote><\/figure>\n\n<p>La Gu\u00e0rdia Civil ha detingut a tres persones i investiga a altres sis per robatori de cablejat a la prov\u00edncia d&#8217;Alacant. La sostracci\u00f3 del cable s&#8217;ha realitzat en diversos municipis, entre ells l\u2019Ads\u00fabia i Benissa. S&#8217;ha investigat tamb\u00e9 un centre de recepci\u00f3 de metalls a D\u00e9nia. Pel que sembla, treballadors d&#8217;una empresa de telecomunicacions portaven all\u00ed el cable de coure de telefonia que sostreien aprofitant els treballs d&#8217;instal\u00b7laci\u00f3 de fibra \u00f2ptica i amb la complicitat del gerent de l&#8217;establecimiento. L&#8217;operaci\u00f3 s&#8217;emmarca en el Pla Nacional contra el robatori de coure dirigit per a evitar delictes que perjudiquen el medi rural i als serveis essencials<\/p>\n\n<p>Les actuacions han estat dutes a terme per l&#8217;Equip ROCA de la Companyia de Calp entre els mesos de juny i desembre del passat any, en el marc de dues operacions policials iniciades despr\u00e9s de detectar-se nombrosos talls i danys en infraestructures de telecomunicacions en diferents municipis de la Marina Alta. L&#8217;operaci\u00f3 Cobrilo es va iniciar despr\u00e9s d&#8217;una inspecci\u00f3 ocular en l\u2019Ads\u00fabia, on es van localitzar danys en closos de parcel\u00b7les privades i un apilament d&#8217;aproximadament 400 quilograms de cablejat de coure, ja tallat en trams i preparat per al seu trasllat. Les vigil\u00e0ncies establertes van permetre identificar als autors, aix\u00ed com els vehicles utilitzats per a cometre els fets, entre ells una furgoneta de lloguer i un turisme que actuava com a vehicle llan\u00e7adora amb la finalitat de detectar possibles controls policials durant la fugida.<\/p>\n\n<figure class=\"wp-block-image size-large\"><img fetchpriority=\"high\" decoding=\"async\" width=\"960\" height=\"720\" src=\"https:\/\/canfali.com\/app\/uploads\/2026\/01\/edit-03.jpg\" alt=\"\" class=\"wp-image-86909\" srcset=\"https:\/\/canfali.com\/app\/uploads\/2026\/01\/edit-03.jpg 960w, https:\/\/canfali.com\/app\/uploads\/2026\/01\/edit-03-300x225.jpg 300w, https:\/\/canfali.com\/app\/uploads\/2026\/01\/edit-03-768x576.jpg 768w\" sizes=\"(max-width: 960px) 100vw, 960px\" \/><\/figure>\n\n<p>Les recerques van confirmar que els implicats es despla\u00e7aven des de la prov\u00edncia de Val\u00e8ncia i que haurien sostret prop de 1.000 metres d&#8217;estesa telef\u00f2nica a\u00e8ria, ocasionant importants danys en propietats privades. Com a resultat de l&#8217;operatiu, el mes de desembre es va procedir a la detenci\u00f3 de tres homes d&#8217;entre 25 i 38 anys a Sueca i Val\u00e8ncia, tots ells amb antecedents per fets similars. Despr\u00e9s de la seva posada a disposici\u00f3 judicial, l&#8217;autoritat judicial va decretar la seva llibertat amb la imposici\u00f3 de mesures cautelars.<\/p>\n\n<p>De manera paral\u00b7lela, l&#8217;operaci\u00f3 Phone25 va tenir el seu origen en una inspecci\u00f3 administrativa realitzada en un centre de recuperaci\u00f3 de metalls de D\u00e9nia, on es van intervenir 2.500 quilograms de cablejat de coure de telefonia. Les perquisicions van permetre determinar que el material procedia de sostraccions comeses a Benissa i l&#8217;Alf\u00e0s del Pi i que els responsables pertanyien a una empresa d&#8217;instal\u00b7lacions de telecomunicacions, els treballadors de les quals acudien a realitzar instal\u00b7lacions de fibra \u00f2ptica i aprofitaven aquestes intervencions per a sostreure les antigues l\u00ednies de telefonia.&#13;\n<\/p>\n\n<figure class=\"wp-block-image size-large\"><img decoding=\"async\" width=\"960\" height=\"720\" src=\"https:\/\/canfali.com\/app\/uploads\/2026\/01\/edit-01.jpg\" alt=\"\" class=\"wp-image-86907\" srcset=\"https:\/\/canfali.com\/app\/uploads\/2026\/01\/edit-01.jpg 960w, https:\/\/canfali.com\/app\/uploads\/2026\/01\/edit-01-300x225.jpg 300w, https:\/\/canfali.com\/app\/uploads\/2026\/01\/edit-01-768x576.jpg 768w\" sizes=\"(max-width: 960px) 100vw, 960px\" \/><\/figure>\n\n<p>Com a resultat d&#8217;aquesta recerca, han estat investigats cinc treballadors com a presumptes autors de les sostraccions, aix\u00ed com el gerent del centre de reciclatge, al qual se li imputen delictes de receptaci\u00f3 i falsedat documental, en haver falsejat les dades personals dels venedors amb la finalitat de no aixecar sospites davant possibles inspeccions.&#13;\n<\/p>\n\n<p>La Gu\u00e0rdia Civil destaca que aquestes actuacions han perm\u00e8s neutralitzar una activitat delictiva que afectava greument infraestructures cr\u00edtiques de comunicacions i reafirma el seu comprom\u00eds en la lluita contra els delictes que perjudiquen el medi rural i als serveis essencials. Aix\u00ed mateix, subratlla que, m\u00e9s enll\u00e0 del perjudici econ\u00f2mic, aquest tipus de delictes genera una situaci\u00f3 d&#8217;especial vulnerabilitat en les petites poblacions, que poden quedar temporalment sense comunicaci\u00f3 telef\u00f2nica fixa.<\/p>\n","protected":false},"excerpt":{"rendered":"La Gu\u00e0rdia Civil interv\u00e9 2.500 quilograms de cable de telefonia en un centre de reciclatge de D\u00e9nia que&hellip;","protected":false},"author":6,"featured_media":86906,"comment_status":"closed","ping_status":"closed","sticky":false,"template":"","format":"standard","meta":{"csco_display_header_overlay":false,"csco_singular_sidebar":"","csco_page_header_type":"","csco_page_load_nextpost":"","csco_post_video_location":[],"csco_post_video_location_hash":"","csco_post_video_url":"","csco_post_video_bg_start_time":0,"csco_post_video_bg_end_time":0,"footnotes":""},"categories":[615],"tags":[6095,936,933,6096],"class_list":{"0":"post-86912","1":"post","2":"type-post","3":"status-publish","4":"format-standard","5":"has-post-thumbnail","7":"category-successos","8":"tag-cablejat-de-coure","9":"tag-detinguts","10":"tag-guardia-civil-ca-es","11":"tag-telecomunicacions","12":"cs-entry","13":"cs-video-wrap"},"yoast_head":"<!-- This site is optimized with the Yoast SEO Premium plugin v26.6 (Yoast SEO v27.3) - https:\/\/yoast.com\/product\/yoast-seo-premium-wordpress\/ -->\n<title>Detinguts per robatori de cablejat de coure - Canfali<\/title>\n<meta name=\"description\" content=\"La Guardia Civil ha detingut a tres persones e investiga a altres sis pel robatori de cablejat de coure. La sostracci\u00f3 del cable s&#039;ha realitzat en diferents municipis, entre ells l&#039;Ads\u00fabia i Benissa. S&#039;ha investigat tamb\u00e9 un centre de recepci\u00f3 de metqalls de D\u00e9nia.\" \/>\n<meta name=\"robots\" content=\"index, follow, max-snippet:-1, max-image-preview:large, max-video-preview:-1\" \/>\n<link rel=\"canonical\" href=\"https:\/\/canfali.com\/ca-es\/detinguts-per-robatori-de-cablejat-de-coure\/\" \/>\n<meta property=\"og:locale\" content=\"en_US\" \/>\n<meta property=\"og:type\" content=\"article\" \/>\n<meta property=\"og:title\" content=\"Detinguts per robatori de cablejat de coure\" \/>\n<meta property=\"og:description\" content=\"La Guardia Civil ha detingut a tres persones e investiga a altres sis pel robatori de cablejat de coure. La sostracci\u00f3 del cable s&#039;ha realitzat en diferents municipis, entre ells l&#039;Ads\u00fabia i Benissa. S&#039;ha investigat tamb\u00e9 un centre de recepci\u00f3 de metqalls de D\u00e9nia.\" \/>\n<meta property=\"og:url\" content=\"https:\/\/canfali.com\/ca-es\/detinguts-per-robatori-de-cablejat-de-coure\/\" \/>\n<meta property=\"og:site_name\" content=\"Canfali\" \/>\n<meta property=\"article:publisher\" content=\"https:\/\/es-es.facebook.com\/CANFALIMarinaAlta\" \/>\n<meta property=\"article:published_time\" content=\"2026-01-20T08:50:18+00:00\" \/>\n<meta property=\"article:modified_time\" content=\"2026-01-20T09:09:45+00:00\" \/>\n<meta property=\"og:image\" content=\"https:\/\/canfali.com\/app\/uploads\/2026\/01\/edit-02.jpg\" \/>\n\t<meta property=\"og:image:width\" content=\"960\" \/>\n\t<meta property=\"og:image:height\" content=\"720\" \/>\n\t<meta property=\"og:image:type\" content=\"image\/jpeg\" \/>\n<meta name=\"author\" content=\"Rosa\" \/>\n<meta name=\"twitter:card\" content=\"summary_large_image\" \/>\n<meta name=\"twitter:creator\" content=\"@canfalima\" \/>\n<meta name=\"twitter:site\" content=\"@canfalima\" \/>\n<meta name=\"twitter:label1\" content=\"Written by\" \/>\n\t<meta name=\"twitter:data1\" content=\"Rosa\" \/>\n\t<meta name=\"twitter:label2\" content=\"Est. reading time\" \/>\n\t<meta name=\"twitter:data2\" content=\"3 minutes\" \/>\n<script type=\"application\/ld+json\" class=\"yoast-schema-graph\">{\"@context\":\"https:\\\/\\\/schema.org\",\"@graph\":[{\"@type\":\"NewsArticle\",\"@id\":\"https:\\\/\\\/canfali.com\\\/ca-es\\\/detinguts-per-robatori-de-cablejat-de-coure\\\/#article\",\"isPartOf\":{\"@id\":\"https:\\\/\\\/canfali.com\\\/ca-es\\\/detinguts-per-robatori-de-cablejat-de-coure\\\/\"},\"author\":{\"name\":\"Rosa\",\"@id\":\"https:\\\/\\\/canfali.com\\\/ca-es\\\/#\\\/schema\\\/person\\\/c861a7aa2b2495357b95f35bd5d82f88\"},\"headline\":\"Detinguts per robatori de cablejat de coure\",\"datePublished\":\"2026-01-20T08:50:18+00:00\",\"dateModified\":\"2026-01-20T09:09:45+00:00\",\"mainEntityOfPage\":{\"@id\":\"https:\\\/\\\/canfali.com\\\/ca-es\\\/detinguts-per-robatori-de-cablejat-de-coure\\\/\"},\"wordCount\":628,\"publisher\":{\"@id\":\"https:\\\/\\\/canfali.com\\\/ca-es\\\/#organization\"},\"image\":{\"@id\":\"https:\\\/\\\/canfali.com\\\/ca-es\\\/detinguts-per-robatori-de-cablejat-de-coure\\\/#primaryimage\"},\"thumbnailUrl\":\"https:\\\/\\\/canfali.com\\\/app\\\/uploads\\\/2026\\\/01\\\/edit-02.jpg\",\"keywords\":[\"cablejat de coure\",\"detinguts\",\"gu\u00e0rdia civil\",\"telecomunicacions\"],\"articleSection\":[\"Successos\"],\"inLanguage\":\"va-ES\",\"copyrightYear\":\"2026\",\"copyrightHolder\":{\"@id\":\"https:\\\/\\\/canfali.com\\\/#organization\"}},{\"@type\":\"WebPage\",\"@id\":\"https:\\\/\\\/canfali.com\\\/ca-es\\\/detinguts-per-robatori-de-cablejat-de-coure\\\/\",\"url\":\"https:\\\/\\\/canfali.com\\\/ca-es\\\/detinguts-per-robatori-de-cablejat-de-coure\\\/\",\"name\":\"Detinguts per robatori de cablejat de coure - Canfali\",\"isPartOf\":{\"@id\":\"https:\\\/\\\/canfali.com\\\/ca-es\\\/#website\"},\"primaryImageOfPage\":{\"@id\":\"https:\\\/\\\/canfali.com\\\/ca-es\\\/detinguts-per-robatori-de-cablejat-de-coure\\\/#primaryimage\"},\"image\":{\"@id\":\"https:\\\/\\\/canfali.com\\\/ca-es\\\/detinguts-per-robatori-de-cablejat-de-coure\\\/#primaryimage\"},\"thumbnailUrl\":\"https:\\\/\\\/canfali.com\\\/app\\\/uploads\\\/2026\\\/01\\\/edit-02.jpg\",\"datePublished\":\"2026-01-20T08:50:18+00:00\",\"dateModified\":\"2026-01-20T09:09:45+00:00\",\"description\":\"La Guardia Civil ha detingut a tres persones e investiga a altres sis pel robatori de cablejat de coure. La sostracci\u00f3 del cable s'ha realitzat en diferents municipis, entre ells l'Ads\u00fabia i Benissa. S'ha investigat tamb\u00e9 un centre de recepci\u00f3 de metqalls de D\u00e9nia.\",\"breadcrumb\":{\"@id\":\"https:\\\/\\\/canfali.com\\\/ca-es\\\/detinguts-per-robatori-de-cablejat-de-coure\\\/#breadcrumb\"},\"inLanguage\":\"va-ES\",\"potentialAction\":[{\"@type\":\"ReadAction\",\"target\":[\"https:\\\/\\\/canfali.com\\\/ca-es\\\/detinguts-per-robatori-de-cablejat-de-coure\\\/\"]}]},{\"@type\":\"ImageObject\",\"inLanguage\":\"va-ES\",\"@id\":\"https:\\\/\\\/canfali.com\\\/ca-es\\\/detinguts-per-robatori-de-cablejat-de-coure\\\/#primaryimage\",\"url\":\"https:\\\/\\\/canfali.com\\\/app\\\/uploads\\\/2026\\\/01\\\/edit-02.jpg\",\"contentUrl\":\"https:\\\/\\\/canfali.com\\\/app\\\/uploads\\\/2026\\\/01\\\/edit-02.jpg\",\"width\":960,\"height\":720},{\"@type\":\"BreadcrumbList\",\"@id\":\"https:\\\/\\\/canfali.com\\\/ca-es\\\/detinguts-per-robatori-de-cablejat-de-coure\\\/#breadcrumb\",\"itemListElement\":[{\"@type\":\"ListItem\",\"position\":1,\"name\":\"Portada\",\"item\":\"https:\\\/\\\/canfali.com\\\/ca-es\\\/\"},{\"@type\":\"ListItem\",\"position\":2,\"name\":\"Detinguts per robatori de cablejat de coure\"}]},{\"@type\":\"WebSite\",\"@id\":\"https:\\\/\\\/canfali.com\\\/ca-es\\\/#website\",\"url\":\"https:\\\/\\\/canfali.com\\\/ca-es\\\/\",\"name\":\"Canfali\",\"description\":\"\",\"publisher\":{\"@id\":\"https:\\\/\\\/canfali.com\\\/ca-es\\\/#organization\"},\"potentialAction\":[{\"@type\":\"SearchAction\",\"target\":{\"@type\":\"EntryPoint\",\"urlTemplate\":\"https:\\\/\\\/canfali.com\\\/ca-es\\\/?s={search_term_string}\"},\"query-input\":{\"@type\":\"PropertyValueSpecification\",\"valueRequired\":true,\"valueName\":\"search_term_string\"}}],\"inLanguage\":\"va-ES\"},{\"@type\":\"Organization\",\"@id\":\"https:\\\/\\\/canfali.com\\\/ca-es\\\/#organization\",\"name\":\"Canfali\",\"url\":\"https:\\\/\\\/canfali.com\\\/ca-es\\\/\",\"logo\":{\"@type\":\"ImageObject\",\"inLanguage\":\"va-ES\",\"@id\":\"https:\\\/\\\/canfali.com\\\/ca-es\\\/#\\\/schema\\\/logo\\\/image\\\/\",\"url\":\"https:\\\/\\\/canfali.com\\\/app\\\/uploads\\\/2025\\\/12\\\/canfali_marina_alta_logo.png\",\"contentUrl\":\"https:\\\/\\\/canfali.com\\\/app\\\/uploads\\\/2025\\\/12\\\/canfali_marina_alta_logo.png\",\"width\":225,\"height\":225,\"caption\":\"Canfali\"},\"image\":{\"@id\":\"https:\\\/\\\/canfali.com\\\/ca-es\\\/#\\\/schema\\\/logo\\\/image\\\/\"},\"sameAs\":[\"https:\\\/\\\/es-es.facebook.com\\\/CANFALIMarinaAlta\",\"https:\\\/\\\/x.com\\\/canfalima\",\"https:\\\/\\\/www.instagram.com\\\/canfalimarinaalta\\\/\"]},{\"@type\":\"Person\",\"@id\":\"https:\\\/\\\/canfali.com\\\/ca-es\\\/#\\\/schema\\\/person\\\/c861a7aa2b2495357b95f35bd5d82f88\",\"name\":\"Rosa\",\"image\":{\"@type\":\"ImageObject\",\"inLanguage\":\"va-ES\",\"@id\":\"https:\\\/\\\/secure.gravatar.com\\\/avatar\\\/47fb83d99423a6ef1cf9f83f02a5e91366c671dec76c5c24badf1b0494e1d960?s=96&d=mm&r=g\",\"url\":\"https:\\\/\\\/secure.gravatar.com\\\/avatar\\\/47fb83d99423a6ef1cf9f83f02a5e91366c671dec76c5c24badf1b0494e1d960?s=96&d=mm&r=g\",\"contentUrl\":\"https:\\\/\\\/secure.gravatar.com\\\/avatar\\\/47fb83d99423a6ef1cf9f83f02a5e91366c671dec76c5c24badf1b0494e1d960?s=96&d=mm&r=g\",\"caption\":\"Rosa\"},\"url\":\"https:\\\/\\\/canfali.com\\\/ca-es\\\/author\\\/rosa\\\/\"}]}<\/script>\n<!-- \/ Yoast SEO Premium plugin. -->","yoast_head_json":{"title":"Detinguts per robatori de cablejat de coure - Canfali","description":"La Guardia Civil ha detingut a tres persones e investiga a altres sis pel robatori de cablejat de coure. La sostracci\u00f3 del cable s'ha realitzat en diferents municipis, entre ells l'Ads\u00fabia i Benissa. S'ha investigat tamb\u00e9 un centre de recepci\u00f3 de metqalls de D\u00e9nia.","robots":{"index":"index","follow":"follow","max-snippet":"max-snippet:-1","max-image-preview":"max-image-preview:large","max-video-preview":"max-video-preview:-1"},"canonical":"https:\/\/canfali.com\/ca-es\/detinguts-per-robatori-de-cablejat-de-coure\/","og_locale":"en_US","og_type":"article","og_title":"Detinguts per robatori de cablejat de coure","og_description":"La Guardia Civil ha detingut a tres persones e investiga a altres sis pel robatori de cablejat de coure. La sostracci\u00f3 del cable s'ha realitzat en diferents municipis, entre ells l'Ads\u00fabia i Benissa. S'ha investigat tamb\u00e9 un centre de recepci\u00f3 de metqalls de D\u00e9nia.","og_url":"https:\/\/canfali.com\/ca-es\/detinguts-per-robatori-de-cablejat-de-coure\/","og_site_name":"Canfali","article_publisher":"https:\/\/es-es.facebook.com\/CANFALIMarinaAlta","article_published_time":"2026-01-20T08:50:18+00:00","article_modified_time":"2026-01-20T09:09:45+00:00","og_image":[{"width":960,"height":720,"url":"https:\/\/canfali.com\/app\/uploads\/2026\/01\/edit-02.jpg","type":"image\/jpeg"}],"author":"Rosa","twitter_card":"summary_large_image","twitter_creator":"@canfalima","twitter_site":"@canfalima","twitter_misc":{"Written by":"Rosa","Est. reading time":"3 minutes"},"schema":{"@context":"https:\/\/schema.org","@graph":[{"@type":"NewsArticle","@id":"https:\/\/canfali.com\/ca-es\/detinguts-per-robatori-de-cablejat-de-coure\/#article","isPartOf":{"@id":"https:\/\/canfali.com\/ca-es\/detinguts-per-robatori-de-cablejat-de-coure\/"},"author":{"name":"Rosa","@id":"https:\/\/canfali.com\/ca-es\/#\/schema\/person\/c861a7aa2b2495357b95f35bd5d82f88"},"headline":"Detinguts per robatori de cablejat de coure","datePublished":"2026-01-20T08:50:18+00:00","dateModified":"2026-01-20T09:09:45+00:00","mainEntityOfPage":{"@id":"https:\/\/canfali.com\/ca-es\/detinguts-per-robatori-de-cablejat-de-coure\/"},"wordCount":628,"publisher":{"@id":"https:\/\/canfali.com\/ca-es\/#organization"},"image":{"@id":"https:\/\/canfali.com\/ca-es\/detinguts-per-robatori-de-cablejat-de-coure\/#primaryimage"},"thumbnailUrl":"https:\/\/canfali.com\/app\/uploads\/2026\/01\/edit-02.jpg","keywords":["cablejat de coure","detinguts","gu\u00e0rdia civil","telecomunicacions"],"articleSection":["Successos"],"inLanguage":"va-ES","copyrightYear":"2026","copyrightHolder":{"@id":"https:\/\/canfali.com\/#organization"}},{"@type":"WebPage","@id":"https:\/\/canfali.com\/ca-es\/detinguts-per-robatori-de-cablejat-de-coure\/","url":"https:\/\/canfali.com\/ca-es\/detinguts-per-robatori-de-cablejat-de-coure\/","name":"Detinguts per robatori de cablejat de coure - Canfali","isPartOf":{"@id":"https:\/\/canfali.com\/ca-es\/#website"},"primaryImageOfPage":{"@id":"https:\/\/canfali.com\/ca-es\/detinguts-per-robatori-de-cablejat-de-coure\/#primaryimage"},"image":{"@id":"https:\/\/canfali.com\/ca-es\/detinguts-per-robatori-de-cablejat-de-coure\/#primaryimage"},"thumbnailUrl":"https:\/\/canfali.com\/app\/uploads\/2026\/01\/edit-02.jpg","datePublished":"2026-01-20T08:50:18+00:00","dateModified":"2026-01-20T09:09:45+00:00","description":"La Guardia Civil ha detingut a tres persones e investiga a altres sis pel robatori de cablejat de coure. La sostracci\u00f3 del cable s'ha realitzat en diferents municipis, entre ells l'Ads\u00fabia i Benissa. S'ha investigat tamb\u00e9 un centre de recepci\u00f3 de metqalls de D\u00e9nia.","breadcrumb":{"@id":"https:\/\/canfali.com\/ca-es\/detinguts-per-robatori-de-cablejat-de-coure\/#breadcrumb"},"inLanguage":"va-ES","potentialAction":[{"@type":"ReadAction","target":["https:\/\/canfali.com\/ca-es\/detinguts-per-robatori-de-cablejat-de-coure\/"]}]},{"@type":"ImageObject","inLanguage":"va-ES","@id":"https:\/\/canfali.com\/ca-es\/detinguts-per-robatori-de-cablejat-de-coure\/#primaryimage","url":"https:\/\/canfali.com\/app\/uploads\/2026\/01\/edit-02.jpg","contentUrl":"https:\/\/canfali.com\/app\/uploads\/2026\/01\/edit-02.jpg","width":960,"height":720},{"@type":"BreadcrumbList","@id":"https:\/\/canfali.com\/ca-es\/detinguts-per-robatori-de-cablejat-de-coure\/#breadcrumb","itemListElement":[{"@type":"ListItem","position":1,"name":"Portada","item":"https:\/\/canfali.com\/ca-es\/"},{"@type":"ListItem","position":2,"name":"Detinguts per robatori de cablejat de coure"}]},{"@type":"WebSite","@id":"https:\/\/canfali.com\/ca-es\/#website","url":"https:\/\/canfali.com\/ca-es\/","name":"Canfali","description":"","publisher":{"@id":"https:\/\/canfali.com\/ca-es\/#organization"},"potentialAction":[{"@type":"SearchAction","target":{"@type":"EntryPoint","urlTemplate":"https:\/\/canfali.com\/ca-es\/?s={search_term_string}"},"query-input":{"@type":"PropertyValueSpecification","valueRequired":true,"valueName":"search_term_string"}}],"inLanguage":"va-ES"},{"@type":"Organization","@id":"https:\/\/canfali.com\/ca-es\/#organization","name":"Canfali","url":"https:\/\/canfali.com\/ca-es\/","logo":{"@type":"ImageObject","inLanguage":"va-ES","@id":"https:\/\/canfali.com\/ca-es\/#\/schema\/logo\/image\/","url":"https:\/\/canfali.com\/app\/uploads\/2025\/12\/canfali_marina_alta_logo.png","contentUrl":"https:\/\/canfali.com\/app\/uploads\/2025\/12\/canfali_marina_alta_logo.png","width":225,"height":225,"caption":"Canfali"},"image":{"@id":"https:\/\/canfali.com\/ca-es\/#\/schema\/logo\/image\/"},"sameAs":["https:\/\/es-es.facebook.com\/CANFALIMarinaAlta","https:\/\/x.com\/canfalima","https:\/\/www.instagram.com\/canfalimarinaalta\/"]},{"@type":"Person","@id":"https:\/\/canfali.com\/ca-es\/#\/schema\/person\/c861a7aa2b2495357b95f35bd5d82f88","name":"Rosa","image":{"@type":"ImageObject","inLanguage":"va-ES","@id":"https:\/\/secure.gravatar.com\/avatar\/47fb83d99423a6ef1cf9f83f02a5e91366c671dec76c5c24badf1b0494e1d960?s=96&d=mm&r=g","url":"https:\/\/secure.gravatar.com\/avatar\/47fb83d99423a6ef1cf9f83f02a5e91366c671dec76c5c24badf1b0494e1d960?s=96&d=mm&r=g","contentUrl":"https:\/\/secure.gravatar.com\/avatar\/47fb83d99423a6ef1cf9f83f02a5e91366c671dec76c5c24badf1b0494e1d960?s=96&d=mm&r=g","caption":"Rosa"},"url":"https:\/\/canfali.com\/ca-es\/author\/rosa\/"}]}},"_links":{"self":[{"href":"https:\/\/canfali.com\/ca-es\/wp-json\/wp\/v2\/posts\/86912","targetHints":{"allow":["GET"]}}],"collection":[{"href":"https:\/\/canfali.com\/ca-es\/wp-json\/wp\/v2\/posts"}],"about":[{"href":"https:\/\/canfali.com\/ca-es\/wp-json\/wp\/v2\/types\/post"}],"author":[{"embeddable":true,"href":"https:\/\/canfali.com\/ca-es\/wp-json\/wp\/v2\/users\/6"}],"replies":[{"embeddable":true,"href":"https:\/\/canfali.com\/ca-es\/wp-json\/wp\/v2\/comments?post=86912"}],"version-history":[{"count":1,"href":"https:\/\/canfali.com\/ca-es\/wp-json\/wp\/v2\/posts\/86912\/revisions"}],"predecessor-version":[{"id":86913,"href":"https:\/\/canfali.com\/ca-es\/wp-json\/wp\/v2\/posts\/86912\/revisions\/86913"}],"wp:featuredmedia":[{"embeddable":true,"href":"https:\/\/canfali.com\/ca-es\/wp-json\/wp\/v2\/media\/86906"}],"wp:attachment":[{"href":"https:\/\/canfali.com\/ca-es\/wp-json\/wp\/v2\/media?parent=86912"}],"wp:term":[{"taxonomy":"category","embeddable":true,"href":"https:\/\/canfali.com\/ca-es\/wp-json\/wp\/v2\/categories?post=86912"},{"taxonomy":"post_tag","embeddable":true,"href":"https:\/\/canfali.com\/ca-es\/wp-json\/wp\/v2\/tags?post=86912"}],"curies":[{"name":"wp","href":"https:\/\/api.w.org\/{rel}","templated":true}]}}