{"id":86829,"date":"2026-01-19T18:13:07","date_gmt":"2026-01-19T17:13:07","guid":{"rendered":"https:\/\/canfali.com\/compromis-presenta-al-congres-esmenes-a-la-llei-de-costes-per-uns-deslindes-mes-justos-i-amb-seguretat-juridica\/"},"modified":"2026-01-19T18:17:51","modified_gmt":"2026-01-19T17:17:51","slug":"compromis-presenta-al-congres-esmenes-a-la-llei-de-costes-per-uns-deslindes-mes-justos-i-amb-seguretat-juridica","status":"publish","type":"post","link":"https:\/\/canfali.com\/ca-es\/compromis-presenta-al-congres-esmenes-a-la-llei-de-costes-per-uns-deslindes-mes-justos-i-amb-seguretat-juridica\/","title":{"rendered":"Comprom\u00eds presenta al Congr\u00e9s esmenes a la Llei de Costes per uns deslindes m\u00e9s justos i amb seguretat jur\u00eddica"},"content":{"rendered":"\n<hr class=\"wp-block-separator has-alpha-channel-opacity\"\/>\n\n<p><\/p>\n\n<p>&#13;\nComprom\u00eds ha presentat un conjunt d&#8217;esmenes a la modificaci\u00f3 de la Llei de Costes que actualment es tramita al Congr\u00e9s dels Diputats, amb l&#8217;objectiu d&#8217;aconseguir uns deslindes m\u00e9s justos, refor\u00e7ar la seguretat jur\u00eddica i reduir l&#8217;afectaci\u00f3 sobre ve\u00efnes i propietaris del litoral, especialment en municipis com D\u00e9nia.&#13;\n&#13;\n<\/p>\n\n<p>Aix\u00ed ho ha explicat la diputada de Comprom\u00eds al Congr\u00e9s, \u00c0gueda Mic\u00f3, en una roda de premsa celebrada a D\u00e9nia junt amb el portaveu municipal, Rafa Carri\u00f3, i les regidores i regidors de la coalici\u00f3, Maria Jos\u00e9 Garcia i Valen Alcal\u00e0. La diputada ha explicat que la iniciativa \u00e9s fruit del reunions amb associacions ve\u00efnals i persones afectades pels deslindes, aix\u00ed com del di\u00e0leg impulsat amb diversos ajuntaments.&#13;\n&#13;\n<\/p>\n\n<p>Mic\u00f3 ha assenyalat que el canvi clim\u00e0tic i la degradaci\u00f3 del litoral no poden quedar al marge de qualsevol reforma legislativa: &#8220;No es pot modificar la Llei de Costes sense tindre en compte la situaci\u00f3 clim\u00e0tica actual ni la realitat dels nostres pobles&#8221;. En aquest sentit, ha remarcat que Comprom\u00eds defensa &#8220;un litoral viu&#8221;, amb pol\u00edtiques que combinen la protecci\u00f3 ambiental amb la just\u00edcia social.&#13;\n&#13;\n<\/p>\n\n<p>Rafa Carri\u00f3 ha recordat que la iniciativa busca equilibrar la protecci\u00f3 ambiental amb els drets dels propietaris, que no s\u00f3n responsables ni del canvi clim\u00e0tic ni de les gran obres p\u00fabliques, aix\u00ed com que s&#8217;executen projectes de regeneraci\u00f3 que siguen favorables i respectuosos amb el medi.&#13;\n&#13;\n<\/p>\n\n<p>Comprom\u00eds defensa que no es pot posar &#8220;a tots en el mateix sac&#8221; i rebutja l&#8217;aplicaci\u00f3 de la Llei de Costes contra poblats mar\u00edtims, barris mariners o construccions fetes legalment, amb planejament aprovat i molt abans de l&#8217;actual context clim\u00e0tic. &#8220;El govern central ha d&#8217;assumir la seua responsabilitat en la degradaci\u00f3 de la costa i apostar per la recuperaci\u00f3 ambiental, no per deslindes que ignoren la realitat social i hist\u00f2rica&#8221;, ha afirmat Mic\u00f3.&#13;\n&#13;\nL<\/p>\n\n<p>es esmenes presentades tenen tres objectius clars: Recon\u00e9ixer la realitat dels nuclis urbans i hist\u00f2rics consolidats existents abans dels deslindes; situar la ci\u00e8ncia, la restauraci\u00f3 ecol\u00f2gica i la responsabilitat pol\u00edtica al centre de la pol\u00edtica de costes; i garantir la seguretat jur\u00eddica, amb la participaci\u00f3 directa dels ajuntaments, els m\u00e9s pr\u00f2xims a la realitat del territori.&#13;\n&#13;\n<\/p>\n\n<p>En aquest sentit, Comprom\u00eds proposa el reconeixement de dos tipus de nuclis litorals: d&#8217;una banda, els pobles i barris mariners amb valor hist\u00f2ric, cultural i etnol\u00f2gic; i de l&#8217;altra, nuclis urbans consolidats legalment abans de l&#8217;aplicaci\u00f3 de la Llei de Costes, i no fruit de l&#8217;especulaci\u00f3 urban\u00edstica.&#13;\n&#13;\n<\/p>\n\n<p>A m\u00e9s, Mic\u00f3 ha reclamat acabar amb la &#8220;pol\u00edtica de fets consumats&#8221; i ha defensat que no s&#8217;executen nous deslindes ni desocupacions fins que els processos siguen participats pels ajuntaments i les persones afectades. Tamb\u00e9 ha insistit que els recursos obtinguts pels deslindes han d&#8217;anar destinats a la protecci\u00f3 i restauraci\u00f3 del litoral, com ara la recuperaci\u00f3 de sediments a la costa de D\u00e9nia, amb implicaci\u00f3 tant del govern central com de la Generalitat.&#13;\n&#13;\n<\/p>\n\n<p>Les esmenes ja han sigut registrades al Congr\u00e9s i el proc\u00e9s parlamentari est\u00e0 en marxa. Comprom\u00eds assegura que est\u00e0 oberta a negociar amb tots els partits i confia que en els pr\u00f2xims mesos es puguen acordar i aprovar per avan\u00e7ar cap a una pol\u00edtica de costes m\u00e9s justa, responsable i adaptada a la realitat del territori.&#13;\n&#13;\n<\/p>\n\n<p>La diputada ha defensat este posicionament, contrastant amb els que tradicionalment han tingut altres partits. Aix\u00ed, ha criticat la posici\u00f3 del PP i Vox, a qui ha definit com promotors de l&#8217;especulaci\u00f3 urban\u00edstica al litoral valenci\u00e0, recordant que &#8220;mentre es produ\u00efen episodis extrems com la DANA, aprovaven lleis per permetre construir a nom\u00e9s 200 metres de la costa i reactivar PAI que beneficien uns pocs&#8221;. Per\u00f2 tamb\u00e9 ha mostrat desacord amb la postura del PSOE del govern central en els deslindes, &#8220;que no ha tingut en compte les situacions concretes de moltes persones que han complit sempre la llei&#8221;.&#13;\n&#13;\n<\/p>\n\n<p>Finalment, la diputada ha denunciat la contradicci\u00f3 de l&#8217;Estat en relaci\u00f3 amb les grans infraestructures: &#8220;No es pot exigir el retroc\u00e9s de poblats de la costa mentre s&#8217;impulsa l&#8217;ampliaci\u00f3 del Port de Val\u00e8ncia. Aix\u00f2 \u00e9s hipocresia&#8221;. Comprom\u00eds reclama aturar totes aquelles infraestructures que van en contra de la protecci\u00f3 del litoral i de la ciutadania, i aposta per estudis rigorosos i cient\u00edfics amb participaci\u00f3 social cada vegada que es plantege un deslinde.<\/p>\n","protected":false},"excerpt":{"rendered":"&#13; Comprom\u00eds ha presentat un conjunt d&#8217;esmenes a la modificaci\u00f3 de la Llei de Costes que actualment es&hellip;","protected":false},"author":7,"featured_media":86827,"comment_status":"closed","ping_status":"closed","sticky":false,"template":"","format":"standard","meta":{"csco_display_header_overlay":false,"csco_singular_sidebar":"","csco_page_header_type":"","csco_page_load_nextpost":"","csco_post_video_location":[],"csco_post_video_location_hash":"","csco_post_video_url":"","csco_post_video_bg_start_time":0,"csco_post_video_bg_end_time":0,"footnotes":""},"categories":[575],"tags":[2530,6067,3086,3315,1160],"class_list":{"0":"post-86829","1":"post","2":"type-post","3":"status-publish","4":"format-standard","5":"has-post-thumbnail","7":"category-politica-2","8":"tag-compromis-ca-es","9":"tag-congres-dels-diputats","10":"tag-costes","11":"tag-litoral-ca-es","12":"tag-llei-de-costes","13":"cs-entry","14":"cs-video-wrap"},"yoast_head":"<!-- This site is optimized with the Yoast SEO Premium plugin v26.6 (Yoast SEO v27.3) - https:\/\/yoast.com\/product\/yoast-seo-premium-wordpress\/ -->\n<title>Comprom\u00eds presenta al Congr\u00e9s esmenes a la Llei de Costes per uns deslindes m\u00e9s justos i amb seguretat jur\u00eddica - Canfali<\/title>\n<meta name=\"robots\" content=\"index, follow, max-snippet:-1, max-image-preview:large, max-video-preview:-1\" \/>\n<link rel=\"canonical\" href=\"https:\/\/canfali.com\/ca-es\/compromis-presenta-al-congres-esmenes-a-la-llei-de-costes-per-uns-deslindes-mes-justos-i-amb-seguretat-juridica\/\" \/>\n<meta property=\"og:locale\" content=\"en_US\" \/>\n<meta property=\"og:type\" content=\"article\" \/>\n<meta property=\"og:title\" content=\"Comprom\u00eds presenta al Congr\u00e9s esmenes a la Llei de Costes per uns deslindes m\u00e9s justos i amb seguretat jur\u00eddica\" \/>\n<meta property=\"og:description\" content=\"&#013; Comprom\u00eds ha presentat un conjunt d&#8217;esmenes a la modificaci\u00f3 de la Llei de Costes que actualment es&hellip;\" \/>\n<meta property=\"og:url\" content=\"https:\/\/canfali.com\/ca-es\/compromis-presenta-al-congres-esmenes-a-la-llei-de-costes-per-uns-deslindes-mes-justos-i-amb-seguretat-juridica\/\" \/>\n<meta property=\"og:site_name\" content=\"Canfali\" \/>\n<meta property=\"article:publisher\" content=\"https:\/\/es-es.facebook.com\/CANFALIMarinaAlta\" \/>\n<meta property=\"article:published_time\" content=\"2026-01-19T17:13:07+00:00\" \/>\n<meta property=\"article:modified_time\" content=\"2026-01-19T17:17:51+00:00\" \/>\n<meta property=\"og:image\" content=\"https:\/\/canfali.com\/app\/uploads\/2026\/01\/rdp.jpeg\" \/>\n\t<meta property=\"og:image:width\" content=\"1600\" \/>\n\t<meta property=\"og:image:height\" content=\"1200\" \/>\n\t<meta property=\"og:image:type\" content=\"image\/jpeg\" \/>\n<meta name=\"author\" content=\"Bolta\" \/>\n<meta name=\"twitter:card\" content=\"summary_large_image\" \/>\n<meta name=\"twitter:creator\" content=\"@canfalima\" \/>\n<meta name=\"twitter:site\" content=\"@canfalima\" \/>\n<meta name=\"twitter:label1\" content=\"Written by\" \/>\n\t<meta name=\"twitter:data1\" content=\"Bolta\" \/>\n\t<meta name=\"twitter:label2\" content=\"Est. reading time\" \/>\n\t<meta name=\"twitter:data2\" content=\"4 minutes\" \/>\n<script type=\"application\/ld+json\" class=\"yoast-schema-graph\">{\"@context\":\"https:\\\/\\\/schema.org\",\"@graph\":[{\"@type\":\"NewsArticle\",\"@id\":\"https:\\\/\\\/canfali.com\\\/ca-es\\\/compromis-presenta-al-congres-esmenes-a-la-llei-de-costes-per-uns-deslindes-mes-justos-i-amb-seguretat-juridica\\\/#article\",\"isPartOf\":{\"@id\":\"https:\\\/\\\/canfali.com\\\/ca-es\\\/compromis-presenta-al-congres-esmenes-a-la-llei-de-costes-per-uns-deslindes-mes-justos-i-amb-seguretat-juridica\\\/\"},\"author\":{\"name\":\"Bolta\",\"@id\":\"https:\\\/\\\/canfali.com\\\/ca-es\\\/#\\\/schema\\\/person\\\/9c651adc904f3c4e0243f54407751557\"},\"headline\":\"Comprom\u00eds presenta al Congr\u00e9s esmenes a la Llei de Costes per uns deslindes m\u00e9s justos i amb seguretat jur\u00eddica\",\"datePublished\":\"2026-01-19T17:13:07+00:00\",\"dateModified\":\"2026-01-19T17:17:51+00:00\",\"mainEntityOfPage\":{\"@id\":\"https:\\\/\\\/canfali.com\\\/ca-es\\\/compromis-presenta-al-congres-esmenes-a-la-llei-de-costes-per-uns-deslindes-mes-justos-i-amb-seguretat-juridica\\\/\"},\"wordCount\":798,\"publisher\":{\"@id\":\"https:\\\/\\\/canfali.com\\\/ca-es\\\/#organization\"},\"image\":{\"@id\":\"https:\\\/\\\/canfali.com\\\/ca-es\\\/compromis-presenta-al-congres-esmenes-a-la-llei-de-costes-per-uns-deslindes-mes-justos-i-amb-seguretat-juridica\\\/#primaryimage\"},\"thumbnailUrl\":\"https:\\\/\\\/canfali.com\\\/app\\\/uploads\\\/2026\\\/01\\\/rdp.jpeg\",\"keywords\":[\"Comprom\u00eds\",\"Congr\u00e9s dels Diputats\",\"costes\",\"litoral\",\"Llei de Costes\"],\"articleSection\":[\"Pol\u00edtica\"],\"inLanguage\":\"va-ES\",\"copyrightYear\":\"2026\",\"copyrightHolder\":{\"@id\":\"https:\\\/\\\/canfali.com\\\/#organization\"}},{\"@type\":\"WebPage\",\"@id\":\"https:\\\/\\\/canfali.com\\\/ca-es\\\/compromis-presenta-al-congres-esmenes-a-la-llei-de-costes-per-uns-deslindes-mes-justos-i-amb-seguretat-juridica\\\/\",\"url\":\"https:\\\/\\\/canfali.com\\\/ca-es\\\/compromis-presenta-al-congres-esmenes-a-la-llei-de-costes-per-uns-deslindes-mes-justos-i-amb-seguretat-juridica\\\/\",\"name\":\"Comprom\u00eds presenta al Congr\u00e9s esmenes a la Llei de Costes per uns deslindes m\u00e9s justos i amb seguretat jur\u00eddica - Canfali\",\"isPartOf\":{\"@id\":\"https:\\\/\\\/canfali.com\\\/ca-es\\\/#website\"},\"primaryImageOfPage\":{\"@id\":\"https:\\\/\\\/canfali.com\\\/ca-es\\\/compromis-presenta-al-congres-esmenes-a-la-llei-de-costes-per-uns-deslindes-mes-justos-i-amb-seguretat-juridica\\\/#primaryimage\"},\"image\":{\"@id\":\"https:\\\/\\\/canfali.com\\\/ca-es\\\/compromis-presenta-al-congres-esmenes-a-la-llei-de-costes-per-uns-deslindes-mes-justos-i-amb-seguretat-juridica\\\/#primaryimage\"},\"thumbnailUrl\":\"https:\\\/\\\/canfali.com\\\/app\\\/uploads\\\/2026\\\/01\\\/rdp.jpeg\",\"datePublished\":\"2026-01-19T17:13:07+00:00\",\"dateModified\":\"2026-01-19T17:17:51+00:00\",\"breadcrumb\":{\"@id\":\"https:\\\/\\\/canfali.com\\\/ca-es\\\/compromis-presenta-al-congres-esmenes-a-la-llei-de-costes-per-uns-deslindes-mes-justos-i-amb-seguretat-juridica\\\/#breadcrumb\"},\"inLanguage\":\"va-ES\",\"potentialAction\":[{\"@type\":\"ReadAction\",\"target\":[\"https:\\\/\\\/canfali.com\\\/ca-es\\\/compromis-presenta-al-congres-esmenes-a-la-llei-de-costes-per-uns-deslindes-mes-justos-i-amb-seguretat-juridica\\\/\"]}]},{\"@type\":\"ImageObject\",\"inLanguage\":\"va-ES\",\"@id\":\"https:\\\/\\\/canfali.com\\\/ca-es\\\/compromis-presenta-al-congres-esmenes-a-la-llei-de-costes-per-uns-deslindes-mes-justos-i-amb-seguretat-juridica\\\/#primaryimage\",\"url\":\"https:\\\/\\\/canfali.com\\\/app\\\/uploads\\\/2026\\\/01\\\/rdp.jpeg\",\"contentUrl\":\"https:\\\/\\\/canfali.com\\\/app\\\/uploads\\\/2026\\\/01\\\/rdp.jpeg\",\"width\":1600,\"height\":1200},{\"@type\":\"BreadcrumbList\",\"@id\":\"https:\\\/\\\/canfali.com\\\/ca-es\\\/compromis-presenta-al-congres-esmenes-a-la-llei-de-costes-per-uns-deslindes-mes-justos-i-amb-seguretat-juridica\\\/#breadcrumb\",\"itemListElement\":[{\"@type\":\"ListItem\",\"position\":1,\"name\":\"Portada\",\"item\":\"https:\\\/\\\/canfali.com\\\/ca-es\\\/\"},{\"@type\":\"ListItem\",\"position\":2,\"name\":\"Comprom\u00eds presenta al Congr\u00e9s esmenes a la Llei de Costes per uns deslindes m\u00e9s justos i amb seguretat jur\u00eddica\"}]},{\"@type\":\"WebSite\",\"@id\":\"https:\\\/\\\/canfali.com\\\/ca-es\\\/#website\",\"url\":\"https:\\\/\\\/canfali.com\\\/ca-es\\\/\",\"name\":\"Canfali\",\"description\":\"\",\"publisher\":{\"@id\":\"https:\\\/\\\/canfali.com\\\/ca-es\\\/#organization\"},\"potentialAction\":[{\"@type\":\"SearchAction\",\"target\":{\"@type\":\"EntryPoint\",\"urlTemplate\":\"https:\\\/\\\/canfali.com\\\/ca-es\\\/?s={search_term_string}\"},\"query-input\":{\"@type\":\"PropertyValueSpecification\",\"valueRequired\":true,\"valueName\":\"search_term_string\"}}],\"inLanguage\":\"va-ES\"},{\"@type\":\"Organization\",\"@id\":\"https:\\\/\\\/canfali.com\\\/ca-es\\\/#organization\",\"name\":\"Canfali\",\"url\":\"https:\\\/\\\/canfali.com\\\/ca-es\\\/\",\"logo\":{\"@type\":\"ImageObject\",\"inLanguage\":\"va-ES\",\"@id\":\"https:\\\/\\\/canfali.com\\\/ca-es\\\/#\\\/schema\\\/logo\\\/image\\\/\",\"url\":\"https:\\\/\\\/canfali.com\\\/app\\\/uploads\\\/2025\\\/12\\\/canfali_marina_alta_logo.png\",\"contentUrl\":\"https:\\\/\\\/canfali.com\\\/app\\\/uploads\\\/2025\\\/12\\\/canfali_marina_alta_logo.png\",\"width\":225,\"height\":225,\"caption\":\"Canfali\"},\"image\":{\"@id\":\"https:\\\/\\\/canfali.com\\\/ca-es\\\/#\\\/schema\\\/logo\\\/image\\\/\"},\"sameAs\":[\"https:\\\/\\\/es-es.facebook.com\\\/CANFALIMarinaAlta\",\"https:\\\/\\\/x.com\\\/canfalima\",\"https:\\\/\\\/www.instagram.com\\\/canfalimarinaalta\\\/\"]},{\"@type\":\"Person\",\"@id\":\"https:\\\/\\\/canfali.com\\\/ca-es\\\/#\\\/schema\\\/person\\\/9c651adc904f3c4e0243f54407751557\",\"name\":\"Bolta\",\"image\":{\"@type\":\"ImageObject\",\"inLanguage\":\"va-ES\",\"@id\":\"https:\\\/\\\/secure.gravatar.com\\\/avatar\\\/550a5d97fe3cfba5caf077b9600e46529e1977e9d14396836e775d6d9d895a81?s=96&d=mm&r=g\",\"url\":\"https:\\\/\\\/secure.gravatar.com\\\/avatar\\\/550a5d97fe3cfba5caf077b9600e46529e1977e9d14396836e775d6d9d895a81?s=96&d=mm&r=g\",\"contentUrl\":\"https:\\\/\\\/secure.gravatar.com\\\/avatar\\\/550a5d97fe3cfba5caf077b9600e46529e1977e9d14396836e775d6d9d895a81?s=96&d=mm&r=g\",\"caption\":\"Bolta\"},\"url\":\"https:\\\/\\\/canfali.com\\\/ca-es\\\/author\\\/bolta\\\/\"}]}<\/script>\n<!-- \/ Yoast SEO Premium plugin. -->","yoast_head_json":{"title":"Comprom\u00eds presenta al Congr\u00e9s esmenes a la Llei de Costes per uns deslindes m\u00e9s justos i amb seguretat jur\u00eddica - Canfali","robots":{"index":"index","follow":"follow","max-snippet":"max-snippet:-1","max-image-preview":"max-image-preview:large","max-video-preview":"max-video-preview:-1"},"canonical":"https:\/\/canfali.com\/ca-es\/compromis-presenta-al-congres-esmenes-a-la-llei-de-costes-per-uns-deslindes-mes-justos-i-amb-seguretat-juridica\/","og_locale":"en_US","og_type":"article","og_title":"Comprom\u00eds presenta al Congr\u00e9s esmenes a la Llei de Costes per uns deslindes m\u00e9s justos i amb seguretat jur\u00eddica","og_description":"&#13; Comprom\u00eds ha presentat un conjunt d&#8217;esmenes a la modificaci\u00f3 de la Llei de Costes que actualment es&hellip;","og_url":"https:\/\/canfali.com\/ca-es\/compromis-presenta-al-congres-esmenes-a-la-llei-de-costes-per-uns-deslindes-mes-justos-i-amb-seguretat-juridica\/","og_site_name":"Canfali","article_publisher":"https:\/\/es-es.facebook.com\/CANFALIMarinaAlta","article_published_time":"2026-01-19T17:13:07+00:00","article_modified_time":"2026-01-19T17:17:51+00:00","og_image":[{"width":1600,"height":1200,"url":"https:\/\/canfali.com\/app\/uploads\/2026\/01\/rdp.jpeg","type":"image\/jpeg"}],"author":"Bolta","twitter_card":"summary_large_image","twitter_creator":"@canfalima","twitter_site":"@canfalima","twitter_misc":{"Written by":"Bolta","Est. reading time":"4 minutes"},"schema":{"@context":"https:\/\/schema.org","@graph":[{"@type":"NewsArticle","@id":"https:\/\/canfali.com\/ca-es\/compromis-presenta-al-congres-esmenes-a-la-llei-de-costes-per-uns-deslindes-mes-justos-i-amb-seguretat-juridica\/#article","isPartOf":{"@id":"https:\/\/canfali.com\/ca-es\/compromis-presenta-al-congres-esmenes-a-la-llei-de-costes-per-uns-deslindes-mes-justos-i-amb-seguretat-juridica\/"},"author":{"name":"Bolta","@id":"https:\/\/canfali.com\/ca-es\/#\/schema\/person\/9c651adc904f3c4e0243f54407751557"},"headline":"Comprom\u00eds presenta al Congr\u00e9s esmenes a la Llei de Costes per uns deslindes m\u00e9s justos i amb seguretat jur\u00eddica","datePublished":"2026-01-19T17:13:07+00:00","dateModified":"2026-01-19T17:17:51+00:00","mainEntityOfPage":{"@id":"https:\/\/canfali.com\/ca-es\/compromis-presenta-al-congres-esmenes-a-la-llei-de-costes-per-uns-deslindes-mes-justos-i-amb-seguretat-juridica\/"},"wordCount":798,"publisher":{"@id":"https:\/\/canfali.com\/ca-es\/#organization"},"image":{"@id":"https:\/\/canfali.com\/ca-es\/compromis-presenta-al-congres-esmenes-a-la-llei-de-costes-per-uns-deslindes-mes-justos-i-amb-seguretat-juridica\/#primaryimage"},"thumbnailUrl":"https:\/\/canfali.com\/app\/uploads\/2026\/01\/rdp.jpeg","keywords":["Comprom\u00eds","Congr\u00e9s dels Diputats","costes","litoral","Llei de Costes"],"articleSection":["Pol\u00edtica"],"inLanguage":"va-ES","copyrightYear":"2026","copyrightHolder":{"@id":"https:\/\/canfali.com\/#organization"}},{"@type":"WebPage","@id":"https:\/\/canfali.com\/ca-es\/compromis-presenta-al-congres-esmenes-a-la-llei-de-costes-per-uns-deslindes-mes-justos-i-amb-seguretat-juridica\/","url":"https:\/\/canfali.com\/ca-es\/compromis-presenta-al-congres-esmenes-a-la-llei-de-costes-per-uns-deslindes-mes-justos-i-amb-seguretat-juridica\/","name":"Comprom\u00eds presenta al Congr\u00e9s esmenes a la Llei de Costes per uns deslindes m\u00e9s justos i amb seguretat jur\u00eddica - Canfali","isPartOf":{"@id":"https:\/\/canfali.com\/ca-es\/#website"},"primaryImageOfPage":{"@id":"https:\/\/canfali.com\/ca-es\/compromis-presenta-al-congres-esmenes-a-la-llei-de-costes-per-uns-deslindes-mes-justos-i-amb-seguretat-juridica\/#primaryimage"},"image":{"@id":"https:\/\/canfali.com\/ca-es\/compromis-presenta-al-congres-esmenes-a-la-llei-de-costes-per-uns-deslindes-mes-justos-i-amb-seguretat-juridica\/#primaryimage"},"thumbnailUrl":"https:\/\/canfali.com\/app\/uploads\/2026\/01\/rdp.jpeg","datePublished":"2026-01-19T17:13:07+00:00","dateModified":"2026-01-19T17:17:51+00:00","breadcrumb":{"@id":"https:\/\/canfali.com\/ca-es\/compromis-presenta-al-congres-esmenes-a-la-llei-de-costes-per-uns-deslindes-mes-justos-i-amb-seguretat-juridica\/#breadcrumb"},"inLanguage":"va-ES","potentialAction":[{"@type":"ReadAction","target":["https:\/\/canfali.com\/ca-es\/compromis-presenta-al-congres-esmenes-a-la-llei-de-costes-per-uns-deslindes-mes-justos-i-amb-seguretat-juridica\/"]}]},{"@type":"ImageObject","inLanguage":"va-ES","@id":"https:\/\/canfali.com\/ca-es\/compromis-presenta-al-congres-esmenes-a-la-llei-de-costes-per-uns-deslindes-mes-justos-i-amb-seguretat-juridica\/#primaryimage","url":"https:\/\/canfali.com\/app\/uploads\/2026\/01\/rdp.jpeg","contentUrl":"https:\/\/canfali.com\/app\/uploads\/2026\/01\/rdp.jpeg","width":1600,"height":1200},{"@type":"BreadcrumbList","@id":"https:\/\/canfali.com\/ca-es\/compromis-presenta-al-congres-esmenes-a-la-llei-de-costes-per-uns-deslindes-mes-justos-i-amb-seguretat-juridica\/#breadcrumb","itemListElement":[{"@type":"ListItem","position":1,"name":"Portada","item":"https:\/\/canfali.com\/ca-es\/"},{"@type":"ListItem","position":2,"name":"Comprom\u00eds presenta al Congr\u00e9s esmenes a la Llei de Costes per uns deslindes m\u00e9s justos i amb seguretat jur\u00eddica"}]},{"@type":"WebSite","@id":"https:\/\/canfali.com\/ca-es\/#website","url":"https:\/\/canfali.com\/ca-es\/","name":"Canfali","description":"","publisher":{"@id":"https:\/\/canfali.com\/ca-es\/#organization"},"potentialAction":[{"@type":"SearchAction","target":{"@type":"EntryPoint","urlTemplate":"https:\/\/canfali.com\/ca-es\/?s={search_term_string}"},"query-input":{"@type":"PropertyValueSpecification","valueRequired":true,"valueName":"search_term_string"}}],"inLanguage":"va-ES"},{"@type":"Organization","@id":"https:\/\/canfali.com\/ca-es\/#organization","name":"Canfali","url":"https:\/\/canfali.com\/ca-es\/","logo":{"@type":"ImageObject","inLanguage":"va-ES","@id":"https:\/\/canfali.com\/ca-es\/#\/schema\/logo\/image\/","url":"https:\/\/canfali.com\/app\/uploads\/2025\/12\/canfali_marina_alta_logo.png","contentUrl":"https:\/\/canfali.com\/app\/uploads\/2025\/12\/canfali_marina_alta_logo.png","width":225,"height":225,"caption":"Canfali"},"image":{"@id":"https:\/\/canfali.com\/ca-es\/#\/schema\/logo\/image\/"},"sameAs":["https:\/\/es-es.facebook.com\/CANFALIMarinaAlta","https:\/\/x.com\/canfalima","https:\/\/www.instagram.com\/canfalimarinaalta\/"]},{"@type":"Person","@id":"https:\/\/canfali.com\/ca-es\/#\/schema\/person\/9c651adc904f3c4e0243f54407751557","name":"Bolta","image":{"@type":"ImageObject","inLanguage":"va-ES","@id":"https:\/\/secure.gravatar.com\/avatar\/550a5d97fe3cfba5caf077b9600e46529e1977e9d14396836e775d6d9d895a81?s=96&d=mm&r=g","url":"https:\/\/secure.gravatar.com\/avatar\/550a5d97fe3cfba5caf077b9600e46529e1977e9d14396836e775d6d9d895a81?s=96&d=mm&r=g","contentUrl":"https:\/\/secure.gravatar.com\/avatar\/550a5d97fe3cfba5caf077b9600e46529e1977e9d14396836e775d6d9d895a81?s=96&d=mm&r=g","caption":"Bolta"},"url":"https:\/\/canfali.com\/ca-es\/author\/bolta\/"}]}},"_links":{"self":[{"href":"https:\/\/canfali.com\/ca-es\/wp-json\/wp\/v2\/posts\/86829","targetHints":{"allow":["GET"]}}],"collection":[{"href":"https:\/\/canfali.com\/ca-es\/wp-json\/wp\/v2\/posts"}],"about":[{"href":"https:\/\/canfali.com\/ca-es\/wp-json\/wp\/v2\/types\/post"}],"author":[{"embeddable":true,"href":"https:\/\/canfali.com\/ca-es\/wp-json\/wp\/v2\/users\/7"}],"replies":[{"embeddable":true,"href":"https:\/\/canfali.com\/ca-es\/wp-json\/wp\/v2\/comments?post=86829"}],"version-history":[{"count":1,"href":"https:\/\/canfali.com\/ca-es\/wp-json\/wp\/v2\/posts\/86829\/revisions"}],"predecessor-version":[{"id":86830,"href":"https:\/\/canfali.com\/ca-es\/wp-json\/wp\/v2\/posts\/86829\/revisions\/86830"}],"wp:featuredmedia":[{"embeddable":true,"href":"https:\/\/canfali.com\/ca-es\/wp-json\/wp\/v2\/media\/86827"}],"wp:attachment":[{"href":"https:\/\/canfali.com\/ca-es\/wp-json\/wp\/v2\/media?parent=86829"}],"wp:term":[{"taxonomy":"category","embeddable":true,"href":"https:\/\/canfali.com\/ca-es\/wp-json\/wp\/v2\/categories?post=86829"},{"taxonomy":"post_tag","embeddable":true,"href":"https:\/\/canfali.com\/ca-es\/wp-json\/wp\/v2\/tags?post=86829"}],"curies":[{"name":"wp","href":"https:\/\/api.w.org\/{rel}","templated":true}]}}