{"id":86792,"date":"2026-01-19T11:40:46","date_gmt":"2026-01-19T10:40:46","guid":{"rendered":"https:\/\/canfali.com\/?p=86792"},"modified":"2026-01-19T11:40:47","modified_gmt":"2026-01-19T10:40:47","slug":"el-pedagog-gino-ferri-vertebra-la-viii-trobada-deducacio-infantil-a-ondara","status":"publish","type":"post","link":"https:\/\/canfali.com\/ca-es\/el-pedagog-gino-ferri-vertebra-la-viii-trobada-deducacio-infantil-a-ondara\/","title":{"rendered":"El ped\u00e0gog Gino Ferri vertebra la VIII Trobada d\u2019Educaci\u00f3 Infantil a Ondara"},"content":{"rendered":"\n<p><strong>Impartir\u00e0 la jornada <em>Donar identitat i significat a la vida en l\u2019escola <\/em>el 14 de febrer<\/strong><\/p>\n\n\n\n<p>La Regidoria d\u2019Educaci\u00f3 de l\u2019Ajuntament d\u2019Ondara ha organitzat la VIII Trobada d\u2019Educaci\u00f3 Infantil de la Marina Alta amb la col\u00b7laboraci\u00f3 del col\u00b7lectiu Teixint la Inf\u00e0ncia per al dissabte 14 de febrer.<\/p>\n\n\n\n<p>L\u2019esdeveniment, consolidat com una cita formativa de refer\u00e8ncia a la comarca, va especialment adre\u00e7at al professorat i al personal educador de l\u2019etapa de 0 a 6 anys, i enguany se centra en el paper de l\u2019espai educatiu i de l\u2019organitzaci\u00f3 dels temps quotidians, com a tem\u00e0tica clau per a repensar la vida di\u00e0ria als centres d\u2019educaci\u00f3 infantil.<\/p>\n\n\n\n<figure class=\"wp-block-image size-large\"><img decoding=\"async\" src=\"https:\/\/canfali.com\/app\/uploads\/2026\/01\/trobadaeducinfantil2-724x1024.png.webp\" alt=\"\" class=\"wp-image-86793\"\/><\/figure>\n\n\n\n<p>Segons ha informat la responsable de l\u2019\u00e0rea, Rosa Ana Mar\u00ed, l\u2019activitat t\u00e9 com a fil conductor <em>Donar identitat i significat a la vida en l\u2019escola<\/em>, a c\u00e0rrec del prestigi\u00f3s pedagog itali\u00e0 Gino Ferri. El tamb\u00e9 assessor de professorat a Catalunya i al Pa\u00eds Valenci\u00e0, que ja va participar en la VI edici\u00f3 de la trobada dedicada als processos de transformaci\u00f3 educativa, tornar\u00e0 enguany a Ondara per impartir les dues parts del programa formatiu, aportant la seua mirada experta sobre la import\u00e0ncia dels espais i del temps en els processos d\u2019aprenentatge.<\/p>\n\n\n\n<p>En concret, ha detallat que la jornada t\u00e9 previst comen\u00e7ar a les 8.30 hores amb la recepci\u00f3, que donar\u00e0 pas a la benvinguda institucional que compartir\u00e0 amb l\u2019inspector d\u2019Educaci\u00f3, Andreu Almi\u00f1ana, i a la primera pon\u00e8ncia sobre el paper de l\u2019espai educatiu, seguida d\u2019un col\u00b7loqui, una pausa per al caf\u00e9 i, a partir de les 11.45 h. Aquest equador, cedir\u00e0 el protagonisme a l\u2019organitzaci\u00f3 dels temps quotidians que es perllongar\u00e0 fins les 14 h.<\/p>\n\n\n\n<p>\u201cLa trobada s\u2019ha consolidat com una iniciativa comarcal imprescindible per compartir mirades, refor\u00e7ar la pr\u00e0ctica educativa i continuar avan\u00e7ant en un model d\u2019escola que done sentit i identitat a la inf\u00e0ncia\u201d, ha manifestat la regidora per a remetre als interessats en participar a formalitzar la inscripci\u00f3 a trav\u00e9s del portal <a href=\"http:\/\/www.agendaondara.es\">www.agendaondara.es<\/a> al preu de 6 euros, i resoldre dubtes o obtenir m\u00e9s informaci\u00f3 al &nbsp;Departament d\u2019Educaci\u00f3 de l\u2019Ajuntament d\u2019Ondara.<\/p>\n","protected":false},"excerpt":{"rendered":"Impartir\u00e0 la jornada Donar identitat i significat a la vida en l\u2019escola el 14 de febrer La Regidoria&hellip;","protected":false},"author":4,"featured_media":86795,"comment_status":"closed","ping_status":"closed","sticky":false,"template":"","format":"standard","meta":{"csco_display_header_overlay":false,"csco_singular_sidebar":"","csco_page_header_type":"","csco_page_load_nextpost":"","csco_post_video_location":[],"csco_post_video_location_hash":"","csco_post_video_url":"","csco_post_video_bg_start_time":0,"csco_post_video_bg_end_time":0,"footnotes":""},"categories":[759],"tags":[763,6042,6041,661,1251],"class_list":{"0":"post-86792","1":"post","2":"type-post","3":"status-publish","4":"format-standard","5":"has-post-thumbnail","7":"category-educacio","8":"tag-educacio","9":"tag-gino-ferri","10":"tag-infantil","11":"tag-ondara-2","12":"tag-trobada","13":"cs-entry","14":"cs-video-wrap"},"yoast_head":"<!-- This site is optimized with the Yoast SEO Premium plugin v26.6 (Yoast SEO v27.3) - https:\/\/yoast.com\/product\/yoast-seo-premium-wordpress\/ -->\n<title>El ped\u00e0gog Gino Ferri vertebra la VIII Trobada d\u2019Educaci\u00f3 Infantil a Ondara - Canfali<\/title>\n<meta name=\"robots\" content=\"index, follow, max-snippet:-1, max-image-preview:large, max-video-preview:-1\" \/>\n<link rel=\"canonical\" href=\"https:\/\/canfali.com\/ca-es\/el-pedagog-gino-ferri-vertebra-la-viii-trobada-deducacio-infantil-a-ondara\/\" \/>\n<meta property=\"og:locale\" content=\"en_US\" \/>\n<meta property=\"og:type\" content=\"article\" \/>\n<meta property=\"og:title\" content=\"El ped\u00e0gog Gino Ferri vertebra la VIII Trobada d\u2019Educaci\u00f3 Infantil a Ondara\" \/>\n<meta property=\"og:description\" content=\"Impartir\u00e0 la jornada Donar identitat i significat a la vida en l\u2019escola el 14 de febrer La Regidoria&hellip;\" \/>\n<meta property=\"og:url\" content=\"https:\/\/canfali.com\/ca-es\/el-pedagog-gino-ferri-vertebra-la-viii-trobada-deducacio-infantil-a-ondara\/\" \/>\n<meta property=\"og:site_name\" content=\"Canfali\" \/>\n<meta property=\"article:publisher\" content=\"https:\/\/es-es.facebook.com\/CANFALIMarinaAlta\" \/>\n<meta property=\"article:published_time\" content=\"2026-01-19T10:40:46+00:00\" \/>\n<meta property=\"article:modified_time\" content=\"2026-01-19T10:40:47+00:00\" \/>\n<meta property=\"og:image\" content=\"https:\/\/canfali.com\/app\/uploads\/2026\/01\/trobadaeducinfantil.png\" \/>\n\t<meta property=\"og:image:width\" content=\"1587\" \/>\n\t<meta property=\"og:image:height\" content=\"2245\" \/>\n\t<meta property=\"og:image:type\" content=\"image\/png\" \/>\n<meta name=\"author\" content=\"JJ Mas\" \/>\n<meta name=\"twitter:card\" content=\"summary_large_image\" \/>\n<meta name=\"twitter:creator\" content=\"@canfalima\" \/>\n<meta name=\"twitter:site\" content=\"@canfalima\" \/>\n<meta name=\"twitter:label1\" content=\"Written by\" \/>\n\t<meta name=\"twitter:data1\" content=\"JJ Mas\" \/>\n\t<meta name=\"twitter:label2\" content=\"Est. reading time\" \/>\n\t<meta name=\"twitter:data2\" content=\"2 minutes\" \/>\n<script type=\"application\/ld+json\" class=\"yoast-schema-graph\">{\"@context\":\"https:\\\/\\\/schema.org\",\"@graph\":[{\"@type\":\"NewsArticle\",\"@id\":\"https:\\\/\\\/canfali.com\\\/ca-es\\\/el-pedagog-gino-ferri-vertebra-la-viii-trobada-deducacio-infantil-a-ondara\\\/#article\",\"isPartOf\":{\"@id\":\"https:\\\/\\\/canfali.com\\\/ca-es\\\/el-pedagog-gino-ferri-vertebra-la-viii-trobada-deducacio-infantil-a-ondara\\\/\"},\"author\":{\"name\":\"JJ Mas\",\"@id\":\"https:\\\/\\\/canfali.com\\\/ca-es\\\/#\\\/schema\\\/person\\\/d834d2d4df17cac754d3c314d4c404ef\"},\"headline\":\"El ped\u00e0gog Gino Ferri vertebra la VIII Trobada d\u2019Educaci\u00f3 Infantil a Ondara\",\"datePublished\":\"2026-01-19T10:40:46+00:00\",\"dateModified\":\"2026-01-19T10:40:47+00:00\",\"mainEntityOfPage\":{\"@id\":\"https:\\\/\\\/canfali.com\\\/ca-es\\\/el-pedagog-gino-ferri-vertebra-la-viii-trobada-deducacio-infantil-a-ondara\\\/\"},\"wordCount\":391,\"publisher\":{\"@id\":\"https:\\\/\\\/canfali.com\\\/ca-es\\\/#organization\"},\"image\":{\"@id\":\"https:\\\/\\\/canfali.com\\\/ca-es\\\/el-pedagog-gino-ferri-vertebra-la-viii-trobada-deducacio-infantil-a-ondara\\\/#primaryimage\"},\"thumbnailUrl\":\"https:\\\/\\\/canfali.com\\\/app\\\/uploads\\\/2026\\\/01\\\/trobadaeducinfantil.png\",\"keywords\":[\"educaci\u00f3\",\"Gino Ferri\",\"Infantil\",\"Ondara\",\"trobada\"],\"articleSection\":[\"Educaci\u00f3\"],\"inLanguage\":\"va-ES\",\"copyrightYear\":\"2026\",\"copyrightHolder\":{\"@id\":\"https:\\\/\\\/canfali.com\\\/#organization\"}},{\"@type\":\"WebPage\",\"@id\":\"https:\\\/\\\/canfali.com\\\/ca-es\\\/el-pedagog-gino-ferri-vertebra-la-viii-trobada-deducacio-infantil-a-ondara\\\/\",\"url\":\"https:\\\/\\\/canfali.com\\\/ca-es\\\/el-pedagog-gino-ferri-vertebra-la-viii-trobada-deducacio-infantil-a-ondara\\\/\",\"name\":\"El ped\u00e0gog Gino Ferri vertebra la VIII Trobada d\u2019Educaci\u00f3 Infantil a Ondara - Canfali\",\"isPartOf\":{\"@id\":\"https:\\\/\\\/canfali.com\\\/ca-es\\\/#website\"},\"primaryImageOfPage\":{\"@id\":\"https:\\\/\\\/canfali.com\\\/ca-es\\\/el-pedagog-gino-ferri-vertebra-la-viii-trobada-deducacio-infantil-a-ondara\\\/#primaryimage\"},\"image\":{\"@id\":\"https:\\\/\\\/canfali.com\\\/ca-es\\\/el-pedagog-gino-ferri-vertebra-la-viii-trobada-deducacio-infantil-a-ondara\\\/#primaryimage\"},\"thumbnailUrl\":\"https:\\\/\\\/canfali.com\\\/app\\\/uploads\\\/2026\\\/01\\\/trobadaeducinfantil.png\",\"datePublished\":\"2026-01-19T10:40:46+00:00\",\"dateModified\":\"2026-01-19T10:40:47+00:00\",\"breadcrumb\":{\"@id\":\"https:\\\/\\\/canfali.com\\\/ca-es\\\/el-pedagog-gino-ferri-vertebra-la-viii-trobada-deducacio-infantil-a-ondara\\\/#breadcrumb\"},\"inLanguage\":\"va-ES\",\"potentialAction\":[{\"@type\":\"ReadAction\",\"target\":[\"https:\\\/\\\/canfali.com\\\/ca-es\\\/el-pedagog-gino-ferri-vertebra-la-viii-trobada-deducacio-infantil-a-ondara\\\/\"]}]},{\"@type\":\"ImageObject\",\"inLanguage\":\"va-ES\",\"@id\":\"https:\\\/\\\/canfali.com\\\/ca-es\\\/el-pedagog-gino-ferri-vertebra-la-viii-trobada-deducacio-infantil-a-ondara\\\/#primaryimage\",\"url\":\"https:\\\/\\\/canfali.com\\\/app\\\/uploads\\\/2026\\\/01\\\/trobadaeducinfantil.png\",\"contentUrl\":\"https:\\\/\\\/canfali.com\\\/app\\\/uploads\\\/2026\\\/01\\\/trobadaeducinfantil.png\",\"width\":1587,\"height\":2245},{\"@type\":\"BreadcrumbList\",\"@id\":\"https:\\\/\\\/canfali.com\\\/ca-es\\\/el-pedagog-gino-ferri-vertebra-la-viii-trobada-deducacio-infantil-a-ondara\\\/#breadcrumb\",\"itemListElement\":[{\"@type\":\"ListItem\",\"position\":1,\"name\":\"Portada\",\"item\":\"https:\\\/\\\/canfali.com\\\/ca-es\\\/\"},{\"@type\":\"ListItem\",\"position\":2,\"name\":\"El ped\u00e0gog Gino Ferri vertebra la VIII Trobada d\u2019Educaci\u00f3 Infantil a Ondara\"}]},{\"@type\":\"WebSite\",\"@id\":\"https:\\\/\\\/canfali.com\\\/ca-es\\\/#website\",\"url\":\"https:\\\/\\\/canfali.com\\\/ca-es\\\/\",\"name\":\"Canfali\",\"description\":\"\",\"publisher\":{\"@id\":\"https:\\\/\\\/canfali.com\\\/ca-es\\\/#organization\"},\"potentialAction\":[{\"@type\":\"SearchAction\",\"target\":{\"@type\":\"EntryPoint\",\"urlTemplate\":\"https:\\\/\\\/canfali.com\\\/ca-es\\\/?s={search_term_string}\"},\"query-input\":{\"@type\":\"PropertyValueSpecification\",\"valueRequired\":true,\"valueName\":\"search_term_string\"}}],\"inLanguage\":\"va-ES\"},{\"@type\":\"Organization\",\"@id\":\"https:\\\/\\\/canfali.com\\\/ca-es\\\/#organization\",\"name\":\"Canfali\",\"url\":\"https:\\\/\\\/canfali.com\\\/ca-es\\\/\",\"logo\":{\"@type\":\"ImageObject\",\"inLanguage\":\"va-ES\",\"@id\":\"https:\\\/\\\/canfali.com\\\/ca-es\\\/#\\\/schema\\\/logo\\\/image\\\/\",\"url\":\"https:\\\/\\\/canfali.com\\\/app\\\/uploads\\\/2025\\\/12\\\/canfali_marina_alta_logo.png\",\"contentUrl\":\"https:\\\/\\\/canfali.com\\\/app\\\/uploads\\\/2025\\\/12\\\/canfali_marina_alta_logo.png\",\"width\":225,\"height\":225,\"caption\":\"Canfali\"},\"image\":{\"@id\":\"https:\\\/\\\/canfali.com\\\/ca-es\\\/#\\\/schema\\\/logo\\\/image\\\/\"},\"sameAs\":[\"https:\\\/\\\/es-es.facebook.com\\\/CANFALIMarinaAlta\",\"https:\\\/\\\/x.com\\\/canfalima\",\"https:\\\/\\\/www.instagram.com\\\/canfalimarinaalta\\\/\"]},{\"@type\":\"Person\",\"@id\":\"https:\\\/\\\/canfali.com\\\/ca-es\\\/#\\\/schema\\\/person\\\/d834d2d4df17cac754d3c314d4c404ef\",\"name\":\"JJ Mas\",\"image\":{\"@type\":\"ImageObject\",\"inLanguage\":\"va-ES\",\"@id\":\"https:\\\/\\\/secure.gravatar.com\\\/avatar\\\/65a5191f5438bf88c2394f6d1a625a6ff903c8785268e603c623a83bc15ba1ee?s=96&d=mm&r=g\",\"url\":\"https:\\\/\\\/secure.gravatar.com\\\/avatar\\\/65a5191f5438bf88c2394f6d1a625a6ff903c8785268e603c623a83bc15ba1ee?s=96&d=mm&r=g\",\"contentUrl\":\"https:\\\/\\\/secure.gravatar.com\\\/avatar\\\/65a5191f5438bf88c2394f6d1a625a6ff903c8785268e603c623a83bc15ba1ee?s=96&d=mm&r=g\",\"caption\":\"JJ Mas\"},\"url\":\"https:\\\/\\\/canfali.com\\\/ca-es\\\/author\\\/jj\\\/\"}]}<\/script>\n<!-- \/ Yoast SEO Premium plugin. -->","yoast_head_json":{"title":"El ped\u00e0gog Gino Ferri vertebra la VIII Trobada d\u2019Educaci\u00f3 Infantil a Ondara - Canfali","robots":{"index":"index","follow":"follow","max-snippet":"max-snippet:-1","max-image-preview":"max-image-preview:large","max-video-preview":"max-video-preview:-1"},"canonical":"https:\/\/canfali.com\/ca-es\/el-pedagog-gino-ferri-vertebra-la-viii-trobada-deducacio-infantil-a-ondara\/","og_locale":"en_US","og_type":"article","og_title":"El ped\u00e0gog Gino Ferri vertebra la VIII Trobada d\u2019Educaci\u00f3 Infantil a Ondara","og_description":"Impartir\u00e0 la jornada Donar identitat i significat a la vida en l\u2019escola el 14 de febrer La Regidoria&hellip;","og_url":"https:\/\/canfali.com\/ca-es\/el-pedagog-gino-ferri-vertebra-la-viii-trobada-deducacio-infantil-a-ondara\/","og_site_name":"Canfali","article_publisher":"https:\/\/es-es.facebook.com\/CANFALIMarinaAlta","article_published_time":"2026-01-19T10:40:46+00:00","article_modified_time":"2026-01-19T10:40:47+00:00","og_image":[{"width":1587,"height":2245,"url":"https:\/\/canfali.com\/app\/uploads\/2026\/01\/trobadaeducinfantil.png","type":"image\/png"}],"author":"JJ Mas","twitter_card":"summary_large_image","twitter_creator":"@canfalima","twitter_site":"@canfalima","twitter_misc":{"Written by":"JJ Mas","Est. reading time":"2 minutes"},"schema":{"@context":"https:\/\/schema.org","@graph":[{"@type":"NewsArticle","@id":"https:\/\/canfali.com\/ca-es\/el-pedagog-gino-ferri-vertebra-la-viii-trobada-deducacio-infantil-a-ondara\/#article","isPartOf":{"@id":"https:\/\/canfali.com\/ca-es\/el-pedagog-gino-ferri-vertebra-la-viii-trobada-deducacio-infantil-a-ondara\/"},"author":{"name":"JJ Mas","@id":"https:\/\/canfali.com\/ca-es\/#\/schema\/person\/d834d2d4df17cac754d3c314d4c404ef"},"headline":"El ped\u00e0gog Gino Ferri vertebra la VIII Trobada d\u2019Educaci\u00f3 Infantil a Ondara","datePublished":"2026-01-19T10:40:46+00:00","dateModified":"2026-01-19T10:40:47+00:00","mainEntityOfPage":{"@id":"https:\/\/canfali.com\/ca-es\/el-pedagog-gino-ferri-vertebra-la-viii-trobada-deducacio-infantil-a-ondara\/"},"wordCount":391,"publisher":{"@id":"https:\/\/canfali.com\/ca-es\/#organization"},"image":{"@id":"https:\/\/canfali.com\/ca-es\/el-pedagog-gino-ferri-vertebra-la-viii-trobada-deducacio-infantil-a-ondara\/#primaryimage"},"thumbnailUrl":"https:\/\/canfali.com\/app\/uploads\/2026\/01\/trobadaeducinfantil.png","keywords":["educaci\u00f3","Gino Ferri","Infantil","Ondara","trobada"],"articleSection":["Educaci\u00f3"],"inLanguage":"va-ES","copyrightYear":"2026","copyrightHolder":{"@id":"https:\/\/canfali.com\/#organization"}},{"@type":"WebPage","@id":"https:\/\/canfali.com\/ca-es\/el-pedagog-gino-ferri-vertebra-la-viii-trobada-deducacio-infantil-a-ondara\/","url":"https:\/\/canfali.com\/ca-es\/el-pedagog-gino-ferri-vertebra-la-viii-trobada-deducacio-infantil-a-ondara\/","name":"El ped\u00e0gog Gino Ferri vertebra la VIII Trobada d\u2019Educaci\u00f3 Infantil a Ondara - Canfali","isPartOf":{"@id":"https:\/\/canfali.com\/ca-es\/#website"},"primaryImageOfPage":{"@id":"https:\/\/canfali.com\/ca-es\/el-pedagog-gino-ferri-vertebra-la-viii-trobada-deducacio-infantil-a-ondara\/#primaryimage"},"image":{"@id":"https:\/\/canfali.com\/ca-es\/el-pedagog-gino-ferri-vertebra-la-viii-trobada-deducacio-infantil-a-ondara\/#primaryimage"},"thumbnailUrl":"https:\/\/canfali.com\/app\/uploads\/2026\/01\/trobadaeducinfantil.png","datePublished":"2026-01-19T10:40:46+00:00","dateModified":"2026-01-19T10:40:47+00:00","breadcrumb":{"@id":"https:\/\/canfali.com\/ca-es\/el-pedagog-gino-ferri-vertebra-la-viii-trobada-deducacio-infantil-a-ondara\/#breadcrumb"},"inLanguage":"va-ES","potentialAction":[{"@type":"ReadAction","target":["https:\/\/canfali.com\/ca-es\/el-pedagog-gino-ferri-vertebra-la-viii-trobada-deducacio-infantil-a-ondara\/"]}]},{"@type":"ImageObject","inLanguage":"va-ES","@id":"https:\/\/canfali.com\/ca-es\/el-pedagog-gino-ferri-vertebra-la-viii-trobada-deducacio-infantil-a-ondara\/#primaryimage","url":"https:\/\/canfali.com\/app\/uploads\/2026\/01\/trobadaeducinfantil.png","contentUrl":"https:\/\/canfali.com\/app\/uploads\/2026\/01\/trobadaeducinfantil.png","width":1587,"height":2245},{"@type":"BreadcrumbList","@id":"https:\/\/canfali.com\/ca-es\/el-pedagog-gino-ferri-vertebra-la-viii-trobada-deducacio-infantil-a-ondara\/#breadcrumb","itemListElement":[{"@type":"ListItem","position":1,"name":"Portada","item":"https:\/\/canfali.com\/ca-es\/"},{"@type":"ListItem","position":2,"name":"El ped\u00e0gog Gino Ferri vertebra la VIII Trobada d\u2019Educaci\u00f3 Infantil a Ondara"}]},{"@type":"WebSite","@id":"https:\/\/canfali.com\/ca-es\/#website","url":"https:\/\/canfali.com\/ca-es\/","name":"Canfali","description":"","publisher":{"@id":"https:\/\/canfali.com\/ca-es\/#organization"},"potentialAction":[{"@type":"SearchAction","target":{"@type":"EntryPoint","urlTemplate":"https:\/\/canfali.com\/ca-es\/?s={search_term_string}"},"query-input":{"@type":"PropertyValueSpecification","valueRequired":true,"valueName":"search_term_string"}}],"inLanguage":"va-ES"},{"@type":"Organization","@id":"https:\/\/canfali.com\/ca-es\/#organization","name":"Canfali","url":"https:\/\/canfali.com\/ca-es\/","logo":{"@type":"ImageObject","inLanguage":"va-ES","@id":"https:\/\/canfali.com\/ca-es\/#\/schema\/logo\/image\/","url":"https:\/\/canfali.com\/app\/uploads\/2025\/12\/canfali_marina_alta_logo.png","contentUrl":"https:\/\/canfali.com\/app\/uploads\/2025\/12\/canfali_marina_alta_logo.png","width":225,"height":225,"caption":"Canfali"},"image":{"@id":"https:\/\/canfali.com\/ca-es\/#\/schema\/logo\/image\/"},"sameAs":["https:\/\/es-es.facebook.com\/CANFALIMarinaAlta","https:\/\/x.com\/canfalima","https:\/\/www.instagram.com\/canfalimarinaalta\/"]},{"@type":"Person","@id":"https:\/\/canfali.com\/ca-es\/#\/schema\/person\/d834d2d4df17cac754d3c314d4c404ef","name":"JJ Mas","image":{"@type":"ImageObject","inLanguage":"va-ES","@id":"https:\/\/secure.gravatar.com\/avatar\/65a5191f5438bf88c2394f6d1a625a6ff903c8785268e603c623a83bc15ba1ee?s=96&d=mm&r=g","url":"https:\/\/secure.gravatar.com\/avatar\/65a5191f5438bf88c2394f6d1a625a6ff903c8785268e603c623a83bc15ba1ee?s=96&d=mm&r=g","contentUrl":"https:\/\/secure.gravatar.com\/avatar\/65a5191f5438bf88c2394f6d1a625a6ff903c8785268e603c623a83bc15ba1ee?s=96&d=mm&r=g","caption":"JJ Mas"},"url":"https:\/\/canfali.com\/ca-es\/author\/jj\/"}]}},"_links":{"self":[{"href":"https:\/\/canfali.com\/ca-es\/wp-json\/wp\/v2\/posts\/86792","targetHints":{"allow":["GET"]}}],"collection":[{"href":"https:\/\/canfali.com\/ca-es\/wp-json\/wp\/v2\/posts"}],"about":[{"href":"https:\/\/canfali.com\/ca-es\/wp-json\/wp\/v2\/types\/post"}],"author":[{"embeddable":true,"href":"https:\/\/canfali.com\/ca-es\/wp-json\/wp\/v2\/users\/4"}],"replies":[{"embeddable":true,"href":"https:\/\/canfali.com\/ca-es\/wp-json\/wp\/v2\/comments?post=86792"}],"version-history":[{"count":1,"href":"https:\/\/canfali.com\/ca-es\/wp-json\/wp\/v2\/posts\/86792\/revisions"}],"predecessor-version":[{"id":86797,"href":"https:\/\/canfali.com\/ca-es\/wp-json\/wp\/v2\/posts\/86792\/revisions\/86797"}],"wp:featuredmedia":[{"embeddable":true,"href":"https:\/\/canfali.com\/ca-es\/wp-json\/wp\/v2\/media\/86795"}],"wp:attachment":[{"href":"https:\/\/canfali.com\/ca-es\/wp-json\/wp\/v2\/media?parent=86792"}],"wp:term":[{"taxonomy":"category","embeddable":true,"href":"https:\/\/canfali.com\/ca-es\/wp-json\/wp\/v2\/categories?post=86792"},{"taxonomy":"post_tag","embeddable":true,"href":"https:\/\/canfali.com\/ca-es\/wp-json\/wp\/v2\/tags?post=86792"}],"curies":[{"name":"wp","href":"https:\/\/api.w.org\/{rel}","templated":true}]}}