{"id":86253,"date":"2026-01-13T11:32:00","date_gmt":"2026-01-13T10:32:00","guid":{"rendered":"https:\/\/canfali.com\/finalitzen-les-obres-de-millora-en-el-poligon-industrial-de-pedreguer\/"},"modified":"2026-01-13T17:40:42","modified_gmt":"2026-01-13T16:40:42","slug":"finalitzen-les-obres-de-millora-en-el-poligon-industrial-de-pedreguer","status":"publish","type":"post","link":"https:\/\/canfali.com\/ca-es\/finalitzen-les-obres-de-millora-en-el-poligon-industrial-de-pedreguer\/","title":{"rendered":"Finalitzen les obres de millora en el pol\u00edgon industrial de Pedreguer"},"content":{"rendered":"\n<p>L\u2019Ajuntament de Pedreguer ha anunciat la finalitzaci\u00f3 i posada en marxa de diverses actuacions de millora, modernitzaci\u00f3 i dotaci\u00f3 d\u2019infraestructures al pol\u00edgon industrial Les Galgues. Aquest ambici\u00f3s projecte ha comptat amb una inversi\u00f3 total de 495.952,05 euros, dels quals l\u2019Institut Valenci\u00e0 de la Competitivitat Empresarial (IVACE) ha aportat 396.761,64 euros. La quantitat restant, que ascendeix a 99.190,41 euros, ha estat finan\u00e7ada directament a trav\u00e9s de fons propis municipals.&#13;\n&#13;\n<\/p>\n\n<p>Dins del paquet de mesures destinades a la mobilitat sostenible, s\u2019ha instal\u00b7lat un nou punt de rec\u00e0rrega per a vehicles el\u00e8ctrics al carrer del Pou del Posm\u00f3. A m\u00e9s, s&#8217;ha constru\u00eft una nova passarel\u00b7la per a vianants i bicicletes que permet connectar les dues parts de l&#8217;\u00e0rea industrial, concretament a l&#8217;al\u00e7ada de l&#8217;institut i de la piscina municipal. Aquesta infraestructura es complementa amb l\u2019ampliaci\u00f3 dels metres lineals del carril bici, facilitant aix\u00ed els despla\u00e7aments no motoritzats per tot el recinte.&#13;\n&#13;\n<\/p>\n\n<p>La seguretat ha estat un altre dels eixos fonamentals d&#8217;aquesta intervenci\u00f3. Per una banda, s&#8217;ha ampliat el sistema de videovigil\u00e0ncia amb la instal\u00b7laci\u00f3 de noves c\u00e0meres connectades directament al ret\u00e9n de la Policia Local. Per altra banda, s&#8217;ha refor\u00e7at la protecci\u00f3 contra incendis amb la col\u00b7locaci\u00f3 de 16 nous hidrants de doble eixida de 70 mm en les zones que presentaven menys cobertura, assegurant la seua connexi\u00f3 a la xarxa d&#8217;aigua existent.&#13;\n&#13;\n<\/p>\n\n<p>Finalment, el projecte ha incl\u00f2s una important vessant mediambiental i de manteniment urb\u00e0. S&#8217;han creat i millorat zones verdes mitjan\u00e7ant la plantaci\u00f3 de 50 arbres, principalment garroferes i oliveres, al carrer de la Metal\u00b7l\u00fargia, on tamb\u00e9 s&#8217;ha ampliat la xarxa de reg per degoteig. Aix\u00ed mateix, s\u2019han dut a terme treballs de millora vi\u00e0ria que inclouen l&#8217;asfaltat i la senyalitzaci\u00f3 d&#8217;un tram de l&#8217;avinguda de les Ind\u00fastries, on tamb\u00e9 s&#8217;ha intervingut per a millorar la xarxa de sanejament separatiu.<\/p>\n","protected":false},"excerpt":{"rendered":"L\u2019Ajuntament de Pedreguer ha anunciat la finalitzaci\u00f3 i posada en marxa de diverses actuacions de millora, modernitzaci\u00f3 i&hellip;","protected":false},"author":7,"featured_media":86251,"comment_status":"closed","ping_status":"closed","sticky":false,"template":"","format":"standard","meta":{"csco_display_header_overlay":false,"csco_singular_sidebar":"","csco_page_header_type":"","csco_page_load_nextpost":"","csco_post_video_location":[],"csco_post_video_location_hash":"","csco_post_video_url":"","csco_post_video_bg_start_time":0,"csco_post_video_bg_end_time":0,"footnotes":""},"categories":[614],"tags":[5950,2071,5949,2117],"class_list":{"0":"post-86253","1":"post","2":"type-post","3":"status-publish","4":"format-standard","5":"has-post-thumbnail","7":"category-municipal-ca-es","8":"tag-ajuntament-de-pedreguer","9":"tag-ivace-ca-es","10":"tag-les-galgues","11":"tag-poligon-industrial","12":"cs-entry","13":"cs-video-wrap"},"yoast_head":"<!-- This site is optimized with the Yoast SEO Premium plugin v26.6 (Yoast SEO v27.3) - https:\/\/yoast.com\/product\/yoast-seo-premium-wordpress\/ -->\n<title>Finalitzen les obres de millora en el pol\u00edgon industrial de Pedreguer - Canfali<\/title>\n<meta name=\"robots\" content=\"index, follow, max-snippet:-1, max-image-preview:large, max-video-preview:-1\" \/>\n<link rel=\"canonical\" href=\"https:\/\/canfali.com\/ca-es\/finalitzen-les-obres-de-millora-en-el-poligon-industrial-de-pedreguer\/\" \/>\n<meta property=\"og:locale\" content=\"en_US\" \/>\n<meta property=\"og:type\" content=\"article\" \/>\n<meta property=\"og:title\" content=\"Finalitzen les obres de millora en el pol\u00edgon industrial de Pedreguer\" \/>\n<meta property=\"og:description\" content=\"L\u2019Ajuntament de Pedreguer ha anunciat la finalitzaci\u00f3 i posada en marxa de diverses actuacions de millora, modernitzaci\u00f3 i&hellip;\" \/>\n<meta property=\"og:url\" content=\"https:\/\/canfali.com\/ca-es\/finalitzen-les-obres-de-millora-en-el-poligon-industrial-de-pedreguer\/\" \/>\n<meta property=\"og:site_name\" content=\"Canfali\" \/>\n<meta property=\"article:publisher\" content=\"https:\/\/es-es.facebook.com\/CANFALIMarinaAlta\" \/>\n<meta property=\"article:published_time\" content=\"2026-01-13T10:32:00+00:00\" \/>\n<meta property=\"article:modified_time\" content=\"2026-01-13T16:40:42+00:00\" \/>\n<meta property=\"og:image\" content=\"https:\/\/canfali.com\/app\/uploads\/2026\/01\/img-20220113-wa0007-1642156774.jpg\" \/>\n\t<meta property=\"og:image:width\" content=\"2000\" \/>\n\t<meta property=\"og:image:height\" content=\"1500\" \/>\n\t<meta property=\"og:image:type\" content=\"image\/jpeg\" \/>\n<meta name=\"author\" content=\"Bolta\" \/>\n<meta name=\"twitter:card\" content=\"summary_large_image\" \/>\n<meta name=\"twitter:creator\" content=\"@canfalima\" \/>\n<meta name=\"twitter:site\" content=\"@canfalima\" \/>\n<meta name=\"twitter:label1\" content=\"Written by\" \/>\n\t<meta name=\"twitter:data1\" content=\"Bolta\" \/>\n\t<meta name=\"twitter:label2\" content=\"Est. reading time\" \/>\n\t<meta name=\"twitter:data2\" content=\"2 minutes\" \/>\n<script type=\"application\/ld+json\" class=\"yoast-schema-graph\">{\"@context\":\"https:\\\/\\\/schema.org\",\"@graph\":[{\"@type\":\"NewsArticle\",\"@id\":\"https:\\\/\\\/canfali.com\\\/ca-es\\\/finalitzen-les-obres-de-millora-en-el-poligon-industrial-de-pedreguer\\\/#article\",\"isPartOf\":{\"@id\":\"https:\\\/\\\/canfali.com\\\/ca-es\\\/finalitzen-les-obres-de-millora-en-el-poligon-industrial-de-pedreguer\\\/\"},\"author\":{\"name\":\"Bolta\",\"@id\":\"https:\\\/\\\/canfali.com\\\/ca-es\\\/#\\\/schema\\\/person\\\/9c651adc904f3c4e0243f54407751557\"},\"headline\":\"Finalitzen les obres de millora en el pol\u00edgon industrial de Pedreguer\",\"datePublished\":\"2026-01-13T10:32:00+00:00\",\"dateModified\":\"2026-01-13T16:40:42+00:00\",\"mainEntityOfPage\":{\"@id\":\"https:\\\/\\\/canfali.com\\\/ca-es\\\/finalitzen-les-obres-de-millora-en-el-poligon-industrial-de-pedreguer\\\/\"},\"wordCount\":349,\"publisher\":{\"@id\":\"https:\\\/\\\/canfali.com\\\/ca-es\\\/#organization\"},\"image\":{\"@id\":\"https:\\\/\\\/canfali.com\\\/ca-es\\\/finalitzen-les-obres-de-millora-en-el-poligon-industrial-de-pedreguer\\\/#primaryimage\"},\"thumbnailUrl\":\"https:\\\/\\\/canfali.com\\\/app\\\/uploads\\\/2026\\\/01\\\/img-20220113-wa0007-1642156774.jpg\",\"keywords\":[\"Ajuntament de Pedreguer\",\"Ivace\",\"Les Galgues\",\"pol\u00edgon industrial\"],\"articleSection\":[\"Municipal\"],\"inLanguage\":\"va-ES\",\"copyrightYear\":\"2026\",\"copyrightHolder\":{\"@id\":\"https:\\\/\\\/canfali.com\\\/#organization\"}},{\"@type\":\"WebPage\",\"@id\":\"https:\\\/\\\/canfali.com\\\/ca-es\\\/finalitzen-les-obres-de-millora-en-el-poligon-industrial-de-pedreguer\\\/\",\"url\":\"https:\\\/\\\/canfali.com\\\/ca-es\\\/finalitzen-les-obres-de-millora-en-el-poligon-industrial-de-pedreguer\\\/\",\"name\":\"Finalitzen les obres de millora en el pol\u00edgon industrial de Pedreguer - Canfali\",\"isPartOf\":{\"@id\":\"https:\\\/\\\/canfali.com\\\/ca-es\\\/#website\"},\"primaryImageOfPage\":{\"@id\":\"https:\\\/\\\/canfali.com\\\/ca-es\\\/finalitzen-les-obres-de-millora-en-el-poligon-industrial-de-pedreguer\\\/#primaryimage\"},\"image\":{\"@id\":\"https:\\\/\\\/canfali.com\\\/ca-es\\\/finalitzen-les-obres-de-millora-en-el-poligon-industrial-de-pedreguer\\\/#primaryimage\"},\"thumbnailUrl\":\"https:\\\/\\\/canfali.com\\\/app\\\/uploads\\\/2026\\\/01\\\/img-20220113-wa0007-1642156774.jpg\",\"datePublished\":\"2026-01-13T10:32:00+00:00\",\"dateModified\":\"2026-01-13T16:40:42+00:00\",\"breadcrumb\":{\"@id\":\"https:\\\/\\\/canfali.com\\\/ca-es\\\/finalitzen-les-obres-de-millora-en-el-poligon-industrial-de-pedreguer\\\/#breadcrumb\"},\"inLanguage\":\"va-ES\",\"potentialAction\":[{\"@type\":\"ReadAction\",\"target\":[\"https:\\\/\\\/canfali.com\\\/ca-es\\\/finalitzen-les-obres-de-millora-en-el-poligon-industrial-de-pedreguer\\\/\"]}]},{\"@type\":\"ImageObject\",\"inLanguage\":\"va-ES\",\"@id\":\"https:\\\/\\\/canfali.com\\\/ca-es\\\/finalitzen-les-obres-de-millora-en-el-poligon-industrial-de-pedreguer\\\/#primaryimage\",\"url\":\"https:\\\/\\\/canfali.com\\\/app\\\/uploads\\\/2026\\\/01\\\/img-20220113-wa0007-1642156774.jpg\",\"contentUrl\":\"https:\\\/\\\/canfali.com\\\/app\\\/uploads\\\/2026\\\/01\\\/img-20220113-wa0007-1642156774.jpg\",\"width\":2000,\"height\":1500},{\"@type\":\"BreadcrumbList\",\"@id\":\"https:\\\/\\\/canfali.com\\\/ca-es\\\/finalitzen-les-obres-de-millora-en-el-poligon-industrial-de-pedreguer\\\/#breadcrumb\",\"itemListElement\":[{\"@type\":\"ListItem\",\"position\":1,\"name\":\"Portada\",\"item\":\"https:\\\/\\\/canfali.com\\\/ca-es\\\/\"},{\"@type\":\"ListItem\",\"position\":2,\"name\":\"Finalitzen les obres de millora en el pol\u00edgon industrial de Pedreguer\"}]},{\"@type\":\"WebSite\",\"@id\":\"https:\\\/\\\/canfali.com\\\/ca-es\\\/#website\",\"url\":\"https:\\\/\\\/canfali.com\\\/ca-es\\\/\",\"name\":\"Canfali\",\"description\":\"\",\"publisher\":{\"@id\":\"https:\\\/\\\/canfali.com\\\/ca-es\\\/#organization\"},\"potentialAction\":[{\"@type\":\"SearchAction\",\"target\":{\"@type\":\"EntryPoint\",\"urlTemplate\":\"https:\\\/\\\/canfali.com\\\/ca-es\\\/?s={search_term_string}\"},\"query-input\":{\"@type\":\"PropertyValueSpecification\",\"valueRequired\":true,\"valueName\":\"search_term_string\"}}],\"inLanguage\":\"va-ES\"},{\"@type\":\"Organization\",\"@id\":\"https:\\\/\\\/canfali.com\\\/ca-es\\\/#organization\",\"name\":\"Canfali\",\"url\":\"https:\\\/\\\/canfali.com\\\/ca-es\\\/\",\"logo\":{\"@type\":\"ImageObject\",\"inLanguage\":\"va-ES\",\"@id\":\"https:\\\/\\\/canfali.com\\\/ca-es\\\/#\\\/schema\\\/logo\\\/image\\\/\",\"url\":\"https:\\\/\\\/canfali.com\\\/app\\\/uploads\\\/2025\\\/12\\\/canfali_marina_alta_logo.png\",\"contentUrl\":\"https:\\\/\\\/canfali.com\\\/app\\\/uploads\\\/2025\\\/12\\\/canfali_marina_alta_logo.png\",\"width\":225,\"height\":225,\"caption\":\"Canfali\"},\"image\":{\"@id\":\"https:\\\/\\\/canfali.com\\\/ca-es\\\/#\\\/schema\\\/logo\\\/image\\\/\"},\"sameAs\":[\"https:\\\/\\\/es-es.facebook.com\\\/CANFALIMarinaAlta\",\"https:\\\/\\\/x.com\\\/canfalima\",\"https:\\\/\\\/www.instagram.com\\\/canfalimarinaalta\\\/\"]},{\"@type\":\"Person\",\"@id\":\"https:\\\/\\\/canfali.com\\\/ca-es\\\/#\\\/schema\\\/person\\\/9c651adc904f3c4e0243f54407751557\",\"name\":\"Bolta\",\"image\":{\"@type\":\"ImageObject\",\"inLanguage\":\"va-ES\",\"@id\":\"https:\\\/\\\/secure.gravatar.com\\\/avatar\\\/550a5d97fe3cfba5caf077b9600e46529e1977e9d14396836e775d6d9d895a81?s=96&d=mm&r=g\",\"url\":\"https:\\\/\\\/secure.gravatar.com\\\/avatar\\\/550a5d97fe3cfba5caf077b9600e46529e1977e9d14396836e775d6d9d895a81?s=96&d=mm&r=g\",\"contentUrl\":\"https:\\\/\\\/secure.gravatar.com\\\/avatar\\\/550a5d97fe3cfba5caf077b9600e46529e1977e9d14396836e775d6d9d895a81?s=96&d=mm&r=g\",\"caption\":\"Bolta\"},\"url\":\"https:\\\/\\\/canfali.com\\\/ca-es\\\/author\\\/bolta\\\/\"}]}<\/script>\n<!-- \/ Yoast SEO Premium plugin. -->","yoast_head_json":{"title":"Finalitzen les obres de millora en el pol\u00edgon industrial de Pedreguer - Canfali","robots":{"index":"index","follow":"follow","max-snippet":"max-snippet:-1","max-image-preview":"max-image-preview:large","max-video-preview":"max-video-preview:-1"},"canonical":"https:\/\/canfali.com\/ca-es\/finalitzen-les-obres-de-millora-en-el-poligon-industrial-de-pedreguer\/","og_locale":"en_US","og_type":"article","og_title":"Finalitzen les obres de millora en el pol\u00edgon industrial de Pedreguer","og_description":"L\u2019Ajuntament de Pedreguer ha anunciat la finalitzaci\u00f3 i posada en marxa de diverses actuacions de millora, modernitzaci\u00f3 i&hellip;","og_url":"https:\/\/canfali.com\/ca-es\/finalitzen-les-obres-de-millora-en-el-poligon-industrial-de-pedreguer\/","og_site_name":"Canfali","article_publisher":"https:\/\/es-es.facebook.com\/CANFALIMarinaAlta","article_published_time":"2026-01-13T10:32:00+00:00","article_modified_time":"2026-01-13T16:40:42+00:00","og_image":[{"width":2000,"height":1500,"url":"https:\/\/canfali.com\/app\/uploads\/2026\/01\/img-20220113-wa0007-1642156774.jpg","type":"image\/jpeg"}],"author":"Bolta","twitter_card":"summary_large_image","twitter_creator":"@canfalima","twitter_site":"@canfalima","twitter_misc":{"Written by":"Bolta","Est. reading time":"2 minutes"},"schema":{"@context":"https:\/\/schema.org","@graph":[{"@type":"NewsArticle","@id":"https:\/\/canfali.com\/ca-es\/finalitzen-les-obres-de-millora-en-el-poligon-industrial-de-pedreguer\/#article","isPartOf":{"@id":"https:\/\/canfali.com\/ca-es\/finalitzen-les-obres-de-millora-en-el-poligon-industrial-de-pedreguer\/"},"author":{"name":"Bolta","@id":"https:\/\/canfali.com\/ca-es\/#\/schema\/person\/9c651adc904f3c4e0243f54407751557"},"headline":"Finalitzen les obres de millora en el pol\u00edgon industrial de Pedreguer","datePublished":"2026-01-13T10:32:00+00:00","dateModified":"2026-01-13T16:40:42+00:00","mainEntityOfPage":{"@id":"https:\/\/canfali.com\/ca-es\/finalitzen-les-obres-de-millora-en-el-poligon-industrial-de-pedreguer\/"},"wordCount":349,"publisher":{"@id":"https:\/\/canfali.com\/ca-es\/#organization"},"image":{"@id":"https:\/\/canfali.com\/ca-es\/finalitzen-les-obres-de-millora-en-el-poligon-industrial-de-pedreguer\/#primaryimage"},"thumbnailUrl":"https:\/\/canfali.com\/app\/uploads\/2026\/01\/img-20220113-wa0007-1642156774.jpg","keywords":["Ajuntament de Pedreguer","Ivace","Les Galgues","pol\u00edgon industrial"],"articleSection":["Municipal"],"inLanguage":"va-ES","copyrightYear":"2026","copyrightHolder":{"@id":"https:\/\/canfali.com\/#organization"}},{"@type":"WebPage","@id":"https:\/\/canfali.com\/ca-es\/finalitzen-les-obres-de-millora-en-el-poligon-industrial-de-pedreguer\/","url":"https:\/\/canfali.com\/ca-es\/finalitzen-les-obres-de-millora-en-el-poligon-industrial-de-pedreguer\/","name":"Finalitzen les obres de millora en el pol\u00edgon industrial de Pedreguer - Canfali","isPartOf":{"@id":"https:\/\/canfali.com\/ca-es\/#website"},"primaryImageOfPage":{"@id":"https:\/\/canfali.com\/ca-es\/finalitzen-les-obres-de-millora-en-el-poligon-industrial-de-pedreguer\/#primaryimage"},"image":{"@id":"https:\/\/canfali.com\/ca-es\/finalitzen-les-obres-de-millora-en-el-poligon-industrial-de-pedreguer\/#primaryimage"},"thumbnailUrl":"https:\/\/canfali.com\/app\/uploads\/2026\/01\/img-20220113-wa0007-1642156774.jpg","datePublished":"2026-01-13T10:32:00+00:00","dateModified":"2026-01-13T16:40:42+00:00","breadcrumb":{"@id":"https:\/\/canfali.com\/ca-es\/finalitzen-les-obres-de-millora-en-el-poligon-industrial-de-pedreguer\/#breadcrumb"},"inLanguage":"va-ES","potentialAction":[{"@type":"ReadAction","target":["https:\/\/canfali.com\/ca-es\/finalitzen-les-obres-de-millora-en-el-poligon-industrial-de-pedreguer\/"]}]},{"@type":"ImageObject","inLanguage":"va-ES","@id":"https:\/\/canfali.com\/ca-es\/finalitzen-les-obres-de-millora-en-el-poligon-industrial-de-pedreguer\/#primaryimage","url":"https:\/\/canfali.com\/app\/uploads\/2026\/01\/img-20220113-wa0007-1642156774.jpg","contentUrl":"https:\/\/canfali.com\/app\/uploads\/2026\/01\/img-20220113-wa0007-1642156774.jpg","width":2000,"height":1500},{"@type":"BreadcrumbList","@id":"https:\/\/canfali.com\/ca-es\/finalitzen-les-obres-de-millora-en-el-poligon-industrial-de-pedreguer\/#breadcrumb","itemListElement":[{"@type":"ListItem","position":1,"name":"Portada","item":"https:\/\/canfali.com\/ca-es\/"},{"@type":"ListItem","position":2,"name":"Finalitzen les obres de millora en el pol\u00edgon industrial de Pedreguer"}]},{"@type":"WebSite","@id":"https:\/\/canfali.com\/ca-es\/#website","url":"https:\/\/canfali.com\/ca-es\/","name":"Canfali","description":"","publisher":{"@id":"https:\/\/canfali.com\/ca-es\/#organization"},"potentialAction":[{"@type":"SearchAction","target":{"@type":"EntryPoint","urlTemplate":"https:\/\/canfali.com\/ca-es\/?s={search_term_string}"},"query-input":{"@type":"PropertyValueSpecification","valueRequired":true,"valueName":"search_term_string"}}],"inLanguage":"va-ES"},{"@type":"Organization","@id":"https:\/\/canfali.com\/ca-es\/#organization","name":"Canfali","url":"https:\/\/canfali.com\/ca-es\/","logo":{"@type":"ImageObject","inLanguage":"va-ES","@id":"https:\/\/canfali.com\/ca-es\/#\/schema\/logo\/image\/","url":"https:\/\/canfali.com\/app\/uploads\/2025\/12\/canfali_marina_alta_logo.png","contentUrl":"https:\/\/canfali.com\/app\/uploads\/2025\/12\/canfali_marina_alta_logo.png","width":225,"height":225,"caption":"Canfali"},"image":{"@id":"https:\/\/canfali.com\/ca-es\/#\/schema\/logo\/image\/"},"sameAs":["https:\/\/es-es.facebook.com\/CANFALIMarinaAlta","https:\/\/x.com\/canfalima","https:\/\/www.instagram.com\/canfalimarinaalta\/"]},{"@type":"Person","@id":"https:\/\/canfali.com\/ca-es\/#\/schema\/person\/9c651adc904f3c4e0243f54407751557","name":"Bolta","image":{"@type":"ImageObject","inLanguage":"va-ES","@id":"https:\/\/secure.gravatar.com\/avatar\/550a5d97fe3cfba5caf077b9600e46529e1977e9d14396836e775d6d9d895a81?s=96&d=mm&r=g","url":"https:\/\/secure.gravatar.com\/avatar\/550a5d97fe3cfba5caf077b9600e46529e1977e9d14396836e775d6d9d895a81?s=96&d=mm&r=g","contentUrl":"https:\/\/secure.gravatar.com\/avatar\/550a5d97fe3cfba5caf077b9600e46529e1977e9d14396836e775d6d9d895a81?s=96&d=mm&r=g","caption":"Bolta"},"url":"https:\/\/canfali.com\/ca-es\/author\/bolta\/"}]}},"_links":{"self":[{"href":"https:\/\/canfali.com\/ca-es\/wp-json\/wp\/v2\/posts\/86253","targetHints":{"allow":["GET"]}}],"collection":[{"href":"https:\/\/canfali.com\/ca-es\/wp-json\/wp\/v2\/posts"}],"about":[{"href":"https:\/\/canfali.com\/ca-es\/wp-json\/wp\/v2\/types\/post"}],"author":[{"embeddable":true,"href":"https:\/\/canfali.com\/ca-es\/wp-json\/wp\/v2\/users\/7"}],"replies":[{"embeddable":true,"href":"https:\/\/canfali.com\/ca-es\/wp-json\/wp\/v2\/comments?post=86253"}],"version-history":[{"count":1,"href":"https:\/\/canfali.com\/ca-es\/wp-json\/wp\/v2\/posts\/86253\/revisions"}],"predecessor-version":[{"id":86254,"href":"https:\/\/canfali.com\/ca-es\/wp-json\/wp\/v2\/posts\/86253\/revisions\/86254"}],"wp:featuredmedia":[{"embeddable":true,"href":"https:\/\/canfali.com\/ca-es\/wp-json\/wp\/v2\/media\/86251"}],"wp:attachment":[{"href":"https:\/\/canfali.com\/ca-es\/wp-json\/wp\/v2\/media?parent=86253"}],"wp:term":[{"taxonomy":"category","embeddable":true,"href":"https:\/\/canfali.com\/ca-es\/wp-json\/wp\/v2\/categories?post=86253"},{"taxonomy":"post_tag","embeddable":true,"href":"https:\/\/canfali.com\/ca-es\/wp-json\/wp\/v2\/tags?post=86253"}],"curies":[{"name":"wp","href":"https:\/\/api.w.org\/{rel}","templated":true}]}}