{"id":86146,"date":"2026-01-12T12:57:52","date_gmt":"2026-01-12T11:57:52","guid":{"rendered":"https:\/\/canfali.com\/lajuntament-de-denia-recupera-el-cobrament-de-dos-impostos\/"},"modified":"2026-01-12T13:34:08","modified_gmt":"2026-01-12T12:34:08","slug":"lajuntament-de-denia-recupera-el-cobrament-de-dos-impostos","status":"publish","type":"post","link":"https:\/\/canfali.com\/ca-es\/lajuntament-de-denia-recupera-el-cobrament-de-dos-impostos\/","title":{"rendered":"L&#8217;Ajuntament de D\u00e9nia recupera el cobrament de dos impostos"},"content":{"rendered":"\n<h2 class=\"wp-block-heading\" id=\"h-se-inaugura-su-nueva-oficina-municipal-de-tributos\">S&#8217;inaugura la seua nova Oficina Municipal de Tributs<\/h2>\n\n<p>&#13;\nD\u00e9nia posar\u00e0 en marxa la setmana vinent la seua nova Oficina Municipal Municipal de Tributs, un pas fonamental per a la gesti\u00f3 directa d&#8217;impostos que fins ara es delegava en un organisme extern. Segons ha explicat Paco Rosell\u00f3, regidor d&#8217;Hisenda, les instal\u00b7lacions comptaran amb una \u00ab\u00e0mplia i c\u00f2moda\u00bb zona d&#8217;atenci\u00f3 al ciutad\u00e0 i un espai reservat per al treball intern.&#13;\n&#13;\n<\/p>\n\n<h3 class=\"wp-block-heading\" id=\"h-\"><\/h3>\n\n<p>Amb l&#8217;inici de l&#8217;activitat, l&#8217;Ajuntament de D\u00e9nia assumir\u00e0 directament la gesti\u00f3 i cobrament de dos tributs importants: L&#8217;Impost de Circulaci\u00f3 i la Taxa d&#8217;Escombraries, que fins ara eren gestionades per SUMA.&#13;\n&#13;\n<\/p>\n\n<p>El regidor Paco Rosell\u00f3 ha expressat la seua esperan\u00e7a que les noves oficines proporcionen l&#8217;espai adequat per a atendre totes les sol\u00b7licituds dels ciutadans, aix\u00ed com per a fer les tasques de gesti\u00f3 internes.<\/p>\n","protected":false},"excerpt":{"rendered":"S&#8217;inaugura la seua nova Oficina Municipal de Tributs &#13; D\u00e9nia posar\u00e0 en marxa la setmana vinent la seua&hellip;","protected":false},"author":7,"featured_media":86136,"comment_status":"closed","ping_status":"closed","sticky":false,"template":"","format":"standard","meta":{"csco_display_header_overlay":false,"csco_singular_sidebar":"","csco_page_header_type":"","csco_page_load_nextpost":"","csco_post_video_location":[],"csco_post_video_location_hash":"","csco_post_video_url":"","csco_post_video_bg_start_time":0,"csco_post_video_bg_end_time":0,"footnotes":""},"categories":[1],"tags":[],"class_list":{"0":"post-86146","1":"post","2":"type-post","3":"status-publish","4":"format-standard","5":"has-post-thumbnail","7":"category-sin-categorizar","8":"cs-entry","9":"cs-video-wrap"},"yoast_head":"<!-- This site is optimized with the Yoast SEO Premium plugin v26.6 (Yoast SEO v27.3) - https:\/\/yoast.com\/product\/yoast-seo-premium-wordpress\/ -->\n<title>L&#039;Ajuntament de D\u00e9nia recupera el cobrament de dos impostos - Canfali<\/title>\n<meta name=\"robots\" content=\"index, follow, max-snippet:-1, max-image-preview:large, max-video-preview:-1\" \/>\n<link rel=\"canonical\" href=\"https:\/\/canfali.com\/ca-es\/lajuntament-de-denia-recupera-el-cobrament-de-dos-impostos\/\" \/>\n<meta property=\"og:locale\" content=\"en_US\" \/>\n<meta property=\"og:type\" content=\"article\" \/>\n<meta property=\"og:title\" content=\"L&#039;Ajuntament de D\u00e9nia recupera el cobrament de dos impostos\" \/>\n<meta property=\"og:description\" content=\"S&#8217;inaugura la seua nova Oficina Municipal de Tributs &#013; D\u00e9nia posar\u00e0 en marxa la setmana vinent la seua&hellip;\" \/>\n<meta property=\"og:url\" content=\"https:\/\/canfali.com\/ca-es\/lajuntament-de-denia-recupera-el-cobrament-de-dos-impostos\/\" \/>\n<meta property=\"og:site_name\" content=\"Canfali\" \/>\n<meta property=\"article:publisher\" content=\"https:\/\/es-es.facebook.com\/CANFALIMarinaAlta\" \/>\n<meta property=\"article:published_time\" content=\"2026-01-12T11:57:52+00:00\" \/>\n<meta property=\"article:modified_time\" content=\"2026-01-12T12:34:08+00:00\" \/>\n<meta property=\"og:image\" content=\"https:\/\/canfali.com\/app\/uploads\/2026\/01\/Paco-Rosello-primer-cafe-6-marzo.jpg\" \/>\n\t<meta property=\"og:image:width\" content=\"892\" \/>\n\t<meta property=\"og:image:height\" content=\"646\" \/>\n\t<meta property=\"og:image:type\" content=\"image\/jpeg\" \/>\n<meta name=\"author\" content=\"Bolta\" \/>\n<meta name=\"twitter:card\" content=\"summary_large_image\" \/>\n<meta name=\"twitter:creator\" content=\"@canfalima\" \/>\n<meta name=\"twitter:site\" content=\"@canfalima\" \/>\n<meta name=\"twitter:label1\" content=\"Written by\" \/>\n\t<meta name=\"twitter:data1\" content=\"Bolta\" \/>\n\t<meta name=\"twitter:label2\" content=\"Est. reading time\" \/>\n\t<meta name=\"twitter:data2\" content=\"1 minute\" \/>\n<script type=\"application\/ld+json\" class=\"yoast-schema-graph\">{\"@context\":\"https:\\\/\\\/schema.org\",\"@graph\":[{\"@type\":\"NewsArticle\",\"@id\":\"https:\\\/\\\/canfali.com\\\/ca-es\\\/lajuntament-de-denia-recupera-el-cobrament-de-dos-impostos\\\/#article\",\"isPartOf\":{\"@id\":\"https:\\\/\\\/canfali.com\\\/ca-es\\\/lajuntament-de-denia-recupera-el-cobrament-de-dos-impostos\\\/\"},\"author\":{\"name\":\"Bolta\",\"@id\":\"https:\\\/\\\/canfali.com\\\/ca-es\\\/#\\\/schema\\\/person\\\/9c651adc904f3c4e0243f54407751557\"},\"headline\":\"L&#8217;Ajuntament de D\u00e9nia recupera el cobrament de dos impostos\",\"datePublished\":\"2026-01-12T11:57:52+00:00\",\"dateModified\":\"2026-01-12T12:34:08+00:00\",\"mainEntityOfPage\":{\"@id\":\"https:\\\/\\\/canfali.com\\\/ca-es\\\/lajuntament-de-denia-recupera-el-cobrament-de-dos-impostos\\\/\"},\"wordCount\":160,\"publisher\":{\"@id\":\"https:\\\/\\\/canfali.com\\\/ca-es\\\/#organization\"},\"image\":{\"@id\":\"https:\\\/\\\/canfali.com\\\/ca-es\\\/lajuntament-de-denia-recupera-el-cobrament-de-dos-impostos\\\/#primaryimage\"},\"thumbnailUrl\":\"https:\\\/\\\/canfali.com\\\/app\\\/uploads\\\/2026\\\/01\\\/Paco-Rosello-primer-cafe-6-marzo.jpg\",\"articleSection\":[\"Sin categorizar\"],\"inLanguage\":\"va-ES\",\"copyrightYear\":\"2026\",\"copyrightHolder\":{\"@id\":\"https:\\\/\\\/canfali.com\\\/#organization\"}},{\"@type\":\"WebPage\",\"@id\":\"https:\\\/\\\/canfali.com\\\/ca-es\\\/lajuntament-de-denia-recupera-el-cobrament-de-dos-impostos\\\/\",\"url\":\"https:\\\/\\\/canfali.com\\\/ca-es\\\/lajuntament-de-denia-recupera-el-cobrament-de-dos-impostos\\\/\",\"name\":\"L'Ajuntament de D\u00e9nia recupera el cobrament de dos impostos - Canfali\",\"isPartOf\":{\"@id\":\"https:\\\/\\\/canfali.com\\\/ca-es\\\/#website\"},\"primaryImageOfPage\":{\"@id\":\"https:\\\/\\\/canfali.com\\\/ca-es\\\/lajuntament-de-denia-recupera-el-cobrament-de-dos-impostos\\\/#primaryimage\"},\"image\":{\"@id\":\"https:\\\/\\\/canfali.com\\\/ca-es\\\/lajuntament-de-denia-recupera-el-cobrament-de-dos-impostos\\\/#primaryimage\"},\"thumbnailUrl\":\"https:\\\/\\\/canfali.com\\\/app\\\/uploads\\\/2026\\\/01\\\/Paco-Rosello-primer-cafe-6-marzo.jpg\",\"datePublished\":\"2026-01-12T11:57:52+00:00\",\"dateModified\":\"2026-01-12T12:34:08+00:00\",\"breadcrumb\":{\"@id\":\"https:\\\/\\\/canfali.com\\\/ca-es\\\/lajuntament-de-denia-recupera-el-cobrament-de-dos-impostos\\\/#breadcrumb\"},\"inLanguage\":\"va-ES\",\"potentialAction\":[{\"@type\":\"ReadAction\",\"target\":[\"https:\\\/\\\/canfali.com\\\/ca-es\\\/lajuntament-de-denia-recupera-el-cobrament-de-dos-impostos\\\/\"]}]},{\"@type\":\"ImageObject\",\"inLanguage\":\"va-ES\",\"@id\":\"https:\\\/\\\/canfali.com\\\/ca-es\\\/lajuntament-de-denia-recupera-el-cobrament-de-dos-impostos\\\/#primaryimage\",\"url\":\"https:\\\/\\\/canfali.com\\\/app\\\/uploads\\\/2026\\\/01\\\/Paco-Rosello-primer-cafe-6-marzo.jpg\",\"contentUrl\":\"https:\\\/\\\/canfali.com\\\/app\\\/uploads\\\/2026\\\/01\\\/Paco-Rosello-primer-cafe-6-marzo.jpg\",\"width\":892,\"height\":646},{\"@type\":\"BreadcrumbList\",\"@id\":\"https:\\\/\\\/canfali.com\\\/ca-es\\\/lajuntament-de-denia-recupera-el-cobrament-de-dos-impostos\\\/#breadcrumb\",\"itemListElement\":[{\"@type\":\"ListItem\",\"position\":1,\"name\":\"Portada\",\"item\":\"https:\\\/\\\/canfali.com\\\/ca-es\\\/\"},{\"@type\":\"ListItem\",\"position\":2,\"name\":\"L&#8217;Ajuntament de D\u00e9nia recupera el cobrament de dos impostos\"}]},{\"@type\":\"WebSite\",\"@id\":\"https:\\\/\\\/canfali.com\\\/ca-es\\\/#website\",\"url\":\"https:\\\/\\\/canfali.com\\\/ca-es\\\/\",\"name\":\"Canfali\",\"description\":\"\",\"publisher\":{\"@id\":\"https:\\\/\\\/canfali.com\\\/ca-es\\\/#organization\"},\"potentialAction\":[{\"@type\":\"SearchAction\",\"target\":{\"@type\":\"EntryPoint\",\"urlTemplate\":\"https:\\\/\\\/canfali.com\\\/ca-es\\\/?s={search_term_string}\"},\"query-input\":{\"@type\":\"PropertyValueSpecification\",\"valueRequired\":true,\"valueName\":\"search_term_string\"}}],\"inLanguage\":\"va-ES\"},{\"@type\":\"Organization\",\"@id\":\"https:\\\/\\\/canfali.com\\\/ca-es\\\/#organization\",\"name\":\"Canfali\",\"url\":\"https:\\\/\\\/canfali.com\\\/ca-es\\\/\",\"logo\":{\"@type\":\"ImageObject\",\"inLanguage\":\"va-ES\",\"@id\":\"https:\\\/\\\/canfali.com\\\/ca-es\\\/#\\\/schema\\\/logo\\\/image\\\/\",\"url\":\"https:\\\/\\\/canfali.com\\\/app\\\/uploads\\\/2025\\\/12\\\/canfali_marina_alta_logo.png\",\"contentUrl\":\"https:\\\/\\\/canfali.com\\\/app\\\/uploads\\\/2025\\\/12\\\/canfali_marina_alta_logo.png\",\"width\":225,\"height\":225,\"caption\":\"Canfali\"},\"image\":{\"@id\":\"https:\\\/\\\/canfali.com\\\/ca-es\\\/#\\\/schema\\\/logo\\\/image\\\/\"},\"sameAs\":[\"https:\\\/\\\/es-es.facebook.com\\\/CANFALIMarinaAlta\",\"https:\\\/\\\/x.com\\\/canfalima\",\"https:\\\/\\\/www.instagram.com\\\/canfalimarinaalta\\\/\"]},{\"@type\":\"Person\",\"@id\":\"https:\\\/\\\/canfali.com\\\/ca-es\\\/#\\\/schema\\\/person\\\/9c651adc904f3c4e0243f54407751557\",\"name\":\"Bolta\",\"image\":{\"@type\":\"ImageObject\",\"inLanguage\":\"va-ES\",\"@id\":\"https:\\\/\\\/secure.gravatar.com\\\/avatar\\\/550a5d97fe3cfba5caf077b9600e46529e1977e9d14396836e775d6d9d895a81?s=96&d=mm&r=g\",\"url\":\"https:\\\/\\\/secure.gravatar.com\\\/avatar\\\/550a5d97fe3cfba5caf077b9600e46529e1977e9d14396836e775d6d9d895a81?s=96&d=mm&r=g\",\"contentUrl\":\"https:\\\/\\\/secure.gravatar.com\\\/avatar\\\/550a5d97fe3cfba5caf077b9600e46529e1977e9d14396836e775d6d9d895a81?s=96&d=mm&r=g\",\"caption\":\"Bolta\"},\"url\":\"https:\\\/\\\/canfali.com\\\/ca-es\\\/author\\\/bolta\\\/\"}]}<\/script>\n<!-- \/ Yoast SEO Premium plugin. -->","yoast_head_json":{"title":"L'Ajuntament de D\u00e9nia recupera el cobrament de dos impostos - Canfali","robots":{"index":"index","follow":"follow","max-snippet":"max-snippet:-1","max-image-preview":"max-image-preview:large","max-video-preview":"max-video-preview:-1"},"canonical":"https:\/\/canfali.com\/ca-es\/lajuntament-de-denia-recupera-el-cobrament-de-dos-impostos\/","og_locale":"en_US","og_type":"article","og_title":"L'Ajuntament de D\u00e9nia recupera el cobrament de dos impostos","og_description":"S&#8217;inaugura la seua nova Oficina Municipal de Tributs &#13; D\u00e9nia posar\u00e0 en marxa la setmana vinent la seua&hellip;","og_url":"https:\/\/canfali.com\/ca-es\/lajuntament-de-denia-recupera-el-cobrament-de-dos-impostos\/","og_site_name":"Canfali","article_publisher":"https:\/\/es-es.facebook.com\/CANFALIMarinaAlta","article_published_time":"2026-01-12T11:57:52+00:00","article_modified_time":"2026-01-12T12:34:08+00:00","og_image":[{"width":892,"height":646,"url":"https:\/\/canfali.com\/app\/uploads\/2026\/01\/Paco-Rosello-primer-cafe-6-marzo.jpg","type":"image\/jpeg"}],"author":"Bolta","twitter_card":"summary_large_image","twitter_creator":"@canfalima","twitter_site":"@canfalima","twitter_misc":{"Written by":"Bolta","Est. reading time":"1 minute"},"schema":{"@context":"https:\/\/schema.org","@graph":[{"@type":"NewsArticle","@id":"https:\/\/canfali.com\/ca-es\/lajuntament-de-denia-recupera-el-cobrament-de-dos-impostos\/#article","isPartOf":{"@id":"https:\/\/canfali.com\/ca-es\/lajuntament-de-denia-recupera-el-cobrament-de-dos-impostos\/"},"author":{"name":"Bolta","@id":"https:\/\/canfali.com\/ca-es\/#\/schema\/person\/9c651adc904f3c4e0243f54407751557"},"headline":"L&#8217;Ajuntament de D\u00e9nia recupera el cobrament de dos impostos","datePublished":"2026-01-12T11:57:52+00:00","dateModified":"2026-01-12T12:34:08+00:00","mainEntityOfPage":{"@id":"https:\/\/canfali.com\/ca-es\/lajuntament-de-denia-recupera-el-cobrament-de-dos-impostos\/"},"wordCount":160,"publisher":{"@id":"https:\/\/canfali.com\/ca-es\/#organization"},"image":{"@id":"https:\/\/canfali.com\/ca-es\/lajuntament-de-denia-recupera-el-cobrament-de-dos-impostos\/#primaryimage"},"thumbnailUrl":"https:\/\/canfali.com\/app\/uploads\/2026\/01\/Paco-Rosello-primer-cafe-6-marzo.jpg","articleSection":["Sin categorizar"],"inLanguage":"va-ES","copyrightYear":"2026","copyrightHolder":{"@id":"https:\/\/canfali.com\/#organization"}},{"@type":"WebPage","@id":"https:\/\/canfali.com\/ca-es\/lajuntament-de-denia-recupera-el-cobrament-de-dos-impostos\/","url":"https:\/\/canfali.com\/ca-es\/lajuntament-de-denia-recupera-el-cobrament-de-dos-impostos\/","name":"L'Ajuntament de D\u00e9nia recupera el cobrament de dos impostos - Canfali","isPartOf":{"@id":"https:\/\/canfali.com\/ca-es\/#website"},"primaryImageOfPage":{"@id":"https:\/\/canfali.com\/ca-es\/lajuntament-de-denia-recupera-el-cobrament-de-dos-impostos\/#primaryimage"},"image":{"@id":"https:\/\/canfali.com\/ca-es\/lajuntament-de-denia-recupera-el-cobrament-de-dos-impostos\/#primaryimage"},"thumbnailUrl":"https:\/\/canfali.com\/app\/uploads\/2026\/01\/Paco-Rosello-primer-cafe-6-marzo.jpg","datePublished":"2026-01-12T11:57:52+00:00","dateModified":"2026-01-12T12:34:08+00:00","breadcrumb":{"@id":"https:\/\/canfali.com\/ca-es\/lajuntament-de-denia-recupera-el-cobrament-de-dos-impostos\/#breadcrumb"},"inLanguage":"va-ES","potentialAction":[{"@type":"ReadAction","target":["https:\/\/canfali.com\/ca-es\/lajuntament-de-denia-recupera-el-cobrament-de-dos-impostos\/"]}]},{"@type":"ImageObject","inLanguage":"va-ES","@id":"https:\/\/canfali.com\/ca-es\/lajuntament-de-denia-recupera-el-cobrament-de-dos-impostos\/#primaryimage","url":"https:\/\/canfali.com\/app\/uploads\/2026\/01\/Paco-Rosello-primer-cafe-6-marzo.jpg","contentUrl":"https:\/\/canfali.com\/app\/uploads\/2026\/01\/Paco-Rosello-primer-cafe-6-marzo.jpg","width":892,"height":646},{"@type":"BreadcrumbList","@id":"https:\/\/canfali.com\/ca-es\/lajuntament-de-denia-recupera-el-cobrament-de-dos-impostos\/#breadcrumb","itemListElement":[{"@type":"ListItem","position":1,"name":"Portada","item":"https:\/\/canfali.com\/ca-es\/"},{"@type":"ListItem","position":2,"name":"L&#8217;Ajuntament de D\u00e9nia recupera el cobrament de dos impostos"}]},{"@type":"WebSite","@id":"https:\/\/canfali.com\/ca-es\/#website","url":"https:\/\/canfali.com\/ca-es\/","name":"Canfali","description":"","publisher":{"@id":"https:\/\/canfali.com\/ca-es\/#organization"},"potentialAction":[{"@type":"SearchAction","target":{"@type":"EntryPoint","urlTemplate":"https:\/\/canfali.com\/ca-es\/?s={search_term_string}"},"query-input":{"@type":"PropertyValueSpecification","valueRequired":true,"valueName":"search_term_string"}}],"inLanguage":"va-ES"},{"@type":"Organization","@id":"https:\/\/canfali.com\/ca-es\/#organization","name":"Canfali","url":"https:\/\/canfali.com\/ca-es\/","logo":{"@type":"ImageObject","inLanguage":"va-ES","@id":"https:\/\/canfali.com\/ca-es\/#\/schema\/logo\/image\/","url":"https:\/\/canfali.com\/app\/uploads\/2025\/12\/canfali_marina_alta_logo.png","contentUrl":"https:\/\/canfali.com\/app\/uploads\/2025\/12\/canfali_marina_alta_logo.png","width":225,"height":225,"caption":"Canfali"},"image":{"@id":"https:\/\/canfali.com\/ca-es\/#\/schema\/logo\/image\/"},"sameAs":["https:\/\/es-es.facebook.com\/CANFALIMarinaAlta","https:\/\/x.com\/canfalima","https:\/\/www.instagram.com\/canfalimarinaalta\/"]},{"@type":"Person","@id":"https:\/\/canfali.com\/ca-es\/#\/schema\/person\/9c651adc904f3c4e0243f54407751557","name":"Bolta","image":{"@type":"ImageObject","inLanguage":"va-ES","@id":"https:\/\/secure.gravatar.com\/avatar\/550a5d97fe3cfba5caf077b9600e46529e1977e9d14396836e775d6d9d895a81?s=96&d=mm&r=g","url":"https:\/\/secure.gravatar.com\/avatar\/550a5d97fe3cfba5caf077b9600e46529e1977e9d14396836e775d6d9d895a81?s=96&d=mm&r=g","contentUrl":"https:\/\/secure.gravatar.com\/avatar\/550a5d97fe3cfba5caf077b9600e46529e1977e9d14396836e775d6d9d895a81?s=96&d=mm&r=g","caption":"Bolta"},"url":"https:\/\/canfali.com\/ca-es\/author\/bolta\/"}]}},"_links":{"self":[{"href":"https:\/\/canfali.com\/ca-es\/wp-json\/wp\/v2\/posts\/86146","targetHints":{"allow":["GET"]}}],"collection":[{"href":"https:\/\/canfali.com\/ca-es\/wp-json\/wp\/v2\/posts"}],"about":[{"href":"https:\/\/canfali.com\/ca-es\/wp-json\/wp\/v2\/types\/post"}],"author":[{"embeddable":true,"href":"https:\/\/canfali.com\/ca-es\/wp-json\/wp\/v2\/users\/7"}],"replies":[{"embeddable":true,"href":"https:\/\/canfali.com\/ca-es\/wp-json\/wp\/v2\/comments?post=86146"}],"version-history":[{"count":1,"href":"https:\/\/canfali.com\/ca-es\/wp-json\/wp\/v2\/posts\/86146\/revisions"}],"predecessor-version":[{"id":86147,"href":"https:\/\/canfali.com\/ca-es\/wp-json\/wp\/v2\/posts\/86146\/revisions\/86147"}],"wp:featuredmedia":[{"embeddable":true,"href":"https:\/\/canfali.com\/ca-es\/wp-json\/wp\/v2\/media\/86136"}],"wp:attachment":[{"href":"https:\/\/canfali.com\/ca-es\/wp-json\/wp\/v2\/media?parent=86146"}],"wp:term":[{"taxonomy":"category","embeddable":true,"href":"https:\/\/canfali.com\/ca-es\/wp-json\/wp\/v2\/categories?post=86146"},{"taxonomy":"post_tag","embeddable":true,"href":"https:\/\/canfali.com\/ca-es\/wp-json\/wp\/v2\/tags?post=86146"}],"curies":[{"name":"wp","href":"https:\/\/api.w.org\/{rel}","templated":true}]}}