{"id":86130,"date":"2026-01-12T11:32:45","date_gmt":"2026-01-12T10:32:45","guid":{"rendered":"https:\/\/canfali.com\/incidents-en-la-concentracio-contra-la-intervencio-a-venecuela\/"},"modified":"2026-01-12T12:03:19","modified_gmt":"2026-01-12T11:03:19","slug":"incidents-en-la-concentracio-contra-la-intervencio-a-venecuela","status":"publish","type":"post","link":"https:\/\/canfali.com\/ca-es\/incidents-en-la-concentracio-contra-la-intervencio-a-venecuela\/","title":{"rendered":"Incidents en la concentraci\u00f3 contra la intervenci\u00f3 a Vene\u00e7uela"},"content":{"rendered":"\n<p>Les veus de den\u00fancia a l&#8217;atac a la sobirania de Vene\u00e7uela i en defensa del Dret Internacional es van al\u00e7ar el diumenge en la Pla\u00e7a del Castell d\u2019Olimbroi de D\u00e9nia durant un acte convocat pel Moviment *per la Pau de la Marina Alta. La concentraci\u00f3, en la qual es va advocar pel respecte als drets humans i la pau, es va veure tacada per la pres\u00e8ncia d&#8217;un grup de partidaris de la intervenci\u00f3 militar, que van corejar crits a favor de la llibertat i de condemna a la dictadura de Nicol\u00e1s Maduro. El petit altercat no va anar a m\u00e9s i l&#8217;acte, en el qual es va criticar durament a Donald Trump com a imatge del neocolonialisme del segle XXI, va recordar les v\u00edctimes del bombardeig del 3 de gener, que segons les \u00faltimes informacions es va cobrar la vida de prop d&#8217;un centenar de persones.&#13;\n\t<\/p>\n\n<figure class=\"wp-block-gallery has-nested-images columns-default is-cropped wp-block-gallery-15 is-layout-flex wp-block-gallery-is-layout-flex\">\n<figure class=\"wp-block-image size-large\"><img decoding=\"async\" data-id=\"86127\" src=\"https:\/\/canfali.com\/app\/uploads\/2026\/01\/venezuela-8-1024x768.jpeg.webp\" alt=\"\" class=\"wp-image-86127\"\/><\/figure>\n<\/figure>\n\n<p>Durant la concentraci\u00f3 es va parlar aix\u00ed mateix de la situaci\u00f3 de Palestina, es va denunciar l&#8217;afany annexionista dels Estats Units, que en aquests moments amena\u00e7a a Groenl\u00e0ndia, Col\u00f2mbia i M\u00e8xic, i del paper que ha de jugar  la comunitat internacional. El Moviment per la Pau de la Marina Alta va llegir tamb\u00e9 un comunicat que s&#8217;expressa en els seg\u00fcents termes:&#13;\n<\/p>\n\n<p>\u201cDespr\u00e9s de l&#8217;intent de \u2018donar-li continu\u00eftat solapada\u2019 al genocidi en Palestina amb l&#8217;acord entre Netanyahu i Trump, assistim ara, a un atac frontal a la sobirania d&#8217;un pa\u00eds, Vene\u00e7uela. I, a m\u00e9s, a les cont\u00ednues amenaces del senyor Trump, de seguir per Groenl\u00e0ndia, Col\u00f2mbia, M\u00e8xic i per on a ell li sembli i com ell mateix ha aclarit, \u2018sense atendre cap llei ni norma que no sigui la seva pr\u00f2pia\u2019. Aix\u00f2, ben ent\u00e8s, representa una clara amena\u00e7a global. Hem convocat aquesta concentraci\u00f3 per a exigir, el respecte i la protecci\u00f3 dels Drets Humans, el Dret Internacional i dels organismes que vetllen per tot aix\u00f2. Perqu\u00e8 si consentim que tot aix\u00f2 siga xafigat, estem permetent, clarament i de manera impl\u00edcita, que es pugui arrabassar als pa\u00efsos de tot el planeta el seu dret a viure en Pau, Llibertat i Democr\u00e0cia, ja que, en qualsevol moment, qualsevol pertorbat, pot venir a bombardejar i arrabassar la sobirania nacional, per a robar els recursos amb qualsevol excusa. <\/p>\n\n<figure class=\"wp-block-image size-large\"><img decoding=\"async\" src=\"https:\/\/canfali.com\/app\/uploads\/2026\/01\/venezuela-10-1024x768.jpeg.webp\" alt=\"\" class=\"wp-image-86121\"\/><\/figure>\n\n<p>Per tant, en aquestes circumst\u00e0ncies d&#8217;amena\u00e7a a la Pau mundial i als m\u00e9s elementals principis de conviv\u00e8ncia, qualsevol persona i govern que es pree de dem\u00f2crata ha d&#8217;aixecar la seva veu ferma, sense titubejos i sense desviar el tema del que realment ens estem jugant en tot el planeta. Com sabem, Donald Trump, pel seu propi compte i sense informar el Congr\u00e9s dels Estats Units, com a superb aut\u00f2crata, ha bombardejat (afectant fins i tot habitatges civils), ha matat m\u00e9s de 100 persones entre militars i civils i moltes persones ferides i ha segrestat el president de Vene\u00e7uela Nicol\u00e1s Maduro i a la seva esposa, la Diputada de l&#8217;Assemblea Nacional, Cilia Flores. Tot aix\u00f2, com clarament ha expressat Trump, sense titubejar i directa i \u00fanicament, per a quedar-se amb el petroli de Vene\u00e7uela. Per tant, exigim l&#8217;immediat alliberament del president de Vene\u00e7uela i la seva esposa. No podem \u2018normalitzar\u2019 ni \u2018minimitzar\u2019 en cap concepte, el segrest de presidents per part de cap pa\u00eds. <\/p>\n\n<figure class=\"wp-block-image size-large\"><img decoding=\"async\" src=\"https:\/\/canfali.com\/app\/uploads\/2026\/01\/venezuela-7-1024x768.jpeg.webp\" alt=\"\" class=\"wp-image-86120\"\/><\/figure>\n\n<p>Despr\u00e9s de la falsa pau pactada per Trump i Netanyahu per a Palestina, que en realitat ha estat un lliurament de la vict\u00f2ria al sionisme perqu\u00e8 continue astutament amb el genocidi -\u00fanicament amb finalitats de neteja \u00e8tnica i colonialisme- i davant la t\u00e8bia resposta internacional donada per la majoria de governs, el seg\u00fcent pas ha estat atacar a la sobirania de Vene\u00e7uela. <\/p>\n\n<figure class=\"wp-block-image size-large\"><img decoding=\"async\" src=\"https:\/\/canfali.com\/app\/uploads\/2026\/01\/venezuela-9-1024x768.jpeg.webp\" alt=\"\" class=\"wp-image-86122\"\/><\/figure>\n\n<p>Volen aix\u00ed \u2018normalitzar\u2019 la falta de respecte i la desobedi\u00e8ncia a la Just\u00edcia i al Dret Internacional i atacar, assassinar, robar, segrestar i fer d&#8217;Am\u00e8rica Llatina i el Carib i tot el planeta, un capritx per als interessos de pot\u00e8ncies governades per pertorbats i genocides. No podem continuar responent amb tebiesa, no podem consentir que es normalitzin aquestes pr\u00e0ctiques brutalment perilloses. No podem consentir aquest terrible retroc\u00e9s democr\u00e0tic i aquesta burla als Drets Humans i al Dret Internacional. En Palestina i ara a Vene\u00e7uela, ens juguem el futur d&#8217;un planeta decent i en Pau o, per contra, un futur ple d&#8217;agressions i violacions dels Drets Humans i en el qual el Dret Internacional siga paper mullat i xafigat.&#13;\n<\/p>\n\n<figure class=\"wp-block-image size-large\"><img decoding=\"async\" src=\"https:\/\/canfali.com\/app\/uploads\/2026\/01\/venezuela-11-1024x768.jpeg.webp\" alt=\"\" class=\"wp-image-86125\"\/><\/figure>\n\n<p>Urgeix, per part de la ciutadania conscient i internacionalment unida, for\u00e7ar a tots els governs del m\u00f3n, a respondre i prendre decisions fermes cap a Donal Trump i la seva pol\u00edtica agressora i urgeix tamb\u00e9, que internacionalment pressionem per a refor\u00e7ar el paper de l&#8217;ONU i la Cort Penal Internacional, eliminant el dret a veto i refor\u00e7ant les sancions als qui no compleixin les seves normes. Ens juguem molt, massa, per a no atendre i ser presents enfront de les exig\u00e8ncies hist\u00f2riques a les quals ens enfrontem. Urgeix, m\u00e9s que mai, unir les nostres mans i les nostres veus per un planeta just i en Pau, pel dret a viure en democr\u00e0cia i pel dret a la sobirania de cada pa\u00eds i la legitimitat de protegir els recursos propis. Acabem amb les inger\u00e8ncies i atacs a la sobirania dels pobles. Acabem amb els neo-colonialismes. Alliberament immediat del president Nicol\u00e1s Maduro i Cilia Flores. Respecte als Drets Humans i obedi\u00e8ncia al Dret Internacional\u201d.<\/p>\n","protected":false},"excerpt":{"rendered":"Les veus de den\u00fancia a l&#8217;atac a la sobirania de Vene\u00e7uela i en defensa del Dret Internacional es&hellip;","protected":false},"author":6,"featured_media":86119,"comment_status":"closed","ping_status":"closed","sticky":false,"template":"","format":"standard","meta":{"csco_display_header_overlay":false,"csco_singular_sidebar":"","csco_page_header_type":"","csco_page_load_nextpost":"","csco_post_video_location":[],"csco_post_video_location_hash":"","csco_post_video_url":"","csco_post_video_bg_start_time":0,"csco_post_video_bg_end_time":0,"footnotes":""},"categories":[611],"tags":[5901,5904,5903,5900,5902],"class_list":{"0":"post-86130","1":"post","2":"type-post","3":"status-publish","4":"format-standard","5":"has-post-thumbnail","7":"category-politica-ca-es","8":"tag-donald-trump","9":"tag-dret-internacional","10":"tag-drets-humans","11":"tag-moviment-per-la-pau-de-la-marina-alta","12":"tag-nicolas-maduro","13":"cs-entry","14":"cs-video-wrap"},"yoast_head":"<!-- This site is optimized with the Yoast SEO Premium plugin v26.6 (Yoast SEO v27.3) - https:\/\/yoast.com\/product\/yoast-seo-premium-wordpress\/ -->\n<title>Incidents en la concentraci\u00f3 contra la intervenci\u00f3 a Vene\u00e7uela - Canfali<\/title>\n<meta name=\"description\" content=\"El Moviment per la Pau de la Marina Alta convoca una concentraci\u00f3 contra la inrtervenci\u00f3 militar d&#039;Estats Units a Vene\u00e7uela\" \/>\n<meta name=\"robots\" content=\"index, follow, max-snippet:-1, max-image-preview:large, max-video-preview:-1\" \/>\n<link rel=\"canonical\" href=\"https:\/\/canfali.com\/ca-es\/incidents-en-la-concentracio-contra-la-intervencio-a-venecuela\/\" \/>\n<meta property=\"og:locale\" content=\"en_US\" \/>\n<meta property=\"og:type\" content=\"article\" \/>\n<meta property=\"og:title\" content=\"Incidents en la concentraci\u00f3 contra la intervenci\u00f3 a Vene\u00e7uela\" \/>\n<meta property=\"og:description\" content=\"El Moviment per la Pau de la Marina Alta convoca una concentraci\u00f3 contra la inrtervenci\u00f3 militar d&#039;Estats Units a Vene\u00e7uela\" \/>\n<meta property=\"og:url\" content=\"https:\/\/canfali.com\/ca-es\/incidents-en-la-concentracio-contra-la-intervencio-a-venecuela\/\" \/>\n<meta property=\"og:site_name\" content=\"Canfali\" \/>\n<meta property=\"article:publisher\" content=\"https:\/\/es-es.facebook.com\/CANFALIMarinaAlta\" \/>\n<meta property=\"article:published_time\" content=\"2026-01-12T10:32:45+00:00\" \/>\n<meta property=\"article:modified_time\" content=\"2026-01-12T11:03:19+00:00\" \/>\n<meta property=\"og:image\" content=\"https:\/\/canfali.com\/app\/uploads\/2026\/01\/venezuela-3.jpeg\" \/>\n\t<meta property=\"og:image:width\" content=\"2016\" \/>\n\t<meta property=\"og:image:height\" content=\"1512\" \/>\n\t<meta property=\"og:image:type\" content=\"image\/jpeg\" \/>\n<meta name=\"author\" content=\"Rosa\" \/>\n<meta name=\"twitter:card\" content=\"summary_large_image\" \/>\n<meta name=\"twitter:creator\" content=\"@canfalima\" \/>\n<meta name=\"twitter:site\" content=\"@canfalima\" \/>\n<meta name=\"twitter:label1\" content=\"Written by\" \/>\n\t<meta name=\"twitter:data1\" content=\"Rosa\" \/>\n\t<meta name=\"twitter:label2\" content=\"Est. reading time\" \/>\n\t<meta name=\"twitter:data2\" content=\"5 minutes\" \/>\n<script type=\"application\/ld+json\" class=\"yoast-schema-graph\">{\"@context\":\"https:\\\/\\\/schema.org\",\"@graph\":[{\"@type\":\"NewsArticle\",\"@id\":\"https:\\\/\\\/canfali.com\\\/ca-es\\\/incidents-en-la-concentracio-contra-la-intervencio-a-venecuela\\\/#article\",\"isPartOf\":{\"@id\":\"https:\\\/\\\/canfali.com\\\/ca-es\\\/incidents-en-la-concentracio-contra-la-intervencio-a-venecuela\\\/\"},\"author\":{\"name\":\"Rosa\",\"@id\":\"https:\\\/\\\/canfali.com\\\/ca-es\\\/#\\\/schema\\\/person\\\/c861a7aa2b2495357b95f35bd5d82f88\"},\"headline\":\"Incidents en la concentraci\u00f3 contra la intervenci\u00f3 a Vene\u00e7uela\",\"datePublished\":\"2026-01-12T10:32:45+00:00\",\"dateModified\":\"2026-01-12T11:03:19+00:00\",\"mainEntityOfPage\":{\"@id\":\"https:\\\/\\\/canfali.com\\\/ca-es\\\/incidents-en-la-concentracio-contra-la-intervencio-a-venecuela\\\/\"},\"wordCount\":970,\"publisher\":{\"@id\":\"https:\\\/\\\/canfali.com\\\/ca-es\\\/#organization\"},\"image\":{\"@id\":\"https:\\\/\\\/canfali.com\\\/ca-es\\\/incidents-en-la-concentracio-contra-la-intervencio-a-venecuela\\\/#primaryimage\"},\"thumbnailUrl\":\"https:\\\/\\\/canfali.com\\\/app\\\/uploads\\\/2026\\\/01\\\/venezuela-3.jpeg\",\"keywords\":[\"Donald Trump\",\"Dret Internacional\",\"Drets Humans\",\"Moviment per la Pau de la Marina Alta\",\"Nicol\u00e1s Maduro\"],\"articleSection\":[\"Pol\u00edtica\"],\"inLanguage\":\"va-ES\",\"copyrightYear\":\"2026\",\"copyrightHolder\":{\"@id\":\"https:\\\/\\\/canfali.com\\\/#organization\"}},{\"@type\":\"WebPage\",\"@id\":\"https:\\\/\\\/canfali.com\\\/ca-es\\\/incidents-en-la-concentracio-contra-la-intervencio-a-venecuela\\\/\",\"url\":\"https:\\\/\\\/canfali.com\\\/ca-es\\\/incidents-en-la-concentracio-contra-la-intervencio-a-venecuela\\\/\",\"name\":\"Incidents en la concentraci\u00f3 contra la intervenci\u00f3 a Vene\u00e7uela - Canfali\",\"isPartOf\":{\"@id\":\"https:\\\/\\\/canfali.com\\\/ca-es\\\/#website\"},\"primaryImageOfPage\":{\"@id\":\"https:\\\/\\\/canfali.com\\\/ca-es\\\/incidents-en-la-concentracio-contra-la-intervencio-a-venecuela\\\/#primaryimage\"},\"image\":{\"@id\":\"https:\\\/\\\/canfali.com\\\/ca-es\\\/incidents-en-la-concentracio-contra-la-intervencio-a-venecuela\\\/#primaryimage\"},\"thumbnailUrl\":\"https:\\\/\\\/canfali.com\\\/app\\\/uploads\\\/2026\\\/01\\\/venezuela-3.jpeg\",\"datePublished\":\"2026-01-12T10:32:45+00:00\",\"dateModified\":\"2026-01-12T11:03:19+00:00\",\"description\":\"El Moviment per la Pau de la Marina Alta convoca una concentraci\u00f3 contra la inrtervenci\u00f3 militar d'Estats Units a Vene\u00e7uela\",\"breadcrumb\":{\"@id\":\"https:\\\/\\\/canfali.com\\\/ca-es\\\/incidents-en-la-concentracio-contra-la-intervencio-a-venecuela\\\/#breadcrumb\"},\"inLanguage\":\"va-ES\",\"potentialAction\":[{\"@type\":\"ReadAction\",\"target\":[\"https:\\\/\\\/canfali.com\\\/ca-es\\\/incidents-en-la-concentracio-contra-la-intervencio-a-venecuela\\\/\"]}]},{\"@type\":\"ImageObject\",\"inLanguage\":\"va-ES\",\"@id\":\"https:\\\/\\\/canfali.com\\\/ca-es\\\/incidents-en-la-concentracio-contra-la-intervencio-a-venecuela\\\/#primaryimage\",\"url\":\"https:\\\/\\\/canfali.com\\\/app\\\/uploads\\\/2026\\\/01\\\/venezuela-3.jpeg\",\"contentUrl\":\"https:\\\/\\\/canfali.com\\\/app\\\/uploads\\\/2026\\\/01\\\/venezuela-3.jpeg\",\"width\":2016,\"height\":1512},{\"@type\":\"BreadcrumbList\",\"@id\":\"https:\\\/\\\/canfali.com\\\/ca-es\\\/incidents-en-la-concentracio-contra-la-intervencio-a-venecuela\\\/#breadcrumb\",\"itemListElement\":[{\"@type\":\"ListItem\",\"position\":1,\"name\":\"Portada\",\"item\":\"https:\\\/\\\/canfali.com\\\/ca-es\\\/\"},{\"@type\":\"ListItem\",\"position\":2,\"name\":\"Incidents en la concentraci\u00f3 contra la intervenci\u00f3 a Vene\u00e7uela\"}]},{\"@type\":\"WebSite\",\"@id\":\"https:\\\/\\\/canfali.com\\\/ca-es\\\/#website\",\"url\":\"https:\\\/\\\/canfali.com\\\/ca-es\\\/\",\"name\":\"Canfali\",\"description\":\"\",\"publisher\":{\"@id\":\"https:\\\/\\\/canfali.com\\\/ca-es\\\/#organization\"},\"potentialAction\":[{\"@type\":\"SearchAction\",\"target\":{\"@type\":\"EntryPoint\",\"urlTemplate\":\"https:\\\/\\\/canfali.com\\\/ca-es\\\/?s={search_term_string}\"},\"query-input\":{\"@type\":\"PropertyValueSpecification\",\"valueRequired\":true,\"valueName\":\"search_term_string\"}}],\"inLanguage\":\"va-ES\"},{\"@type\":\"Organization\",\"@id\":\"https:\\\/\\\/canfali.com\\\/ca-es\\\/#organization\",\"name\":\"Canfali\",\"url\":\"https:\\\/\\\/canfali.com\\\/ca-es\\\/\",\"logo\":{\"@type\":\"ImageObject\",\"inLanguage\":\"va-ES\",\"@id\":\"https:\\\/\\\/canfali.com\\\/ca-es\\\/#\\\/schema\\\/logo\\\/image\\\/\",\"url\":\"https:\\\/\\\/canfali.com\\\/app\\\/uploads\\\/2025\\\/12\\\/canfali_marina_alta_logo.png\",\"contentUrl\":\"https:\\\/\\\/canfali.com\\\/app\\\/uploads\\\/2025\\\/12\\\/canfali_marina_alta_logo.png\",\"width\":225,\"height\":225,\"caption\":\"Canfali\"},\"image\":{\"@id\":\"https:\\\/\\\/canfali.com\\\/ca-es\\\/#\\\/schema\\\/logo\\\/image\\\/\"},\"sameAs\":[\"https:\\\/\\\/es-es.facebook.com\\\/CANFALIMarinaAlta\",\"https:\\\/\\\/x.com\\\/canfalima\",\"https:\\\/\\\/www.instagram.com\\\/canfalimarinaalta\\\/\"]},{\"@type\":\"Person\",\"@id\":\"https:\\\/\\\/canfali.com\\\/ca-es\\\/#\\\/schema\\\/person\\\/c861a7aa2b2495357b95f35bd5d82f88\",\"name\":\"Rosa\",\"image\":{\"@type\":\"ImageObject\",\"inLanguage\":\"va-ES\",\"@id\":\"https:\\\/\\\/secure.gravatar.com\\\/avatar\\\/47fb83d99423a6ef1cf9f83f02a5e91366c671dec76c5c24badf1b0494e1d960?s=96&d=mm&r=g\",\"url\":\"https:\\\/\\\/secure.gravatar.com\\\/avatar\\\/47fb83d99423a6ef1cf9f83f02a5e91366c671dec76c5c24badf1b0494e1d960?s=96&d=mm&r=g\",\"contentUrl\":\"https:\\\/\\\/secure.gravatar.com\\\/avatar\\\/47fb83d99423a6ef1cf9f83f02a5e91366c671dec76c5c24badf1b0494e1d960?s=96&d=mm&r=g\",\"caption\":\"Rosa\"},\"url\":\"https:\\\/\\\/canfali.com\\\/ca-es\\\/author\\\/rosa\\\/\"}]}<\/script>\n<!-- \/ Yoast SEO Premium plugin. -->","yoast_head_json":{"title":"Incidents en la concentraci\u00f3 contra la intervenci\u00f3 a Vene\u00e7uela - Canfali","description":"El Moviment per la Pau de la Marina Alta convoca una concentraci\u00f3 contra la inrtervenci\u00f3 militar d'Estats Units a Vene\u00e7uela","robots":{"index":"index","follow":"follow","max-snippet":"max-snippet:-1","max-image-preview":"max-image-preview:large","max-video-preview":"max-video-preview:-1"},"canonical":"https:\/\/canfali.com\/ca-es\/incidents-en-la-concentracio-contra-la-intervencio-a-venecuela\/","og_locale":"en_US","og_type":"article","og_title":"Incidents en la concentraci\u00f3 contra la intervenci\u00f3 a Vene\u00e7uela","og_description":"El Moviment per la Pau de la Marina Alta convoca una concentraci\u00f3 contra la inrtervenci\u00f3 militar d'Estats Units a Vene\u00e7uela","og_url":"https:\/\/canfali.com\/ca-es\/incidents-en-la-concentracio-contra-la-intervencio-a-venecuela\/","og_site_name":"Canfali","article_publisher":"https:\/\/es-es.facebook.com\/CANFALIMarinaAlta","article_published_time":"2026-01-12T10:32:45+00:00","article_modified_time":"2026-01-12T11:03:19+00:00","og_image":[{"width":2016,"height":1512,"url":"https:\/\/canfali.com\/app\/uploads\/2026\/01\/venezuela-3.jpeg","type":"image\/jpeg"}],"author":"Rosa","twitter_card":"summary_large_image","twitter_creator":"@canfalima","twitter_site":"@canfalima","twitter_misc":{"Written by":"Rosa","Est. reading time":"5 minutes"},"schema":{"@context":"https:\/\/schema.org","@graph":[{"@type":"NewsArticle","@id":"https:\/\/canfali.com\/ca-es\/incidents-en-la-concentracio-contra-la-intervencio-a-venecuela\/#article","isPartOf":{"@id":"https:\/\/canfali.com\/ca-es\/incidents-en-la-concentracio-contra-la-intervencio-a-venecuela\/"},"author":{"name":"Rosa","@id":"https:\/\/canfali.com\/ca-es\/#\/schema\/person\/c861a7aa2b2495357b95f35bd5d82f88"},"headline":"Incidents en la concentraci\u00f3 contra la intervenci\u00f3 a Vene\u00e7uela","datePublished":"2026-01-12T10:32:45+00:00","dateModified":"2026-01-12T11:03:19+00:00","mainEntityOfPage":{"@id":"https:\/\/canfali.com\/ca-es\/incidents-en-la-concentracio-contra-la-intervencio-a-venecuela\/"},"wordCount":970,"publisher":{"@id":"https:\/\/canfali.com\/ca-es\/#organization"},"image":{"@id":"https:\/\/canfali.com\/ca-es\/incidents-en-la-concentracio-contra-la-intervencio-a-venecuela\/#primaryimage"},"thumbnailUrl":"https:\/\/canfali.com\/app\/uploads\/2026\/01\/venezuela-3.jpeg","keywords":["Donald Trump","Dret Internacional","Drets Humans","Moviment per la Pau de la Marina Alta","Nicol\u00e1s Maduro"],"articleSection":["Pol\u00edtica"],"inLanguage":"va-ES","copyrightYear":"2026","copyrightHolder":{"@id":"https:\/\/canfali.com\/#organization"}},{"@type":"WebPage","@id":"https:\/\/canfali.com\/ca-es\/incidents-en-la-concentracio-contra-la-intervencio-a-venecuela\/","url":"https:\/\/canfali.com\/ca-es\/incidents-en-la-concentracio-contra-la-intervencio-a-venecuela\/","name":"Incidents en la concentraci\u00f3 contra la intervenci\u00f3 a Vene\u00e7uela - Canfali","isPartOf":{"@id":"https:\/\/canfali.com\/ca-es\/#website"},"primaryImageOfPage":{"@id":"https:\/\/canfali.com\/ca-es\/incidents-en-la-concentracio-contra-la-intervencio-a-venecuela\/#primaryimage"},"image":{"@id":"https:\/\/canfali.com\/ca-es\/incidents-en-la-concentracio-contra-la-intervencio-a-venecuela\/#primaryimage"},"thumbnailUrl":"https:\/\/canfali.com\/app\/uploads\/2026\/01\/venezuela-3.jpeg","datePublished":"2026-01-12T10:32:45+00:00","dateModified":"2026-01-12T11:03:19+00:00","description":"El Moviment per la Pau de la Marina Alta convoca una concentraci\u00f3 contra la inrtervenci\u00f3 militar d'Estats Units a Vene\u00e7uela","breadcrumb":{"@id":"https:\/\/canfali.com\/ca-es\/incidents-en-la-concentracio-contra-la-intervencio-a-venecuela\/#breadcrumb"},"inLanguage":"va-ES","potentialAction":[{"@type":"ReadAction","target":["https:\/\/canfali.com\/ca-es\/incidents-en-la-concentracio-contra-la-intervencio-a-venecuela\/"]}]},{"@type":"ImageObject","inLanguage":"va-ES","@id":"https:\/\/canfali.com\/ca-es\/incidents-en-la-concentracio-contra-la-intervencio-a-venecuela\/#primaryimage","url":"https:\/\/canfali.com\/app\/uploads\/2026\/01\/venezuela-3.jpeg","contentUrl":"https:\/\/canfali.com\/app\/uploads\/2026\/01\/venezuela-3.jpeg","width":2016,"height":1512},{"@type":"BreadcrumbList","@id":"https:\/\/canfali.com\/ca-es\/incidents-en-la-concentracio-contra-la-intervencio-a-venecuela\/#breadcrumb","itemListElement":[{"@type":"ListItem","position":1,"name":"Portada","item":"https:\/\/canfali.com\/ca-es\/"},{"@type":"ListItem","position":2,"name":"Incidents en la concentraci\u00f3 contra la intervenci\u00f3 a Vene\u00e7uela"}]},{"@type":"WebSite","@id":"https:\/\/canfali.com\/ca-es\/#website","url":"https:\/\/canfali.com\/ca-es\/","name":"Canfali","description":"","publisher":{"@id":"https:\/\/canfali.com\/ca-es\/#organization"},"potentialAction":[{"@type":"SearchAction","target":{"@type":"EntryPoint","urlTemplate":"https:\/\/canfali.com\/ca-es\/?s={search_term_string}"},"query-input":{"@type":"PropertyValueSpecification","valueRequired":true,"valueName":"search_term_string"}}],"inLanguage":"va-ES"},{"@type":"Organization","@id":"https:\/\/canfali.com\/ca-es\/#organization","name":"Canfali","url":"https:\/\/canfali.com\/ca-es\/","logo":{"@type":"ImageObject","inLanguage":"va-ES","@id":"https:\/\/canfali.com\/ca-es\/#\/schema\/logo\/image\/","url":"https:\/\/canfali.com\/app\/uploads\/2025\/12\/canfali_marina_alta_logo.png","contentUrl":"https:\/\/canfali.com\/app\/uploads\/2025\/12\/canfali_marina_alta_logo.png","width":225,"height":225,"caption":"Canfali"},"image":{"@id":"https:\/\/canfali.com\/ca-es\/#\/schema\/logo\/image\/"},"sameAs":["https:\/\/es-es.facebook.com\/CANFALIMarinaAlta","https:\/\/x.com\/canfalima","https:\/\/www.instagram.com\/canfalimarinaalta\/"]},{"@type":"Person","@id":"https:\/\/canfali.com\/ca-es\/#\/schema\/person\/c861a7aa2b2495357b95f35bd5d82f88","name":"Rosa","image":{"@type":"ImageObject","inLanguage":"va-ES","@id":"https:\/\/secure.gravatar.com\/avatar\/47fb83d99423a6ef1cf9f83f02a5e91366c671dec76c5c24badf1b0494e1d960?s=96&d=mm&r=g","url":"https:\/\/secure.gravatar.com\/avatar\/47fb83d99423a6ef1cf9f83f02a5e91366c671dec76c5c24badf1b0494e1d960?s=96&d=mm&r=g","contentUrl":"https:\/\/secure.gravatar.com\/avatar\/47fb83d99423a6ef1cf9f83f02a5e91366c671dec76c5c24badf1b0494e1d960?s=96&d=mm&r=g","caption":"Rosa"},"url":"https:\/\/canfali.com\/ca-es\/author\/rosa\/"}]}},"_links":{"self":[{"href":"https:\/\/canfali.com\/ca-es\/wp-json\/wp\/v2\/posts\/86130","targetHints":{"allow":["GET"]}}],"collection":[{"href":"https:\/\/canfali.com\/ca-es\/wp-json\/wp\/v2\/posts"}],"about":[{"href":"https:\/\/canfali.com\/ca-es\/wp-json\/wp\/v2\/types\/post"}],"author":[{"embeddable":true,"href":"https:\/\/canfali.com\/ca-es\/wp-json\/wp\/v2\/users\/6"}],"replies":[{"embeddable":true,"href":"https:\/\/canfali.com\/ca-es\/wp-json\/wp\/v2\/comments?post=86130"}],"version-history":[{"count":2,"href":"https:\/\/canfali.com\/ca-es\/wp-json\/wp\/v2\/posts\/86130\/revisions"}],"predecessor-version":[{"id":86133,"href":"https:\/\/canfali.com\/ca-es\/wp-json\/wp\/v2\/posts\/86130\/revisions\/86133"}],"wp:featuredmedia":[{"embeddable":true,"href":"https:\/\/canfali.com\/ca-es\/wp-json\/wp\/v2\/media\/86119"}],"wp:attachment":[{"href":"https:\/\/canfali.com\/ca-es\/wp-json\/wp\/v2\/media?parent=86130"}],"wp:term":[{"taxonomy":"category","embeddable":true,"href":"https:\/\/canfali.com\/ca-es\/wp-json\/wp\/v2\/categories?post=86130"},{"taxonomy":"post_tag","embeddable":true,"href":"https:\/\/canfali.com\/ca-es\/wp-json\/wp\/v2\/tags?post=86130"}],"curies":[{"name":"wp","href":"https:\/\/api.w.org\/{rel}","templated":true}]}}