{"id":85221,"date":"2025-12-23T04:52:00","date_gmt":"2025-12-23T03:52:00","guid":{"rendered":"https:\/\/canfali.com\/el-casal-jove-a-punt\/"},"modified":"2026-01-03T13:00:43","modified_gmt":"2026-01-03T12:00:43","slug":"el-casal-jove-a-punt","status":"publish","type":"post","link":"https:\/\/canfali.com\/ca-es\/el-casal-jove-a-punt\/","title":{"rendered":"El Casal Jove, a punt"},"content":{"rendered":"\n<p>El Departament de Joventut de l&#8217;Ajuntament de D\u00e9nia ha anunciat la imminent obertura del Casal Jove, un ambici\u00f3s projecte concebut com un punt de trobada i desenrotllament integral per a la joventut del municipi. Despr\u00e9s de mesos de planificaci\u00f3 i escolta activa a les necessitats dels j\u00f3vens, el nou espai obrir\u00e0 les seues portes al p\u00fablic divendres que ve 9 de gener a les 19 hores, marcant una fita en les pol\u00edtiques locals dirigides a este sector de la poblaci\u00f3.&#13;\n&#13;\n<\/p>\n\n<p>L&#8217;edifici, situat estrat\u00e8gicament en Ronda Muralles, 42, annex a l&#8217;eixida del refugi del Castell, s&#8217;establix com un centre neur\u00e0lgic per a activitats culturals, educatives i d&#8217;oci. L&#8217;objectiu primordial \u00e9s oferir un entorn segur, lliure i estimulant, on els j\u00f3vens puguen exercir la seua creativitat, participar activament en la vida comunit\u00e0ria i ser protagonistes del seu propi desenrotllament.&#13;\n&#13;\n<\/p>\n\n<p>El regidor de Joventut, Valen Alcal\u00e0, va emfatitzar durant la presentaci\u00f3 que la creaci\u00f3 del Casal Jove respon a una ferma convicci\u00f3 de situar a la joventut en el centre de les decisions que els concernixen. \u00abNo es tracta simplement d&#8217;inaugurar un espai f\u00edsic, sin\u00f3 de posar a la seua disposici\u00f3 un lloc ideat per ells, gestionat amb ells i per a ells, un aut\u00e8ntic laboratori d&#8217;idees on expressar-se lliurement i organitzar els seus projectes\u00bb, va assenyalar Alcal\u00e0. Aix\u00ed mateix, va destacar el desig que este siga un lloc vibrant, din\u00e0mic i que reflectisca l&#8217;energia i diversitat de la joventut deniera-&#13;\n&#13;\n<\/p>\n\n<p>La jornada d&#8217;inauguraci\u00f3 s&#8217;anticipa com un esdeveniment de gran import\u00e0ncia social. Despr\u00e9s de l&#8217;acte protocol\u00b7lari, que comptar\u00e0 amb l&#8217;assist\u00e8ncia de representants municipals i entitats ve\u00efnals, s&#8217;oferir\u00e0 un xicotet berenar als assistents. La vesprada continuar\u00e0 amb una programaci\u00f3 l\u00fadica que inclou un joc de rol, la posada en marxa del futbol\u00ed i \u00abmoltes sorpreses m\u00e9s\u00bb, segons ha comunicat l&#8217;administraci\u00f3 local, dissenyades per a reflectir l&#8217;ess\u00e8ncia de participaci\u00f3 i diversi\u00f3 del Casal.&#13;\n&#13;\n<\/p>\n\n<p>&#13;\nL&#8217;espai, dirigit a j\u00f3vens amb edats compreses entre els 12 i els 30 anys, s&#8217;ha dissenyat amb flexibilitat per a albergar diferents zones: \u00e0rees d&#8217;estudi, espais d&#8217;oci amb jocs de taula, billars i futbolins, a m\u00e9s d&#8217;una zona espec\u00edfica dedicada a l&#8217;expressi\u00f3 art\u00edstica, una demanda expl\u00edcita de la pr\u00f2pia joventut. La dinamitzadora del departament, Eva Cambrils, va explicar que el centre funcionar\u00e0 en horari vespert\u00ed de dilluns a dissabte, amb una oferta d&#8217;activitats gratu\u00eftes i una programaci\u00f3 que promet ser din\u00e0mica i adaptable a les demandes dels usuaris, asseguran<\/p>\n\n<p><\/p>\n","protected":false},"excerpt":{"rendered":"El Departament de Joventut de l&#8217;Ajuntament de D\u00e9nia ha anunciat la imminent obertura del Casal Jove, un ambici\u00f3s&hellip;","protected":false},"author":7,"featured_media":85219,"comment_status":"closed","ping_status":"closed","sticky":false,"template":"","format":"standard","meta":{"csco_display_header_overlay":false,"csco_singular_sidebar":"","csco_page_header_type":"","csco_page_load_nextpost":"","csco_post_video_location":[],"csco_post_video_location_hash":"","csco_post_video_url":"","csco_post_video_bg_start_time":0,"csco_post_video_bg_end_time":0,"footnotes":""},"categories":[614],"tags":[687,1467],"class_list":{"0":"post-85221","1":"post","2":"type-post","3":"status-publish","4":"format-standard","5":"has-post-thumbnail","7":"category-municipal-ca-es","8":"tag-denia-ca-es","9":"tag-joventut","10":"cs-entry","11":"cs-video-wrap"},"yoast_head":"<!-- This site is optimized with the Yoast SEO Premium plugin v26.6 (Yoast SEO v27.3) - https:\/\/yoast.com\/product\/yoast-seo-premium-wordpress\/ -->\n<title>El Casal Jove, a punt - Canfali<\/title>\n<meta name=\"robots\" content=\"index, follow, max-snippet:-1, max-image-preview:large, max-video-preview:-1\" \/>\n<link rel=\"canonical\" href=\"https:\/\/canfali.com\/ca-es\/el-casal-jove-a-punt\/\" \/>\n<meta property=\"og:locale\" content=\"en_US\" \/>\n<meta property=\"og:type\" content=\"article\" \/>\n<meta property=\"og:title\" content=\"El Casal Jove, a punt\" \/>\n<meta property=\"og:description\" content=\"El Departament de Joventut de l&#8217;Ajuntament de D\u00e9nia ha anunciat la imminent obertura del Casal Jove, un ambici\u00f3s&hellip;\" \/>\n<meta property=\"og:url\" content=\"https:\/\/canfali.com\/ca-es\/el-casal-jove-a-punt\/\" \/>\n<meta property=\"og:site_name\" content=\"Canfali\" \/>\n<meta property=\"article:publisher\" content=\"https:\/\/es-es.facebook.com\/CANFALIMarinaAlta\" \/>\n<meta property=\"article:published_time\" content=\"2025-12-23T03:52:00+00:00\" \/>\n<meta property=\"article:modified_time\" content=\"2026-01-03T12:00:43+00:00\" \/>\n<meta property=\"og:image\" content=\"https:\/\/canfali.com\/app\/uploads\/2026\/01\/7426f1.jpg\" \/>\n\t<meta property=\"og:image:width\" content=\"800\" \/>\n\t<meta property=\"og:image:height\" content=\"533\" \/>\n\t<meta property=\"og:image:type\" content=\"image\/jpeg\" \/>\n<meta name=\"author\" content=\"Bolta\" \/>\n<meta name=\"twitter:card\" content=\"summary_large_image\" \/>\n<meta name=\"twitter:creator\" content=\"@canfalima\" \/>\n<meta name=\"twitter:site\" content=\"@canfalima\" \/>\n<meta name=\"twitter:label1\" content=\"Written by\" \/>\n\t<meta name=\"twitter:data1\" content=\"Bolta\" \/>\n\t<meta name=\"twitter:label2\" content=\"Est. reading time\" \/>\n\t<meta name=\"twitter:data2\" content=\"2 minutes\" \/>\n<script type=\"application\/ld+json\" class=\"yoast-schema-graph\">{\"@context\":\"https:\\\/\\\/schema.org\",\"@graph\":[{\"@type\":\"NewsArticle\",\"@id\":\"https:\\\/\\\/canfali.com\\\/ca-es\\\/el-casal-jove-a-punt\\\/#article\",\"isPartOf\":{\"@id\":\"https:\\\/\\\/canfali.com\\\/ca-es\\\/el-casal-jove-a-punt\\\/\"},\"author\":{\"name\":\"Bolta\",\"@id\":\"https:\\\/\\\/canfali.com\\\/ca-es\\\/#\\\/schema\\\/person\\\/9c651adc904f3c4e0243f54407751557\"},\"headline\":\"El Casal Jove, a punt\",\"datePublished\":\"2025-12-23T03:52:00+00:00\",\"dateModified\":\"2026-01-03T12:00:43+00:00\",\"mainEntityOfPage\":{\"@id\":\"https:\\\/\\\/canfali.com\\\/ca-es\\\/el-casal-jove-a-punt\\\/\"},\"wordCount\":449,\"publisher\":{\"@id\":\"https:\\\/\\\/canfali.com\\\/ca-es\\\/#organization\"},\"image\":{\"@id\":\"https:\\\/\\\/canfali.com\\\/ca-es\\\/el-casal-jove-a-punt\\\/#primaryimage\"},\"thumbnailUrl\":\"https:\\\/\\\/canfali.com\\\/app\\\/uploads\\\/2026\\\/01\\\/7426f1.jpg\",\"keywords\":[\"d\u00e9nia\",\"Joventut\"],\"articleSection\":[\"Municipal\"],\"inLanguage\":\"va-ES\",\"copyrightYear\":\"2025\",\"copyrightHolder\":{\"@id\":\"https:\\\/\\\/canfali.com\\\/#organization\"}},{\"@type\":\"WebPage\",\"@id\":\"https:\\\/\\\/canfali.com\\\/ca-es\\\/el-casal-jove-a-punt\\\/\",\"url\":\"https:\\\/\\\/canfali.com\\\/ca-es\\\/el-casal-jove-a-punt\\\/\",\"name\":\"El Casal Jove, a punt - Canfali\",\"isPartOf\":{\"@id\":\"https:\\\/\\\/canfali.com\\\/ca-es\\\/#website\"},\"primaryImageOfPage\":{\"@id\":\"https:\\\/\\\/canfali.com\\\/ca-es\\\/el-casal-jove-a-punt\\\/#primaryimage\"},\"image\":{\"@id\":\"https:\\\/\\\/canfali.com\\\/ca-es\\\/el-casal-jove-a-punt\\\/#primaryimage\"},\"thumbnailUrl\":\"https:\\\/\\\/canfali.com\\\/app\\\/uploads\\\/2026\\\/01\\\/7426f1.jpg\",\"datePublished\":\"2025-12-23T03:52:00+00:00\",\"dateModified\":\"2026-01-03T12:00:43+00:00\",\"breadcrumb\":{\"@id\":\"https:\\\/\\\/canfali.com\\\/ca-es\\\/el-casal-jove-a-punt\\\/#breadcrumb\"},\"inLanguage\":\"va-ES\",\"potentialAction\":[{\"@type\":\"ReadAction\",\"target\":[\"https:\\\/\\\/canfali.com\\\/ca-es\\\/el-casal-jove-a-punt\\\/\"]}]},{\"@type\":\"ImageObject\",\"inLanguage\":\"va-ES\",\"@id\":\"https:\\\/\\\/canfali.com\\\/ca-es\\\/el-casal-jove-a-punt\\\/#primaryimage\",\"url\":\"https:\\\/\\\/canfali.com\\\/app\\\/uploads\\\/2026\\\/01\\\/7426f1.jpg\",\"contentUrl\":\"https:\\\/\\\/canfali.com\\\/app\\\/uploads\\\/2026\\\/01\\\/7426f1.jpg\",\"width\":800,\"height\":533},{\"@type\":\"BreadcrumbList\",\"@id\":\"https:\\\/\\\/canfali.com\\\/ca-es\\\/el-casal-jove-a-punt\\\/#breadcrumb\",\"itemListElement\":[{\"@type\":\"ListItem\",\"position\":1,\"name\":\"Portada\",\"item\":\"https:\\\/\\\/canfali.com\\\/ca-es\\\/\"},{\"@type\":\"ListItem\",\"position\":2,\"name\":\"El Casal Jove, a punt\"}]},{\"@type\":\"WebSite\",\"@id\":\"https:\\\/\\\/canfali.com\\\/ca-es\\\/#website\",\"url\":\"https:\\\/\\\/canfali.com\\\/ca-es\\\/\",\"name\":\"Canfali\",\"description\":\"\",\"publisher\":{\"@id\":\"https:\\\/\\\/canfali.com\\\/ca-es\\\/#organization\"},\"potentialAction\":[{\"@type\":\"SearchAction\",\"target\":{\"@type\":\"EntryPoint\",\"urlTemplate\":\"https:\\\/\\\/canfali.com\\\/ca-es\\\/?s={search_term_string}\"},\"query-input\":{\"@type\":\"PropertyValueSpecification\",\"valueRequired\":true,\"valueName\":\"search_term_string\"}}],\"inLanguage\":\"va-ES\"},{\"@type\":\"Organization\",\"@id\":\"https:\\\/\\\/canfali.com\\\/ca-es\\\/#organization\",\"name\":\"Canfali\",\"url\":\"https:\\\/\\\/canfali.com\\\/ca-es\\\/\",\"logo\":{\"@type\":\"ImageObject\",\"inLanguage\":\"va-ES\",\"@id\":\"https:\\\/\\\/canfali.com\\\/ca-es\\\/#\\\/schema\\\/logo\\\/image\\\/\",\"url\":\"https:\\\/\\\/canfali.com\\\/app\\\/uploads\\\/2025\\\/12\\\/canfali_marina_alta_logo.png\",\"contentUrl\":\"https:\\\/\\\/canfali.com\\\/app\\\/uploads\\\/2025\\\/12\\\/canfali_marina_alta_logo.png\",\"width\":225,\"height\":225,\"caption\":\"Canfali\"},\"image\":{\"@id\":\"https:\\\/\\\/canfali.com\\\/ca-es\\\/#\\\/schema\\\/logo\\\/image\\\/\"},\"sameAs\":[\"https:\\\/\\\/es-es.facebook.com\\\/CANFALIMarinaAlta\",\"https:\\\/\\\/x.com\\\/canfalima\",\"https:\\\/\\\/www.instagram.com\\\/canfalimarinaalta\\\/\"]},{\"@type\":\"Person\",\"@id\":\"https:\\\/\\\/canfali.com\\\/ca-es\\\/#\\\/schema\\\/person\\\/9c651adc904f3c4e0243f54407751557\",\"name\":\"Bolta\",\"image\":{\"@type\":\"ImageObject\",\"inLanguage\":\"va-ES\",\"@id\":\"https:\\\/\\\/secure.gravatar.com\\\/avatar\\\/550a5d97fe3cfba5caf077b9600e46529e1977e9d14396836e775d6d9d895a81?s=96&d=mm&r=g\",\"url\":\"https:\\\/\\\/secure.gravatar.com\\\/avatar\\\/550a5d97fe3cfba5caf077b9600e46529e1977e9d14396836e775d6d9d895a81?s=96&d=mm&r=g\",\"contentUrl\":\"https:\\\/\\\/secure.gravatar.com\\\/avatar\\\/550a5d97fe3cfba5caf077b9600e46529e1977e9d14396836e775d6d9d895a81?s=96&d=mm&r=g\",\"caption\":\"Bolta\"},\"url\":\"https:\\\/\\\/canfali.com\\\/ca-es\\\/author\\\/bolta\\\/\"}]}<\/script>\n<!-- \/ Yoast SEO Premium plugin. -->","yoast_head_json":{"title":"El Casal Jove, a punt - Canfali","robots":{"index":"index","follow":"follow","max-snippet":"max-snippet:-1","max-image-preview":"max-image-preview:large","max-video-preview":"max-video-preview:-1"},"canonical":"https:\/\/canfali.com\/ca-es\/el-casal-jove-a-punt\/","og_locale":"en_US","og_type":"article","og_title":"El Casal Jove, a punt","og_description":"El Departament de Joventut de l&#8217;Ajuntament de D\u00e9nia ha anunciat la imminent obertura del Casal Jove, un ambici\u00f3s&hellip;","og_url":"https:\/\/canfali.com\/ca-es\/el-casal-jove-a-punt\/","og_site_name":"Canfali","article_publisher":"https:\/\/es-es.facebook.com\/CANFALIMarinaAlta","article_published_time":"2025-12-23T03:52:00+00:00","article_modified_time":"2026-01-03T12:00:43+00:00","og_image":[{"width":800,"height":533,"url":"https:\/\/canfali.com\/app\/uploads\/2026\/01\/7426f1.jpg","type":"image\/jpeg"}],"author":"Bolta","twitter_card":"summary_large_image","twitter_creator":"@canfalima","twitter_site":"@canfalima","twitter_misc":{"Written by":"Bolta","Est. reading time":"2 minutes"},"schema":{"@context":"https:\/\/schema.org","@graph":[{"@type":"NewsArticle","@id":"https:\/\/canfali.com\/ca-es\/el-casal-jove-a-punt\/#article","isPartOf":{"@id":"https:\/\/canfali.com\/ca-es\/el-casal-jove-a-punt\/"},"author":{"name":"Bolta","@id":"https:\/\/canfali.com\/ca-es\/#\/schema\/person\/9c651adc904f3c4e0243f54407751557"},"headline":"El Casal Jove, a punt","datePublished":"2025-12-23T03:52:00+00:00","dateModified":"2026-01-03T12:00:43+00:00","mainEntityOfPage":{"@id":"https:\/\/canfali.com\/ca-es\/el-casal-jove-a-punt\/"},"wordCount":449,"publisher":{"@id":"https:\/\/canfali.com\/ca-es\/#organization"},"image":{"@id":"https:\/\/canfali.com\/ca-es\/el-casal-jove-a-punt\/#primaryimage"},"thumbnailUrl":"https:\/\/canfali.com\/app\/uploads\/2026\/01\/7426f1.jpg","keywords":["d\u00e9nia","Joventut"],"articleSection":["Municipal"],"inLanguage":"va-ES","copyrightYear":"2025","copyrightHolder":{"@id":"https:\/\/canfali.com\/#organization"}},{"@type":"WebPage","@id":"https:\/\/canfali.com\/ca-es\/el-casal-jove-a-punt\/","url":"https:\/\/canfali.com\/ca-es\/el-casal-jove-a-punt\/","name":"El Casal Jove, a punt - Canfali","isPartOf":{"@id":"https:\/\/canfali.com\/ca-es\/#website"},"primaryImageOfPage":{"@id":"https:\/\/canfali.com\/ca-es\/el-casal-jove-a-punt\/#primaryimage"},"image":{"@id":"https:\/\/canfali.com\/ca-es\/el-casal-jove-a-punt\/#primaryimage"},"thumbnailUrl":"https:\/\/canfali.com\/app\/uploads\/2026\/01\/7426f1.jpg","datePublished":"2025-12-23T03:52:00+00:00","dateModified":"2026-01-03T12:00:43+00:00","breadcrumb":{"@id":"https:\/\/canfali.com\/ca-es\/el-casal-jove-a-punt\/#breadcrumb"},"inLanguage":"va-ES","potentialAction":[{"@type":"ReadAction","target":["https:\/\/canfali.com\/ca-es\/el-casal-jove-a-punt\/"]}]},{"@type":"ImageObject","inLanguage":"va-ES","@id":"https:\/\/canfali.com\/ca-es\/el-casal-jove-a-punt\/#primaryimage","url":"https:\/\/canfali.com\/app\/uploads\/2026\/01\/7426f1.jpg","contentUrl":"https:\/\/canfali.com\/app\/uploads\/2026\/01\/7426f1.jpg","width":800,"height":533},{"@type":"BreadcrumbList","@id":"https:\/\/canfali.com\/ca-es\/el-casal-jove-a-punt\/#breadcrumb","itemListElement":[{"@type":"ListItem","position":1,"name":"Portada","item":"https:\/\/canfali.com\/ca-es\/"},{"@type":"ListItem","position":2,"name":"El Casal Jove, a punt"}]},{"@type":"WebSite","@id":"https:\/\/canfali.com\/ca-es\/#website","url":"https:\/\/canfali.com\/ca-es\/","name":"Canfali","description":"","publisher":{"@id":"https:\/\/canfali.com\/ca-es\/#organization"},"potentialAction":[{"@type":"SearchAction","target":{"@type":"EntryPoint","urlTemplate":"https:\/\/canfali.com\/ca-es\/?s={search_term_string}"},"query-input":{"@type":"PropertyValueSpecification","valueRequired":true,"valueName":"search_term_string"}}],"inLanguage":"va-ES"},{"@type":"Organization","@id":"https:\/\/canfali.com\/ca-es\/#organization","name":"Canfali","url":"https:\/\/canfali.com\/ca-es\/","logo":{"@type":"ImageObject","inLanguage":"va-ES","@id":"https:\/\/canfali.com\/ca-es\/#\/schema\/logo\/image\/","url":"https:\/\/canfali.com\/app\/uploads\/2025\/12\/canfali_marina_alta_logo.png","contentUrl":"https:\/\/canfali.com\/app\/uploads\/2025\/12\/canfali_marina_alta_logo.png","width":225,"height":225,"caption":"Canfali"},"image":{"@id":"https:\/\/canfali.com\/ca-es\/#\/schema\/logo\/image\/"},"sameAs":["https:\/\/es-es.facebook.com\/CANFALIMarinaAlta","https:\/\/x.com\/canfalima","https:\/\/www.instagram.com\/canfalimarinaalta\/"]},{"@type":"Person","@id":"https:\/\/canfali.com\/ca-es\/#\/schema\/person\/9c651adc904f3c4e0243f54407751557","name":"Bolta","image":{"@type":"ImageObject","inLanguage":"va-ES","@id":"https:\/\/secure.gravatar.com\/avatar\/550a5d97fe3cfba5caf077b9600e46529e1977e9d14396836e775d6d9d895a81?s=96&d=mm&r=g","url":"https:\/\/secure.gravatar.com\/avatar\/550a5d97fe3cfba5caf077b9600e46529e1977e9d14396836e775d6d9d895a81?s=96&d=mm&r=g","contentUrl":"https:\/\/secure.gravatar.com\/avatar\/550a5d97fe3cfba5caf077b9600e46529e1977e9d14396836e775d6d9d895a81?s=96&d=mm&r=g","caption":"Bolta"},"url":"https:\/\/canfali.com\/ca-es\/author\/bolta\/"}]}},"_links":{"self":[{"href":"https:\/\/canfali.com\/ca-es\/wp-json\/wp\/v2\/posts\/85221","targetHints":{"allow":["GET"]}}],"collection":[{"href":"https:\/\/canfali.com\/ca-es\/wp-json\/wp\/v2\/posts"}],"about":[{"href":"https:\/\/canfali.com\/ca-es\/wp-json\/wp\/v2\/types\/post"}],"author":[{"embeddable":true,"href":"https:\/\/canfali.com\/ca-es\/wp-json\/wp\/v2\/users\/7"}],"replies":[{"embeddable":true,"href":"https:\/\/canfali.com\/ca-es\/wp-json\/wp\/v2\/comments?post=85221"}],"version-history":[{"count":1,"href":"https:\/\/canfali.com\/ca-es\/wp-json\/wp\/v2\/posts\/85221\/revisions"}],"predecessor-version":[{"id":85222,"href":"https:\/\/canfali.com\/ca-es\/wp-json\/wp\/v2\/posts\/85221\/revisions\/85222"}],"wp:featuredmedia":[{"embeddable":true,"href":"https:\/\/canfali.com\/ca-es\/wp-json\/wp\/v2\/media\/85219"}],"wp:attachment":[{"href":"https:\/\/canfali.com\/ca-es\/wp-json\/wp\/v2\/media?parent=85221"}],"wp:term":[{"taxonomy":"category","embeddable":true,"href":"https:\/\/canfali.com\/ca-es\/wp-json\/wp\/v2\/categories?post=85221"},{"taxonomy":"post_tag","embeddable":true,"href":"https:\/\/canfali.com\/ca-es\/wp-json\/wp\/v2\/tags?post=85221"}],"curies":[{"name":"wp","href":"https:\/\/api.w.org\/{rel}","templated":true}]}}