{"id":84103,"date":"2025-12-16T12:52:48","date_gmt":"2025-12-16T11:52:48","guid":{"rendered":"https:\/\/canfali.com\/un-video-fomentar-el-consum-de-productes-de-llotja\/"},"modified":"2025-12-16T16:48:11","modified_gmt":"2025-12-16T15:48:11","slug":"un-video-fomentar-el-consum-de-productes-de-llotja","status":"publish","type":"post","link":"https:\/\/canfali.com\/ca-es\/un-video-fomentar-el-consum-de-productes-de-llotja\/","title":{"rendered":"Un v\u00eddeo fomenta el consum de productes de llotja"},"content":{"rendered":"\n<p><\/p>\n\n<p>L&#8217;Acord Comarcal per l&#8217;Ocupaci\u00f3 i Desenvolupament Local de la Marina Alta (Pacti&#8217;DT.) ha presentat el seu nou v\u00eddeo promocional, una pe\u00e7a audiovisual que busseja en l&#8217;ess\u00e8ncia del sector pesquer per a conscienciar a la ciutadania sobre la import\u00e0ncia del consum de peix fresc i sostenible de les llotges de la comarca. El llan\u00e7ament del v\u00eddeo s&#8217;emmarca en l&#8217;acci\u00f3 &#8220;Sabors de la Mar&#8221;, un projecte que es presenta com una iniciativa estrat\u00e8gica per a la revitalitzaci\u00f3 del sector mar\u00edtim-pesquer a la comarca.<br\/><br\/>Sota el t\u00edtol \u201cSabors de la Mar: La Marina Alta brilla amb la pesca sostenible i de proximitat\u201d, el v\u00eddeo (disponible en YouTube) es converteix en un homenatge als pescadors de les quatre confraries de la Marina Alta: Calp, D\u00e9nia, Teulada-Moraira i X\u00e0bia.<br\/><br\/><\/p>\n\n<p>\u00a0<\/p>\n\n<p>La pe\u00e7a va m\u00e9s enll\u00e0 de mostrar una activitat econ\u00f2mica, presentant-la com una &#8220;hist\u00f2ria i una passi\u00f3&#8221; que es transmet de generaci\u00f3 en generaci\u00f3, posicionant als pescadors com a &#8220;guardians d&#8217;una tradici\u00f3 ancestral i d&#8217;una pesca sostenible&#8221;. Aquest missatge \u00e9s vital per a frenar el declivi que travessa el sector, afectat per la falta de relleu generacional i l&#8217;alta oferta de producte d&#8217;altres caladors.<br\/><br\/>L&#8217;objectiu final \u00e9s clar: posar en valor les esp\u00e8cies que, per desconeixement, no s\u00f3n tan utilitzades i contribuir a la difusi\u00f3 de la cultura gastron\u00f2mica comarcal, fomentant la dieta mediterr\u00e0nia i el consum de productes de quil\u00f2metre zero.<br\/><br\/><\/p>\n\n<p> <\/p>\n\n<h2 class=\"wp-block-heading\">De la llotja a la taula<\/h2>\n\n<p>El projecte &#8220;Sabors de la Mar&#8221; se centra en visibilitzar l&#8217;impacte positiu del consum local a nivell econ\u00f2mic i laboral (impulsa la venda de peix de la Marina Alta i refor\u00e7a el sector com a n\u00ednxol d&#8217;ocupaci\u00f3, especialment per al talent jove), ambiental i sostenible (en promocionar el consum d&#8217;esp\u00e8cies infrautilitzades localment, s&#8217;afavoreix un millor \u00fas dels recursos, es redueix l&#8217;impacte ambiental i es combat la pesca de descarti) i cultural i de salut (revaloritza la pesca artesanal i promou una alimentaci\u00f3 saludable per a la poblaci\u00f3).<br\/><br\/>El material audiovisual forma part d&#8217;una campanya de sensibilitzaci\u00f3 m\u00e9s \u00e0mplia que inclou les jornades de revaloraci\u00f3 de la cadena de valor del peix &#8220;Sabors de la Mar&#8221;, celebrades entre el 18 d&#8217;octubre i 15 de novembre. El programa va incloure tallers demostratius i participatius, aix\u00ed com degustacions de plats tradicionals amb peix local poc conegut, com el All i pebre de moixa o el Suquet de Mussola. A m\u00e9s es van organitzar taules d&#8217;experts orientats al sector professional.<\/p>\n\n<p> <\/p>\n","protected":false},"excerpt":{"rendered":"L&#8217;Acord Comarcal per l&#8217;Ocupaci\u00f3 i Desenvolupament Local de la Marina Alta (Pacti&#8217;DT.) ha presentat el seu nou v\u00eddeo&hellip;","protected":false},"author":6,"featured_media":84081,"comment_status":"closed","ping_status":"closed","sticky":false,"template":"","format":"standard","meta":{"csco_display_header_overlay":false,"csco_singular_sidebar":"","csco_page_header_type":"","csco_page_load_nextpost":"","csco_post_video_location":[],"csco_post_video_location_hash":"","csco_post_video_url":"","csco_post_video_bg_start_time":0,"csco_post_video_bg_end_time":0,"footnotes":""},"categories":[577],"tags":[811,5647,5646,5648],"class_list":{"0":"post-84103","1":"post","2":"type-post","3":"status-publish","4":"format-standard","5":"has-post-thumbnail","7":"category-economia-y-empresas-2","8":"tag-creama-ca-es","9":"tag-llotja","10":"tag-pactema-ca-es","11":"tag-sabors-de-la-mar-ca-es","12":"cs-entry","13":"cs-video-wrap"},"yoast_head":"<!-- This site is optimized with the Yoast SEO Premium plugin v26.6 (Yoast SEO v27.3) - https:\/\/yoast.com\/product\/yoast-seo-premium-wordpress\/ -->\n<title>Un v\u00eddeo fomenta el consum de productes de llotja - Canfali<\/title>\n<meta name=\"robots\" content=\"index, follow, max-snippet:-1, max-image-preview:large, max-video-preview:-1\" \/>\n<link rel=\"canonical\" href=\"https:\/\/canfali.com\/ca-es\/un-video-fomentar-el-consum-de-productes-de-llotja\/\" \/>\n<meta property=\"og:locale\" content=\"en_US\" \/>\n<meta property=\"og:type\" content=\"article\" \/>\n<meta property=\"og:title\" content=\"Un v\u00eddeo fomenta el consum de productes de llotja\" \/>\n<meta property=\"og:description\" content=\"L&#8217;Acord Comarcal per l&#8217;Ocupaci\u00f3 i Desenvolupament Local de la Marina Alta (Pacti&#8217;DT.) ha presentat el seu nou v\u00eddeo&hellip;\" \/>\n<meta property=\"og:url\" content=\"https:\/\/canfali.com\/ca-es\/un-video-fomentar-el-consum-de-productes-de-llotja\/\" \/>\n<meta property=\"og:site_name\" content=\"Canfali\" \/>\n<meta property=\"article:publisher\" content=\"https:\/\/es-es.facebook.com\/CANFALIMarinaAlta\" \/>\n<meta property=\"article:published_time\" content=\"2025-12-16T11:52:48+00:00\" \/>\n<meta property=\"article:modified_time\" content=\"2025-12-16T15:48:11+00:00\" \/>\n<meta property=\"og:image\" content=\"https:\/\/canfali.com\/app\/uploads\/2025\/12\/saborsdelamar.jpg\" \/>\n\t<meta property=\"og:image:width\" content=\"1350\" \/>\n\t<meta property=\"og:image:height\" content=\"651\" \/>\n\t<meta property=\"og:image:type\" content=\"image\/jpeg\" \/>\n<meta name=\"author\" content=\"Rosa\" \/>\n<meta name=\"twitter:card\" content=\"summary_large_image\" \/>\n<meta name=\"twitter:creator\" content=\"@canfalima\" \/>\n<meta name=\"twitter:site\" content=\"@canfalima\" \/>\n<meta name=\"twitter:label1\" content=\"Written by\" \/>\n\t<meta name=\"twitter:data1\" content=\"Rosa\" \/>\n\t<meta name=\"twitter:label2\" content=\"Est. reading time\" \/>\n\t<meta name=\"twitter:data2\" content=\"3 minutes\" \/>\n<script type=\"application\/ld+json\" class=\"yoast-schema-graph\">{\"@context\":\"https:\\\/\\\/schema.org\",\"@graph\":[{\"@type\":\"NewsArticle\",\"@id\":\"https:\\\/\\\/canfali.com\\\/ca-es\\\/un-video-fomentar-el-consum-de-productes-de-llotja\\\/#article\",\"isPartOf\":{\"@id\":\"https:\\\/\\\/canfali.com\\\/ca-es\\\/un-video-fomentar-el-consum-de-productes-de-llotja\\\/\"},\"author\":{\"name\":\"Rosa\",\"@id\":\"https:\\\/\\\/canfali.com\\\/ca-es\\\/#\\\/schema\\\/person\\\/c861a7aa2b2495357b95f35bd5d82f88\"},\"headline\":\"Un v\u00eddeo fomenta el consum de productes de llotja\",\"datePublished\":\"2025-12-16T11:52:48+00:00\",\"dateModified\":\"2025-12-16T15:48:11+00:00\",\"mainEntityOfPage\":{\"@id\":\"https:\\\/\\\/canfali.com\\\/ca-es\\\/un-video-fomentar-el-consum-de-productes-de-llotja\\\/\"},\"wordCount\":452,\"publisher\":{\"@id\":\"https:\\\/\\\/canfali.com\\\/ca-es\\\/#organization\"},\"image\":{\"@id\":\"https:\\\/\\\/canfali.com\\\/ca-es\\\/un-video-fomentar-el-consum-de-productes-de-llotja\\\/#primaryimage\"},\"thumbnailUrl\":\"https:\\\/\\\/canfali.com\\\/app\\\/uploads\\\/2025\\\/12\\\/saborsdelamar.jpg\",\"keywords\":[\"Creama\",\"llotja\",\"pactema\",\"Sabors de la Mar\"],\"articleSection\":[\"Econom\u00eda y Empresas\"],\"inLanguage\":\"va-ES\",\"copyrightYear\":\"2025\",\"copyrightHolder\":{\"@id\":\"https:\\\/\\\/canfali.com\\\/#organization\"}},{\"@type\":\"WebPage\",\"@id\":\"https:\\\/\\\/canfali.com\\\/ca-es\\\/un-video-fomentar-el-consum-de-productes-de-llotja\\\/\",\"url\":\"https:\\\/\\\/canfali.com\\\/ca-es\\\/un-video-fomentar-el-consum-de-productes-de-llotja\\\/\",\"name\":\"Un v\u00eddeo fomenta el consum de productes de llotja - Canfali\",\"isPartOf\":{\"@id\":\"https:\\\/\\\/canfali.com\\\/ca-es\\\/#website\"},\"primaryImageOfPage\":{\"@id\":\"https:\\\/\\\/canfali.com\\\/ca-es\\\/un-video-fomentar-el-consum-de-productes-de-llotja\\\/#primaryimage\"},\"image\":{\"@id\":\"https:\\\/\\\/canfali.com\\\/ca-es\\\/un-video-fomentar-el-consum-de-productes-de-llotja\\\/#primaryimage\"},\"thumbnailUrl\":\"https:\\\/\\\/canfali.com\\\/app\\\/uploads\\\/2025\\\/12\\\/saborsdelamar.jpg\",\"datePublished\":\"2025-12-16T11:52:48+00:00\",\"dateModified\":\"2025-12-16T15:48:11+00:00\",\"breadcrumb\":{\"@id\":\"https:\\\/\\\/canfali.com\\\/ca-es\\\/un-video-fomentar-el-consum-de-productes-de-llotja\\\/#breadcrumb\"},\"inLanguage\":\"va-ES\",\"potentialAction\":[{\"@type\":\"ReadAction\",\"target\":[\"https:\\\/\\\/canfali.com\\\/ca-es\\\/un-video-fomentar-el-consum-de-productes-de-llotja\\\/\"]}]},{\"@type\":\"ImageObject\",\"inLanguage\":\"va-ES\",\"@id\":\"https:\\\/\\\/canfali.com\\\/ca-es\\\/un-video-fomentar-el-consum-de-productes-de-llotja\\\/#primaryimage\",\"url\":\"https:\\\/\\\/canfali.com\\\/app\\\/uploads\\\/2025\\\/12\\\/saborsdelamar.jpg\",\"contentUrl\":\"https:\\\/\\\/canfali.com\\\/app\\\/uploads\\\/2025\\\/12\\\/saborsdelamar.jpg\",\"width\":1350,\"height\":651},{\"@type\":\"BreadcrumbList\",\"@id\":\"https:\\\/\\\/canfali.com\\\/ca-es\\\/un-video-fomentar-el-consum-de-productes-de-llotja\\\/#breadcrumb\",\"itemListElement\":[{\"@type\":\"ListItem\",\"position\":1,\"name\":\"Portada\",\"item\":\"https:\\\/\\\/canfali.com\\\/ca-es\\\/\"},{\"@type\":\"ListItem\",\"position\":2,\"name\":\"Un v\u00eddeo fomenta el consum de productes de llotja\"}]},{\"@type\":\"WebSite\",\"@id\":\"https:\\\/\\\/canfali.com\\\/ca-es\\\/#website\",\"url\":\"https:\\\/\\\/canfali.com\\\/ca-es\\\/\",\"name\":\"Canfali\",\"description\":\"\",\"publisher\":{\"@id\":\"https:\\\/\\\/canfali.com\\\/ca-es\\\/#organization\"},\"potentialAction\":[{\"@type\":\"SearchAction\",\"target\":{\"@type\":\"EntryPoint\",\"urlTemplate\":\"https:\\\/\\\/canfali.com\\\/ca-es\\\/?s={search_term_string}\"},\"query-input\":{\"@type\":\"PropertyValueSpecification\",\"valueRequired\":true,\"valueName\":\"search_term_string\"}}],\"inLanguage\":\"va-ES\"},{\"@type\":\"Organization\",\"@id\":\"https:\\\/\\\/canfali.com\\\/ca-es\\\/#organization\",\"name\":\"Canfali\",\"url\":\"https:\\\/\\\/canfali.com\\\/ca-es\\\/\",\"logo\":{\"@type\":\"ImageObject\",\"inLanguage\":\"va-ES\",\"@id\":\"https:\\\/\\\/canfali.com\\\/ca-es\\\/#\\\/schema\\\/logo\\\/image\\\/\",\"url\":\"https:\\\/\\\/canfali.com\\\/app\\\/uploads\\\/2025\\\/12\\\/canfali_marina_alta_logo.png\",\"contentUrl\":\"https:\\\/\\\/canfali.com\\\/app\\\/uploads\\\/2025\\\/12\\\/canfali_marina_alta_logo.png\",\"width\":225,\"height\":225,\"caption\":\"Canfali\"},\"image\":{\"@id\":\"https:\\\/\\\/canfali.com\\\/ca-es\\\/#\\\/schema\\\/logo\\\/image\\\/\"},\"sameAs\":[\"https:\\\/\\\/es-es.facebook.com\\\/CANFALIMarinaAlta\",\"https:\\\/\\\/x.com\\\/canfalima\",\"https:\\\/\\\/www.instagram.com\\\/canfalimarinaalta\\\/\"]},{\"@type\":\"Person\",\"@id\":\"https:\\\/\\\/canfali.com\\\/ca-es\\\/#\\\/schema\\\/person\\\/c861a7aa2b2495357b95f35bd5d82f88\",\"name\":\"Rosa\",\"image\":{\"@type\":\"ImageObject\",\"inLanguage\":\"va-ES\",\"@id\":\"https:\\\/\\\/secure.gravatar.com\\\/avatar\\\/47fb83d99423a6ef1cf9f83f02a5e91366c671dec76c5c24badf1b0494e1d960?s=96&d=mm&r=g\",\"url\":\"https:\\\/\\\/secure.gravatar.com\\\/avatar\\\/47fb83d99423a6ef1cf9f83f02a5e91366c671dec76c5c24badf1b0494e1d960?s=96&d=mm&r=g\",\"contentUrl\":\"https:\\\/\\\/secure.gravatar.com\\\/avatar\\\/47fb83d99423a6ef1cf9f83f02a5e91366c671dec76c5c24badf1b0494e1d960?s=96&d=mm&r=g\",\"caption\":\"Rosa\"},\"url\":\"https:\\\/\\\/canfali.com\\\/ca-es\\\/author\\\/rosa\\\/\"}]}<\/script>\n<!-- \/ Yoast SEO Premium plugin. -->","yoast_head_json":{"title":"Un v\u00eddeo fomenta el consum de productes de llotja - Canfali","robots":{"index":"index","follow":"follow","max-snippet":"max-snippet:-1","max-image-preview":"max-image-preview:large","max-video-preview":"max-video-preview:-1"},"canonical":"https:\/\/canfali.com\/ca-es\/un-video-fomentar-el-consum-de-productes-de-llotja\/","og_locale":"en_US","og_type":"article","og_title":"Un v\u00eddeo fomenta el consum de productes de llotja","og_description":"L&#8217;Acord Comarcal per l&#8217;Ocupaci\u00f3 i Desenvolupament Local de la Marina Alta (Pacti&#8217;DT.) ha presentat el seu nou v\u00eddeo&hellip;","og_url":"https:\/\/canfali.com\/ca-es\/un-video-fomentar-el-consum-de-productes-de-llotja\/","og_site_name":"Canfali","article_publisher":"https:\/\/es-es.facebook.com\/CANFALIMarinaAlta","article_published_time":"2025-12-16T11:52:48+00:00","article_modified_time":"2025-12-16T15:48:11+00:00","og_image":[{"width":1350,"height":651,"url":"https:\/\/canfali.com\/app\/uploads\/2025\/12\/saborsdelamar.jpg","type":"image\/jpeg"}],"author":"Rosa","twitter_card":"summary_large_image","twitter_creator":"@canfalima","twitter_site":"@canfalima","twitter_misc":{"Written by":"Rosa","Est. reading time":"3 minutes"},"schema":{"@context":"https:\/\/schema.org","@graph":[{"@type":"NewsArticle","@id":"https:\/\/canfali.com\/ca-es\/un-video-fomentar-el-consum-de-productes-de-llotja\/#article","isPartOf":{"@id":"https:\/\/canfali.com\/ca-es\/un-video-fomentar-el-consum-de-productes-de-llotja\/"},"author":{"name":"Rosa","@id":"https:\/\/canfali.com\/ca-es\/#\/schema\/person\/c861a7aa2b2495357b95f35bd5d82f88"},"headline":"Un v\u00eddeo fomenta el consum de productes de llotja","datePublished":"2025-12-16T11:52:48+00:00","dateModified":"2025-12-16T15:48:11+00:00","mainEntityOfPage":{"@id":"https:\/\/canfali.com\/ca-es\/un-video-fomentar-el-consum-de-productes-de-llotja\/"},"wordCount":452,"publisher":{"@id":"https:\/\/canfali.com\/ca-es\/#organization"},"image":{"@id":"https:\/\/canfali.com\/ca-es\/un-video-fomentar-el-consum-de-productes-de-llotja\/#primaryimage"},"thumbnailUrl":"https:\/\/canfali.com\/app\/uploads\/2025\/12\/saborsdelamar.jpg","keywords":["Creama","llotja","pactema","Sabors de la Mar"],"articleSection":["Econom\u00eda y Empresas"],"inLanguage":"va-ES","copyrightYear":"2025","copyrightHolder":{"@id":"https:\/\/canfali.com\/#organization"}},{"@type":"WebPage","@id":"https:\/\/canfali.com\/ca-es\/un-video-fomentar-el-consum-de-productes-de-llotja\/","url":"https:\/\/canfali.com\/ca-es\/un-video-fomentar-el-consum-de-productes-de-llotja\/","name":"Un v\u00eddeo fomenta el consum de productes de llotja - Canfali","isPartOf":{"@id":"https:\/\/canfali.com\/ca-es\/#website"},"primaryImageOfPage":{"@id":"https:\/\/canfali.com\/ca-es\/un-video-fomentar-el-consum-de-productes-de-llotja\/#primaryimage"},"image":{"@id":"https:\/\/canfali.com\/ca-es\/un-video-fomentar-el-consum-de-productes-de-llotja\/#primaryimage"},"thumbnailUrl":"https:\/\/canfali.com\/app\/uploads\/2025\/12\/saborsdelamar.jpg","datePublished":"2025-12-16T11:52:48+00:00","dateModified":"2025-12-16T15:48:11+00:00","breadcrumb":{"@id":"https:\/\/canfali.com\/ca-es\/un-video-fomentar-el-consum-de-productes-de-llotja\/#breadcrumb"},"inLanguage":"va-ES","potentialAction":[{"@type":"ReadAction","target":["https:\/\/canfali.com\/ca-es\/un-video-fomentar-el-consum-de-productes-de-llotja\/"]}]},{"@type":"ImageObject","inLanguage":"va-ES","@id":"https:\/\/canfali.com\/ca-es\/un-video-fomentar-el-consum-de-productes-de-llotja\/#primaryimage","url":"https:\/\/canfali.com\/app\/uploads\/2025\/12\/saborsdelamar.jpg","contentUrl":"https:\/\/canfali.com\/app\/uploads\/2025\/12\/saborsdelamar.jpg","width":1350,"height":651},{"@type":"BreadcrumbList","@id":"https:\/\/canfali.com\/ca-es\/un-video-fomentar-el-consum-de-productes-de-llotja\/#breadcrumb","itemListElement":[{"@type":"ListItem","position":1,"name":"Portada","item":"https:\/\/canfali.com\/ca-es\/"},{"@type":"ListItem","position":2,"name":"Un v\u00eddeo fomenta el consum de productes de llotja"}]},{"@type":"WebSite","@id":"https:\/\/canfali.com\/ca-es\/#website","url":"https:\/\/canfali.com\/ca-es\/","name":"Canfali","description":"","publisher":{"@id":"https:\/\/canfali.com\/ca-es\/#organization"},"potentialAction":[{"@type":"SearchAction","target":{"@type":"EntryPoint","urlTemplate":"https:\/\/canfali.com\/ca-es\/?s={search_term_string}"},"query-input":{"@type":"PropertyValueSpecification","valueRequired":true,"valueName":"search_term_string"}}],"inLanguage":"va-ES"},{"@type":"Organization","@id":"https:\/\/canfali.com\/ca-es\/#organization","name":"Canfali","url":"https:\/\/canfali.com\/ca-es\/","logo":{"@type":"ImageObject","inLanguage":"va-ES","@id":"https:\/\/canfali.com\/ca-es\/#\/schema\/logo\/image\/","url":"https:\/\/canfali.com\/app\/uploads\/2025\/12\/canfali_marina_alta_logo.png","contentUrl":"https:\/\/canfali.com\/app\/uploads\/2025\/12\/canfali_marina_alta_logo.png","width":225,"height":225,"caption":"Canfali"},"image":{"@id":"https:\/\/canfali.com\/ca-es\/#\/schema\/logo\/image\/"},"sameAs":["https:\/\/es-es.facebook.com\/CANFALIMarinaAlta","https:\/\/x.com\/canfalima","https:\/\/www.instagram.com\/canfalimarinaalta\/"]},{"@type":"Person","@id":"https:\/\/canfali.com\/ca-es\/#\/schema\/person\/c861a7aa2b2495357b95f35bd5d82f88","name":"Rosa","image":{"@type":"ImageObject","inLanguage":"va-ES","@id":"https:\/\/secure.gravatar.com\/avatar\/47fb83d99423a6ef1cf9f83f02a5e91366c671dec76c5c24badf1b0494e1d960?s=96&d=mm&r=g","url":"https:\/\/secure.gravatar.com\/avatar\/47fb83d99423a6ef1cf9f83f02a5e91366c671dec76c5c24badf1b0494e1d960?s=96&d=mm&r=g","contentUrl":"https:\/\/secure.gravatar.com\/avatar\/47fb83d99423a6ef1cf9f83f02a5e91366c671dec76c5c24badf1b0494e1d960?s=96&d=mm&r=g","caption":"Rosa"},"url":"https:\/\/canfali.com\/ca-es\/author\/rosa\/"}]}},"_links":{"self":[{"href":"https:\/\/canfali.com\/ca-es\/wp-json\/wp\/v2\/posts\/84103","targetHints":{"allow":["GET"]}}],"collection":[{"href":"https:\/\/canfali.com\/ca-es\/wp-json\/wp\/v2\/posts"}],"about":[{"href":"https:\/\/canfali.com\/ca-es\/wp-json\/wp\/v2\/types\/post"}],"author":[{"embeddable":true,"href":"https:\/\/canfali.com\/ca-es\/wp-json\/wp\/v2\/users\/6"}],"replies":[{"embeddable":true,"href":"https:\/\/canfali.com\/ca-es\/wp-json\/wp\/v2\/comments?post=84103"}],"version-history":[{"count":2,"href":"https:\/\/canfali.com\/ca-es\/wp-json\/wp\/v2\/posts\/84103\/revisions"}],"predecessor-version":[{"id":84105,"href":"https:\/\/canfali.com\/ca-es\/wp-json\/wp\/v2\/posts\/84103\/revisions\/84105"}],"wp:featuredmedia":[{"embeddable":true,"href":"https:\/\/canfali.com\/ca-es\/wp-json\/wp\/v2\/media\/84081"}],"wp:attachment":[{"href":"https:\/\/canfali.com\/ca-es\/wp-json\/wp\/v2\/media?parent=84103"}],"wp:term":[{"taxonomy":"category","embeddable":true,"href":"https:\/\/canfali.com\/ca-es\/wp-json\/wp\/v2\/categories?post=84103"},{"taxonomy":"post_tag","embeddable":true,"href":"https:\/\/canfali.com\/ca-es\/wp-json\/wp\/v2\/tags?post=84103"}],"curies":[{"name":"wp","href":"https:\/\/api.w.org\/{rel}","templated":true}]}}