{"id":84057,"date":"2025-12-16T12:13:01","date_gmt":"2025-12-16T11:13:01","guid":{"rendered":"https:\/\/canfali.com\/denia-bufara-els-ciris-dels-deu-anys-de-ciutat-creativa\/"},"modified":"2025-12-16T12:20:56","modified_gmt":"2025-12-16T11:20:56","slug":"denia-bufara-els-ciris-dels-deu-anys-de-ciutat-creativa","status":"publish","type":"post","link":"https:\/\/canfali.com\/ca-es\/denia-bufara-els-ciris-dels-deu-anys-de-ciutat-creativa\/","title":{"rendered":"D\u00e9nia bufar\u00e0 els ciris dels deu anys de ciutat creativa"},"content":{"rendered":"\n<p><\/p>\n\n<figure class=\"wp-block-pullquote\"><blockquote><p>2015-2025: deu anys de treball per valoritzar el patrimoni gastron\u00f2mic de la comarca<\/p><\/blockquote><\/figure>\n\n<p>La festa del des\u00e9 aniversari de la declaraci\u00f3 de D\u00e9nia com a Ciutat Creativa de la Gastronomia per la UNESCO es far\u00e0 dissabte 20 de desembre amb una s\u00e8rie d\u2019actes pensats per a compartir amb la ciutadania i amb totes les persones que han treballat i s\u2019han implicat en el projecte. La celebraci\u00f3 comportar\u00e0 posar-se el davantal i bufar els ciris del past\u00eds. Ser\u00e0 un past\u00eds virtual i una bufada simb\u00f2lica, que no per aix\u00f2 deixar\u00e0 de ser significativa. <br\/><br\/>Al voltant d\u2019una gran taula, els convidats -\u00e9s a dir, totes les persones que vulguen sumar-se a la festa- podran compartir eixe moment m\u00e0gic degustant tamb\u00e9 les 5.000 coques, elaborades per forns i obradors locals, que se serviran en el carrer del Marqu\u00e9s de Campo. N\u2019hi haur\u00e0 de tomacat, de ceba, de p\u00e9sols i d\u2019anxova. Sabors de sempre que s\u2019identifiquen amb el ric patrimoni i la tradici\u00f3 gastron\u00f2mica de D\u00e9nia i la Marina Alta.<br\/><br\/>L\u2019acte central de la commemoraci\u00f3 del 10\u00e9 aniversari de D\u00e9nia com a Ciutat Creativa de la Gastronomia es far\u00e0 al voltant de les 12 del migdia en el tram del carrer del Marqu\u00e9s de Campo compr\u00e9s entre els carrers de Diana i de Carlos Sent\u00ed. All\u00ed s\u2019instal\u00b7laran unes grans pantalles per a fer la bufada del past\u00eds i es recordaran alguns dels fets m\u00e9s significatius dels deu anys que han transcorregut des d\u2019aquell 11 de desembre de 2015, quan la UNESCO va anunciar l\u2019aprovaci\u00f3 de la candidatura. Es projectaran tamb\u00e9 v\u00eddeos de felicitaci\u00f3 i sobre altres ciutats creatives de la gastronomia.<br\/><br\/>En el repartiment de coques participaran algunes de les persones que han format part del projecte D\u00e9nia Ciutat Creativa de la Gastronomia, que es col\u00b7locaran al voltant dels cent metres de taula parada per a una ocasi\u00f3 tan especial.<br\/><br\/>Les activitats per\u00f2 comen\u00e7aran abans i en un altre escenari. A les 10.45 hores es far\u00e0 un acte institucional a la pla\u00e7a del Consell, on es lliurar\u00e0 un davantal commemoratiu del d\u00e8cim aniversari a les persones implicades i col\u00b7laboradores del projecte, com ara cuiners, productors i institucions p\u00fabliques i privades. Ser\u00e0 el moment de recordar <br\/><br\/><br\/>alguns dels esdeveniments destacats dels deu anys de ciutat creativa, el torn dels parlaments i tamb\u00e9 de la foto de fam\u00edlia.<br\/><br\/>Des d\u2019all\u00ed, la comitiva es despla\u00e7ar\u00e0 a Marqu\u00e9s de Campo, on continuar\u00e0 la celebraci\u00f3 amb la bufada dels ciris i el tast de coques. La jornada estar\u00e0 amenitzada amb un DJ, fent de la gastronomia i la m\u00fasica dos bons aliats per a una festa d\u2019aniversari.<br\/><br\/><br\/><br\/>Deu anys cultivant idees, sabors i futur<br\/><br\/>Des de la seua designaci\u00f3 a desembre de 2015, D\u00e9nia ha desenrotllat una traject\u00f2ria molt activa en la Xarxa de Ciutats Creatives de la UNESCO, impulsant projectes clau d&#8217;innovaci\u00f3, sostenibilitat i cooperaci\u00f3 nacional i internacional que han enfortit la identitat cultural i econ\u00f2mica de D\u00e9nia i la Marina Alta.<br\/><br\/>Iniciatives com \u2018Menja\u2019t la Marina\u2019 i la marca Bancalet, amb 80 empreses adherides, han consolidat l&#8217;aposta per una alimentaci\u00f3 responsable, la formaci\u00f3 de j\u00f3vens talents i emprenedors gastron\u00f2mics i el suport als productors agroalimentaris de D\u00e9nia i la Marina Alta.<br\/><br\/>L&#8217;\u00e0mbit de l&#8217;educaci\u00f3 ha sigut un altre dels eixos d&#8217;acci\u00f3, amb la creaci\u00f3, a D\u00e9nia, de la seu de Gasterra, el Centre de Gastronomia del Mediterrani, en col\u00b7laboraci\u00f3 amb la Universitat d&#8217;Alacant. <br\/><br\/>Des de D\u00e9nia s&#8217;ha liderat tamb\u00e9 l&#8217;Associaci\u00f3 Nacional de Ciutats Creatives de la UNESCO, establint xarxes de col\u00b7laboraci\u00f3 cultural i gastron\u00f2mica amb ciutats com Bilbao, Val\u00e8ncia, Granada, Sevilla, Barcelona, Burgos, Valladolid i Terrassa. <br\/><br\/>D\u00e9nia ha participat igualment en diversos projectes de col\u00b7laboraci\u00f3 internacional com la iniciativa Youth4Food del programa europeu Erasmus+, centrada en la formaci\u00f3 de j\u00f3vens talents i emprenedors en gastronomia sostenible; o l&#8217;adhesi\u00f3 al Pacte de Pol\u00edtica Aliment\u00e0ria Urbana de Mil\u00e0 que busca fomentar sistemes alimentaris urbans m\u00e9s sostenibles i inclusius.<br\/><br\/>La projecci\u00f3 internacional de la ciutat s&#8217;ha mostrat a trav\u00e9s de la seua participaci\u00f3 en confer\u00e8ncies anuals i en els lla\u00e7os establits amb altres ciutats creatives de tot el m\u00f3n per a intercanviar experi\u00e8ncies i coneixement. A m\u00e9s, el festival gastron\u00f2mic D*na s&#8217;ha convertit en un esdeveniment de refer\u00e8ncia en el panorama mediterrani, atraient a xefs de prestigi internacional i consolidant D\u00e9nia com un punt de trobada culinari global.<br\/><br\/>En definitiva, una d\u00e8cada de treball ininterromput per a la valoritzaci\u00f3 del patrimoni culinari i agroalimentari, demostrant que la designaci\u00f3 de D\u00e9nia com a Ciutat Creativa de la gastronomia per la UNESCO no \u00e9s nom\u00e9s un t\u00edtol, sin\u00f3 un motor de canvi.<br\/><\/p>\n\n<p>\u00a0<\/p>\n\n<p> <\/p>\n\n<p> <\/p>\n\n<p> <\/p>\n\n<p> <\/p>\n\n<h2 class=\"wp-block-heading\">\u00a0<\/h2>\n\n<p> <\/p>\n\n<p>\u00a0<\/p>\n\n<p> <\/p>\n\n<p> <\/p>\n\n<p> <\/p>\n\n<p> <\/p>\n\n<p> <\/p>\n","protected":false},"excerpt":{"rendered":"2015-2025: deu anys de treball per valoritzar el patrimoni gastron\u00f2mic de la comarca La festa del des\u00e9 aniversari&hellip;","protected":false},"author":6,"featured_media":84054,"comment_status":"closed","ping_status":"closed","sticky":false,"template":"","format":"standard","meta":{"csco_display_header_overlay":false,"csco_singular_sidebar":"","csco_page_header_type":"","csco_page_load_nextpost":"","csco_post_video_location":[],"csco_post_video_location_hash":"","csco_post_video_url":"","csco_post_video_bg_start_time":0,"csco_post_video_bg_end_time":0,"footnotes":""},"categories":[589],"tags":[1984,4058,3051,684,5635,5033],"class_list":{"0":"post-84057","1":"post","2":"type-post","3":"status-publish","4":"format-standard","5":"has-post-thumbnail","7":"category-gastronomia-ca-es","8":"tag-aniversari","9":"tag-bancalet","10":"tag-ciutats-creatives","11":"tag-gastronomia","12":"tag-menjat-la-marina","13":"tag-unesco","14":"cs-entry","15":"cs-video-wrap"},"yoast_head":"<!-- This site is optimized with the Yoast SEO Premium plugin v26.6 (Yoast SEO v27.3) - https:\/\/yoast.com\/product\/yoast-seo-premium-wordpress\/ -->\n<title>D\u00e9nia bufar\u00e0 els ciris dels deu anys de ciutat creativa - Canfali<\/title>\n<meta name=\"robots\" content=\"index, follow, max-snippet:-1, max-image-preview:large, max-video-preview:-1\" \/>\n<link rel=\"canonical\" href=\"https:\/\/canfali.com\/ca-es\/denia-bufara-els-ciris-dels-deu-anys-de-ciutat-creativa\/\" \/>\n<meta property=\"og:locale\" content=\"en_US\" \/>\n<meta property=\"og:type\" content=\"article\" \/>\n<meta property=\"og:title\" content=\"D\u00e9nia bufar\u00e0 els ciris dels deu anys de ciutat creativa\" \/>\n<meta property=\"og:description\" content=\"2015-2025: deu anys de treball per valoritzar el patrimoni gastron\u00f2mic de la comarca La festa del des\u00e9 aniversari&hellip;\" \/>\n<meta property=\"og:url\" content=\"https:\/\/canfali.com\/ca-es\/denia-bufara-els-ciris-dels-deu-anys-de-ciutat-creativa\/\" \/>\n<meta property=\"og:site_name\" content=\"Canfali\" \/>\n<meta property=\"article:publisher\" content=\"https:\/\/es-es.facebook.com\/CANFALIMarinaAlta\" \/>\n<meta property=\"article:published_time\" content=\"2025-12-16T11:13:01+00:00\" \/>\n<meta property=\"article:modified_time\" content=\"2025-12-16T11:20:56+00:00\" \/>\n<meta property=\"og:image\" content=\"https:\/\/canfali.com\/app\/uploads\/2025\/12\/coques.jpg\" \/>\n\t<meta property=\"og:image:width\" content=\"2048\" \/>\n\t<meta property=\"og:image:height\" content=\"1536\" \/>\n\t<meta property=\"og:image:type\" content=\"image\/jpeg\" \/>\n<meta name=\"author\" content=\"Rosa\" \/>\n<meta name=\"twitter:card\" content=\"summary_large_image\" \/>\n<meta name=\"twitter:creator\" content=\"@canfalima\" \/>\n<meta name=\"twitter:site\" content=\"@canfalima\" \/>\n<meta name=\"twitter:label1\" content=\"Written by\" \/>\n\t<meta name=\"twitter:data1\" content=\"Rosa\" \/>\n\t<meta name=\"twitter:label2\" content=\"Est. reading time\" \/>\n\t<meta name=\"twitter:data2\" content=\"4 minutes\" \/>\n<script type=\"application\/ld+json\" class=\"yoast-schema-graph\">{\"@context\":\"https:\\\/\\\/schema.org\",\"@graph\":[{\"@type\":\"NewsArticle\",\"@id\":\"https:\\\/\\\/canfali.com\\\/ca-es\\\/denia-bufara-els-ciris-dels-deu-anys-de-ciutat-creativa\\\/#article\",\"isPartOf\":{\"@id\":\"https:\\\/\\\/canfali.com\\\/ca-es\\\/denia-bufara-els-ciris-dels-deu-anys-de-ciutat-creativa\\\/\"},\"author\":{\"name\":\"Rosa\",\"@id\":\"https:\\\/\\\/canfali.com\\\/ca-es\\\/#\\\/schema\\\/person\\\/c861a7aa2b2495357b95f35bd5d82f88\"},\"headline\":\"D\u00e9nia bufar\u00e0 els ciris dels deu anys de ciutat creativa\",\"datePublished\":\"2025-12-16T11:13:01+00:00\",\"dateModified\":\"2025-12-16T11:20:56+00:00\",\"mainEntityOfPage\":{\"@id\":\"https:\\\/\\\/canfali.com\\\/ca-es\\\/denia-bufara-els-ciris-dels-deu-anys-de-ciutat-creativa\\\/\"},\"wordCount\":840,\"publisher\":{\"@id\":\"https:\\\/\\\/canfali.com\\\/ca-es\\\/#organization\"},\"image\":{\"@id\":\"https:\\\/\\\/canfali.com\\\/ca-es\\\/denia-bufara-els-ciris-dels-deu-anys-de-ciutat-creativa\\\/#primaryimage\"},\"thumbnailUrl\":\"https:\\\/\\\/canfali.com\\\/app\\\/uploads\\\/2025\\\/12\\\/coques.jpg\",\"keywords\":[\"aniversari\",\"Bancalet\",\"Ciutats Creatives\",\"gastronom\u00eda\",\"Menja't la Marina\",\"UNESCO\"],\"articleSection\":[\"Gastronomia\"],\"inLanguage\":\"va-ES\",\"copyrightYear\":\"2025\",\"copyrightHolder\":{\"@id\":\"https:\\\/\\\/canfali.com\\\/#organization\"}},{\"@type\":\"WebPage\",\"@id\":\"https:\\\/\\\/canfali.com\\\/ca-es\\\/denia-bufara-els-ciris-dels-deu-anys-de-ciutat-creativa\\\/\",\"url\":\"https:\\\/\\\/canfali.com\\\/ca-es\\\/denia-bufara-els-ciris-dels-deu-anys-de-ciutat-creativa\\\/\",\"name\":\"D\u00e9nia bufar\u00e0 els ciris dels deu anys de ciutat creativa - Canfali\",\"isPartOf\":{\"@id\":\"https:\\\/\\\/canfali.com\\\/ca-es\\\/#website\"},\"primaryImageOfPage\":{\"@id\":\"https:\\\/\\\/canfali.com\\\/ca-es\\\/denia-bufara-els-ciris-dels-deu-anys-de-ciutat-creativa\\\/#primaryimage\"},\"image\":{\"@id\":\"https:\\\/\\\/canfali.com\\\/ca-es\\\/denia-bufara-els-ciris-dels-deu-anys-de-ciutat-creativa\\\/#primaryimage\"},\"thumbnailUrl\":\"https:\\\/\\\/canfali.com\\\/app\\\/uploads\\\/2025\\\/12\\\/coques.jpg\",\"datePublished\":\"2025-12-16T11:13:01+00:00\",\"dateModified\":\"2025-12-16T11:20:56+00:00\",\"breadcrumb\":{\"@id\":\"https:\\\/\\\/canfali.com\\\/ca-es\\\/denia-bufara-els-ciris-dels-deu-anys-de-ciutat-creativa\\\/#breadcrumb\"},\"inLanguage\":\"va-ES\",\"potentialAction\":[{\"@type\":\"ReadAction\",\"target\":[\"https:\\\/\\\/canfali.com\\\/ca-es\\\/denia-bufara-els-ciris-dels-deu-anys-de-ciutat-creativa\\\/\"]}]},{\"@type\":\"ImageObject\",\"inLanguage\":\"va-ES\",\"@id\":\"https:\\\/\\\/canfali.com\\\/ca-es\\\/denia-bufara-els-ciris-dels-deu-anys-de-ciutat-creativa\\\/#primaryimage\",\"url\":\"https:\\\/\\\/canfali.com\\\/app\\\/uploads\\\/2025\\\/12\\\/coques.jpg\",\"contentUrl\":\"https:\\\/\\\/canfali.com\\\/app\\\/uploads\\\/2025\\\/12\\\/coques.jpg\",\"width\":2048,\"height\":1536},{\"@type\":\"BreadcrumbList\",\"@id\":\"https:\\\/\\\/canfali.com\\\/ca-es\\\/denia-bufara-els-ciris-dels-deu-anys-de-ciutat-creativa\\\/#breadcrumb\",\"itemListElement\":[{\"@type\":\"ListItem\",\"position\":1,\"name\":\"Portada\",\"item\":\"https:\\\/\\\/canfali.com\\\/ca-es\\\/\"},{\"@type\":\"ListItem\",\"position\":2,\"name\":\"D\u00e9nia bufar\u00e0 els ciris dels deu anys de ciutat creativa\"}]},{\"@type\":\"WebSite\",\"@id\":\"https:\\\/\\\/canfali.com\\\/ca-es\\\/#website\",\"url\":\"https:\\\/\\\/canfali.com\\\/ca-es\\\/\",\"name\":\"Canfali\",\"description\":\"\",\"publisher\":{\"@id\":\"https:\\\/\\\/canfali.com\\\/ca-es\\\/#organization\"},\"potentialAction\":[{\"@type\":\"SearchAction\",\"target\":{\"@type\":\"EntryPoint\",\"urlTemplate\":\"https:\\\/\\\/canfali.com\\\/ca-es\\\/?s={search_term_string}\"},\"query-input\":{\"@type\":\"PropertyValueSpecification\",\"valueRequired\":true,\"valueName\":\"search_term_string\"}}],\"inLanguage\":\"va-ES\"},{\"@type\":\"Organization\",\"@id\":\"https:\\\/\\\/canfali.com\\\/ca-es\\\/#organization\",\"name\":\"Canfali\",\"url\":\"https:\\\/\\\/canfali.com\\\/ca-es\\\/\",\"logo\":{\"@type\":\"ImageObject\",\"inLanguage\":\"va-ES\",\"@id\":\"https:\\\/\\\/canfali.com\\\/ca-es\\\/#\\\/schema\\\/logo\\\/image\\\/\",\"url\":\"https:\\\/\\\/canfali.com\\\/app\\\/uploads\\\/2025\\\/12\\\/canfali_marina_alta_logo.png\",\"contentUrl\":\"https:\\\/\\\/canfali.com\\\/app\\\/uploads\\\/2025\\\/12\\\/canfali_marina_alta_logo.png\",\"width\":225,\"height\":225,\"caption\":\"Canfali\"},\"image\":{\"@id\":\"https:\\\/\\\/canfali.com\\\/ca-es\\\/#\\\/schema\\\/logo\\\/image\\\/\"},\"sameAs\":[\"https:\\\/\\\/es-es.facebook.com\\\/CANFALIMarinaAlta\",\"https:\\\/\\\/x.com\\\/canfalima\",\"https:\\\/\\\/www.instagram.com\\\/canfalimarinaalta\\\/\"]},{\"@type\":\"Person\",\"@id\":\"https:\\\/\\\/canfali.com\\\/ca-es\\\/#\\\/schema\\\/person\\\/c861a7aa2b2495357b95f35bd5d82f88\",\"name\":\"Rosa\",\"image\":{\"@type\":\"ImageObject\",\"inLanguage\":\"va-ES\",\"@id\":\"https:\\\/\\\/secure.gravatar.com\\\/avatar\\\/47fb83d99423a6ef1cf9f83f02a5e91366c671dec76c5c24badf1b0494e1d960?s=96&d=mm&r=g\",\"url\":\"https:\\\/\\\/secure.gravatar.com\\\/avatar\\\/47fb83d99423a6ef1cf9f83f02a5e91366c671dec76c5c24badf1b0494e1d960?s=96&d=mm&r=g\",\"contentUrl\":\"https:\\\/\\\/secure.gravatar.com\\\/avatar\\\/47fb83d99423a6ef1cf9f83f02a5e91366c671dec76c5c24badf1b0494e1d960?s=96&d=mm&r=g\",\"caption\":\"Rosa\"},\"url\":\"https:\\\/\\\/canfali.com\\\/ca-es\\\/author\\\/rosa\\\/\"}]}<\/script>\n<!-- \/ Yoast SEO Premium plugin. -->","yoast_head_json":{"title":"D\u00e9nia bufar\u00e0 els ciris dels deu anys de ciutat creativa - Canfali","robots":{"index":"index","follow":"follow","max-snippet":"max-snippet:-1","max-image-preview":"max-image-preview:large","max-video-preview":"max-video-preview:-1"},"canonical":"https:\/\/canfali.com\/ca-es\/denia-bufara-els-ciris-dels-deu-anys-de-ciutat-creativa\/","og_locale":"en_US","og_type":"article","og_title":"D\u00e9nia bufar\u00e0 els ciris dels deu anys de ciutat creativa","og_description":"2015-2025: deu anys de treball per valoritzar el patrimoni gastron\u00f2mic de la comarca La festa del des\u00e9 aniversari&hellip;","og_url":"https:\/\/canfali.com\/ca-es\/denia-bufara-els-ciris-dels-deu-anys-de-ciutat-creativa\/","og_site_name":"Canfali","article_publisher":"https:\/\/es-es.facebook.com\/CANFALIMarinaAlta","article_published_time":"2025-12-16T11:13:01+00:00","article_modified_time":"2025-12-16T11:20:56+00:00","og_image":[{"width":2048,"height":1536,"url":"https:\/\/canfali.com\/app\/uploads\/2025\/12\/coques.jpg","type":"image\/jpeg"}],"author":"Rosa","twitter_card":"summary_large_image","twitter_creator":"@canfalima","twitter_site":"@canfalima","twitter_misc":{"Written by":"Rosa","Est. reading time":"4 minutes"},"schema":{"@context":"https:\/\/schema.org","@graph":[{"@type":"NewsArticle","@id":"https:\/\/canfali.com\/ca-es\/denia-bufara-els-ciris-dels-deu-anys-de-ciutat-creativa\/#article","isPartOf":{"@id":"https:\/\/canfali.com\/ca-es\/denia-bufara-els-ciris-dels-deu-anys-de-ciutat-creativa\/"},"author":{"name":"Rosa","@id":"https:\/\/canfali.com\/ca-es\/#\/schema\/person\/c861a7aa2b2495357b95f35bd5d82f88"},"headline":"D\u00e9nia bufar\u00e0 els ciris dels deu anys de ciutat creativa","datePublished":"2025-12-16T11:13:01+00:00","dateModified":"2025-12-16T11:20:56+00:00","mainEntityOfPage":{"@id":"https:\/\/canfali.com\/ca-es\/denia-bufara-els-ciris-dels-deu-anys-de-ciutat-creativa\/"},"wordCount":840,"publisher":{"@id":"https:\/\/canfali.com\/ca-es\/#organization"},"image":{"@id":"https:\/\/canfali.com\/ca-es\/denia-bufara-els-ciris-dels-deu-anys-de-ciutat-creativa\/#primaryimage"},"thumbnailUrl":"https:\/\/canfali.com\/app\/uploads\/2025\/12\/coques.jpg","keywords":["aniversari","Bancalet","Ciutats Creatives","gastronom\u00eda","Menja't la Marina","UNESCO"],"articleSection":["Gastronomia"],"inLanguage":"va-ES","copyrightYear":"2025","copyrightHolder":{"@id":"https:\/\/canfali.com\/#organization"}},{"@type":"WebPage","@id":"https:\/\/canfali.com\/ca-es\/denia-bufara-els-ciris-dels-deu-anys-de-ciutat-creativa\/","url":"https:\/\/canfali.com\/ca-es\/denia-bufara-els-ciris-dels-deu-anys-de-ciutat-creativa\/","name":"D\u00e9nia bufar\u00e0 els ciris dels deu anys de ciutat creativa - Canfali","isPartOf":{"@id":"https:\/\/canfali.com\/ca-es\/#website"},"primaryImageOfPage":{"@id":"https:\/\/canfali.com\/ca-es\/denia-bufara-els-ciris-dels-deu-anys-de-ciutat-creativa\/#primaryimage"},"image":{"@id":"https:\/\/canfali.com\/ca-es\/denia-bufara-els-ciris-dels-deu-anys-de-ciutat-creativa\/#primaryimage"},"thumbnailUrl":"https:\/\/canfali.com\/app\/uploads\/2025\/12\/coques.jpg","datePublished":"2025-12-16T11:13:01+00:00","dateModified":"2025-12-16T11:20:56+00:00","breadcrumb":{"@id":"https:\/\/canfali.com\/ca-es\/denia-bufara-els-ciris-dels-deu-anys-de-ciutat-creativa\/#breadcrumb"},"inLanguage":"va-ES","potentialAction":[{"@type":"ReadAction","target":["https:\/\/canfali.com\/ca-es\/denia-bufara-els-ciris-dels-deu-anys-de-ciutat-creativa\/"]}]},{"@type":"ImageObject","inLanguage":"va-ES","@id":"https:\/\/canfali.com\/ca-es\/denia-bufara-els-ciris-dels-deu-anys-de-ciutat-creativa\/#primaryimage","url":"https:\/\/canfali.com\/app\/uploads\/2025\/12\/coques.jpg","contentUrl":"https:\/\/canfali.com\/app\/uploads\/2025\/12\/coques.jpg","width":2048,"height":1536},{"@type":"BreadcrumbList","@id":"https:\/\/canfali.com\/ca-es\/denia-bufara-els-ciris-dels-deu-anys-de-ciutat-creativa\/#breadcrumb","itemListElement":[{"@type":"ListItem","position":1,"name":"Portada","item":"https:\/\/canfali.com\/ca-es\/"},{"@type":"ListItem","position":2,"name":"D\u00e9nia bufar\u00e0 els ciris dels deu anys de ciutat creativa"}]},{"@type":"WebSite","@id":"https:\/\/canfali.com\/ca-es\/#website","url":"https:\/\/canfali.com\/ca-es\/","name":"Canfali","description":"","publisher":{"@id":"https:\/\/canfali.com\/ca-es\/#organization"},"potentialAction":[{"@type":"SearchAction","target":{"@type":"EntryPoint","urlTemplate":"https:\/\/canfali.com\/ca-es\/?s={search_term_string}"},"query-input":{"@type":"PropertyValueSpecification","valueRequired":true,"valueName":"search_term_string"}}],"inLanguage":"va-ES"},{"@type":"Organization","@id":"https:\/\/canfali.com\/ca-es\/#organization","name":"Canfali","url":"https:\/\/canfali.com\/ca-es\/","logo":{"@type":"ImageObject","inLanguage":"va-ES","@id":"https:\/\/canfali.com\/ca-es\/#\/schema\/logo\/image\/","url":"https:\/\/canfali.com\/app\/uploads\/2025\/12\/canfali_marina_alta_logo.png","contentUrl":"https:\/\/canfali.com\/app\/uploads\/2025\/12\/canfali_marina_alta_logo.png","width":225,"height":225,"caption":"Canfali"},"image":{"@id":"https:\/\/canfali.com\/ca-es\/#\/schema\/logo\/image\/"},"sameAs":["https:\/\/es-es.facebook.com\/CANFALIMarinaAlta","https:\/\/x.com\/canfalima","https:\/\/www.instagram.com\/canfalimarinaalta\/"]},{"@type":"Person","@id":"https:\/\/canfali.com\/ca-es\/#\/schema\/person\/c861a7aa2b2495357b95f35bd5d82f88","name":"Rosa","image":{"@type":"ImageObject","inLanguage":"va-ES","@id":"https:\/\/secure.gravatar.com\/avatar\/47fb83d99423a6ef1cf9f83f02a5e91366c671dec76c5c24badf1b0494e1d960?s=96&d=mm&r=g","url":"https:\/\/secure.gravatar.com\/avatar\/47fb83d99423a6ef1cf9f83f02a5e91366c671dec76c5c24badf1b0494e1d960?s=96&d=mm&r=g","contentUrl":"https:\/\/secure.gravatar.com\/avatar\/47fb83d99423a6ef1cf9f83f02a5e91366c671dec76c5c24badf1b0494e1d960?s=96&d=mm&r=g","caption":"Rosa"},"url":"https:\/\/canfali.com\/ca-es\/author\/rosa\/"}]}},"_links":{"self":[{"href":"https:\/\/canfali.com\/ca-es\/wp-json\/wp\/v2\/posts\/84057","targetHints":{"allow":["GET"]}}],"collection":[{"href":"https:\/\/canfali.com\/ca-es\/wp-json\/wp\/v2\/posts"}],"about":[{"href":"https:\/\/canfali.com\/ca-es\/wp-json\/wp\/v2\/types\/post"}],"author":[{"embeddable":true,"href":"https:\/\/canfali.com\/ca-es\/wp-json\/wp\/v2\/users\/6"}],"replies":[{"embeddable":true,"href":"https:\/\/canfali.com\/ca-es\/wp-json\/wp\/v2\/comments?post=84057"}],"version-history":[{"count":1,"href":"https:\/\/canfali.com\/ca-es\/wp-json\/wp\/v2\/posts\/84057\/revisions"}],"predecessor-version":[{"id":84058,"href":"https:\/\/canfali.com\/ca-es\/wp-json\/wp\/v2\/posts\/84057\/revisions\/84058"}],"wp:featuredmedia":[{"embeddable":true,"href":"https:\/\/canfali.com\/ca-es\/wp-json\/wp\/v2\/media\/84054"}],"wp:attachment":[{"href":"https:\/\/canfali.com\/ca-es\/wp-json\/wp\/v2\/media?parent=84057"}],"wp:term":[{"taxonomy":"category","embeddable":true,"href":"https:\/\/canfali.com\/ca-es\/wp-json\/wp\/v2\/categories?post=84057"},{"taxonomy":"post_tag","embeddable":true,"href":"https:\/\/canfali.com\/ca-es\/wp-json\/wp\/v2\/tags?post=84057"}],"curies":[{"name":"wp","href":"https:\/\/api.w.org\/{rel}","templated":true}]}}