{"id":84045,"date":"2025-12-16T11:50:07","date_gmt":"2025-12-16T10:50:07","guid":{"rendered":"https:\/\/canfali.com\/lleu-ajust-de-locupacio-i-atur-en-minims-historics\/"},"modified":"2025-12-16T11:55:30","modified_gmt":"2025-12-16T10:55:30","slug":"lleu-ajust-de-locupacio-i-atur-en-minims-historics","status":"publish","type":"post","link":"https:\/\/canfali.com\/ca-es\/lleu-ajust-de-locupacio-i-atur-en-minims-historics\/","title":{"rendered":"Lleu ajust de l&#8217;ocupaci\u00f3 i atur en m\u00ednims hist\u00f2rics"},"content":{"rendered":"\n<p>Novembre sol ser un mes fluix per al mercat laboral de la comarca: despr\u00e9s del tancament de la temporada tur\u00edstica i abans del repunt nadalenc, l&#8217;ocupaci\u00f3 tendeix a descendir. Aquesta pauta es repeteix gaireb\u00e9 tots els anys, amb l&#8217;\u00fanica excepci\u00f3 de novembre de 2024, quan l&#8217;afiliaci\u00f3 va augmentar lleugerament en 2 persones. En 2025 el comportament torna a alinear-se amb la tend\u00e8ncia habitual, registrant-se una p\u00e8rdua de prop de 150 ocupacions. Aix\u00ed i tot, la dada inclou un aspecte positiu: encara que la caiguda contrasta amb el petit increment de l&#8217;any passat, el nombre total de persones afiliades aconsegueix les 63.573, la xifra m\u00e9s elevada de tota la s\u00e8rie per a un mes de novembre. Paral\u00b7lelament, l&#8217;atur registrat descendeix en 3 persones, una millora molt superior a la de fa un any, fins a quedar en 7.612 demandants, la seva xifra m\u00e9s baixa per a un novembre des de 2007.<br\/><br\/>En conjunt, totes dues din\u00e0miques deixen un balan\u00e7 anual favorable: en els \u00faltims dotze mesos s&#8217;han creat 1.967 ocupacions i el nombre de persones inscrites en atur s&#8217;ha redu\u00eft en 776.<br\/><br\/>Al novembre es van comptabilitzar 148 afiliats menys que a l&#8217;octubre, situant el valor a tancament de mes en 63.573 cotitzadors. Aix\u00f2 equival a un descens mensual del -0,23%, m\u00e9s accentuat que el de l&#8217;any anterior, quan es va mantenir pla (0,00%). A excepci\u00f3 de l&#8217;at\u00edpic 2024, la resta d&#8217;anys presenten correccions m\u00e9s intenses en un mes de novembre. En 2023, el comportament va ser m\u00e9s negatiu que el de 2025, amb una p\u00e8rdua d&#8217;al voltant de 500 afiliacions (-0,81%). En exercicis anteriors, els ajustos solien ser encara majors: entre 2015 i 2019, per exemple, es van perdre de mitjana 721 afiliats, la qual cosa va suposar un retroc\u00e9s del -1,45%.<br\/><br\/>Encara que novembre de 2024 va presentar millors dades d&#8217;afiliaci\u00f3 que el d&#8217;enguany, el conjunt de 2024 va ser un exercici positiu per a l&#8217;ocupaci\u00f3, amb la creaci\u00f3 de 242 nous llocs de treball. No obstant aix\u00f2, el balan\u00e7 interanual de 2025 \u00e9s encara m\u00e9s favorable: en comparaci\u00f3 amb novembre de l&#8217;any anterior, es comptabilitzen 1.967 afiliats m\u00e9s. Aquest augment equival a un creixement del +3,19%, la qual cosa suposa una acceleraci\u00f3 del ritme interanual i el situa per sobre del registrat en els dotze mesos previs (+0,39%).<br\/><br\/><\/p>\n\n<p> <\/p>\n\n<p> <\/p>\n\n<p> <\/p>\n\n<figure class=\"wp-block-gallery has-nested-images columns-default is-cropped wp-block-gallery-15 is-layout-flex wp-block-gallery-is-layout-flex\">\n<figure class=\"wp-block-image size-large\"><img decoding=\"async\" data-id=\"84042\" src=\"https:\/\/canfali.com\/app\/uploads\/2025\/12\/atur-2-1024x881.png.webp\" alt=\"\" class=\"wp-image-84042\"\/><\/figure>\n<\/figure>\n\n<p>L&#8217;evoluci\u00f3 de l&#8217;ocupaci\u00f3 per sectors mant\u00e9 la din\u00e0mica pr\u00f2pia d&#8217;un mes de novembre. L&#8217;hostaleria registra un notable retroc\u00e9s, amb 570 afiliats menys que a l&#8217;octubre (-4,84%). En canvi, altres sectors mostren un comportament positiu, com a Administraci\u00f3 P\u00fablica i defensa; Seguretat Social obligat\u00f2ria, que suma 103 afiliats, la Construcci\u00f3, amb 126 m\u00e9s (+1,35%), o el R\u00e8gim Especial de la Mar, que registra un increment del +3,00% (+48 afiliats). La caiguda en bars i restaurants \u00e9s similar a la de l&#8217;any passat i coherent amb la pauta habitual de l&#8217;onz\u00e8 mes, quan el descens de les temperatures redueix l&#8217;activitat en terrasses.<br\/>M\u00e9s enll\u00e0 de l&#8217;ajust puntual de novembre, l&#8217;afiliaci\u00f3 a la Marina Alta se situa en nivells hist\u00f2ricament alts i consolida un ritme de creixement interanual s\u00f2lid, superior al de l&#8217;exercici precedent. L&#8217;afiliaci\u00f3 va descendir al novembre entre les dones, mentre que entre els homes es va mantenir estable. D&#8217;aquesta manera, l&#8217;ajust va ser m\u00e9s acusat en el col\u00b7lectiu femen\u00ed, amb una p\u00e8rdua de 133 ocupacions (-0,47%).<br\/>Aix\u00ed i tot, l&#8217;afiliaci\u00f3 de les dones continua en nivells hist\u00f2ricament alts i aconsegueix les 28.237 al novembre, el que suposa 830 ocupades m\u00e9s que un any abans.<br\/><br\/>Al novembre, la desocupaci\u00f3 va augmentar a la Marina Alta en nom\u00e9s 3 persones, un lleuger repunt del 0,04%. Aquesta pujada \u00e9s m\u00e9s suau que la de 2024, quan l&#8217;atur va sumar 82 demandants (+0,99%), i tamb\u00e9 menor que la registrada en 2023 (+62, +0,73%). En els anys previs a la pand\u00e8mia el patr\u00f3 era diferent: novembre solia venir acompanyat d&#8217;increments molt majors \u2014amb una mitjana pr\u00f2xima a les 500 persones entre 2010 i 2019\u2014 fins i tot en exercicis de creaci\u00f3 d&#8217;ocupaci\u00f3.<br\/><br\/>Amb aquest comportament, l&#8217;increment d&#8217;aquest novembre es converteix en el m\u00e9s moderat de tota la s\u00e8rie hist\u00f2rica, situant el total de persones desocupades en 7.612, la xifra m\u00e9s baixa per a un onz\u00e8 mes de l&#8217;any des de 2007.<br\/><br\/>Per sectors econ\u00f2mics, novembre registra un lleuger augment de l&#8217;atur respecte a octubre. La ind\u00fastria \u00e9s el sector que m\u00e9s contribueix a aquest repunt, amb 9 persones m\u00e9s inscrites (+2,36%). Li segueixen l&#8217;agricultura, que suma 6 demandants (+5,41%), i els serveis, amb un increment molt moderat d&#8217;1 persona (+0,02%). El col\u00b7lectiu sense ocupaci\u00f3 anterior es mant\u00e9 estable (0,00%), mentre que la construcci\u00f3 \u00e9s l&#8217;\u00fanic sector que millora la seva situaci\u00f3, en reduir el seu nombre d&#8217;aturats en 13 persones (-1,33%).<br\/><br\/>Pesi al lleuger augment, l&#8217;atur registrat aconsegueix el seu nivell m\u00e9s baix en un mes de novembre des de 2007, just abans de l&#8217;esclat de la bombolla immobili\u00e0ria. En termes anuals, la desocupaci\u00f3 suma ja 776 persones menys que fa un any, la qual cosa equival a una reducci\u00f3 del 9,25%. No es veia una millora tan intensa en un novembre des de 2022, en ple impuls despr\u00e9s de la pand\u00e8mia.<br\/><br\/>Les dades extretes de les oficines de *Labora destaquen a m\u00e9s dues dades rellevants: l&#8217;atur juvenil baixa en 9 persones, situant-se en 375 inscrits \u2014el millor registre per a un novembre\u2014 i l&#8217;atur femen\u00ed es mant\u00e9 en el seu nivell m\u00e9s redu\u00eft des de 2007, amb 4.370 dones en desocupaci\u00f3.<br\/><br\/>La caiguda de l&#8217;afiliaci\u00f3 no ha suposat un empitjorament en la qualitat de l&#8217;ocupaci\u00f3. Al contrari, el 64,61% dels contractes signats al novembre (1.694) s\u00f3n indefinits, una proporci\u00f3 que ha crescut de manera notable des de la reforma laboral, quan a penes superava el 20%. La taxa de temporalitat se situa en el 35,16%. La contractaci\u00f3 total disminueix respecte a octubre (-11,15%), encara que en termes interanuals mostra un increment del 4,05% respecte a novembre de 2024. Per tipus de contracte, predominen els indefinits a temps complet (32,61%), seguits dels indefinits a temps parcial (16,44%).<br\/><br\/>Segons les dades del *Observatori Marina Alta de *CREAMA i PACTI\u2019DT. -projecte subvencionat per *LABORA Servici Valenci\u00e0 d&#8217;Ocupaci\u00f3 i Formaci\u00f3 i pel Ministeri de Treball i Economia Social, dins del programa AVALEM *TERRITORI de la Generalitat Valenciana-, La Marina Alta continua amb una taxa de desocupaci\u00f3 estable, situant-se en una taxa estimada d&#8217;atur del 10,69%, una xifra menor que al novembre de 2024 (11,98%), i m\u00e9s baixa que la prov\u00edncia d&#8217;Alacant i Comunitat Valenciana.<\/p>\n\n<p> <\/p>\n\n<p> <\/p>\n\n<p> <\/p>\n\n<p> <\/p>\n\n<p> <\/p>\n\n<p> <\/p>\n\n<p> <\/p>\n\n<p> <\/p>\n\n<p> <\/p>\n","protected":false},"excerpt":{"rendered":"Novembre sol ser un mes fluix per al mercat laboral de la comarca: despr\u00e9s del tancament de la&hellip;","protected":false},"author":6,"featured_media":84039,"comment_status":"closed","ping_status":"closed","sticky":false,"template":"","format":"standard","meta":{"csco_display_header_overlay":false,"csco_singular_sidebar":"","csco_page_header_type":"","csco_page_load_nextpost":"","csco_post_video_location":[],"csco_post_video_location_hash":"","csco_post_video_url":"","csco_post_video_bg_start_time":0,"csco_post_video_bg_end_time":0,"footnotes":""},"categories":[577],"tags":[2649,811,5632,5633,2869],"class_list":{"0":"post-84045","1":"post","2":"type-post","3":"status-publish","4":"format-standard","5":"has-post-thumbnail","7":"category-economia-y-empresas-2","8":"tag-atur","9":"tag-creama-ca-es","10":"tag-mercat-laboral","11":"tag-observatori-marina-alta-ca-es","12":"tag-ocupacio","13":"cs-entry","14":"cs-video-wrap"},"yoast_head":"<!-- This site is optimized with the Yoast SEO Premium plugin v26.6 (Yoast SEO v27.3) - https:\/\/yoast.com\/product\/yoast-seo-premium-wordpress\/ -->\n<title>Lleu ajust de l&#039;ocupaci\u00f3 i atur en m\u00ednims hist\u00f2rics - Canfali<\/title>\n<meta name=\"robots\" content=\"index, follow, max-snippet:-1, max-image-preview:large, max-video-preview:-1\" \/>\n<link rel=\"canonical\" href=\"https:\/\/canfali.com\/ca-es\/lleu-ajust-de-locupacio-i-atur-en-minims-historics\/\" \/>\n<meta property=\"og:locale\" content=\"en_US\" \/>\n<meta property=\"og:type\" content=\"article\" \/>\n<meta property=\"og:title\" content=\"Lleu ajust de l&#039;ocupaci\u00f3 i atur en m\u00ednims hist\u00f2rics\" \/>\n<meta property=\"og:description\" content=\"Novembre sol ser un mes fluix per al mercat laboral de la comarca: despr\u00e9s del tancament de la&hellip;\" \/>\n<meta property=\"og:url\" content=\"https:\/\/canfali.com\/ca-es\/lleu-ajust-de-locupacio-i-atur-en-minims-historics\/\" \/>\n<meta property=\"og:site_name\" content=\"Canfali\" \/>\n<meta property=\"article:publisher\" content=\"https:\/\/es-es.facebook.com\/CANFALIMarinaAlta\" \/>\n<meta property=\"article:published_time\" content=\"2025-12-16T10:50:07+00:00\" \/>\n<meta property=\"article:modified_time\" content=\"2025-12-16T10:55:30+00:00\" \/>\n<meta property=\"og:image\" content=\"https:\/\/canfali.com\/app\/uploads\/2025\/12\/atur1.png\" \/>\n\t<meta property=\"og:image:width\" content=\"2400\" \/>\n\t<meta property=\"og:image:height\" content=\"1376\" \/>\n\t<meta property=\"og:image:type\" content=\"image\/png\" \/>\n<meta name=\"author\" content=\"Rosa\" \/>\n<meta name=\"twitter:card\" content=\"summary_large_image\" \/>\n<meta name=\"twitter:creator\" content=\"@canfalima\" \/>\n<meta name=\"twitter:site\" content=\"@canfalima\" \/>\n<meta name=\"twitter:label1\" content=\"Written by\" \/>\n\t<meta name=\"twitter:data1\" content=\"Rosa\" \/>\n\t<meta name=\"twitter:label2\" content=\"Est. reading time\" \/>\n\t<meta name=\"twitter:data2\" content=\"5 minutes\" \/>\n<script type=\"application\/ld+json\" class=\"yoast-schema-graph\">{\"@context\":\"https:\\\/\\\/schema.org\",\"@graph\":[{\"@type\":\"NewsArticle\",\"@id\":\"https:\\\/\\\/canfali.com\\\/ca-es\\\/lleu-ajust-de-locupacio-i-atur-en-minims-historics\\\/#article\",\"isPartOf\":{\"@id\":\"https:\\\/\\\/canfali.com\\\/ca-es\\\/lleu-ajust-de-locupacio-i-atur-en-minims-historics\\\/\"},\"author\":{\"name\":\"Rosa\",\"@id\":\"https:\\\/\\\/canfali.com\\\/ca-es\\\/#\\\/schema\\\/person\\\/c861a7aa2b2495357b95f35bd5d82f88\"},\"headline\":\"Lleu ajust de l&#8217;ocupaci\u00f3 i atur en m\u00ednims hist\u00f2rics\",\"datePublished\":\"2025-12-16T10:50:07+00:00\",\"dateModified\":\"2025-12-16T10:55:30+00:00\",\"mainEntityOfPage\":{\"@id\":\"https:\\\/\\\/canfali.com\\\/ca-es\\\/lleu-ajust-de-locupacio-i-atur-en-minims-historics\\\/\"},\"wordCount\":1110,\"publisher\":{\"@id\":\"https:\\\/\\\/canfali.com\\\/ca-es\\\/#organization\"},\"image\":{\"@id\":\"https:\\\/\\\/canfali.com\\\/ca-es\\\/lleu-ajust-de-locupacio-i-atur-en-minims-historics\\\/#primaryimage\"},\"thumbnailUrl\":\"https:\\\/\\\/canfali.com\\\/app\\\/uploads\\\/2025\\\/12\\\/atur1.png\",\"keywords\":[\"atur\",\"Creama\",\"mercat laboral\",\"Observatori Marina Alta\",\"ocupaci\u00f3\"],\"articleSection\":[\"Econom\u00eda y Empresas\"],\"inLanguage\":\"va-ES\",\"copyrightYear\":\"2025\",\"copyrightHolder\":{\"@id\":\"https:\\\/\\\/canfali.com\\\/#organization\"}},{\"@type\":\"WebPage\",\"@id\":\"https:\\\/\\\/canfali.com\\\/ca-es\\\/lleu-ajust-de-locupacio-i-atur-en-minims-historics\\\/\",\"url\":\"https:\\\/\\\/canfali.com\\\/ca-es\\\/lleu-ajust-de-locupacio-i-atur-en-minims-historics\\\/\",\"name\":\"Lleu ajust de l'ocupaci\u00f3 i atur en m\u00ednims hist\u00f2rics - Canfali\",\"isPartOf\":{\"@id\":\"https:\\\/\\\/canfali.com\\\/ca-es\\\/#website\"},\"primaryImageOfPage\":{\"@id\":\"https:\\\/\\\/canfali.com\\\/ca-es\\\/lleu-ajust-de-locupacio-i-atur-en-minims-historics\\\/#primaryimage\"},\"image\":{\"@id\":\"https:\\\/\\\/canfali.com\\\/ca-es\\\/lleu-ajust-de-locupacio-i-atur-en-minims-historics\\\/#primaryimage\"},\"thumbnailUrl\":\"https:\\\/\\\/canfali.com\\\/app\\\/uploads\\\/2025\\\/12\\\/atur1.png\",\"datePublished\":\"2025-12-16T10:50:07+00:00\",\"dateModified\":\"2025-12-16T10:55:30+00:00\",\"breadcrumb\":{\"@id\":\"https:\\\/\\\/canfali.com\\\/ca-es\\\/lleu-ajust-de-locupacio-i-atur-en-minims-historics\\\/#breadcrumb\"},\"inLanguage\":\"va-ES\",\"potentialAction\":[{\"@type\":\"ReadAction\",\"target\":[\"https:\\\/\\\/canfali.com\\\/ca-es\\\/lleu-ajust-de-locupacio-i-atur-en-minims-historics\\\/\"]}]},{\"@type\":\"ImageObject\",\"inLanguage\":\"va-ES\",\"@id\":\"https:\\\/\\\/canfali.com\\\/ca-es\\\/lleu-ajust-de-locupacio-i-atur-en-minims-historics\\\/#primaryimage\",\"url\":\"https:\\\/\\\/canfali.com\\\/app\\\/uploads\\\/2025\\\/12\\\/atur1.png\",\"contentUrl\":\"https:\\\/\\\/canfali.com\\\/app\\\/uploads\\\/2025\\\/12\\\/atur1.png\",\"width\":2400,\"height\":1376},{\"@type\":\"BreadcrumbList\",\"@id\":\"https:\\\/\\\/canfali.com\\\/ca-es\\\/lleu-ajust-de-locupacio-i-atur-en-minims-historics\\\/#breadcrumb\",\"itemListElement\":[{\"@type\":\"ListItem\",\"position\":1,\"name\":\"Portada\",\"item\":\"https:\\\/\\\/canfali.com\\\/ca-es\\\/\"},{\"@type\":\"ListItem\",\"position\":2,\"name\":\"Lleu ajust de l&#8217;ocupaci\u00f3 i atur en m\u00ednims hist\u00f2rics\"}]},{\"@type\":\"WebSite\",\"@id\":\"https:\\\/\\\/canfali.com\\\/ca-es\\\/#website\",\"url\":\"https:\\\/\\\/canfali.com\\\/ca-es\\\/\",\"name\":\"Canfali\",\"description\":\"\",\"publisher\":{\"@id\":\"https:\\\/\\\/canfali.com\\\/ca-es\\\/#organization\"},\"potentialAction\":[{\"@type\":\"SearchAction\",\"target\":{\"@type\":\"EntryPoint\",\"urlTemplate\":\"https:\\\/\\\/canfali.com\\\/ca-es\\\/?s={search_term_string}\"},\"query-input\":{\"@type\":\"PropertyValueSpecification\",\"valueRequired\":true,\"valueName\":\"search_term_string\"}}],\"inLanguage\":\"va-ES\"},{\"@type\":\"Organization\",\"@id\":\"https:\\\/\\\/canfali.com\\\/ca-es\\\/#organization\",\"name\":\"Canfali\",\"url\":\"https:\\\/\\\/canfali.com\\\/ca-es\\\/\",\"logo\":{\"@type\":\"ImageObject\",\"inLanguage\":\"va-ES\",\"@id\":\"https:\\\/\\\/canfali.com\\\/ca-es\\\/#\\\/schema\\\/logo\\\/image\\\/\",\"url\":\"https:\\\/\\\/canfali.com\\\/app\\\/uploads\\\/2025\\\/12\\\/canfali_marina_alta_logo.png\",\"contentUrl\":\"https:\\\/\\\/canfali.com\\\/app\\\/uploads\\\/2025\\\/12\\\/canfali_marina_alta_logo.png\",\"width\":225,\"height\":225,\"caption\":\"Canfali\"},\"image\":{\"@id\":\"https:\\\/\\\/canfali.com\\\/ca-es\\\/#\\\/schema\\\/logo\\\/image\\\/\"},\"sameAs\":[\"https:\\\/\\\/es-es.facebook.com\\\/CANFALIMarinaAlta\",\"https:\\\/\\\/x.com\\\/canfalima\",\"https:\\\/\\\/www.instagram.com\\\/canfalimarinaalta\\\/\"]},{\"@type\":\"Person\",\"@id\":\"https:\\\/\\\/canfali.com\\\/ca-es\\\/#\\\/schema\\\/person\\\/c861a7aa2b2495357b95f35bd5d82f88\",\"name\":\"Rosa\",\"image\":{\"@type\":\"ImageObject\",\"inLanguage\":\"va-ES\",\"@id\":\"https:\\\/\\\/secure.gravatar.com\\\/avatar\\\/47fb83d99423a6ef1cf9f83f02a5e91366c671dec76c5c24badf1b0494e1d960?s=96&d=mm&r=g\",\"url\":\"https:\\\/\\\/secure.gravatar.com\\\/avatar\\\/47fb83d99423a6ef1cf9f83f02a5e91366c671dec76c5c24badf1b0494e1d960?s=96&d=mm&r=g\",\"contentUrl\":\"https:\\\/\\\/secure.gravatar.com\\\/avatar\\\/47fb83d99423a6ef1cf9f83f02a5e91366c671dec76c5c24badf1b0494e1d960?s=96&d=mm&r=g\",\"caption\":\"Rosa\"},\"url\":\"https:\\\/\\\/canfali.com\\\/ca-es\\\/author\\\/rosa\\\/\"}]}<\/script>\n<!-- \/ Yoast SEO Premium plugin. -->","yoast_head_json":{"title":"Lleu ajust de l'ocupaci\u00f3 i atur en m\u00ednims hist\u00f2rics - Canfali","robots":{"index":"index","follow":"follow","max-snippet":"max-snippet:-1","max-image-preview":"max-image-preview:large","max-video-preview":"max-video-preview:-1"},"canonical":"https:\/\/canfali.com\/ca-es\/lleu-ajust-de-locupacio-i-atur-en-minims-historics\/","og_locale":"en_US","og_type":"article","og_title":"Lleu ajust de l'ocupaci\u00f3 i atur en m\u00ednims hist\u00f2rics","og_description":"Novembre sol ser un mes fluix per al mercat laboral de la comarca: despr\u00e9s del tancament de la&hellip;","og_url":"https:\/\/canfali.com\/ca-es\/lleu-ajust-de-locupacio-i-atur-en-minims-historics\/","og_site_name":"Canfali","article_publisher":"https:\/\/es-es.facebook.com\/CANFALIMarinaAlta","article_published_time":"2025-12-16T10:50:07+00:00","article_modified_time":"2025-12-16T10:55:30+00:00","og_image":[{"width":2400,"height":1376,"url":"https:\/\/canfali.com\/app\/uploads\/2025\/12\/atur1.png","type":"image\/png"}],"author":"Rosa","twitter_card":"summary_large_image","twitter_creator":"@canfalima","twitter_site":"@canfalima","twitter_misc":{"Written by":"Rosa","Est. reading time":"5 minutes"},"schema":{"@context":"https:\/\/schema.org","@graph":[{"@type":"NewsArticle","@id":"https:\/\/canfali.com\/ca-es\/lleu-ajust-de-locupacio-i-atur-en-minims-historics\/#article","isPartOf":{"@id":"https:\/\/canfali.com\/ca-es\/lleu-ajust-de-locupacio-i-atur-en-minims-historics\/"},"author":{"name":"Rosa","@id":"https:\/\/canfali.com\/ca-es\/#\/schema\/person\/c861a7aa2b2495357b95f35bd5d82f88"},"headline":"Lleu ajust de l&#8217;ocupaci\u00f3 i atur en m\u00ednims hist\u00f2rics","datePublished":"2025-12-16T10:50:07+00:00","dateModified":"2025-12-16T10:55:30+00:00","mainEntityOfPage":{"@id":"https:\/\/canfali.com\/ca-es\/lleu-ajust-de-locupacio-i-atur-en-minims-historics\/"},"wordCount":1110,"publisher":{"@id":"https:\/\/canfali.com\/ca-es\/#organization"},"image":{"@id":"https:\/\/canfali.com\/ca-es\/lleu-ajust-de-locupacio-i-atur-en-minims-historics\/#primaryimage"},"thumbnailUrl":"https:\/\/canfali.com\/app\/uploads\/2025\/12\/atur1.png","keywords":["atur","Creama","mercat laboral","Observatori Marina Alta","ocupaci\u00f3"],"articleSection":["Econom\u00eda y Empresas"],"inLanguage":"va-ES","copyrightYear":"2025","copyrightHolder":{"@id":"https:\/\/canfali.com\/#organization"}},{"@type":"WebPage","@id":"https:\/\/canfali.com\/ca-es\/lleu-ajust-de-locupacio-i-atur-en-minims-historics\/","url":"https:\/\/canfali.com\/ca-es\/lleu-ajust-de-locupacio-i-atur-en-minims-historics\/","name":"Lleu ajust de l'ocupaci\u00f3 i atur en m\u00ednims hist\u00f2rics - Canfali","isPartOf":{"@id":"https:\/\/canfali.com\/ca-es\/#website"},"primaryImageOfPage":{"@id":"https:\/\/canfali.com\/ca-es\/lleu-ajust-de-locupacio-i-atur-en-minims-historics\/#primaryimage"},"image":{"@id":"https:\/\/canfali.com\/ca-es\/lleu-ajust-de-locupacio-i-atur-en-minims-historics\/#primaryimage"},"thumbnailUrl":"https:\/\/canfali.com\/app\/uploads\/2025\/12\/atur1.png","datePublished":"2025-12-16T10:50:07+00:00","dateModified":"2025-12-16T10:55:30+00:00","breadcrumb":{"@id":"https:\/\/canfali.com\/ca-es\/lleu-ajust-de-locupacio-i-atur-en-minims-historics\/#breadcrumb"},"inLanguage":"va-ES","potentialAction":[{"@type":"ReadAction","target":["https:\/\/canfali.com\/ca-es\/lleu-ajust-de-locupacio-i-atur-en-minims-historics\/"]}]},{"@type":"ImageObject","inLanguage":"va-ES","@id":"https:\/\/canfali.com\/ca-es\/lleu-ajust-de-locupacio-i-atur-en-minims-historics\/#primaryimage","url":"https:\/\/canfali.com\/app\/uploads\/2025\/12\/atur1.png","contentUrl":"https:\/\/canfali.com\/app\/uploads\/2025\/12\/atur1.png","width":2400,"height":1376},{"@type":"BreadcrumbList","@id":"https:\/\/canfali.com\/ca-es\/lleu-ajust-de-locupacio-i-atur-en-minims-historics\/#breadcrumb","itemListElement":[{"@type":"ListItem","position":1,"name":"Portada","item":"https:\/\/canfali.com\/ca-es\/"},{"@type":"ListItem","position":2,"name":"Lleu ajust de l&#8217;ocupaci\u00f3 i atur en m\u00ednims hist\u00f2rics"}]},{"@type":"WebSite","@id":"https:\/\/canfali.com\/ca-es\/#website","url":"https:\/\/canfali.com\/ca-es\/","name":"Canfali","description":"","publisher":{"@id":"https:\/\/canfali.com\/ca-es\/#organization"},"potentialAction":[{"@type":"SearchAction","target":{"@type":"EntryPoint","urlTemplate":"https:\/\/canfali.com\/ca-es\/?s={search_term_string}"},"query-input":{"@type":"PropertyValueSpecification","valueRequired":true,"valueName":"search_term_string"}}],"inLanguage":"va-ES"},{"@type":"Organization","@id":"https:\/\/canfali.com\/ca-es\/#organization","name":"Canfali","url":"https:\/\/canfali.com\/ca-es\/","logo":{"@type":"ImageObject","inLanguage":"va-ES","@id":"https:\/\/canfali.com\/ca-es\/#\/schema\/logo\/image\/","url":"https:\/\/canfali.com\/app\/uploads\/2025\/12\/canfali_marina_alta_logo.png","contentUrl":"https:\/\/canfali.com\/app\/uploads\/2025\/12\/canfali_marina_alta_logo.png","width":225,"height":225,"caption":"Canfali"},"image":{"@id":"https:\/\/canfali.com\/ca-es\/#\/schema\/logo\/image\/"},"sameAs":["https:\/\/es-es.facebook.com\/CANFALIMarinaAlta","https:\/\/x.com\/canfalima","https:\/\/www.instagram.com\/canfalimarinaalta\/"]},{"@type":"Person","@id":"https:\/\/canfali.com\/ca-es\/#\/schema\/person\/c861a7aa2b2495357b95f35bd5d82f88","name":"Rosa","image":{"@type":"ImageObject","inLanguage":"va-ES","@id":"https:\/\/secure.gravatar.com\/avatar\/47fb83d99423a6ef1cf9f83f02a5e91366c671dec76c5c24badf1b0494e1d960?s=96&d=mm&r=g","url":"https:\/\/secure.gravatar.com\/avatar\/47fb83d99423a6ef1cf9f83f02a5e91366c671dec76c5c24badf1b0494e1d960?s=96&d=mm&r=g","contentUrl":"https:\/\/secure.gravatar.com\/avatar\/47fb83d99423a6ef1cf9f83f02a5e91366c671dec76c5c24badf1b0494e1d960?s=96&d=mm&r=g","caption":"Rosa"},"url":"https:\/\/canfali.com\/ca-es\/author\/rosa\/"}]}},"_links":{"self":[{"href":"https:\/\/canfali.com\/ca-es\/wp-json\/wp\/v2\/posts\/84045","targetHints":{"allow":["GET"]}}],"collection":[{"href":"https:\/\/canfali.com\/ca-es\/wp-json\/wp\/v2\/posts"}],"about":[{"href":"https:\/\/canfali.com\/ca-es\/wp-json\/wp\/v2\/types\/post"}],"author":[{"embeddable":true,"href":"https:\/\/canfali.com\/ca-es\/wp-json\/wp\/v2\/users\/6"}],"replies":[{"embeddable":true,"href":"https:\/\/canfali.com\/ca-es\/wp-json\/wp\/v2\/comments?post=84045"}],"version-history":[{"count":1,"href":"https:\/\/canfali.com\/ca-es\/wp-json\/wp\/v2\/posts\/84045\/revisions"}],"predecessor-version":[{"id":84046,"href":"https:\/\/canfali.com\/ca-es\/wp-json\/wp\/v2\/posts\/84045\/revisions\/84046"}],"wp:featuredmedia":[{"embeddable":true,"href":"https:\/\/canfali.com\/ca-es\/wp-json\/wp\/v2\/media\/84039"}],"wp:attachment":[{"href":"https:\/\/canfali.com\/ca-es\/wp-json\/wp\/v2\/media?parent=84045"}],"wp:term":[{"taxonomy":"category","embeddable":true,"href":"https:\/\/canfali.com\/ca-es\/wp-json\/wp\/v2\/categories?post=84045"},{"taxonomy":"post_tag","embeddable":true,"href":"https:\/\/canfali.com\/ca-es\/wp-json\/wp\/v2\/tags?post=84045"}],"curies":[{"name":"wp","href":"https:\/\/api.w.org\/{rel}","templated":true}]}}