{"id":83985,"date":"2025-12-15T17:40:00","date_gmt":"2025-12-15T16:40:00","guid":{"rendered":"https:\/\/canfali.com\/?p=83985"},"modified":"2025-12-15T16:43:29","modified_gmt":"2025-12-15T15:43:29","slug":"pesquera-a-onda-cero-hi-ha-persones-amb-informacio-privilegiada-que-ja-intenten-especular","status":"publish","type":"post","link":"https:\/\/canfali.com\/ca-es\/pesquera-a-onda-cero-hi-ha-persones-amb-informacio-privilegiada-que-ja-intenten-especular\/","title":{"rendered":"Pesquera a Onda Cero: \u201cHi ha persones amb informaci\u00f3 privilegiada\u201d"},"content":{"rendered":"\n<p>L\u2019Associaci\u00f3 de Promotors Tur\u00edstics de D\u00e9nia i Comarca, presidida per Carlos Pesquera, ha tornat a posar el focus en les defici\u00e8ncies del Pla d\u2019Ordenaci\u00f3 Pormenoritzada de Montg\u00f3 i Marines de Bes\u00e9s, despr\u00e9s de detectar filtracions i la publicaci\u00f3 incompleta del esborrany del document. Segons els promotors, aquestes irregularitats generen inseguretat jur\u00eddica i afavoreixen l\u2019especulaci\u00f3 immobili\u00e0ria, ja que permeten que algunes persones accedisquen abans que la resta de ciutadans a informaci\u00f3 clau sobre els par\u00e0metres urban\u00edstics.<br\/><\/p>\n\n<p>En declaracions a Onda Cero Marina Alta, Pesquera va explicar que el pla es tramita en dues fases: l\u2019ambiental, que estableix el tipus de construccions permeses en cada zona, i la urban\u00edstica, que determina par\u00e0metres com l\u2019ocupaci\u00f3 de parcel\u00b7la, l\u2019edificabilitat i la dist\u00e0ncia a lindes. Segons Pesquera, ambdues fases haurien de gestionar-se per separat, per\u00f2 la informaci\u00f3 urban\u00edstica s\u2019ha filtrat abans de temps, creant un agreujament comparatiu per als ciutadans. \u201cHi ha persones que ja intenten especular amb la compra de terrenys perqu\u00e8 tenen informaci\u00f3 privilegiada\u201d, va afirmar.<br\/><\/p>\n\n<p>El president de l\u2019Associaci\u00f3 va denunciar, a m\u00e9s, que el document oficial publicat cont\u00e9 p\u00e0gines incompletes, fet que podria ser causa de nul\u00b7litat. \u201cQuan arribes a les p\u00e0gines 33, 34 i 35, simplement no hi s\u00f3n. Alg\u00fa ha vist mai una exposici\u00f3 p\u00fablica amb documents incomplets sense rectificaci\u00f3? Aix\u00f2 \u00e9s inacceptable\u201d, va assenyalar.<br\/><\/p>\n\n<p>Pesquera va recordar que el Pla General de D\u00e9nia ja est\u00e0 judicialitzat, amb m\u00e9s de seixanta demandes pendents de sent\u00e8ncia. Segons la seva valoraci\u00f3, els tribunals podrien anul\u00b7lar el pla en la seua totalitat o determinades zones, i en aquest cas, la Conselleria hauria d\u2019assumir temporalment la regulaci\u00f3 urban\u00edstica de la ciutat mitjan\u00e7ant normes transit\u00f2ries.<br\/><\/p>\n\n<p>El president tamb\u00e9 va advertir sobre les conseq\u00fc\u00e8ncies econ\u00f2miques de la situaci\u00f3: \u201cL\u2019economia de D\u00e9nia dep\u00e9n en gran mesura de l\u2019urbanisme. Pintors, paletes, decoradors, venedors de mobles i electrodom\u00e8stics, tots se\u2019n veuen afectats per la paralitzaci\u00f3 de l\u2019activitat urban\u00edstica\u201d. A m\u00e9s, va assenyalar la impossibilitat de desenvolupar projectes de vivenda protegida finan\u00e7ats amb fons europeus, a causa de la falta de consens a l\u2019Ajuntament.<br\/><\/p>\n\n<p>Finalment, Pesquera va fer una crida a la transpar\u00e8ncia i a un creixement sostenible de la ciutat, destacant que \u201cl\u2019urbanisme ha de funcionar de manera equilibrada i accessible per a tots, i la falta d\u2019informaci\u00f3 posa en risc el futur de D\u00e9nia i de la seua economia local\u201d.<br\/><\/p>\n\n<p>La intervenci\u00f3 completa es pot escoltar en el seg\u00fcent \u00e0udio:<\/p>\n\n<figure class=\"wp-block-audio\"><audio controls=\"\" src=\"https:\/\/canfali.com\/app\/uploads\/2025\/12\/1215.mp3\"><\/audio><\/figure>\n","protected":false},"excerpt":{"rendered":"L\u2019Associaci\u00f3 de Promotors Tur\u00edstics de D\u00e9nia i Comarca, presidida per Carlos Pesquera, ha tornat a posar el focus&hellip;","protected":false},"author":8,"featured_media":83992,"comment_status":"closed","ping_status":"closed","sticky":false,"template":"","format":"standard","meta":{"csco_display_header_overlay":false,"csco_singular_sidebar":"","csco_page_header_type":"","csco_page_load_nextpost":"","csco_post_video_location":[],"csco_post_video_location_hash":"","csco_post_video_url":"","csco_post_video_bg_start_time":0,"csco_post_video_bg_end_time":0,"footnotes":""},"categories":[614],"tags":[],"class_list":{"0":"post-83985","1":"post","2":"type-post","3":"status-publish","4":"format-standard","5":"has-post-thumbnail","7":"category-municipal-ca-es","8":"cs-entry","9":"cs-video-wrap"},"yoast_head":"<!-- This site is optimized with the Yoast SEO Premium plugin v26.6 (Yoast SEO v27.3) - https:\/\/yoast.com\/product\/yoast-seo-premium-wordpress\/ -->\n<title>Pesquera a Onda Cero: \u201cHi ha persones amb informaci\u00f3 privilegiada\u201d - Canfali<\/title>\n<meta name=\"robots\" content=\"index, follow, max-snippet:-1, max-image-preview:large, max-video-preview:-1\" \/>\n<link rel=\"canonical\" href=\"https:\/\/canfali.com\/ca-es\/pesquera-a-onda-cero-hi-ha-persones-amb-informacio-privilegiada-que-ja-intenten-especular\/\" \/>\n<meta property=\"og:locale\" content=\"en_US\" \/>\n<meta property=\"og:type\" content=\"article\" \/>\n<meta property=\"og:title\" content=\"Pesquera a Onda Cero: \u201cHi ha persones amb informaci\u00f3 privilegiada\u201d\" \/>\n<meta property=\"og:description\" content=\"L\u2019Associaci\u00f3 de Promotors Tur\u00edstics de D\u00e9nia i Comarca, presidida per Carlos Pesquera, ha tornat a posar el focus&hellip;\" \/>\n<meta property=\"og:url\" content=\"https:\/\/canfali.com\/ca-es\/pesquera-a-onda-cero-hi-ha-persones-amb-informacio-privilegiada-que-ja-intenten-especular\/\" \/>\n<meta property=\"og:site_name\" content=\"Canfali\" \/>\n<meta property=\"article:publisher\" content=\"https:\/\/es-es.facebook.com\/CANFALIMarinaAlta\" \/>\n<meta property=\"article:published_time\" content=\"2025-12-15T16:40:00+00:00\" \/>\n<meta property=\"og:image\" content=\"https:\/\/canfali.com\/app\/uploads\/2025\/12\/pesquera.jpg\" \/>\n\t<meta property=\"og:image:width\" content=\"2100\" \/>\n\t<meta property=\"og:image:height\" content=\"1122\" \/>\n\t<meta property=\"og:image:type\" content=\"image\/jpeg\" \/>\n<meta name=\"author\" content=\"Lluis\" \/>\n<meta name=\"twitter:card\" content=\"summary_large_image\" \/>\n<meta name=\"twitter:creator\" content=\"@canfalima\" \/>\n<meta name=\"twitter:site\" content=\"@canfalima\" \/>\n<meta name=\"twitter:label1\" content=\"Written by\" \/>\n\t<meta name=\"twitter:data1\" content=\"Lluis\" \/>\n\t<meta name=\"twitter:label2\" content=\"Est. reading time\" \/>\n\t<meta name=\"twitter:data2\" content=\"2 minutes\" \/>\n<script type=\"application\/ld+json\" class=\"yoast-schema-graph\">{\"@context\":\"https:\\\/\\\/schema.org\",\"@graph\":[{\"@type\":\"NewsArticle\",\"@id\":\"https:\\\/\\\/canfali.com\\\/ca-es\\\/pesquera-a-onda-cero-hi-ha-persones-amb-informacio-privilegiada-que-ja-intenten-especular\\\/#article\",\"isPartOf\":{\"@id\":\"https:\\\/\\\/canfali.com\\\/ca-es\\\/pesquera-a-onda-cero-hi-ha-persones-amb-informacio-privilegiada-que-ja-intenten-especular\\\/\"},\"author\":{\"name\":\"Lluis\",\"@id\":\"https:\\\/\\\/canfali.com\\\/ca-es\\\/#\\\/schema\\\/person\\\/f540a86fb33e10daaae53c59ceaa1194\"},\"headline\":\"Pesquera a Onda Cero: \u201cHi ha persones amb informaci\u00f3 privilegiada\u201d\",\"datePublished\":\"2025-12-15T16:40:00+00:00\",\"mainEntityOfPage\":{\"@id\":\"https:\\\/\\\/canfali.com\\\/ca-es\\\/pesquera-a-onda-cero-hi-ha-persones-amb-informacio-privilegiada-que-ja-intenten-especular\\\/\"},\"wordCount\":454,\"publisher\":{\"@id\":\"https:\\\/\\\/canfali.com\\\/ca-es\\\/#organization\"},\"image\":{\"@id\":\"https:\\\/\\\/canfali.com\\\/ca-es\\\/pesquera-a-onda-cero-hi-ha-persones-amb-informacio-privilegiada-que-ja-intenten-especular\\\/#primaryimage\"},\"thumbnailUrl\":\"https:\\\/\\\/canfali.com\\\/app\\\/uploads\\\/2025\\\/12\\\/pesquera.jpg\",\"articleSection\":[\"Municipal\"],\"inLanguage\":\"va-ES\",\"copyrightYear\":\"2025\",\"copyrightHolder\":{\"@id\":\"https:\\\/\\\/canfali.com\\\/#organization\"}},{\"@type\":\"WebPage\",\"@id\":\"https:\\\/\\\/canfali.com\\\/ca-es\\\/pesquera-a-onda-cero-hi-ha-persones-amb-informacio-privilegiada-que-ja-intenten-especular\\\/\",\"url\":\"https:\\\/\\\/canfali.com\\\/ca-es\\\/pesquera-a-onda-cero-hi-ha-persones-amb-informacio-privilegiada-que-ja-intenten-especular\\\/\",\"name\":\"Pesquera a Onda Cero: \u201cHi ha persones amb informaci\u00f3 privilegiada\u201d - Canfali\",\"isPartOf\":{\"@id\":\"https:\\\/\\\/canfali.com\\\/ca-es\\\/#website\"},\"primaryImageOfPage\":{\"@id\":\"https:\\\/\\\/canfali.com\\\/ca-es\\\/pesquera-a-onda-cero-hi-ha-persones-amb-informacio-privilegiada-que-ja-intenten-especular\\\/#primaryimage\"},\"image\":{\"@id\":\"https:\\\/\\\/canfali.com\\\/ca-es\\\/pesquera-a-onda-cero-hi-ha-persones-amb-informacio-privilegiada-que-ja-intenten-especular\\\/#primaryimage\"},\"thumbnailUrl\":\"https:\\\/\\\/canfali.com\\\/app\\\/uploads\\\/2025\\\/12\\\/pesquera.jpg\",\"datePublished\":\"2025-12-15T16:40:00+00:00\",\"breadcrumb\":{\"@id\":\"https:\\\/\\\/canfali.com\\\/ca-es\\\/pesquera-a-onda-cero-hi-ha-persones-amb-informacio-privilegiada-que-ja-intenten-especular\\\/#breadcrumb\"},\"inLanguage\":\"va-ES\",\"potentialAction\":[{\"@type\":\"ReadAction\",\"target\":[\"https:\\\/\\\/canfali.com\\\/ca-es\\\/pesquera-a-onda-cero-hi-ha-persones-amb-informacio-privilegiada-que-ja-intenten-especular\\\/\"]}]},{\"@type\":\"ImageObject\",\"inLanguage\":\"va-ES\",\"@id\":\"https:\\\/\\\/canfali.com\\\/ca-es\\\/pesquera-a-onda-cero-hi-ha-persones-amb-informacio-privilegiada-que-ja-intenten-especular\\\/#primaryimage\",\"url\":\"https:\\\/\\\/canfali.com\\\/app\\\/uploads\\\/2025\\\/12\\\/pesquera.jpg\",\"contentUrl\":\"https:\\\/\\\/canfali.com\\\/app\\\/uploads\\\/2025\\\/12\\\/pesquera.jpg\",\"width\":2100,\"height\":1122,\"caption\":\"Screenshot\"},{\"@type\":\"BreadcrumbList\",\"@id\":\"https:\\\/\\\/canfali.com\\\/ca-es\\\/pesquera-a-onda-cero-hi-ha-persones-amb-informacio-privilegiada-que-ja-intenten-especular\\\/#breadcrumb\",\"itemListElement\":[{\"@type\":\"ListItem\",\"position\":1,\"name\":\"Portada\",\"item\":\"https:\\\/\\\/canfali.com\\\/ca-es\\\/\"},{\"@type\":\"ListItem\",\"position\":2,\"name\":\"Pesquera a Onda Cero: \u201cHi ha persones amb informaci\u00f3 privilegiada\u201d\"}]},{\"@type\":\"WebSite\",\"@id\":\"https:\\\/\\\/canfali.com\\\/ca-es\\\/#website\",\"url\":\"https:\\\/\\\/canfali.com\\\/ca-es\\\/\",\"name\":\"Canfali\",\"description\":\"\",\"publisher\":{\"@id\":\"https:\\\/\\\/canfali.com\\\/ca-es\\\/#organization\"},\"potentialAction\":[{\"@type\":\"SearchAction\",\"target\":{\"@type\":\"EntryPoint\",\"urlTemplate\":\"https:\\\/\\\/canfali.com\\\/ca-es\\\/?s={search_term_string}\"},\"query-input\":{\"@type\":\"PropertyValueSpecification\",\"valueRequired\":true,\"valueName\":\"search_term_string\"}}],\"inLanguage\":\"va-ES\"},{\"@type\":\"Organization\",\"@id\":\"https:\\\/\\\/canfali.com\\\/ca-es\\\/#organization\",\"name\":\"Canfali\",\"url\":\"https:\\\/\\\/canfali.com\\\/ca-es\\\/\",\"logo\":{\"@type\":\"ImageObject\",\"inLanguage\":\"va-ES\",\"@id\":\"https:\\\/\\\/canfali.com\\\/ca-es\\\/#\\\/schema\\\/logo\\\/image\\\/\",\"url\":\"https:\\\/\\\/canfali.com\\\/app\\\/uploads\\\/2025\\\/12\\\/canfali_marina_alta_logo.png\",\"contentUrl\":\"https:\\\/\\\/canfali.com\\\/app\\\/uploads\\\/2025\\\/12\\\/canfali_marina_alta_logo.png\",\"width\":225,\"height\":225,\"caption\":\"Canfali\"},\"image\":{\"@id\":\"https:\\\/\\\/canfali.com\\\/ca-es\\\/#\\\/schema\\\/logo\\\/image\\\/\"},\"sameAs\":[\"https:\\\/\\\/es-es.facebook.com\\\/CANFALIMarinaAlta\",\"https:\\\/\\\/x.com\\\/canfalima\",\"https:\\\/\\\/www.instagram.com\\\/canfalimarinaalta\\\/\"]},{\"@type\":\"Person\",\"@id\":\"https:\\\/\\\/canfali.com\\\/ca-es\\\/#\\\/schema\\\/person\\\/f540a86fb33e10daaae53c59ceaa1194\",\"name\":\"Lluis\",\"image\":{\"@type\":\"ImageObject\",\"inLanguage\":\"va-ES\",\"@id\":\"https:\\\/\\\/secure.gravatar.com\\\/avatar\\\/a21ec8835290e4e02ed0886b8cb327d807d0eb6ec8ccf25d4c2a0a415f506c0d?s=96&d=mm&r=g\",\"url\":\"https:\\\/\\\/secure.gravatar.com\\\/avatar\\\/a21ec8835290e4e02ed0886b8cb327d807d0eb6ec8ccf25d4c2a0a415f506c0d?s=96&d=mm&r=g\",\"contentUrl\":\"https:\\\/\\\/secure.gravatar.com\\\/avatar\\\/a21ec8835290e4e02ed0886b8cb327d807d0eb6ec8ccf25d4c2a0a415f506c0d?s=96&d=mm&r=g\",\"caption\":\"Lluis\"},\"url\":\"https:\\\/\\\/canfali.com\\\/ca-es\\\/author\\\/lluis\\\/\"}]}<\/script>\n<!-- \/ Yoast SEO Premium plugin. -->","yoast_head_json":{"title":"Pesquera a Onda Cero: \u201cHi ha persones amb informaci\u00f3 privilegiada\u201d - Canfali","robots":{"index":"index","follow":"follow","max-snippet":"max-snippet:-1","max-image-preview":"max-image-preview:large","max-video-preview":"max-video-preview:-1"},"canonical":"https:\/\/canfali.com\/ca-es\/pesquera-a-onda-cero-hi-ha-persones-amb-informacio-privilegiada-que-ja-intenten-especular\/","og_locale":"en_US","og_type":"article","og_title":"Pesquera a Onda Cero: \u201cHi ha persones amb informaci\u00f3 privilegiada\u201d","og_description":"L\u2019Associaci\u00f3 de Promotors Tur\u00edstics de D\u00e9nia i Comarca, presidida per Carlos Pesquera, ha tornat a posar el focus&hellip;","og_url":"https:\/\/canfali.com\/ca-es\/pesquera-a-onda-cero-hi-ha-persones-amb-informacio-privilegiada-que-ja-intenten-especular\/","og_site_name":"Canfali","article_publisher":"https:\/\/es-es.facebook.com\/CANFALIMarinaAlta","article_published_time":"2025-12-15T16:40:00+00:00","og_image":[{"width":2100,"height":1122,"url":"https:\/\/canfali.com\/app\/uploads\/2025\/12\/pesquera.jpg","type":"image\/jpeg"}],"author":"Lluis","twitter_card":"summary_large_image","twitter_creator":"@canfalima","twitter_site":"@canfalima","twitter_misc":{"Written by":"Lluis","Est. reading time":"2 minutes"},"schema":{"@context":"https:\/\/schema.org","@graph":[{"@type":"NewsArticle","@id":"https:\/\/canfali.com\/ca-es\/pesquera-a-onda-cero-hi-ha-persones-amb-informacio-privilegiada-que-ja-intenten-especular\/#article","isPartOf":{"@id":"https:\/\/canfali.com\/ca-es\/pesquera-a-onda-cero-hi-ha-persones-amb-informacio-privilegiada-que-ja-intenten-especular\/"},"author":{"name":"Lluis","@id":"https:\/\/canfali.com\/ca-es\/#\/schema\/person\/f540a86fb33e10daaae53c59ceaa1194"},"headline":"Pesquera a Onda Cero: \u201cHi ha persones amb informaci\u00f3 privilegiada\u201d","datePublished":"2025-12-15T16:40:00+00:00","mainEntityOfPage":{"@id":"https:\/\/canfali.com\/ca-es\/pesquera-a-onda-cero-hi-ha-persones-amb-informacio-privilegiada-que-ja-intenten-especular\/"},"wordCount":454,"publisher":{"@id":"https:\/\/canfali.com\/ca-es\/#organization"},"image":{"@id":"https:\/\/canfali.com\/ca-es\/pesquera-a-onda-cero-hi-ha-persones-amb-informacio-privilegiada-que-ja-intenten-especular\/#primaryimage"},"thumbnailUrl":"https:\/\/canfali.com\/app\/uploads\/2025\/12\/pesquera.jpg","articleSection":["Municipal"],"inLanguage":"va-ES","copyrightYear":"2025","copyrightHolder":{"@id":"https:\/\/canfali.com\/#organization"}},{"@type":"WebPage","@id":"https:\/\/canfali.com\/ca-es\/pesquera-a-onda-cero-hi-ha-persones-amb-informacio-privilegiada-que-ja-intenten-especular\/","url":"https:\/\/canfali.com\/ca-es\/pesquera-a-onda-cero-hi-ha-persones-amb-informacio-privilegiada-que-ja-intenten-especular\/","name":"Pesquera a Onda Cero: \u201cHi ha persones amb informaci\u00f3 privilegiada\u201d - Canfali","isPartOf":{"@id":"https:\/\/canfali.com\/ca-es\/#website"},"primaryImageOfPage":{"@id":"https:\/\/canfali.com\/ca-es\/pesquera-a-onda-cero-hi-ha-persones-amb-informacio-privilegiada-que-ja-intenten-especular\/#primaryimage"},"image":{"@id":"https:\/\/canfali.com\/ca-es\/pesquera-a-onda-cero-hi-ha-persones-amb-informacio-privilegiada-que-ja-intenten-especular\/#primaryimage"},"thumbnailUrl":"https:\/\/canfali.com\/app\/uploads\/2025\/12\/pesquera.jpg","datePublished":"2025-12-15T16:40:00+00:00","breadcrumb":{"@id":"https:\/\/canfali.com\/ca-es\/pesquera-a-onda-cero-hi-ha-persones-amb-informacio-privilegiada-que-ja-intenten-especular\/#breadcrumb"},"inLanguage":"va-ES","potentialAction":[{"@type":"ReadAction","target":["https:\/\/canfali.com\/ca-es\/pesquera-a-onda-cero-hi-ha-persones-amb-informacio-privilegiada-que-ja-intenten-especular\/"]}]},{"@type":"ImageObject","inLanguage":"va-ES","@id":"https:\/\/canfali.com\/ca-es\/pesquera-a-onda-cero-hi-ha-persones-amb-informacio-privilegiada-que-ja-intenten-especular\/#primaryimage","url":"https:\/\/canfali.com\/app\/uploads\/2025\/12\/pesquera.jpg","contentUrl":"https:\/\/canfali.com\/app\/uploads\/2025\/12\/pesquera.jpg","width":2100,"height":1122,"caption":"Screenshot"},{"@type":"BreadcrumbList","@id":"https:\/\/canfali.com\/ca-es\/pesquera-a-onda-cero-hi-ha-persones-amb-informacio-privilegiada-que-ja-intenten-especular\/#breadcrumb","itemListElement":[{"@type":"ListItem","position":1,"name":"Portada","item":"https:\/\/canfali.com\/ca-es\/"},{"@type":"ListItem","position":2,"name":"Pesquera a Onda Cero: \u201cHi ha persones amb informaci\u00f3 privilegiada\u201d"}]},{"@type":"WebSite","@id":"https:\/\/canfali.com\/ca-es\/#website","url":"https:\/\/canfali.com\/ca-es\/","name":"Canfali","description":"","publisher":{"@id":"https:\/\/canfali.com\/ca-es\/#organization"},"potentialAction":[{"@type":"SearchAction","target":{"@type":"EntryPoint","urlTemplate":"https:\/\/canfali.com\/ca-es\/?s={search_term_string}"},"query-input":{"@type":"PropertyValueSpecification","valueRequired":true,"valueName":"search_term_string"}}],"inLanguage":"va-ES"},{"@type":"Organization","@id":"https:\/\/canfali.com\/ca-es\/#organization","name":"Canfali","url":"https:\/\/canfali.com\/ca-es\/","logo":{"@type":"ImageObject","inLanguage":"va-ES","@id":"https:\/\/canfali.com\/ca-es\/#\/schema\/logo\/image\/","url":"https:\/\/canfali.com\/app\/uploads\/2025\/12\/canfali_marina_alta_logo.png","contentUrl":"https:\/\/canfali.com\/app\/uploads\/2025\/12\/canfali_marina_alta_logo.png","width":225,"height":225,"caption":"Canfali"},"image":{"@id":"https:\/\/canfali.com\/ca-es\/#\/schema\/logo\/image\/"},"sameAs":["https:\/\/es-es.facebook.com\/CANFALIMarinaAlta","https:\/\/x.com\/canfalima","https:\/\/www.instagram.com\/canfalimarinaalta\/"]},{"@type":"Person","@id":"https:\/\/canfali.com\/ca-es\/#\/schema\/person\/f540a86fb33e10daaae53c59ceaa1194","name":"Lluis","image":{"@type":"ImageObject","inLanguage":"va-ES","@id":"https:\/\/secure.gravatar.com\/avatar\/a21ec8835290e4e02ed0886b8cb327d807d0eb6ec8ccf25d4c2a0a415f506c0d?s=96&d=mm&r=g","url":"https:\/\/secure.gravatar.com\/avatar\/a21ec8835290e4e02ed0886b8cb327d807d0eb6ec8ccf25d4c2a0a415f506c0d?s=96&d=mm&r=g","contentUrl":"https:\/\/secure.gravatar.com\/avatar\/a21ec8835290e4e02ed0886b8cb327d807d0eb6ec8ccf25d4c2a0a415f506c0d?s=96&d=mm&r=g","caption":"Lluis"},"url":"https:\/\/canfali.com\/ca-es\/author\/lluis\/"}]}},"_links":{"self":[{"href":"https:\/\/canfali.com\/ca-es\/wp-json\/wp\/v2\/posts\/83985","targetHints":{"allow":["GET"]}}],"collection":[{"href":"https:\/\/canfali.com\/ca-es\/wp-json\/wp\/v2\/posts"}],"about":[{"href":"https:\/\/canfali.com\/ca-es\/wp-json\/wp\/v2\/types\/post"}],"author":[{"embeddable":true,"href":"https:\/\/canfali.com\/ca-es\/wp-json\/wp\/v2\/users\/8"}],"replies":[{"embeddable":true,"href":"https:\/\/canfali.com\/ca-es\/wp-json\/wp\/v2\/comments?post=83985"}],"version-history":[{"count":2,"href":"https:\/\/canfali.com\/ca-es\/wp-json\/wp\/v2\/posts\/83985\/revisions"}],"predecessor-version":[{"id":83994,"href":"https:\/\/canfali.com\/ca-es\/wp-json\/wp\/v2\/posts\/83985\/revisions\/83994"}],"wp:featuredmedia":[{"embeddable":true,"href":"https:\/\/canfali.com\/ca-es\/wp-json\/wp\/v2\/media\/83992"}],"wp:attachment":[{"href":"https:\/\/canfali.com\/ca-es\/wp-json\/wp\/v2\/media?parent=83985"}],"wp:term":[{"taxonomy":"category","embeddable":true,"href":"https:\/\/canfali.com\/ca-es\/wp-json\/wp\/v2\/categories?post=83985"},{"taxonomy":"post_tag","embeddable":true,"href":"https:\/\/canfali.com\/ca-es\/wp-json\/wp\/v2\/tags?post=83985"}],"curies":[{"name":"wp","href":"https:\/\/api.w.org\/{rel}","templated":true}]}}