{"id":83952,"date":"2025-12-15T13:31:32","date_gmt":"2025-12-15T12:31:32","guid":{"rendered":"https:\/\/canfali.com\/?p=83952"},"modified":"2025-12-15T13:31:33","modified_gmt":"2025-12-15T12:31:33","slug":"premi-per-al-grau-basic-inclusiu-de-lies-dondara","status":"publish","type":"post","link":"https:\/\/canfali.com\/ca-es\/premi-per-al-grau-basic-inclusiu-de-lies-dondara\/","title":{"rendered":"Premi per al grau b\u00e0sic inclusiu de l\u2019IES d\u2019Ondara"},"content":{"rendered":"\n<p><strong>Ha estat lliurat pel Consell Escolar de la Comunitat Valenciana pel projecte Reproxebic<\/strong><\/p>\n\n\n\n<p>El Cicle Formatiu de Grau B\u00e0sic Inclusiu de Serveis Administratius de l\u2019Institut de secund\u00e0ria Xebic d\u2019Ondara ha rebut un premi a Gala d\u2019entrega dels Premis del Consell Escolar de la Comunitat Valenciana (CECV).<\/p>\n\n\n\n<p>&nbsp;&nbsp;&nbsp;&nbsp;&nbsp;&nbsp; El guard\u00f3 en q\u00fcesti\u00f3 ha distingit el projecte anomenat Reproxebic per la tasca innovadora portada a cap amb la finalitat d\u2019experimentar un model propi de formaci\u00f3 a la Comunitat Valenciana basat en la flexibilitzaci\u00f3 curricular i l\u2019adaptaci\u00f3 de la FP de Grau B\u00e0sic per a alumnat amb necessitats espec\u00edfiques de suport educatiu. Projecte que ha estat configurat amb la creaci\u00f3 d\u2019una empresa fict\u00edcia de reprografia i papereria que fomenta el desenvolupament personal, emocional, social i professional de l\u2019alumnat, afavorint la seua inclusi\u00f3 sociolaboral amb activitats com el el reciclatge al propi IES Xebic, l\u2019organitzaci\u00f3 de jornades de conviv\u00e8ncia amb altres cicles formatius; la col\u00b7laboraci\u00f3 en comandes, fires i jornades municipals, i la participaci\u00f3 en activitats que faciliten la visibilitat en la societat i el teixit empresarial.<\/p>\n\n\n\n<figure class=\"wp-block-image size-large\"><img decoding=\"async\" src=\"https:\/\/canfali.com\/app\/uploads\/2025\/12\/alumxebic2-1024x683.jpg.webp\" alt=\"\" class=\"wp-image-83955\"\/><\/figure>\n\n\n\n<p>&nbsp;&nbsp;&nbsp;&nbsp;&nbsp;&nbsp; Els alumnes i professors despla\u00e7ats per al lliurament han estat acompanyats de la regidora d\u2019Educaci\u00f3 d\u2019Ondara, Rosa Ana Mar\u00ed, qui els ha felicitat per les bones pr\u00e0ctiques educatives que milloren la qualitat de l\u2019educaci\u00f3 i la cohesi\u00f3 social dins les aules. La comitiva ha estar rebuda a l\u2019Ajuntament per l\u2019alcalde, Jos\u00e9 Ramiro, al sal\u00f3 de plens per a qui li han agra\u00eft la col\u00b7laboraci\u00f3 de l\u2019Ajuntament en la iniciativa.<\/p>\n","protected":false},"excerpt":{"rendered":"Ha estat lliurat pel Consell Escolar de la Comunitat Valenciana pel projecte Reproxebic El Cicle Formatiu de Grau&hellip;","protected":false},"author":4,"featured_media":83954,"comment_status":"closed","ping_status":"closed","sticky":false,"template":"","format":"standard","meta":{"csco_display_header_overlay":false,"csco_singular_sidebar":"","csco_page_header_type":"","csco_page_load_nextpost":"","csco_post_video_location":[],"csco_post_video_location_hash":"","csco_post_video_url":"","csco_post_video_bg_start_time":0,"csco_post_video_bg_end_time":0,"footnotes":""},"categories":[759,617],"tags":[5612,661,3732,2277],"class_list":{"0":"post-83952","1":"post","2":"type-post","3":"status-publish","4":"format-standard","5":"has-post-thumbnail","7":"category-educacio","8":"category-sin-categorizar-2","9":"tag-iex-xebic","10":"tag-ondara-2","11":"tag-premi","12":"tag-projecte","13":"cs-entry","14":"cs-video-wrap"},"yoast_head":"<!-- This site is optimized with the Yoast SEO Premium plugin v26.6 (Yoast SEO v27.3) - https:\/\/yoast.com\/product\/yoast-seo-premium-wordpress\/ -->\n<title>Premi per al grau b\u00e0sic inclusiu de l\u2019IES d\u2019Ondara - Canfali<\/title>\n<meta name=\"robots\" content=\"index, follow, max-snippet:-1, max-image-preview:large, max-video-preview:-1\" \/>\n<link rel=\"canonical\" href=\"https:\/\/canfali.com\/ca-es\/premi-per-al-grau-basic-inclusiu-de-lies-dondara\/\" \/>\n<meta property=\"og:locale\" content=\"en_US\" \/>\n<meta property=\"og:type\" content=\"article\" \/>\n<meta property=\"og:title\" content=\"Premi per al grau b\u00e0sic inclusiu de l\u2019IES d\u2019Ondara\" \/>\n<meta property=\"og:description\" content=\"Ha estat lliurat pel Consell Escolar de la Comunitat Valenciana pel projecte Reproxebic El Cicle Formatiu de Grau&hellip;\" \/>\n<meta property=\"og:url\" content=\"https:\/\/canfali.com\/ca-es\/premi-per-al-grau-basic-inclusiu-de-lies-dondara\/\" \/>\n<meta property=\"og:site_name\" content=\"Canfali\" \/>\n<meta property=\"article:publisher\" content=\"https:\/\/es-es.facebook.com\/CANFALIMarinaAlta\" \/>\n<meta property=\"article:published_time\" content=\"2025-12-15T12:31:32+00:00\" \/>\n<meta property=\"article:modified_time\" content=\"2025-12-15T12:31:33+00:00\" \/>\n<meta property=\"og:image\" content=\"https:\/\/canfali.com\/app\/uploads\/2025\/12\/alumnatxebic1-scaled.jpg\" \/>\n\t<meta property=\"og:image:width\" content=\"2560\" \/>\n\t<meta property=\"og:image:height\" content=\"1920\" \/>\n\t<meta property=\"og:image:type\" content=\"image\/jpeg\" \/>\n<meta name=\"author\" content=\"JJ Mas\" \/>\n<meta name=\"twitter:card\" content=\"summary_large_image\" \/>\n<meta name=\"twitter:creator\" content=\"@canfalima\" \/>\n<meta name=\"twitter:site\" content=\"@canfalima\" \/>\n<meta name=\"twitter:label1\" content=\"Written by\" \/>\n\t<meta name=\"twitter:data1\" content=\"JJ Mas\" \/>\n\t<meta name=\"twitter:label2\" content=\"Est. reading time\" \/>\n\t<meta name=\"twitter:data2\" content=\"1 minute\" \/>\n<script type=\"application\/ld+json\" class=\"yoast-schema-graph\">{\"@context\":\"https:\\\/\\\/schema.org\",\"@graph\":[{\"@type\":\"NewsArticle\",\"@id\":\"https:\\\/\\\/canfali.com\\\/ca-es\\\/premi-per-al-grau-basic-inclusiu-de-lies-dondara\\\/#article\",\"isPartOf\":{\"@id\":\"https:\\\/\\\/canfali.com\\\/ca-es\\\/premi-per-al-grau-basic-inclusiu-de-lies-dondara\\\/\"},\"author\":{\"name\":\"JJ Mas\",\"@id\":\"https:\\\/\\\/canfali.com\\\/ca-es\\\/#\\\/schema\\\/person\\\/d834d2d4df17cac754d3c314d4c404ef\"},\"headline\":\"Premi per al grau b\u00e0sic inclusiu de l\u2019IES d\u2019Ondara\",\"datePublished\":\"2025-12-15T12:31:32+00:00\",\"dateModified\":\"2025-12-15T12:31:33+00:00\",\"mainEntityOfPage\":{\"@id\":\"https:\\\/\\\/canfali.com\\\/ca-es\\\/premi-per-al-grau-basic-inclusiu-de-lies-dondara\\\/\"},\"wordCount\":291,\"publisher\":{\"@id\":\"https:\\\/\\\/canfali.com\\\/ca-es\\\/#organization\"},\"image\":{\"@id\":\"https:\\\/\\\/canfali.com\\\/ca-es\\\/premi-per-al-grau-basic-inclusiu-de-lies-dondara\\\/#primaryimage\"},\"thumbnailUrl\":\"https:\\\/\\\/canfali.com\\\/app\\\/uploads\\\/2025\\\/12\\\/alumnatxebic1-scaled.jpg\",\"keywords\":[\"IEX Xebic\",\"Ondara\",\"premi\",\"projecte\"],\"articleSection\":[\"Educaci\u00f3\",\"Sin categorizar\"],\"inLanguage\":\"va-ES\",\"copyrightYear\":\"2025\",\"copyrightHolder\":{\"@id\":\"https:\\\/\\\/canfali.com\\\/#organization\"}},{\"@type\":\"WebPage\",\"@id\":\"https:\\\/\\\/canfali.com\\\/ca-es\\\/premi-per-al-grau-basic-inclusiu-de-lies-dondara\\\/\",\"url\":\"https:\\\/\\\/canfali.com\\\/ca-es\\\/premi-per-al-grau-basic-inclusiu-de-lies-dondara\\\/\",\"name\":\"Premi per al grau b\u00e0sic inclusiu de l\u2019IES d\u2019Ondara - Canfali\",\"isPartOf\":{\"@id\":\"https:\\\/\\\/canfali.com\\\/ca-es\\\/#website\"},\"primaryImageOfPage\":{\"@id\":\"https:\\\/\\\/canfali.com\\\/ca-es\\\/premi-per-al-grau-basic-inclusiu-de-lies-dondara\\\/#primaryimage\"},\"image\":{\"@id\":\"https:\\\/\\\/canfali.com\\\/ca-es\\\/premi-per-al-grau-basic-inclusiu-de-lies-dondara\\\/#primaryimage\"},\"thumbnailUrl\":\"https:\\\/\\\/canfali.com\\\/app\\\/uploads\\\/2025\\\/12\\\/alumnatxebic1-scaled.jpg\",\"datePublished\":\"2025-12-15T12:31:32+00:00\",\"dateModified\":\"2025-12-15T12:31:33+00:00\",\"breadcrumb\":{\"@id\":\"https:\\\/\\\/canfali.com\\\/ca-es\\\/premi-per-al-grau-basic-inclusiu-de-lies-dondara\\\/#breadcrumb\"},\"inLanguage\":\"va-ES\",\"potentialAction\":[{\"@type\":\"ReadAction\",\"target\":[\"https:\\\/\\\/canfali.com\\\/ca-es\\\/premi-per-al-grau-basic-inclusiu-de-lies-dondara\\\/\"]}]},{\"@type\":\"ImageObject\",\"inLanguage\":\"va-ES\",\"@id\":\"https:\\\/\\\/canfali.com\\\/ca-es\\\/premi-per-al-grau-basic-inclusiu-de-lies-dondara\\\/#primaryimage\",\"url\":\"https:\\\/\\\/canfali.com\\\/app\\\/uploads\\\/2025\\\/12\\\/alumnatxebic1-scaled.jpg\",\"contentUrl\":\"https:\\\/\\\/canfali.com\\\/app\\\/uploads\\\/2025\\\/12\\\/alumnatxebic1-scaled.jpg\",\"width\":2560,\"height\":1920},{\"@type\":\"BreadcrumbList\",\"@id\":\"https:\\\/\\\/canfali.com\\\/ca-es\\\/premi-per-al-grau-basic-inclusiu-de-lies-dondara\\\/#breadcrumb\",\"itemListElement\":[{\"@type\":\"ListItem\",\"position\":1,\"name\":\"Portada\",\"item\":\"https:\\\/\\\/canfali.com\\\/ca-es\\\/\"},{\"@type\":\"ListItem\",\"position\":2,\"name\":\"Premi per al grau b\u00e0sic inclusiu de l\u2019IES d\u2019Ondara\"}]},{\"@type\":\"WebSite\",\"@id\":\"https:\\\/\\\/canfali.com\\\/ca-es\\\/#website\",\"url\":\"https:\\\/\\\/canfali.com\\\/ca-es\\\/\",\"name\":\"Canfali\",\"description\":\"\",\"publisher\":{\"@id\":\"https:\\\/\\\/canfali.com\\\/ca-es\\\/#organization\"},\"potentialAction\":[{\"@type\":\"SearchAction\",\"target\":{\"@type\":\"EntryPoint\",\"urlTemplate\":\"https:\\\/\\\/canfali.com\\\/ca-es\\\/?s={search_term_string}\"},\"query-input\":{\"@type\":\"PropertyValueSpecification\",\"valueRequired\":true,\"valueName\":\"search_term_string\"}}],\"inLanguage\":\"va-ES\"},{\"@type\":\"Organization\",\"@id\":\"https:\\\/\\\/canfali.com\\\/ca-es\\\/#organization\",\"name\":\"Canfali\",\"url\":\"https:\\\/\\\/canfali.com\\\/ca-es\\\/\",\"logo\":{\"@type\":\"ImageObject\",\"inLanguage\":\"va-ES\",\"@id\":\"https:\\\/\\\/canfali.com\\\/ca-es\\\/#\\\/schema\\\/logo\\\/image\\\/\",\"url\":\"https:\\\/\\\/canfali.com\\\/app\\\/uploads\\\/2025\\\/12\\\/canfali_marina_alta_logo.png\",\"contentUrl\":\"https:\\\/\\\/canfali.com\\\/app\\\/uploads\\\/2025\\\/12\\\/canfali_marina_alta_logo.png\",\"width\":225,\"height\":225,\"caption\":\"Canfali\"},\"image\":{\"@id\":\"https:\\\/\\\/canfali.com\\\/ca-es\\\/#\\\/schema\\\/logo\\\/image\\\/\"},\"sameAs\":[\"https:\\\/\\\/es-es.facebook.com\\\/CANFALIMarinaAlta\",\"https:\\\/\\\/x.com\\\/canfalima\",\"https:\\\/\\\/www.instagram.com\\\/canfalimarinaalta\\\/\"]},{\"@type\":\"Person\",\"@id\":\"https:\\\/\\\/canfali.com\\\/ca-es\\\/#\\\/schema\\\/person\\\/d834d2d4df17cac754d3c314d4c404ef\",\"name\":\"JJ Mas\",\"image\":{\"@type\":\"ImageObject\",\"inLanguage\":\"va-ES\",\"@id\":\"https:\\\/\\\/secure.gravatar.com\\\/avatar\\\/65a5191f5438bf88c2394f6d1a625a6ff903c8785268e603c623a83bc15ba1ee?s=96&d=mm&r=g\",\"url\":\"https:\\\/\\\/secure.gravatar.com\\\/avatar\\\/65a5191f5438bf88c2394f6d1a625a6ff903c8785268e603c623a83bc15ba1ee?s=96&d=mm&r=g\",\"contentUrl\":\"https:\\\/\\\/secure.gravatar.com\\\/avatar\\\/65a5191f5438bf88c2394f6d1a625a6ff903c8785268e603c623a83bc15ba1ee?s=96&d=mm&r=g\",\"caption\":\"JJ Mas\"},\"url\":\"https:\\\/\\\/canfali.com\\\/ca-es\\\/author\\\/jj\\\/\"}]}<\/script>\n<!-- \/ Yoast SEO Premium plugin. -->","yoast_head_json":{"title":"Premi per al grau b\u00e0sic inclusiu de l\u2019IES d\u2019Ondara - Canfali","robots":{"index":"index","follow":"follow","max-snippet":"max-snippet:-1","max-image-preview":"max-image-preview:large","max-video-preview":"max-video-preview:-1"},"canonical":"https:\/\/canfali.com\/ca-es\/premi-per-al-grau-basic-inclusiu-de-lies-dondara\/","og_locale":"en_US","og_type":"article","og_title":"Premi per al grau b\u00e0sic inclusiu de l\u2019IES d\u2019Ondara","og_description":"Ha estat lliurat pel Consell Escolar de la Comunitat Valenciana pel projecte Reproxebic El Cicle Formatiu de Grau&hellip;","og_url":"https:\/\/canfali.com\/ca-es\/premi-per-al-grau-basic-inclusiu-de-lies-dondara\/","og_site_name":"Canfali","article_publisher":"https:\/\/es-es.facebook.com\/CANFALIMarinaAlta","article_published_time":"2025-12-15T12:31:32+00:00","article_modified_time":"2025-12-15T12:31:33+00:00","og_image":[{"width":2560,"height":1920,"url":"https:\/\/canfali.com\/app\/uploads\/2025\/12\/alumnatxebic1-scaled.jpg","type":"image\/jpeg"}],"author":"JJ Mas","twitter_card":"summary_large_image","twitter_creator":"@canfalima","twitter_site":"@canfalima","twitter_misc":{"Written by":"JJ Mas","Est. reading time":"1 minute"},"schema":{"@context":"https:\/\/schema.org","@graph":[{"@type":"NewsArticle","@id":"https:\/\/canfali.com\/ca-es\/premi-per-al-grau-basic-inclusiu-de-lies-dondara\/#article","isPartOf":{"@id":"https:\/\/canfali.com\/ca-es\/premi-per-al-grau-basic-inclusiu-de-lies-dondara\/"},"author":{"name":"JJ Mas","@id":"https:\/\/canfali.com\/ca-es\/#\/schema\/person\/d834d2d4df17cac754d3c314d4c404ef"},"headline":"Premi per al grau b\u00e0sic inclusiu de l\u2019IES d\u2019Ondara","datePublished":"2025-12-15T12:31:32+00:00","dateModified":"2025-12-15T12:31:33+00:00","mainEntityOfPage":{"@id":"https:\/\/canfali.com\/ca-es\/premi-per-al-grau-basic-inclusiu-de-lies-dondara\/"},"wordCount":291,"publisher":{"@id":"https:\/\/canfali.com\/ca-es\/#organization"},"image":{"@id":"https:\/\/canfali.com\/ca-es\/premi-per-al-grau-basic-inclusiu-de-lies-dondara\/#primaryimage"},"thumbnailUrl":"https:\/\/canfali.com\/app\/uploads\/2025\/12\/alumnatxebic1-scaled.jpg","keywords":["IEX Xebic","Ondara","premi","projecte"],"articleSection":["Educaci\u00f3","Sin categorizar"],"inLanguage":"va-ES","copyrightYear":"2025","copyrightHolder":{"@id":"https:\/\/canfali.com\/#organization"}},{"@type":"WebPage","@id":"https:\/\/canfali.com\/ca-es\/premi-per-al-grau-basic-inclusiu-de-lies-dondara\/","url":"https:\/\/canfali.com\/ca-es\/premi-per-al-grau-basic-inclusiu-de-lies-dondara\/","name":"Premi per al grau b\u00e0sic inclusiu de l\u2019IES d\u2019Ondara - Canfali","isPartOf":{"@id":"https:\/\/canfali.com\/ca-es\/#website"},"primaryImageOfPage":{"@id":"https:\/\/canfali.com\/ca-es\/premi-per-al-grau-basic-inclusiu-de-lies-dondara\/#primaryimage"},"image":{"@id":"https:\/\/canfali.com\/ca-es\/premi-per-al-grau-basic-inclusiu-de-lies-dondara\/#primaryimage"},"thumbnailUrl":"https:\/\/canfali.com\/app\/uploads\/2025\/12\/alumnatxebic1-scaled.jpg","datePublished":"2025-12-15T12:31:32+00:00","dateModified":"2025-12-15T12:31:33+00:00","breadcrumb":{"@id":"https:\/\/canfali.com\/ca-es\/premi-per-al-grau-basic-inclusiu-de-lies-dondara\/#breadcrumb"},"inLanguage":"va-ES","potentialAction":[{"@type":"ReadAction","target":["https:\/\/canfali.com\/ca-es\/premi-per-al-grau-basic-inclusiu-de-lies-dondara\/"]}]},{"@type":"ImageObject","inLanguage":"va-ES","@id":"https:\/\/canfali.com\/ca-es\/premi-per-al-grau-basic-inclusiu-de-lies-dondara\/#primaryimage","url":"https:\/\/canfali.com\/app\/uploads\/2025\/12\/alumnatxebic1-scaled.jpg","contentUrl":"https:\/\/canfali.com\/app\/uploads\/2025\/12\/alumnatxebic1-scaled.jpg","width":2560,"height":1920},{"@type":"BreadcrumbList","@id":"https:\/\/canfali.com\/ca-es\/premi-per-al-grau-basic-inclusiu-de-lies-dondara\/#breadcrumb","itemListElement":[{"@type":"ListItem","position":1,"name":"Portada","item":"https:\/\/canfali.com\/ca-es\/"},{"@type":"ListItem","position":2,"name":"Premi per al grau b\u00e0sic inclusiu de l\u2019IES d\u2019Ondara"}]},{"@type":"WebSite","@id":"https:\/\/canfali.com\/ca-es\/#website","url":"https:\/\/canfali.com\/ca-es\/","name":"Canfali","description":"","publisher":{"@id":"https:\/\/canfali.com\/ca-es\/#organization"},"potentialAction":[{"@type":"SearchAction","target":{"@type":"EntryPoint","urlTemplate":"https:\/\/canfali.com\/ca-es\/?s={search_term_string}"},"query-input":{"@type":"PropertyValueSpecification","valueRequired":true,"valueName":"search_term_string"}}],"inLanguage":"va-ES"},{"@type":"Organization","@id":"https:\/\/canfali.com\/ca-es\/#organization","name":"Canfali","url":"https:\/\/canfali.com\/ca-es\/","logo":{"@type":"ImageObject","inLanguage":"va-ES","@id":"https:\/\/canfali.com\/ca-es\/#\/schema\/logo\/image\/","url":"https:\/\/canfali.com\/app\/uploads\/2025\/12\/canfali_marina_alta_logo.png","contentUrl":"https:\/\/canfali.com\/app\/uploads\/2025\/12\/canfali_marina_alta_logo.png","width":225,"height":225,"caption":"Canfali"},"image":{"@id":"https:\/\/canfali.com\/ca-es\/#\/schema\/logo\/image\/"},"sameAs":["https:\/\/es-es.facebook.com\/CANFALIMarinaAlta","https:\/\/x.com\/canfalima","https:\/\/www.instagram.com\/canfalimarinaalta\/"]},{"@type":"Person","@id":"https:\/\/canfali.com\/ca-es\/#\/schema\/person\/d834d2d4df17cac754d3c314d4c404ef","name":"JJ Mas","image":{"@type":"ImageObject","inLanguage":"va-ES","@id":"https:\/\/secure.gravatar.com\/avatar\/65a5191f5438bf88c2394f6d1a625a6ff903c8785268e603c623a83bc15ba1ee?s=96&d=mm&r=g","url":"https:\/\/secure.gravatar.com\/avatar\/65a5191f5438bf88c2394f6d1a625a6ff903c8785268e603c623a83bc15ba1ee?s=96&d=mm&r=g","contentUrl":"https:\/\/secure.gravatar.com\/avatar\/65a5191f5438bf88c2394f6d1a625a6ff903c8785268e603c623a83bc15ba1ee?s=96&d=mm&r=g","caption":"JJ Mas"},"url":"https:\/\/canfali.com\/ca-es\/author\/jj\/"}]}},"_links":{"self":[{"href":"https:\/\/canfali.com\/ca-es\/wp-json\/wp\/v2\/posts\/83952","targetHints":{"allow":["GET"]}}],"collection":[{"href":"https:\/\/canfali.com\/ca-es\/wp-json\/wp\/v2\/posts"}],"about":[{"href":"https:\/\/canfali.com\/ca-es\/wp-json\/wp\/v2\/types\/post"}],"author":[{"embeddable":true,"href":"https:\/\/canfali.com\/ca-es\/wp-json\/wp\/v2\/users\/4"}],"replies":[{"embeddable":true,"href":"https:\/\/canfali.com\/ca-es\/wp-json\/wp\/v2\/comments?post=83952"}],"version-history":[{"count":1,"href":"https:\/\/canfali.com\/ca-es\/wp-json\/wp\/v2\/posts\/83952\/revisions"}],"predecessor-version":[{"id":83957,"href":"https:\/\/canfali.com\/ca-es\/wp-json\/wp\/v2\/posts\/83952\/revisions\/83957"}],"wp:featuredmedia":[{"embeddable":true,"href":"https:\/\/canfali.com\/ca-es\/wp-json\/wp\/v2\/media\/83954"}],"wp:attachment":[{"href":"https:\/\/canfali.com\/ca-es\/wp-json\/wp\/v2\/media?parent=83952"}],"wp:term":[{"taxonomy":"category","embeddable":true,"href":"https:\/\/canfali.com\/ca-es\/wp-json\/wp\/v2\/categories?post=83952"},{"taxonomy":"post_tag","embeddable":true,"href":"https:\/\/canfali.com\/ca-es\/wp-json\/wp\/v2\/tags?post=83952"}],"curies":[{"name":"wp","href":"https:\/\/api.w.org\/{rel}","templated":true}]}}