{"id":83942,"date":"2025-12-15T12:03:17","date_gmt":"2025-12-15T11:03:17","guid":{"rendered":"https:\/\/canfali.com\/calp-adjudica-la-construccio-del-museu-de-la-festa\/"},"modified":"2025-12-15T12:05:15","modified_gmt":"2025-12-15T11:05:15","slug":"calp-adjudica-la-construccio-del-museu-de-la-festa","status":"publish","type":"post","link":"https:\/\/canfali.com\/ca-es\/calp-adjudica-la-construccio-del-museu-de-la-festa\/","title":{"rendered":"Calp adjudica la construcci\u00f3 del Museu de la Festa"},"content":{"rendered":"\n<p><br\/>L&#8217;Ajuntament de Calp ha adjudicat les obres de construcci\u00f3 del Museu de la Festa, un projecte que pret\u00e9n recuperar un espai cultural que va tancar les seves portes fa 15 anys per problemes estructurals de l&#8217;antic immoble situat al carrer Llibertat i per dificultats econ\u00f2miques. El nou museu es construir\u00e0 a la casa Poquet Beltr\u00e1n situada al costat de la pla\u00e7a d&#8217;Espanya. El projecte ha estat adjudicat a l&#8217;empresa Proyecon Gal\u00edcia S.A. per un import d&#8217;1.531.720 euros. Una part dels diners, concretament 401.722 euros, es finan\u00e7aran amb els fons Next Generation.<br\/><\/p>\n\n<p>\tAquest museu constar\u00e0 d&#8217;uns 400 metres quadrats distribu\u00efts en planta baixa i dos pisos i que han estat dissenyats per a integrar-se respectuosament amb l&#8217;entorn hist\u00f2ric. El recorregut pel museu est\u00e0 dissenyat per a comen\u00e7ar en la segona planta, de 87 m\u00b2, que albergar\u00e0 les exposicions dedicades a la Setmana Santa, les festivitats del Carme, la Merc\u00e8, les festes patronals i els festejos taurins, a m\u00e9s de comptar amb una \u00e0rea multiusos per a esdeveniments i exposicions temporals amb capacitat per a unes 25 o 30 persones.<\/p>\n\n<p>En la primera planta, amb una superf\u00edcie de 170 m\u00b2, se situar\u00e0 l&#8217;espai dedicat als Moros i Cristians, on s&#8217;exposaran els vestits dels c\u00e0rrecs festers, banderoles i una mostra especial dels aixovars t\u00edpics festius en un ambient m\u00e9s recollit i \u00edntim.<\/p>\n\n<p>La planta baixa de 160 m\u00b2 allotjar\u00e0 serveis t\u00e8cnics, lavabos, recepci\u00f3, ascensor i escales. Destaca especialment en aquest nivell la innovadora sala multim\u00e8dia, dissenyada per a projectar audiovisuals sobre les tradicions de Calp en parets i sostre, sent visible fins i tot des de l&#8217;exterior.<\/p>\n","protected":false},"excerpt":{"rendered":"L&#8217;Ajuntament de Calp ha adjudicat les obres de construcci\u00f3 del Museu de la Festa, un projecte que pret\u00e9n&hellip;","protected":false},"author":5,"featured_media":83940,"comment_status":"closed","ping_status":"closed","sticky":false,"template":"","format":"standard","meta":{"csco_display_header_overlay":false,"csco_singular_sidebar":"","csco_page_header_type":"","csco_page_load_nextpost":"","csco_post_video_location":[],"csco_post_video_location_hash":"","csco_post_video_url":"","csco_post_video_bg_start_time":0,"csco_post_video_bg_end_time":0,"footnotes":""},"categories":[614],"tags":[5611,1223,5610],"class_list":{"0":"post-83942","1":"post","2":"type-post","3":"status-publish","4":"format-standard","5":"has-post-thumbnail","7":"category-municipal-ca-es","8":"tag-adjudicacio-ca-es","9":"tag-festes","10":"tag-museu-ca-es","11":"cs-entry","12":"cs-video-wrap"},"yoast_head":"<!-- This site is optimized with the Yoast SEO Premium plugin v26.6 (Yoast SEO v27.3) - https:\/\/yoast.com\/product\/yoast-seo-premium-wordpress\/ -->\n<title>Calp adjudica la construcci\u00f3 del Museu de la Festa - Canfali<\/title>\n<meta name=\"robots\" content=\"index, follow, max-snippet:-1, max-image-preview:large, max-video-preview:-1\" \/>\n<link rel=\"canonical\" href=\"https:\/\/canfali.com\/ca-es\/calp-adjudica-la-construccio-del-museu-de-la-festa\/\" \/>\n<meta property=\"og:locale\" content=\"en_US\" \/>\n<meta property=\"og:type\" content=\"article\" \/>\n<meta property=\"og:title\" content=\"Calp adjudica la construcci\u00f3 del Museu de la Festa\" \/>\n<meta property=\"og:description\" content=\"L&#8217;Ajuntament de Calp ha adjudicat les obres de construcci\u00f3 del Museu de la Festa, un projecte que pret\u00e9n&hellip;\" \/>\n<meta property=\"og:url\" content=\"https:\/\/canfali.com\/ca-es\/calp-adjudica-la-construccio-del-museu-de-la-festa\/\" \/>\n<meta property=\"og:site_name\" content=\"Canfali\" \/>\n<meta property=\"article:publisher\" content=\"https:\/\/es-es.facebook.com\/CANFALIMarinaAlta\" \/>\n<meta property=\"article:published_time\" content=\"2025-12-15T11:03:17+00:00\" \/>\n<meta property=\"article:modified_time\" content=\"2025-12-15T11:05:15+00:00\" \/>\n<meta property=\"og:image\" content=\"https:\/\/canfali.com\/app\/uploads\/2025\/12\/museu-calp.jpg\" \/>\n\t<meta property=\"og:image:width\" content=\"1599\" \/>\n\t<meta property=\"og:image:height\" content=\"1200\" \/>\n\t<meta property=\"og:image:type\" content=\"image\/jpeg\" \/>\n<meta name=\"author\" content=\"D\u00eddac\" \/>\n<meta name=\"twitter:card\" content=\"summary_large_image\" \/>\n<meta name=\"twitter:creator\" content=\"@canfalima\" \/>\n<meta name=\"twitter:site\" content=\"@canfalima\" \/>\n<meta name=\"twitter:label1\" content=\"Written by\" \/>\n\t<meta name=\"twitter:data1\" content=\"D\u00eddac\" \/>\n\t<meta name=\"twitter:label2\" content=\"Est. reading time\" \/>\n\t<meta name=\"twitter:data2\" content=\"1 minute\" \/>\n<script type=\"application\/ld+json\" class=\"yoast-schema-graph\">{\"@context\":\"https:\\\/\\\/schema.org\",\"@graph\":[{\"@type\":\"NewsArticle\",\"@id\":\"https:\\\/\\\/canfali.com\\\/ca-es\\\/calp-adjudica-la-construccio-del-museu-de-la-festa\\\/#article\",\"isPartOf\":{\"@id\":\"https:\\\/\\\/canfali.com\\\/ca-es\\\/calp-adjudica-la-construccio-del-museu-de-la-festa\\\/\"},\"author\":{\"name\":\"D\u00eddac\",\"@id\":\"https:\\\/\\\/canfali.com\\\/ca-es\\\/#\\\/schema\\\/person\\\/5211f51be1ed486a218e6a4f53355b6d\"},\"headline\":\"Calp adjudica la construcci\u00f3 del Museu de la Festa\",\"datePublished\":\"2025-12-15T11:03:17+00:00\",\"dateModified\":\"2025-12-15T11:05:15+00:00\",\"mainEntityOfPage\":{\"@id\":\"https:\\\/\\\/canfali.com\\\/ca-es\\\/calp-adjudica-la-construccio-del-museu-de-la-festa\\\/\"},\"wordCount\":291,\"publisher\":{\"@id\":\"https:\\\/\\\/canfali.com\\\/ca-es\\\/#organization\"},\"image\":{\"@id\":\"https:\\\/\\\/canfali.com\\\/ca-es\\\/calp-adjudica-la-construccio-del-museu-de-la-festa\\\/#primaryimage\"},\"thumbnailUrl\":\"https:\\\/\\\/canfali.com\\\/app\\\/uploads\\\/2025\\\/12\\\/museu-calp.jpg\",\"keywords\":[\"adjudicaci\u00f3\",\"festes\",\"museu\"],\"articleSection\":[\"Municipal\"],\"inLanguage\":\"va-ES\",\"copyrightYear\":\"2025\",\"copyrightHolder\":{\"@id\":\"https:\\\/\\\/canfali.com\\\/#organization\"}},{\"@type\":\"WebPage\",\"@id\":\"https:\\\/\\\/canfali.com\\\/ca-es\\\/calp-adjudica-la-construccio-del-museu-de-la-festa\\\/\",\"url\":\"https:\\\/\\\/canfali.com\\\/ca-es\\\/calp-adjudica-la-construccio-del-museu-de-la-festa\\\/\",\"name\":\"Calp adjudica la construcci\u00f3 del Museu de la Festa - Canfali\",\"isPartOf\":{\"@id\":\"https:\\\/\\\/canfali.com\\\/ca-es\\\/#website\"},\"primaryImageOfPage\":{\"@id\":\"https:\\\/\\\/canfali.com\\\/ca-es\\\/calp-adjudica-la-construccio-del-museu-de-la-festa\\\/#primaryimage\"},\"image\":{\"@id\":\"https:\\\/\\\/canfali.com\\\/ca-es\\\/calp-adjudica-la-construccio-del-museu-de-la-festa\\\/#primaryimage\"},\"thumbnailUrl\":\"https:\\\/\\\/canfali.com\\\/app\\\/uploads\\\/2025\\\/12\\\/museu-calp.jpg\",\"datePublished\":\"2025-12-15T11:03:17+00:00\",\"dateModified\":\"2025-12-15T11:05:15+00:00\",\"breadcrumb\":{\"@id\":\"https:\\\/\\\/canfali.com\\\/ca-es\\\/calp-adjudica-la-construccio-del-museu-de-la-festa\\\/#breadcrumb\"},\"inLanguage\":\"va-ES\",\"potentialAction\":[{\"@type\":\"ReadAction\",\"target\":[\"https:\\\/\\\/canfali.com\\\/ca-es\\\/calp-adjudica-la-construccio-del-museu-de-la-festa\\\/\"]}]},{\"@type\":\"ImageObject\",\"inLanguage\":\"va-ES\",\"@id\":\"https:\\\/\\\/canfali.com\\\/ca-es\\\/calp-adjudica-la-construccio-del-museu-de-la-festa\\\/#primaryimage\",\"url\":\"https:\\\/\\\/canfali.com\\\/app\\\/uploads\\\/2025\\\/12\\\/museu-calp.jpg\",\"contentUrl\":\"https:\\\/\\\/canfali.com\\\/app\\\/uploads\\\/2025\\\/12\\\/museu-calp.jpg\",\"width\":1599,\"height\":1200},{\"@type\":\"BreadcrumbList\",\"@id\":\"https:\\\/\\\/canfali.com\\\/ca-es\\\/calp-adjudica-la-construccio-del-museu-de-la-festa\\\/#breadcrumb\",\"itemListElement\":[{\"@type\":\"ListItem\",\"position\":1,\"name\":\"Portada\",\"item\":\"https:\\\/\\\/canfali.com\\\/ca-es\\\/\"},{\"@type\":\"ListItem\",\"position\":2,\"name\":\"Calp adjudica la construcci\u00f3 del Museu de la Festa\"}]},{\"@type\":\"WebSite\",\"@id\":\"https:\\\/\\\/canfali.com\\\/ca-es\\\/#website\",\"url\":\"https:\\\/\\\/canfali.com\\\/ca-es\\\/\",\"name\":\"Canfali\",\"description\":\"\",\"publisher\":{\"@id\":\"https:\\\/\\\/canfali.com\\\/ca-es\\\/#organization\"},\"potentialAction\":[{\"@type\":\"SearchAction\",\"target\":{\"@type\":\"EntryPoint\",\"urlTemplate\":\"https:\\\/\\\/canfali.com\\\/ca-es\\\/?s={search_term_string}\"},\"query-input\":{\"@type\":\"PropertyValueSpecification\",\"valueRequired\":true,\"valueName\":\"search_term_string\"}}],\"inLanguage\":\"va-ES\"},{\"@type\":\"Organization\",\"@id\":\"https:\\\/\\\/canfali.com\\\/ca-es\\\/#organization\",\"name\":\"Canfali\",\"url\":\"https:\\\/\\\/canfali.com\\\/ca-es\\\/\",\"logo\":{\"@type\":\"ImageObject\",\"inLanguage\":\"va-ES\",\"@id\":\"https:\\\/\\\/canfali.com\\\/ca-es\\\/#\\\/schema\\\/logo\\\/image\\\/\",\"url\":\"https:\\\/\\\/canfali.com\\\/app\\\/uploads\\\/2025\\\/12\\\/canfali_marina_alta_logo.png\",\"contentUrl\":\"https:\\\/\\\/canfali.com\\\/app\\\/uploads\\\/2025\\\/12\\\/canfali_marina_alta_logo.png\",\"width\":225,\"height\":225,\"caption\":\"Canfali\"},\"image\":{\"@id\":\"https:\\\/\\\/canfali.com\\\/ca-es\\\/#\\\/schema\\\/logo\\\/image\\\/\"},\"sameAs\":[\"https:\\\/\\\/es-es.facebook.com\\\/CANFALIMarinaAlta\",\"https:\\\/\\\/x.com\\\/canfalima\",\"https:\\\/\\\/www.instagram.com\\\/canfalimarinaalta\\\/\"]},{\"@type\":\"Person\",\"@id\":\"https:\\\/\\\/canfali.com\\\/ca-es\\\/#\\\/schema\\\/person\\\/5211f51be1ed486a218e6a4f53355b6d\",\"name\":\"D\u00eddac\",\"image\":{\"@type\":\"ImageObject\",\"inLanguage\":\"va-ES\",\"@id\":\"https:\\\/\\\/secure.gravatar.com\\\/avatar\\\/a68a2078c12da8a6dd6cff4f3f3f69f7eb69a2d31ac1aac4da61c3761e4557f4?s=96&d=mm&r=g\",\"url\":\"https:\\\/\\\/secure.gravatar.com\\\/avatar\\\/a68a2078c12da8a6dd6cff4f3f3f69f7eb69a2d31ac1aac4da61c3761e4557f4?s=96&d=mm&r=g\",\"contentUrl\":\"https:\\\/\\\/secure.gravatar.com\\\/avatar\\\/a68a2078c12da8a6dd6cff4f3f3f69f7eb69a2d31ac1aac4da61c3761e4557f4?s=96&d=mm&r=g\",\"caption\":\"D\u00eddac\"},\"url\":\"https:\\\/\\\/canfali.com\\\/ca-es\\\/author\\\/didac\\\/\"}]}<\/script>\n<!-- \/ Yoast SEO Premium plugin. -->","yoast_head_json":{"title":"Calp adjudica la construcci\u00f3 del Museu de la Festa - Canfali","robots":{"index":"index","follow":"follow","max-snippet":"max-snippet:-1","max-image-preview":"max-image-preview:large","max-video-preview":"max-video-preview:-1"},"canonical":"https:\/\/canfali.com\/ca-es\/calp-adjudica-la-construccio-del-museu-de-la-festa\/","og_locale":"en_US","og_type":"article","og_title":"Calp adjudica la construcci\u00f3 del Museu de la Festa","og_description":"L&#8217;Ajuntament de Calp ha adjudicat les obres de construcci\u00f3 del Museu de la Festa, un projecte que pret\u00e9n&hellip;","og_url":"https:\/\/canfali.com\/ca-es\/calp-adjudica-la-construccio-del-museu-de-la-festa\/","og_site_name":"Canfali","article_publisher":"https:\/\/es-es.facebook.com\/CANFALIMarinaAlta","article_published_time":"2025-12-15T11:03:17+00:00","article_modified_time":"2025-12-15T11:05:15+00:00","og_image":[{"width":1599,"height":1200,"url":"https:\/\/canfali.com\/app\/uploads\/2025\/12\/museu-calp.jpg","type":"image\/jpeg"}],"author":"D\u00eddac","twitter_card":"summary_large_image","twitter_creator":"@canfalima","twitter_site":"@canfalima","twitter_misc":{"Written by":"D\u00eddac","Est. reading time":"1 minute"},"schema":{"@context":"https:\/\/schema.org","@graph":[{"@type":"NewsArticle","@id":"https:\/\/canfali.com\/ca-es\/calp-adjudica-la-construccio-del-museu-de-la-festa\/#article","isPartOf":{"@id":"https:\/\/canfali.com\/ca-es\/calp-adjudica-la-construccio-del-museu-de-la-festa\/"},"author":{"name":"D\u00eddac","@id":"https:\/\/canfali.com\/ca-es\/#\/schema\/person\/5211f51be1ed486a218e6a4f53355b6d"},"headline":"Calp adjudica la construcci\u00f3 del Museu de la Festa","datePublished":"2025-12-15T11:03:17+00:00","dateModified":"2025-12-15T11:05:15+00:00","mainEntityOfPage":{"@id":"https:\/\/canfali.com\/ca-es\/calp-adjudica-la-construccio-del-museu-de-la-festa\/"},"wordCount":291,"publisher":{"@id":"https:\/\/canfali.com\/ca-es\/#organization"},"image":{"@id":"https:\/\/canfali.com\/ca-es\/calp-adjudica-la-construccio-del-museu-de-la-festa\/#primaryimage"},"thumbnailUrl":"https:\/\/canfali.com\/app\/uploads\/2025\/12\/museu-calp.jpg","keywords":["adjudicaci\u00f3","festes","museu"],"articleSection":["Municipal"],"inLanguage":"va-ES","copyrightYear":"2025","copyrightHolder":{"@id":"https:\/\/canfali.com\/#organization"}},{"@type":"WebPage","@id":"https:\/\/canfali.com\/ca-es\/calp-adjudica-la-construccio-del-museu-de-la-festa\/","url":"https:\/\/canfali.com\/ca-es\/calp-adjudica-la-construccio-del-museu-de-la-festa\/","name":"Calp adjudica la construcci\u00f3 del Museu de la Festa - Canfali","isPartOf":{"@id":"https:\/\/canfali.com\/ca-es\/#website"},"primaryImageOfPage":{"@id":"https:\/\/canfali.com\/ca-es\/calp-adjudica-la-construccio-del-museu-de-la-festa\/#primaryimage"},"image":{"@id":"https:\/\/canfali.com\/ca-es\/calp-adjudica-la-construccio-del-museu-de-la-festa\/#primaryimage"},"thumbnailUrl":"https:\/\/canfali.com\/app\/uploads\/2025\/12\/museu-calp.jpg","datePublished":"2025-12-15T11:03:17+00:00","dateModified":"2025-12-15T11:05:15+00:00","breadcrumb":{"@id":"https:\/\/canfali.com\/ca-es\/calp-adjudica-la-construccio-del-museu-de-la-festa\/#breadcrumb"},"inLanguage":"va-ES","potentialAction":[{"@type":"ReadAction","target":["https:\/\/canfali.com\/ca-es\/calp-adjudica-la-construccio-del-museu-de-la-festa\/"]}]},{"@type":"ImageObject","inLanguage":"va-ES","@id":"https:\/\/canfali.com\/ca-es\/calp-adjudica-la-construccio-del-museu-de-la-festa\/#primaryimage","url":"https:\/\/canfali.com\/app\/uploads\/2025\/12\/museu-calp.jpg","contentUrl":"https:\/\/canfali.com\/app\/uploads\/2025\/12\/museu-calp.jpg","width":1599,"height":1200},{"@type":"BreadcrumbList","@id":"https:\/\/canfali.com\/ca-es\/calp-adjudica-la-construccio-del-museu-de-la-festa\/#breadcrumb","itemListElement":[{"@type":"ListItem","position":1,"name":"Portada","item":"https:\/\/canfali.com\/ca-es\/"},{"@type":"ListItem","position":2,"name":"Calp adjudica la construcci\u00f3 del Museu de la Festa"}]},{"@type":"WebSite","@id":"https:\/\/canfali.com\/ca-es\/#website","url":"https:\/\/canfali.com\/ca-es\/","name":"Canfali","description":"","publisher":{"@id":"https:\/\/canfali.com\/ca-es\/#organization"},"potentialAction":[{"@type":"SearchAction","target":{"@type":"EntryPoint","urlTemplate":"https:\/\/canfali.com\/ca-es\/?s={search_term_string}"},"query-input":{"@type":"PropertyValueSpecification","valueRequired":true,"valueName":"search_term_string"}}],"inLanguage":"va-ES"},{"@type":"Organization","@id":"https:\/\/canfali.com\/ca-es\/#organization","name":"Canfali","url":"https:\/\/canfali.com\/ca-es\/","logo":{"@type":"ImageObject","inLanguage":"va-ES","@id":"https:\/\/canfali.com\/ca-es\/#\/schema\/logo\/image\/","url":"https:\/\/canfali.com\/app\/uploads\/2025\/12\/canfali_marina_alta_logo.png","contentUrl":"https:\/\/canfali.com\/app\/uploads\/2025\/12\/canfali_marina_alta_logo.png","width":225,"height":225,"caption":"Canfali"},"image":{"@id":"https:\/\/canfali.com\/ca-es\/#\/schema\/logo\/image\/"},"sameAs":["https:\/\/es-es.facebook.com\/CANFALIMarinaAlta","https:\/\/x.com\/canfalima","https:\/\/www.instagram.com\/canfalimarinaalta\/"]},{"@type":"Person","@id":"https:\/\/canfali.com\/ca-es\/#\/schema\/person\/5211f51be1ed486a218e6a4f53355b6d","name":"D\u00eddac","image":{"@type":"ImageObject","inLanguage":"va-ES","@id":"https:\/\/secure.gravatar.com\/avatar\/a68a2078c12da8a6dd6cff4f3f3f69f7eb69a2d31ac1aac4da61c3761e4557f4?s=96&d=mm&r=g","url":"https:\/\/secure.gravatar.com\/avatar\/a68a2078c12da8a6dd6cff4f3f3f69f7eb69a2d31ac1aac4da61c3761e4557f4?s=96&d=mm&r=g","contentUrl":"https:\/\/secure.gravatar.com\/avatar\/a68a2078c12da8a6dd6cff4f3f3f69f7eb69a2d31ac1aac4da61c3761e4557f4?s=96&d=mm&r=g","caption":"D\u00eddac"},"url":"https:\/\/canfali.com\/ca-es\/author\/didac\/"}]}},"_links":{"self":[{"href":"https:\/\/canfali.com\/ca-es\/wp-json\/wp\/v2\/posts\/83942","targetHints":{"allow":["GET"]}}],"collection":[{"href":"https:\/\/canfali.com\/ca-es\/wp-json\/wp\/v2\/posts"}],"about":[{"href":"https:\/\/canfali.com\/ca-es\/wp-json\/wp\/v2\/types\/post"}],"author":[{"embeddable":true,"href":"https:\/\/canfali.com\/ca-es\/wp-json\/wp\/v2\/users\/5"}],"replies":[{"embeddable":true,"href":"https:\/\/canfali.com\/ca-es\/wp-json\/wp\/v2\/comments?post=83942"}],"version-history":[{"count":1,"href":"https:\/\/canfali.com\/ca-es\/wp-json\/wp\/v2\/posts\/83942\/revisions"}],"predecessor-version":[{"id":83943,"href":"https:\/\/canfali.com\/ca-es\/wp-json\/wp\/v2\/posts\/83942\/revisions\/83943"}],"wp:featuredmedia":[{"embeddable":true,"href":"https:\/\/canfali.com\/ca-es\/wp-json\/wp\/v2\/media\/83940"}],"wp:attachment":[{"href":"https:\/\/canfali.com\/ca-es\/wp-json\/wp\/v2\/media?parent=83942"}],"wp:term":[{"taxonomy":"category","embeddable":true,"href":"https:\/\/canfali.com\/ca-es\/wp-json\/wp\/v2\/categories?post=83942"},{"taxonomy":"post_tag","embeddable":true,"href":"https:\/\/canfali.com\/ca-es\/wp-json\/wp\/v2\/tags?post=83942"}],"curies":[{"name":"wp","href":"https:\/\/api.w.org\/{rel}","templated":true}]}}