{"id":83868,"date":"2025-12-12T22:20:09","date_gmt":"2025-12-12T21:20:09","guid":{"rendered":"https:\/\/canfali.com\/vox-trenca-el-pacte-amb-el-pp-a-xabia\/"},"modified":"2025-12-13T09:01:09","modified_gmt":"2025-12-13T08:01:09","slug":"vox-trenca-el-pacte-amb-el-pp-a-xabia","status":"publish","type":"post","link":"https:\/\/canfali.com\/ca-es\/vox-trenca-el-pacte-amb-el-pp-a-xabia\/","title":{"rendered":"Vox trenca el pacte amb el PP a X\u00e0bia"},"content":{"rendered":"\n<p>Jos\u00e9 Marcos Pons passar\u00e0 a l\u2019oposici\u00f3 despr\u00e9s de denunciar el seu cessament \u201carbitrari i sense justificaci\u00f3\u201d.<br\/><\/p>\n\n<p>La crisi de govern a X\u00e0bia avan\u00e7a a passos de gegant. En l\u2019\u00faltim cap\u00edtol, Vox anuncia que trenca el pacte de govern amb el PP despr\u00e9s de denunciar \u201cp\u00fablicament el cessament arbitrari i sense cap justificaci\u00f3 del regidor i portaveu del nostre partit per part de l\u2019alcaldessa del municipi\u201d. \u201cUna decisi\u00f3 unilateral que trenca per complet la confian\u00e7a i la col\u00b7laboraci\u00f3 institucional existent fins ara\u201d, asseguren. L\u2019alcaldessa, Rosa Cardona, havia retirat aquest mateix divendres al mat\u00ed les compet\u00e8ncies a Jos\u00e9 Marcos Pons, despr\u00e9s d\u2019anunciar una investigaci\u00f3 per un suposat cas d\u2019assetjament sexual del regidor de Vox.<br\/><\/p>\n\n<p>A m\u00e9s de trencar el pacte, Vox anuncia que \u201cs\u2019estudiaran les accions legals que siguen pertinents per les acusacions que s\u2019estan abocant des d\u2019aquest consistori contra el portaveu\u201d. La formaci\u00f3 d\u2019Abascal tanca files, per tant, amb el seu regidor de X\u00e0bia.<br\/><\/p>\n\n<p>\u201cRecordem a l\u2019alcaldessa el seu deure d\u2019acudir als tribunals si coneix fets il\u00b7l\u00edcits protagonitzats per qualsevol ciutad\u00e0\u201d, adverteixen en un comunicat.<br\/><\/p>\n\n<p>\u201cEl cessament en les funcions de govern del nostre regidor suposa una falta de respecte als votants que van depositar la seua confian\u00e7a en Vox en les passades eleccions i demostra la incapacitat de l\u2019alcaldessa per exercir les seues responsabilitats\u201d.<br\/><\/p>\n\n<p>\u201cUna vegada m\u00e9s, el PP actua com a titella de l\u2019esquerra, sense principis i entregat a perpetuar els models de govern basats en l\u2019inter\u00e9s propi\u201d.<br\/><\/p>\n\n<p>\u201cDes de Vox volem deixar clar que no estem en pol\u00edtica per mirar cap a un altre costat davant qualsevol sospita de conducta irregular, per\u00f2 tampoc per criminalitzar gratu\u00eftament qui resulta inc\u00f2mode per complir la seua paraula amb els votants\u201d.<br\/><\/p>\n\n<p>\u201cPer tot aix\u00f2, anunciem que el regidor i portaveu de Vox passa a l\u2019oposici\u00f3, on exercir\u00e0 una tasca ferma i vigilant davant una alcaldessa deslegitimada i en minoria, denunciant qualsevol deriva autorit\u00e0ria, qualsevol decisi\u00f3 sect\u00e0ria i qualsevol intent de governar des de la imposici\u00f3\u201d.<br\/><\/p>\n\n<p>\u201cVox continuar\u00e0 defensant a X\u00e0bia el mateix que va defensar en campanya: la veritat, la llibertat, el sentit com\u00fa i el servici als ve\u00efns\u201d, conclou el comunicat.<br\/><\/p>\n","protected":false},"excerpt":{"rendered":"Jos\u00e9 Marcos Pons passar\u00e0 a l\u2019oposici\u00f3 despr\u00e9s de denunciar el seu cessament \u201carbitrari i sense justificaci\u00f3\u201d. La crisi&hellip;","protected":false},"author":8,"featured_media":83866,"comment_status":"closed","ping_status":"closed","sticky":false,"template":"","format":"standard","meta":{"csco_display_header_overlay":false,"csco_singular_sidebar":"","csco_page_header_type":"","csco_page_load_nextpost":"","csco_post_video_location":[],"csco_post_video_location_hash":"","csco_post_video_url":"","csco_post_video_bg_start_time":0,"csco_post_video_bg_end_time":0,"footnotes":""},"categories":[614,575,1],"tags":[],"class_list":{"0":"post-83868","1":"post","2":"type-post","3":"status-publish","4":"format-standard","5":"has-post-thumbnail","7":"category-municipal-ca-es","8":"category-politica-2","9":"category-sin-categorizar","10":"cs-entry","11":"cs-video-wrap"},"yoast_head":"<!-- This site is optimized with the Yoast SEO Premium plugin v26.6 (Yoast SEO v27.3) - https:\/\/yoast.com\/product\/yoast-seo-premium-wordpress\/ -->\n<title>Vox trenca el pacte amb el PP a X\u00e0bia - Canfali<\/title>\n<meta name=\"robots\" content=\"index, follow, max-snippet:-1, max-image-preview:large, max-video-preview:-1\" \/>\n<link rel=\"canonical\" href=\"https:\/\/canfali.com\/ca-es\/vox-trenca-el-pacte-amb-el-pp-a-xabia\/\" \/>\n<meta property=\"og:locale\" content=\"en_US\" \/>\n<meta property=\"og:type\" content=\"article\" \/>\n<meta property=\"og:title\" content=\"Vox trenca el pacte amb el PP a X\u00e0bia\" \/>\n<meta property=\"og:description\" content=\"Jos\u00e9 Marcos Pons passar\u00e0 a l\u2019oposici\u00f3 despr\u00e9s de denunciar el seu cessament \u201carbitrari i sense justificaci\u00f3\u201d. La crisi&hellip;\" \/>\n<meta property=\"og:url\" content=\"https:\/\/canfali.com\/ca-es\/vox-trenca-el-pacte-amb-el-pp-a-xabia\/\" \/>\n<meta property=\"og:site_name\" content=\"Canfali\" \/>\n<meta property=\"article:publisher\" content=\"https:\/\/es-es.facebook.com\/CANFALIMarinaAlta\" \/>\n<meta property=\"article:published_time\" content=\"2025-12-12T21:20:09+00:00\" \/>\n<meta property=\"article:modified_time\" content=\"2025-12-13T08:01:09+00:00\" \/>\n<meta property=\"og:image\" content=\"https:\/\/canfali.com\/app\/uploads\/2025\/12\/5Q0A4618-scaled.jpg\" \/>\n\t<meta property=\"og:image:width\" content=\"2560\" \/>\n\t<meta property=\"og:image:height\" content=\"1707\" \/>\n\t<meta property=\"og:image:type\" content=\"image\/jpeg\" \/>\n<meta name=\"author\" content=\"Lluis\" \/>\n<meta name=\"twitter:card\" content=\"summary_large_image\" \/>\n<meta name=\"twitter:creator\" content=\"@canfalima\" \/>\n<meta name=\"twitter:site\" content=\"@canfalima\" \/>\n<meta name=\"twitter:label1\" content=\"Written by\" \/>\n\t<meta name=\"twitter:data1\" content=\"Lluis\" \/>\n\t<meta name=\"twitter:label2\" content=\"Est. reading time\" \/>\n\t<meta name=\"twitter:data2\" content=\"2 minutes\" \/>\n<script type=\"application\/ld+json\" class=\"yoast-schema-graph\">{\"@context\":\"https:\\\/\\\/schema.org\",\"@graph\":[{\"@type\":\"NewsArticle\",\"@id\":\"https:\\\/\\\/canfali.com\\\/ca-es\\\/vox-trenca-el-pacte-amb-el-pp-a-xabia\\\/#article\",\"isPartOf\":{\"@id\":\"https:\\\/\\\/canfali.com\\\/ca-es\\\/vox-trenca-el-pacte-amb-el-pp-a-xabia\\\/\"},\"author\":{\"name\":\"Lluis\",\"@id\":\"https:\\\/\\\/canfali.com\\\/ca-es\\\/#\\\/schema\\\/person\\\/f540a86fb33e10daaae53c59ceaa1194\"},\"headline\":\"Vox trenca el pacte amb el PP a X\u00e0bia\",\"datePublished\":\"2025-12-12T21:20:09+00:00\",\"dateModified\":\"2025-12-13T08:01:09+00:00\",\"mainEntityOfPage\":{\"@id\":\"https:\\\/\\\/canfali.com\\\/ca-es\\\/vox-trenca-el-pacte-amb-el-pp-a-xabia\\\/\"},\"wordCount\":400,\"publisher\":{\"@id\":\"https:\\\/\\\/canfali.com\\\/ca-es\\\/#organization\"},\"image\":{\"@id\":\"https:\\\/\\\/canfali.com\\\/ca-es\\\/vox-trenca-el-pacte-amb-el-pp-a-xabia\\\/#primaryimage\"},\"thumbnailUrl\":\"https:\\\/\\\/canfali.com\\\/app\\\/uploads\\\/2025\\\/12\\\/5Q0A4618-scaled.jpg\",\"articleSection\":[\"Municipal\",\"Pol\u00edtica\",\"Sin categorizar\"],\"inLanguage\":\"va-ES\",\"copyrightYear\":\"2025\",\"copyrightHolder\":{\"@id\":\"https:\\\/\\\/canfali.com\\\/#organization\"}},{\"@type\":\"WebPage\",\"@id\":\"https:\\\/\\\/canfali.com\\\/ca-es\\\/vox-trenca-el-pacte-amb-el-pp-a-xabia\\\/\",\"url\":\"https:\\\/\\\/canfali.com\\\/ca-es\\\/vox-trenca-el-pacte-amb-el-pp-a-xabia\\\/\",\"name\":\"Vox trenca el pacte amb el PP a X\u00e0bia - Canfali\",\"isPartOf\":{\"@id\":\"https:\\\/\\\/canfali.com\\\/ca-es\\\/#website\"},\"primaryImageOfPage\":{\"@id\":\"https:\\\/\\\/canfali.com\\\/ca-es\\\/vox-trenca-el-pacte-amb-el-pp-a-xabia\\\/#primaryimage\"},\"image\":{\"@id\":\"https:\\\/\\\/canfali.com\\\/ca-es\\\/vox-trenca-el-pacte-amb-el-pp-a-xabia\\\/#primaryimage\"},\"thumbnailUrl\":\"https:\\\/\\\/canfali.com\\\/app\\\/uploads\\\/2025\\\/12\\\/5Q0A4618-scaled.jpg\",\"datePublished\":\"2025-12-12T21:20:09+00:00\",\"dateModified\":\"2025-12-13T08:01:09+00:00\",\"breadcrumb\":{\"@id\":\"https:\\\/\\\/canfali.com\\\/ca-es\\\/vox-trenca-el-pacte-amb-el-pp-a-xabia\\\/#breadcrumb\"},\"inLanguage\":\"va-ES\",\"potentialAction\":[{\"@type\":\"ReadAction\",\"target\":[\"https:\\\/\\\/canfali.com\\\/ca-es\\\/vox-trenca-el-pacte-amb-el-pp-a-xabia\\\/\"]}]},{\"@type\":\"ImageObject\",\"inLanguage\":\"va-ES\",\"@id\":\"https:\\\/\\\/canfali.com\\\/ca-es\\\/vox-trenca-el-pacte-amb-el-pp-a-xabia\\\/#primaryimage\",\"url\":\"https:\\\/\\\/canfali.com\\\/app\\\/uploads\\\/2025\\\/12\\\/5Q0A4618-scaled.jpg\",\"contentUrl\":\"https:\\\/\\\/canfali.com\\\/app\\\/uploads\\\/2025\\\/12\\\/5Q0A4618-scaled.jpg\",\"width\":2560,\"height\":1707},{\"@type\":\"BreadcrumbList\",\"@id\":\"https:\\\/\\\/canfali.com\\\/ca-es\\\/vox-trenca-el-pacte-amb-el-pp-a-xabia\\\/#breadcrumb\",\"itemListElement\":[{\"@type\":\"ListItem\",\"position\":1,\"name\":\"Portada\",\"item\":\"https:\\\/\\\/canfali.com\\\/ca-es\\\/\"},{\"@type\":\"ListItem\",\"position\":2,\"name\":\"Vox trenca el pacte amb el PP a X\u00e0bia\"}]},{\"@type\":\"WebSite\",\"@id\":\"https:\\\/\\\/canfali.com\\\/ca-es\\\/#website\",\"url\":\"https:\\\/\\\/canfali.com\\\/ca-es\\\/\",\"name\":\"Canfali\",\"description\":\"\",\"publisher\":{\"@id\":\"https:\\\/\\\/canfali.com\\\/ca-es\\\/#organization\"},\"potentialAction\":[{\"@type\":\"SearchAction\",\"target\":{\"@type\":\"EntryPoint\",\"urlTemplate\":\"https:\\\/\\\/canfali.com\\\/ca-es\\\/?s={search_term_string}\"},\"query-input\":{\"@type\":\"PropertyValueSpecification\",\"valueRequired\":true,\"valueName\":\"search_term_string\"}}],\"inLanguage\":\"va-ES\"},{\"@type\":\"Organization\",\"@id\":\"https:\\\/\\\/canfali.com\\\/ca-es\\\/#organization\",\"name\":\"Canfali\",\"url\":\"https:\\\/\\\/canfali.com\\\/ca-es\\\/\",\"logo\":{\"@type\":\"ImageObject\",\"inLanguage\":\"va-ES\",\"@id\":\"https:\\\/\\\/canfali.com\\\/ca-es\\\/#\\\/schema\\\/logo\\\/image\\\/\",\"url\":\"https:\\\/\\\/canfali.com\\\/app\\\/uploads\\\/2025\\\/12\\\/canfali_marina_alta_logo.png\",\"contentUrl\":\"https:\\\/\\\/canfali.com\\\/app\\\/uploads\\\/2025\\\/12\\\/canfali_marina_alta_logo.png\",\"width\":225,\"height\":225,\"caption\":\"Canfali\"},\"image\":{\"@id\":\"https:\\\/\\\/canfali.com\\\/ca-es\\\/#\\\/schema\\\/logo\\\/image\\\/\"},\"sameAs\":[\"https:\\\/\\\/es-es.facebook.com\\\/CANFALIMarinaAlta\",\"https:\\\/\\\/x.com\\\/canfalima\",\"https:\\\/\\\/www.instagram.com\\\/canfalimarinaalta\\\/\"]},{\"@type\":\"Person\",\"@id\":\"https:\\\/\\\/canfali.com\\\/ca-es\\\/#\\\/schema\\\/person\\\/f540a86fb33e10daaae53c59ceaa1194\",\"name\":\"Lluis\",\"image\":{\"@type\":\"ImageObject\",\"inLanguage\":\"va-ES\",\"@id\":\"https:\\\/\\\/secure.gravatar.com\\\/avatar\\\/a21ec8835290e4e02ed0886b8cb327d807d0eb6ec8ccf25d4c2a0a415f506c0d?s=96&d=mm&r=g\",\"url\":\"https:\\\/\\\/secure.gravatar.com\\\/avatar\\\/a21ec8835290e4e02ed0886b8cb327d807d0eb6ec8ccf25d4c2a0a415f506c0d?s=96&d=mm&r=g\",\"contentUrl\":\"https:\\\/\\\/secure.gravatar.com\\\/avatar\\\/a21ec8835290e4e02ed0886b8cb327d807d0eb6ec8ccf25d4c2a0a415f506c0d?s=96&d=mm&r=g\",\"caption\":\"Lluis\"},\"url\":\"https:\\\/\\\/canfali.com\\\/ca-es\\\/author\\\/lluis\\\/\"}]}<\/script>\n<!-- \/ Yoast SEO Premium plugin. -->","yoast_head_json":{"title":"Vox trenca el pacte amb el PP a X\u00e0bia - Canfali","robots":{"index":"index","follow":"follow","max-snippet":"max-snippet:-1","max-image-preview":"max-image-preview:large","max-video-preview":"max-video-preview:-1"},"canonical":"https:\/\/canfali.com\/ca-es\/vox-trenca-el-pacte-amb-el-pp-a-xabia\/","og_locale":"en_US","og_type":"article","og_title":"Vox trenca el pacte amb el PP a X\u00e0bia","og_description":"Jos\u00e9 Marcos Pons passar\u00e0 a l\u2019oposici\u00f3 despr\u00e9s de denunciar el seu cessament \u201carbitrari i sense justificaci\u00f3\u201d. La crisi&hellip;","og_url":"https:\/\/canfali.com\/ca-es\/vox-trenca-el-pacte-amb-el-pp-a-xabia\/","og_site_name":"Canfali","article_publisher":"https:\/\/es-es.facebook.com\/CANFALIMarinaAlta","article_published_time":"2025-12-12T21:20:09+00:00","article_modified_time":"2025-12-13T08:01:09+00:00","og_image":[{"width":2560,"height":1707,"url":"https:\/\/canfali.com\/app\/uploads\/2025\/12\/5Q0A4618-scaled.jpg","type":"image\/jpeg"}],"author":"Lluis","twitter_card":"summary_large_image","twitter_creator":"@canfalima","twitter_site":"@canfalima","twitter_misc":{"Written by":"Lluis","Est. reading time":"2 minutes"},"schema":{"@context":"https:\/\/schema.org","@graph":[{"@type":"NewsArticle","@id":"https:\/\/canfali.com\/ca-es\/vox-trenca-el-pacte-amb-el-pp-a-xabia\/#article","isPartOf":{"@id":"https:\/\/canfali.com\/ca-es\/vox-trenca-el-pacte-amb-el-pp-a-xabia\/"},"author":{"name":"Lluis","@id":"https:\/\/canfali.com\/ca-es\/#\/schema\/person\/f540a86fb33e10daaae53c59ceaa1194"},"headline":"Vox trenca el pacte amb el PP a X\u00e0bia","datePublished":"2025-12-12T21:20:09+00:00","dateModified":"2025-12-13T08:01:09+00:00","mainEntityOfPage":{"@id":"https:\/\/canfali.com\/ca-es\/vox-trenca-el-pacte-amb-el-pp-a-xabia\/"},"wordCount":400,"publisher":{"@id":"https:\/\/canfali.com\/ca-es\/#organization"},"image":{"@id":"https:\/\/canfali.com\/ca-es\/vox-trenca-el-pacte-amb-el-pp-a-xabia\/#primaryimage"},"thumbnailUrl":"https:\/\/canfali.com\/app\/uploads\/2025\/12\/5Q0A4618-scaled.jpg","articleSection":["Municipal","Pol\u00edtica","Sin categorizar"],"inLanguage":"va-ES","copyrightYear":"2025","copyrightHolder":{"@id":"https:\/\/canfali.com\/#organization"}},{"@type":"WebPage","@id":"https:\/\/canfali.com\/ca-es\/vox-trenca-el-pacte-amb-el-pp-a-xabia\/","url":"https:\/\/canfali.com\/ca-es\/vox-trenca-el-pacte-amb-el-pp-a-xabia\/","name":"Vox trenca el pacte amb el PP a X\u00e0bia - Canfali","isPartOf":{"@id":"https:\/\/canfali.com\/ca-es\/#website"},"primaryImageOfPage":{"@id":"https:\/\/canfali.com\/ca-es\/vox-trenca-el-pacte-amb-el-pp-a-xabia\/#primaryimage"},"image":{"@id":"https:\/\/canfali.com\/ca-es\/vox-trenca-el-pacte-amb-el-pp-a-xabia\/#primaryimage"},"thumbnailUrl":"https:\/\/canfali.com\/app\/uploads\/2025\/12\/5Q0A4618-scaled.jpg","datePublished":"2025-12-12T21:20:09+00:00","dateModified":"2025-12-13T08:01:09+00:00","breadcrumb":{"@id":"https:\/\/canfali.com\/ca-es\/vox-trenca-el-pacte-amb-el-pp-a-xabia\/#breadcrumb"},"inLanguage":"va-ES","potentialAction":[{"@type":"ReadAction","target":["https:\/\/canfali.com\/ca-es\/vox-trenca-el-pacte-amb-el-pp-a-xabia\/"]}]},{"@type":"ImageObject","inLanguage":"va-ES","@id":"https:\/\/canfali.com\/ca-es\/vox-trenca-el-pacte-amb-el-pp-a-xabia\/#primaryimage","url":"https:\/\/canfali.com\/app\/uploads\/2025\/12\/5Q0A4618-scaled.jpg","contentUrl":"https:\/\/canfali.com\/app\/uploads\/2025\/12\/5Q0A4618-scaled.jpg","width":2560,"height":1707},{"@type":"BreadcrumbList","@id":"https:\/\/canfali.com\/ca-es\/vox-trenca-el-pacte-amb-el-pp-a-xabia\/#breadcrumb","itemListElement":[{"@type":"ListItem","position":1,"name":"Portada","item":"https:\/\/canfali.com\/ca-es\/"},{"@type":"ListItem","position":2,"name":"Vox trenca el pacte amb el PP a X\u00e0bia"}]},{"@type":"WebSite","@id":"https:\/\/canfali.com\/ca-es\/#website","url":"https:\/\/canfali.com\/ca-es\/","name":"Canfali","description":"","publisher":{"@id":"https:\/\/canfali.com\/ca-es\/#organization"},"potentialAction":[{"@type":"SearchAction","target":{"@type":"EntryPoint","urlTemplate":"https:\/\/canfali.com\/ca-es\/?s={search_term_string}"},"query-input":{"@type":"PropertyValueSpecification","valueRequired":true,"valueName":"search_term_string"}}],"inLanguage":"va-ES"},{"@type":"Organization","@id":"https:\/\/canfali.com\/ca-es\/#organization","name":"Canfali","url":"https:\/\/canfali.com\/ca-es\/","logo":{"@type":"ImageObject","inLanguage":"va-ES","@id":"https:\/\/canfali.com\/ca-es\/#\/schema\/logo\/image\/","url":"https:\/\/canfali.com\/app\/uploads\/2025\/12\/canfali_marina_alta_logo.png","contentUrl":"https:\/\/canfali.com\/app\/uploads\/2025\/12\/canfali_marina_alta_logo.png","width":225,"height":225,"caption":"Canfali"},"image":{"@id":"https:\/\/canfali.com\/ca-es\/#\/schema\/logo\/image\/"},"sameAs":["https:\/\/es-es.facebook.com\/CANFALIMarinaAlta","https:\/\/x.com\/canfalima","https:\/\/www.instagram.com\/canfalimarinaalta\/"]},{"@type":"Person","@id":"https:\/\/canfali.com\/ca-es\/#\/schema\/person\/f540a86fb33e10daaae53c59ceaa1194","name":"Lluis","image":{"@type":"ImageObject","inLanguage":"va-ES","@id":"https:\/\/secure.gravatar.com\/avatar\/a21ec8835290e4e02ed0886b8cb327d807d0eb6ec8ccf25d4c2a0a415f506c0d?s=96&d=mm&r=g","url":"https:\/\/secure.gravatar.com\/avatar\/a21ec8835290e4e02ed0886b8cb327d807d0eb6ec8ccf25d4c2a0a415f506c0d?s=96&d=mm&r=g","contentUrl":"https:\/\/secure.gravatar.com\/avatar\/a21ec8835290e4e02ed0886b8cb327d807d0eb6ec8ccf25d4c2a0a415f506c0d?s=96&d=mm&r=g","caption":"Lluis"},"url":"https:\/\/canfali.com\/ca-es\/author\/lluis\/"}]}},"_links":{"self":[{"href":"https:\/\/canfali.com\/ca-es\/wp-json\/wp\/v2\/posts\/83868","targetHints":{"allow":["GET"]}}],"collection":[{"href":"https:\/\/canfali.com\/ca-es\/wp-json\/wp\/v2\/posts"}],"about":[{"href":"https:\/\/canfali.com\/ca-es\/wp-json\/wp\/v2\/types\/post"}],"author":[{"embeddable":true,"href":"https:\/\/canfali.com\/ca-es\/wp-json\/wp\/v2\/users\/8"}],"replies":[{"embeddable":true,"href":"https:\/\/canfali.com\/ca-es\/wp-json\/wp\/v2\/comments?post=83868"}],"version-history":[{"count":1,"href":"https:\/\/canfali.com\/ca-es\/wp-json\/wp\/v2\/posts\/83868\/revisions"}],"predecessor-version":[{"id":83869,"href":"https:\/\/canfali.com\/ca-es\/wp-json\/wp\/v2\/posts\/83868\/revisions\/83869"}],"wp:featuredmedia":[{"embeddable":true,"href":"https:\/\/canfali.com\/ca-es\/wp-json\/wp\/v2\/media\/83866"}],"wp:attachment":[{"href":"https:\/\/canfali.com\/ca-es\/wp-json\/wp\/v2\/media?parent=83868"}],"wp:term":[{"taxonomy":"category","embeddable":true,"href":"https:\/\/canfali.com\/ca-es\/wp-json\/wp\/v2\/categories?post=83868"},{"taxonomy":"post_tag","embeddable":true,"href":"https:\/\/canfali.com\/ca-es\/wp-json\/wp\/v2\/tags?post=83868"}],"curies":[{"name":"wp","href":"https:\/\/api.w.org\/{rel}","templated":true}]}}