{"id":83853,"date":"2025-12-12T13:47:48","date_gmt":"2025-12-12T12:47:48","guid":{"rendered":"https:\/\/canfali.com\/els-promotors-de-denia-demanen-el-cessament-de-ripoll\/"},"modified":"2025-12-12T13:56:06","modified_gmt":"2025-12-12T12:56:06","slug":"els-promotors-de-denia-demanen-el-cessament-de-ripoll","status":"publish","type":"post","link":"https:\/\/canfali.com\/ca-es\/els-promotors-de-denia-demanen-el-cessament-de-ripoll\/","title":{"rendered":"Els promotors de D\u00e9nia demanen el cessament de Ripoll"},"content":{"rendered":"\n<p><\/p>\n\n<p>L&#8217;Associaci\u00f3 de Promotors Tur\u00edstics de D\u00e9nia i Comarca (APTD) ha demanat a l&#8217;alcalde, Vicent Grimalt, que cessament de manera immediata a la regidora d&#8217;Urbanisme, Maria Josep Ripoll, davant la seva negativa a rectificar \u201cel seu greu i opaca actuaci\u00f3\u201d respecte a la documentaci\u00f3 de l&#8217;esborrany del Pla d&#8217;Ordenaci\u00f3 Detallat de Montg\u00f3 i Marines- Deveses \u201cpujada de manera parcial i incompleta a la web municipal\u201d. Els promotors adverteixen a l&#8217;alcalde i a la resta de l&#8217;equip de govern que de no accedir a la seva petici\u00f3, estaran encobrint t\u00e0citament unes pr\u00e0ctiques \u201cque atempten greument contra els principis de transpar\u00e8ncia i legalitat que han de regir l&#8217;administraci\u00f3 p\u00fablica\u201d. Puntualitzen que les seves accions \u201cclarament beneficien a interessos especulatius\u201d.<br\/><\/p>\n\n<p>Des de l&#8217;APTD s&#8217;incideix en qu\u00e8 la publicaci\u00f3 telem\u00e0tica de la documentaci\u00f3 del pormenoritzat omet les taules de par\u00e0metres urban\u00edstics \u201cque, segons sembla, s\u00ed que van ser incloses en la documentaci\u00f3 que va aconseguir el Ple Municipal i, en aquest cas, constitueixen documents p\u00fablics amb car\u00e0cter general\u201d, adverteixen els promotors. Parlen d&#8217;una \u201comissi\u00f3 selectiva i no corregida\u201d que dista molt de ser un error administratiu i que ha generat una situaci\u00f3 innecess\u00e0ria \u201cper\u00f2 de profunda inseguretat jur\u00eddica per encoratjar directament a l&#8217;especulaci\u00f3 urban\u00edstica\u201d. <\/p>\n\n<p>Sobre aquest \u00faltim assumpte, l&#8217;associaci\u00f3 assegura haver detectat \u201cmoviments foscos\u201d d&#8217;ofertes especulatives que afecten el tr\u00e0nsit immobiliari sobre s\u00f2ls urbans del municipi. Acusen la regidora d&#8217;impulsar aquestes pr\u00e0ctiques, \u201cque beneficien a uns pocs en detriment de l&#8217;inter\u00e8s general i del bon dret\u201d -afegeix.<\/p>\n\n<p>Quant a la tramitaci\u00f3 del Pla d&#8217;Ordenaci\u00f3 Pormenoritzat  (POP) del Montg\u00f3 i la seva anunciada exposici\u00f3 p\u00fablica de 30 dies, dirigida exclusivament a consultar a les Administracions P\u00fabliques afectades, l&#8217;associaci\u00f3 diu no tenir const\u00e0ncia que s&#8217;hagen escom\u00e8s les actuacions pr\u00e8vies obligat\u00f2ries a trav\u00e9s del portal web municipal per l&#8217;espai de vint dies. Recorda que l&#8217;ordenaci\u00f3 estructural que sustenta el POP est\u00e0 pendent de sent\u00e8ncia judicial i adverteix de les conseq\u00fc\u00e8ncies. Entre elles, l&#8217;incompliment de la previsi\u00f3 de parc p\u00fablic en xarxa prim\u00e0ria suficient.<\/p>\n","protected":false},"excerpt":{"rendered":"L&#8217;Associaci\u00f3 de Promotors Tur\u00edstics de D\u00e9nia i Comarca (APTD) ha demanat a l&#8217;alcalde, Vicent Grimalt, que cessament de&hellip;","protected":false},"author":6,"featured_media":83851,"comment_status":"closed","ping_status":"closed","sticky":false,"template":"","format":"standard","meta":{"csco_display_header_overlay":false,"csco_singular_sidebar":"","csco_page_header_type":"","csco_page_load_nextpost":"","csco_post_video_location":[],"csco_post_video_location_hash":"","csco_post_video_url":"","csco_post_video_bg_start_time":0,"csco_post_video_bg_end_time":0,"footnotes":""},"categories":[614],"tags":[5602,5601,3512,5508,3169],"class_list":{"0":"post-83853","1":"post","2":"type-post","3":"status-publish","4":"format-standard","5":"has-post-thumbnail","7":"category-municipal-ca-es","8":"tag-aptd-ca-es","9":"tag-maria-josep-ripoll-ca-es","10":"tag-pop-ca-es","11":"tag-pormenoritzat","12":"tag-promotors","13":"cs-entry","14":"cs-video-wrap"},"yoast_head":"<!-- This site is optimized with the Yoast SEO Premium plugin v26.6 (Yoast SEO v27.3) - https:\/\/yoast.com\/product\/yoast-seo-premium-wordpress\/ -->\n<title>Els promotors de D\u00e9nia demanen el cessament de Ripoll - Canfali<\/title>\n<meta name=\"robots\" content=\"index, follow, max-snippet:-1, max-image-preview:large, max-video-preview:-1\" \/>\n<link rel=\"canonical\" href=\"https:\/\/canfali.com\/ca-es\/els-promotors-de-denia-demanen-el-cessament-de-ripoll\/\" \/>\n<meta property=\"og:locale\" content=\"en_US\" \/>\n<meta property=\"og:type\" content=\"article\" \/>\n<meta property=\"og:title\" content=\"Els promotors de D\u00e9nia demanen el cessament de Ripoll\" \/>\n<meta property=\"og:description\" content=\"L&#8217;Associaci\u00f3 de Promotors Tur\u00edstics de D\u00e9nia i Comarca (APTD) ha demanat a l&#8217;alcalde, Vicent Grimalt, que cessament de&hellip;\" \/>\n<meta property=\"og:url\" content=\"https:\/\/canfali.com\/ca-es\/els-promotors-de-denia-demanen-el-cessament-de-ripoll\/\" \/>\n<meta property=\"og:site_name\" content=\"Canfali\" \/>\n<meta property=\"article:publisher\" content=\"https:\/\/es-es.facebook.com\/CANFALIMarinaAlta\" \/>\n<meta property=\"article:published_time\" content=\"2025-12-12T12:47:48+00:00\" \/>\n<meta property=\"article:modified_time\" content=\"2025-12-12T12:56:06+00:00\" \/>\n<meta property=\"og:image\" content=\"https:\/\/canfali.com\/app\/uploads\/2025\/12\/urbanisme.jpg\" \/>\n\t<meta property=\"og:image:width\" content=\"711\" \/>\n\t<meta property=\"og:image:height\" content=\"533\" \/>\n\t<meta property=\"og:image:type\" content=\"image\/jpeg\" \/>\n<meta name=\"author\" content=\"Rosa\" \/>\n<meta name=\"twitter:card\" content=\"summary_large_image\" \/>\n<meta name=\"twitter:creator\" content=\"@canfalima\" \/>\n<meta name=\"twitter:site\" content=\"@canfalima\" \/>\n<meta name=\"twitter:label1\" content=\"Written by\" \/>\n\t<meta name=\"twitter:data1\" content=\"Rosa\" \/>\n\t<meta name=\"twitter:label2\" content=\"Est. reading time\" \/>\n\t<meta name=\"twitter:data2\" content=\"2 minutes\" \/>\n<script type=\"application\/ld+json\" class=\"yoast-schema-graph\">{\"@context\":\"https:\\\/\\\/schema.org\",\"@graph\":[{\"@type\":\"NewsArticle\",\"@id\":\"https:\\\/\\\/canfali.com\\\/ca-es\\\/els-promotors-de-denia-demanen-el-cessament-de-ripoll\\\/#article\",\"isPartOf\":{\"@id\":\"https:\\\/\\\/canfali.com\\\/ca-es\\\/els-promotors-de-denia-demanen-el-cessament-de-ripoll\\\/\"},\"author\":{\"name\":\"Rosa\",\"@id\":\"https:\\\/\\\/canfali.com\\\/ca-es\\\/#\\\/schema\\\/person\\\/c861a7aa2b2495357b95f35bd5d82f88\"},\"headline\":\"Els promotors de D\u00e9nia demanen el cessament de Ripoll\",\"datePublished\":\"2025-12-12T12:47:48+00:00\",\"dateModified\":\"2025-12-12T12:56:06+00:00\",\"mainEntityOfPage\":{\"@id\":\"https:\\\/\\\/canfali.com\\\/ca-es\\\/els-promotors-de-denia-demanen-el-cessament-de-ripoll\\\/\"},\"wordCount\":385,\"publisher\":{\"@id\":\"https:\\\/\\\/canfali.com\\\/ca-es\\\/#organization\"},\"image\":{\"@id\":\"https:\\\/\\\/canfali.com\\\/ca-es\\\/els-promotors-de-denia-demanen-el-cessament-de-ripoll\\\/#primaryimage\"},\"thumbnailUrl\":\"https:\\\/\\\/canfali.com\\\/app\\\/uploads\\\/2025\\\/12\\\/urbanisme.jpg\",\"keywords\":[\"APTD\",\"Maria Josep Ripoll\",\"pop\",\"pormenoritzat\",\"promotors\"],\"articleSection\":[\"Municipal\"],\"inLanguage\":\"va-ES\",\"copyrightYear\":\"2025\",\"copyrightHolder\":{\"@id\":\"https:\\\/\\\/canfali.com\\\/#organization\"}},{\"@type\":\"WebPage\",\"@id\":\"https:\\\/\\\/canfali.com\\\/ca-es\\\/els-promotors-de-denia-demanen-el-cessament-de-ripoll\\\/\",\"url\":\"https:\\\/\\\/canfali.com\\\/ca-es\\\/els-promotors-de-denia-demanen-el-cessament-de-ripoll\\\/\",\"name\":\"Els promotors de D\u00e9nia demanen el cessament de Ripoll - Canfali\",\"isPartOf\":{\"@id\":\"https:\\\/\\\/canfali.com\\\/ca-es\\\/#website\"},\"primaryImageOfPage\":{\"@id\":\"https:\\\/\\\/canfali.com\\\/ca-es\\\/els-promotors-de-denia-demanen-el-cessament-de-ripoll\\\/#primaryimage\"},\"image\":{\"@id\":\"https:\\\/\\\/canfali.com\\\/ca-es\\\/els-promotors-de-denia-demanen-el-cessament-de-ripoll\\\/#primaryimage\"},\"thumbnailUrl\":\"https:\\\/\\\/canfali.com\\\/app\\\/uploads\\\/2025\\\/12\\\/urbanisme.jpg\",\"datePublished\":\"2025-12-12T12:47:48+00:00\",\"dateModified\":\"2025-12-12T12:56:06+00:00\",\"breadcrumb\":{\"@id\":\"https:\\\/\\\/canfali.com\\\/ca-es\\\/els-promotors-de-denia-demanen-el-cessament-de-ripoll\\\/#breadcrumb\"},\"inLanguage\":\"va-ES\",\"potentialAction\":[{\"@type\":\"ReadAction\",\"target\":[\"https:\\\/\\\/canfali.com\\\/ca-es\\\/els-promotors-de-denia-demanen-el-cessament-de-ripoll\\\/\"]}]},{\"@type\":\"ImageObject\",\"inLanguage\":\"va-ES\",\"@id\":\"https:\\\/\\\/canfali.com\\\/ca-es\\\/els-promotors-de-denia-demanen-el-cessament-de-ripoll\\\/#primaryimage\",\"url\":\"https:\\\/\\\/canfali.com\\\/app\\\/uploads\\\/2025\\\/12\\\/urbanisme.jpg\",\"contentUrl\":\"https:\\\/\\\/canfali.com\\\/app\\\/uploads\\\/2025\\\/12\\\/urbanisme.jpg\",\"width\":711,\"height\":533},{\"@type\":\"BreadcrumbList\",\"@id\":\"https:\\\/\\\/canfali.com\\\/ca-es\\\/els-promotors-de-denia-demanen-el-cessament-de-ripoll\\\/#breadcrumb\",\"itemListElement\":[{\"@type\":\"ListItem\",\"position\":1,\"name\":\"Portada\",\"item\":\"https:\\\/\\\/canfali.com\\\/ca-es\\\/\"},{\"@type\":\"ListItem\",\"position\":2,\"name\":\"Els promotors de D\u00e9nia demanen el cessament de Ripoll\"}]},{\"@type\":\"WebSite\",\"@id\":\"https:\\\/\\\/canfali.com\\\/ca-es\\\/#website\",\"url\":\"https:\\\/\\\/canfali.com\\\/ca-es\\\/\",\"name\":\"Canfali\",\"description\":\"\",\"publisher\":{\"@id\":\"https:\\\/\\\/canfali.com\\\/ca-es\\\/#organization\"},\"potentialAction\":[{\"@type\":\"SearchAction\",\"target\":{\"@type\":\"EntryPoint\",\"urlTemplate\":\"https:\\\/\\\/canfali.com\\\/ca-es\\\/?s={search_term_string}\"},\"query-input\":{\"@type\":\"PropertyValueSpecification\",\"valueRequired\":true,\"valueName\":\"search_term_string\"}}],\"inLanguage\":\"va-ES\"},{\"@type\":\"Organization\",\"@id\":\"https:\\\/\\\/canfali.com\\\/ca-es\\\/#organization\",\"name\":\"Canfali\",\"url\":\"https:\\\/\\\/canfali.com\\\/ca-es\\\/\",\"logo\":{\"@type\":\"ImageObject\",\"inLanguage\":\"va-ES\",\"@id\":\"https:\\\/\\\/canfali.com\\\/ca-es\\\/#\\\/schema\\\/logo\\\/image\\\/\",\"url\":\"https:\\\/\\\/canfali.com\\\/app\\\/uploads\\\/2025\\\/12\\\/canfali_marina_alta_logo.png\",\"contentUrl\":\"https:\\\/\\\/canfali.com\\\/app\\\/uploads\\\/2025\\\/12\\\/canfali_marina_alta_logo.png\",\"width\":225,\"height\":225,\"caption\":\"Canfali\"},\"image\":{\"@id\":\"https:\\\/\\\/canfali.com\\\/ca-es\\\/#\\\/schema\\\/logo\\\/image\\\/\"},\"sameAs\":[\"https:\\\/\\\/es-es.facebook.com\\\/CANFALIMarinaAlta\",\"https:\\\/\\\/x.com\\\/canfalima\",\"https:\\\/\\\/www.instagram.com\\\/canfalimarinaalta\\\/\"]},{\"@type\":\"Person\",\"@id\":\"https:\\\/\\\/canfali.com\\\/ca-es\\\/#\\\/schema\\\/person\\\/c861a7aa2b2495357b95f35bd5d82f88\",\"name\":\"Rosa\",\"image\":{\"@type\":\"ImageObject\",\"inLanguage\":\"va-ES\",\"@id\":\"https:\\\/\\\/secure.gravatar.com\\\/avatar\\\/47fb83d99423a6ef1cf9f83f02a5e91366c671dec76c5c24badf1b0494e1d960?s=96&d=mm&r=g\",\"url\":\"https:\\\/\\\/secure.gravatar.com\\\/avatar\\\/47fb83d99423a6ef1cf9f83f02a5e91366c671dec76c5c24badf1b0494e1d960?s=96&d=mm&r=g\",\"contentUrl\":\"https:\\\/\\\/secure.gravatar.com\\\/avatar\\\/47fb83d99423a6ef1cf9f83f02a5e91366c671dec76c5c24badf1b0494e1d960?s=96&d=mm&r=g\",\"caption\":\"Rosa\"},\"url\":\"https:\\\/\\\/canfali.com\\\/ca-es\\\/author\\\/rosa\\\/\"}]}<\/script>\n<!-- \/ Yoast SEO Premium plugin. -->","yoast_head_json":{"title":"Els promotors de D\u00e9nia demanen el cessament de Ripoll - Canfali","robots":{"index":"index","follow":"follow","max-snippet":"max-snippet:-1","max-image-preview":"max-image-preview:large","max-video-preview":"max-video-preview:-1"},"canonical":"https:\/\/canfali.com\/ca-es\/els-promotors-de-denia-demanen-el-cessament-de-ripoll\/","og_locale":"en_US","og_type":"article","og_title":"Els promotors de D\u00e9nia demanen el cessament de Ripoll","og_description":"L&#8217;Associaci\u00f3 de Promotors Tur\u00edstics de D\u00e9nia i Comarca (APTD) ha demanat a l&#8217;alcalde, Vicent Grimalt, que cessament de&hellip;","og_url":"https:\/\/canfali.com\/ca-es\/els-promotors-de-denia-demanen-el-cessament-de-ripoll\/","og_site_name":"Canfali","article_publisher":"https:\/\/es-es.facebook.com\/CANFALIMarinaAlta","article_published_time":"2025-12-12T12:47:48+00:00","article_modified_time":"2025-12-12T12:56:06+00:00","og_image":[{"width":711,"height":533,"url":"https:\/\/canfali.com\/app\/uploads\/2025\/12\/urbanisme.jpg","type":"image\/jpeg"}],"author":"Rosa","twitter_card":"summary_large_image","twitter_creator":"@canfalima","twitter_site":"@canfalima","twitter_misc":{"Written by":"Rosa","Est. reading time":"2 minutes"},"schema":{"@context":"https:\/\/schema.org","@graph":[{"@type":"NewsArticle","@id":"https:\/\/canfali.com\/ca-es\/els-promotors-de-denia-demanen-el-cessament-de-ripoll\/#article","isPartOf":{"@id":"https:\/\/canfali.com\/ca-es\/els-promotors-de-denia-demanen-el-cessament-de-ripoll\/"},"author":{"name":"Rosa","@id":"https:\/\/canfali.com\/ca-es\/#\/schema\/person\/c861a7aa2b2495357b95f35bd5d82f88"},"headline":"Els promotors de D\u00e9nia demanen el cessament de Ripoll","datePublished":"2025-12-12T12:47:48+00:00","dateModified":"2025-12-12T12:56:06+00:00","mainEntityOfPage":{"@id":"https:\/\/canfali.com\/ca-es\/els-promotors-de-denia-demanen-el-cessament-de-ripoll\/"},"wordCount":385,"publisher":{"@id":"https:\/\/canfali.com\/ca-es\/#organization"},"image":{"@id":"https:\/\/canfali.com\/ca-es\/els-promotors-de-denia-demanen-el-cessament-de-ripoll\/#primaryimage"},"thumbnailUrl":"https:\/\/canfali.com\/app\/uploads\/2025\/12\/urbanisme.jpg","keywords":["APTD","Maria Josep Ripoll","pop","pormenoritzat","promotors"],"articleSection":["Municipal"],"inLanguage":"va-ES","copyrightYear":"2025","copyrightHolder":{"@id":"https:\/\/canfali.com\/#organization"}},{"@type":"WebPage","@id":"https:\/\/canfali.com\/ca-es\/els-promotors-de-denia-demanen-el-cessament-de-ripoll\/","url":"https:\/\/canfali.com\/ca-es\/els-promotors-de-denia-demanen-el-cessament-de-ripoll\/","name":"Els promotors de D\u00e9nia demanen el cessament de Ripoll - Canfali","isPartOf":{"@id":"https:\/\/canfali.com\/ca-es\/#website"},"primaryImageOfPage":{"@id":"https:\/\/canfali.com\/ca-es\/els-promotors-de-denia-demanen-el-cessament-de-ripoll\/#primaryimage"},"image":{"@id":"https:\/\/canfali.com\/ca-es\/els-promotors-de-denia-demanen-el-cessament-de-ripoll\/#primaryimage"},"thumbnailUrl":"https:\/\/canfali.com\/app\/uploads\/2025\/12\/urbanisme.jpg","datePublished":"2025-12-12T12:47:48+00:00","dateModified":"2025-12-12T12:56:06+00:00","breadcrumb":{"@id":"https:\/\/canfali.com\/ca-es\/els-promotors-de-denia-demanen-el-cessament-de-ripoll\/#breadcrumb"},"inLanguage":"va-ES","potentialAction":[{"@type":"ReadAction","target":["https:\/\/canfali.com\/ca-es\/els-promotors-de-denia-demanen-el-cessament-de-ripoll\/"]}]},{"@type":"ImageObject","inLanguage":"va-ES","@id":"https:\/\/canfali.com\/ca-es\/els-promotors-de-denia-demanen-el-cessament-de-ripoll\/#primaryimage","url":"https:\/\/canfali.com\/app\/uploads\/2025\/12\/urbanisme.jpg","contentUrl":"https:\/\/canfali.com\/app\/uploads\/2025\/12\/urbanisme.jpg","width":711,"height":533},{"@type":"BreadcrumbList","@id":"https:\/\/canfali.com\/ca-es\/els-promotors-de-denia-demanen-el-cessament-de-ripoll\/#breadcrumb","itemListElement":[{"@type":"ListItem","position":1,"name":"Portada","item":"https:\/\/canfali.com\/ca-es\/"},{"@type":"ListItem","position":2,"name":"Els promotors de D\u00e9nia demanen el cessament de Ripoll"}]},{"@type":"WebSite","@id":"https:\/\/canfali.com\/ca-es\/#website","url":"https:\/\/canfali.com\/ca-es\/","name":"Canfali","description":"","publisher":{"@id":"https:\/\/canfali.com\/ca-es\/#organization"},"potentialAction":[{"@type":"SearchAction","target":{"@type":"EntryPoint","urlTemplate":"https:\/\/canfali.com\/ca-es\/?s={search_term_string}"},"query-input":{"@type":"PropertyValueSpecification","valueRequired":true,"valueName":"search_term_string"}}],"inLanguage":"va-ES"},{"@type":"Organization","@id":"https:\/\/canfali.com\/ca-es\/#organization","name":"Canfali","url":"https:\/\/canfali.com\/ca-es\/","logo":{"@type":"ImageObject","inLanguage":"va-ES","@id":"https:\/\/canfali.com\/ca-es\/#\/schema\/logo\/image\/","url":"https:\/\/canfali.com\/app\/uploads\/2025\/12\/canfali_marina_alta_logo.png","contentUrl":"https:\/\/canfali.com\/app\/uploads\/2025\/12\/canfali_marina_alta_logo.png","width":225,"height":225,"caption":"Canfali"},"image":{"@id":"https:\/\/canfali.com\/ca-es\/#\/schema\/logo\/image\/"},"sameAs":["https:\/\/es-es.facebook.com\/CANFALIMarinaAlta","https:\/\/x.com\/canfalima","https:\/\/www.instagram.com\/canfalimarinaalta\/"]},{"@type":"Person","@id":"https:\/\/canfali.com\/ca-es\/#\/schema\/person\/c861a7aa2b2495357b95f35bd5d82f88","name":"Rosa","image":{"@type":"ImageObject","inLanguage":"va-ES","@id":"https:\/\/secure.gravatar.com\/avatar\/47fb83d99423a6ef1cf9f83f02a5e91366c671dec76c5c24badf1b0494e1d960?s=96&d=mm&r=g","url":"https:\/\/secure.gravatar.com\/avatar\/47fb83d99423a6ef1cf9f83f02a5e91366c671dec76c5c24badf1b0494e1d960?s=96&d=mm&r=g","contentUrl":"https:\/\/secure.gravatar.com\/avatar\/47fb83d99423a6ef1cf9f83f02a5e91366c671dec76c5c24badf1b0494e1d960?s=96&d=mm&r=g","caption":"Rosa"},"url":"https:\/\/canfali.com\/ca-es\/author\/rosa\/"}]}},"_links":{"self":[{"href":"https:\/\/canfali.com\/ca-es\/wp-json\/wp\/v2\/posts\/83853","targetHints":{"allow":["GET"]}}],"collection":[{"href":"https:\/\/canfali.com\/ca-es\/wp-json\/wp\/v2\/posts"}],"about":[{"href":"https:\/\/canfali.com\/ca-es\/wp-json\/wp\/v2\/types\/post"}],"author":[{"embeddable":true,"href":"https:\/\/canfali.com\/ca-es\/wp-json\/wp\/v2\/users\/6"}],"replies":[{"embeddable":true,"href":"https:\/\/canfali.com\/ca-es\/wp-json\/wp\/v2\/comments?post=83853"}],"version-history":[{"count":1,"href":"https:\/\/canfali.com\/ca-es\/wp-json\/wp\/v2\/posts\/83853\/revisions"}],"predecessor-version":[{"id":83854,"href":"https:\/\/canfali.com\/ca-es\/wp-json\/wp\/v2\/posts\/83853\/revisions\/83854"}],"wp:featuredmedia":[{"embeddable":true,"href":"https:\/\/canfali.com\/ca-es\/wp-json\/wp\/v2\/media\/83851"}],"wp:attachment":[{"href":"https:\/\/canfali.com\/ca-es\/wp-json\/wp\/v2\/media?parent=83853"}],"wp:term":[{"taxonomy":"category","embeddable":true,"href":"https:\/\/canfali.com\/ca-es\/wp-json\/wp\/v2\/categories?post=83853"},{"taxonomy":"post_tag","embeddable":true,"href":"https:\/\/canfali.com\/ca-es\/wp-json\/wp\/v2\/tags?post=83853"}],"curies":[{"name":"wp","href":"https:\/\/api.w.org\/{rel}","templated":true}]}}