{"id":83832,"date":"2025-12-12T11:34:49","date_gmt":"2025-12-12T10:34:49","guid":{"rendered":"https:\/\/canfali.com\/?p=83832"},"modified":"2025-12-12T11:34:50","modified_gmt":"2025-12-12T10:34:50","slug":"lajuntament-dondara-incorpora-lenllumenat-nadalenc-al-patrimoni-municipal","status":"publish","type":"post","link":"https:\/\/canfali.com\/ca-es\/lajuntament-dondara-incorpora-lenllumenat-nadalenc-al-patrimoni-municipal\/","title":{"rendered":"L\u2019Ajuntament d\u2019Ondara incorpora l\u2019enllumenat nadalenc al patrimoni municipal"},"content":{"rendered":"\n<p><strong>Un espectacle itinerant d\u2019animaci\u00f3 ambienta l\u2019encesa davant d\u2019un nombr\u00f3s p\u00fablic familiar &nbsp;<\/strong><\/p>\n\n\n\n<p>Els carrers d\u2019Ondara s\u2019han omplit de m\u00e0gia i color amb l\u2019acte d\u2019encesa oficial de la nova il\u00b7luminaci\u00f3 nadalenca, que, per primera vegada, forma part del patrimoni municipal arran de la recent adquisici\u00f3 d\u2019una seixantena d\u2019 elements decoratius i punts fotogr\u00e0fics per part de la Regidoria de Festes.<\/p>\n\n\n\n<p>Centenars de persones, especialment fam\u00edlies amb xiquets, han gaudit d\u2019una vesprada plena d\u2019emoci\u00f3 que ha inaugurat el programa <em>Viu el Nadal a Ondara. <\/em>Inauguraci\u00f3 que ha estat espectacularment ambientada per l\u2019espectacle esc\u00e8nic itinerant en el que l&#8217;Estranya Companyia ha combinat m\u00fasica, foc, acrob\u00e0cies i personatges sobre xanques al llarg del cas antic.<\/p>\n\n\n\n<figure class=\"wp-block-image size-large\"><img decoding=\"async\" src=\"https:\/\/canfali.com\/app\/uploads\/2025\/12\/ilumnadalondara-dig2-1024x644.jpg.webp\" alt=\"\" class=\"wp-image-83835\"\/><\/figure>\n\n\n\n<p>L\u2019arribada de la comitiva a la pla\u00e7a del Convent ha donat pas a l\u2019encesa de l\u2019arbre llumin\u00f3s i la decoraci\u00f3 nadalenca de l\u2019Ajuntament per a donar inici oficial a la campanya nadalenca.<\/p>\n\n\n\n<p>\u201cHem fet una aposta per una decoraci\u00f3 pr\u00f2pia que omplir\u00e0 de llum els principals espais del poble, creant un ambient nadalenc que es podr\u00e0 gaudir cada any\u201d, ha manifestat el regidor de Festes, Miguel Gomis, per a remarcar que aquesta iniciativa permetr\u00e0 reduir costos en el futur, evitant el lloguer anual.<\/p>\n\n\n\n<figure class=\"wp-block-image size-large\"><img decoding=\"async\" src=\"https:\/\/canfali.com\/app\/uploads\/2025\/12\/acte-encesa-4-1024x771.jpg.webp\" alt=\"\" class=\"wp-image-83837\"\/><\/figure>\n\n\n\n<p>Des de l\u2019Ajuntament d\u2019Ondara s\u2019ha volgut agrair el gran treball i esfor\u00e7 de la brigada municipal, que ha sigut l\u2019encarregada d\u2019instal\u00b7lar tota la decoraci\u00f3 i la il\u00b7luminaci\u00f3, fent possible el llu\u00efment amb tot l\u2019esplendor en aquestes festes, en les que han posat a disposici\u00f3 de la ciutadania activitats per a tots els p\u00fablics.<\/p>\n","protected":false},"excerpt":{"rendered":"Un espectacle itinerant d\u2019animaci\u00f3 ambienta l\u2019encesa davant d\u2019un nombr\u00f3s p\u00fablic familiar &nbsp; Els carrers d\u2019Ondara s\u2019han omplit de&hellip;","protected":false},"author":4,"featured_media":83834,"comment_status":"closed","ping_status":"closed","sticky":false,"template":"","format":"standard","meta":{"csco_display_header_overlay":false,"csco_singular_sidebar":"","csco_page_header_type":"","csco_page_load_nextpost":"","csco_post_video_location":[],"csco_post_video_location_hash":"","csco_post_video_url":"","csco_post_video_bg_start_time":0,"csco_post_video_bg_end_time":0,"footnotes":""},"categories":[587,617],"tags":[5591,5590,5592,4996,2349,1021],"class_list":{"0":"post-83832","1":"post","2":"type-post","3":"status-publish","4":"format-standard","5":"has-post-thumbnail","7":"category-festes","8":"category-sin-categorizar-2","9":"tag-enllumenat","10":"tag-inauguracic","11":"tag-miunicipal","12":"tag-nadal","13":"tag-ondara-ca-es","14":"tag-patrimoni","15":"cs-entry","16":"cs-video-wrap"},"yoast_head":"<!-- This site is optimized with the Yoast SEO Premium plugin v26.6 (Yoast SEO v27.3) - https:\/\/yoast.com\/product\/yoast-seo-premium-wordpress\/ -->\n<title>L\u2019Ajuntament d\u2019Ondara incorpora l\u2019enllumenat nadalenc al patrimoni municipal - Canfali<\/title>\n<meta name=\"robots\" content=\"index, follow, max-snippet:-1, max-image-preview:large, max-video-preview:-1\" \/>\n<link rel=\"canonical\" href=\"https:\/\/canfali.com\/ca-es\/lajuntament-dondara-incorpora-lenllumenat-nadalenc-al-patrimoni-municipal\/\" \/>\n<meta property=\"og:locale\" content=\"en_US\" \/>\n<meta property=\"og:type\" content=\"article\" \/>\n<meta property=\"og:title\" content=\"L\u2019Ajuntament d\u2019Ondara incorpora l\u2019enllumenat nadalenc al patrimoni municipal\" \/>\n<meta property=\"og:description\" content=\"Un espectacle itinerant d\u2019animaci\u00f3 ambienta l\u2019encesa davant d\u2019un nombr\u00f3s p\u00fablic familiar &nbsp; Els carrers d\u2019Ondara s\u2019han omplit de&hellip;\" \/>\n<meta property=\"og:url\" content=\"https:\/\/canfali.com\/ca-es\/lajuntament-dondara-incorpora-lenllumenat-nadalenc-al-patrimoni-municipal\/\" \/>\n<meta property=\"og:site_name\" content=\"Canfali\" \/>\n<meta property=\"article:publisher\" content=\"https:\/\/es-es.facebook.com\/CANFALIMarinaAlta\" \/>\n<meta property=\"article:published_time\" content=\"2025-12-12T10:34:49+00:00\" \/>\n<meta property=\"article:modified_time\" content=\"2025-12-12T10:34:50+00:00\" \/>\n<meta property=\"og:image\" content=\"https:\/\/canfali.com\/app\/uploads\/2025\/12\/ilumnadalondaraond-impres1.jpg\" \/>\n\t<meta property=\"og:image:width\" content=\"2448\" \/>\n\t<meta property=\"og:image:height\" content=\"1843\" \/>\n\t<meta property=\"og:image:type\" content=\"image\/jpeg\" \/>\n<meta name=\"author\" content=\"JJ Mas\" \/>\n<meta name=\"twitter:card\" content=\"summary_large_image\" \/>\n<meta name=\"twitter:creator\" content=\"@canfalima\" \/>\n<meta name=\"twitter:site\" content=\"@canfalima\" \/>\n<meta name=\"twitter:label1\" content=\"Written by\" \/>\n\t<meta name=\"twitter:data1\" content=\"JJ Mas\" \/>\n\t<meta name=\"twitter:label2\" content=\"Est. reading time\" \/>\n\t<meta name=\"twitter:data2\" content=\"1 minute\" \/>\n<script type=\"application\/ld+json\" class=\"yoast-schema-graph\">{\"@context\":\"https:\\\/\\\/schema.org\",\"@graph\":[{\"@type\":\"NewsArticle\",\"@id\":\"https:\\\/\\\/canfali.com\\\/ca-es\\\/lajuntament-dondara-incorpora-lenllumenat-nadalenc-al-patrimoni-municipal\\\/#article\",\"isPartOf\":{\"@id\":\"https:\\\/\\\/canfali.com\\\/ca-es\\\/lajuntament-dondara-incorpora-lenllumenat-nadalenc-al-patrimoni-municipal\\\/\"},\"author\":{\"name\":\"JJ Mas\",\"@id\":\"https:\\\/\\\/canfali.com\\\/ca-es\\\/#\\\/schema\\\/person\\\/d834d2d4df17cac754d3c314d4c404ef\"},\"headline\":\"L\u2019Ajuntament d\u2019Ondara incorpora l\u2019enllumenat nadalenc al patrimoni municipal\",\"datePublished\":\"2025-12-12T10:34:49+00:00\",\"dateModified\":\"2025-12-12T10:34:50+00:00\",\"mainEntityOfPage\":{\"@id\":\"https:\\\/\\\/canfali.com\\\/ca-es\\\/lajuntament-dondara-incorpora-lenllumenat-nadalenc-al-patrimoni-municipal\\\/\"},\"wordCount\":296,\"publisher\":{\"@id\":\"https:\\\/\\\/canfali.com\\\/ca-es\\\/#organization\"},\"image\":{\"@id\":\"https:\\\/\\\/canfali.com\\\/ca-es\\\/lajuntament-dondara-incorpora-lenllumenat-nadalenc-al-patrimoni-municipal\\\/#primaryimage\"},\"thumbnailUrl\":\"https:\\\/\\\/canfali.com\\\/app\\\/uploads\\\/2025\\\/12\\\/ilumnadalondaraond-impres1.jpg\",\"keywords\":[\"enllumenat\",\"inauguraci\u00e7\",\"miunicipal\",\"Nadal\",\"ondara\",\"patrimoni\"],\"articleSection\":[\"Festes\",\"Sin categorizar\"],\"inLanguage\":\"va-ES\",\"copyrightYear\":\"2025\",\"copyrightHolder\":{\"@id\":\"https:\\\/\\\/canfali.com\\\/#organization\"}},{\"@type\":\"WebPage\",\"@id\":\"https:\\\/\\\/canfali.com\\\/ca-es\\\/lajuntament-dondara-incorpora-lenllumenat-nadalenc-al-patrimoni-municipal\\\/\",\"url\":\"https:\\\/\\\/canfali.com\\\/ca-es\\\/lajuntament-dondara-incorpora-lenllumenat-nadalenc-al-patrimoni-municipal\\\/\",\"name\":\"L\u2019Ajuntament d\u2019Ondara incorpora l\u2019enllumenat nadalenc al patrimoni municipal - Canfali\",\"isPartOf\":{\"@id\":\"https:\\\/\\\/canfali.com\\\/ca-es\\\/#website\"},\"primaryImageOfPage\":{\"@id\":\"https:\\\/\\\/canfali.com\\\/ca-es\\\/lajuntament-dondara-incorpora-lenllumenat-nadalenc-al-patrimoni-municipal\\\/#primaryimage\"},\"image\":{\"@id\":\"https:\\\/\\\/canfali.com\\\/ca-es\\\/lajuntament-dondara-incorpora-lenllumenat-nadalenc-al-patrimoni-municipal\\\/#primaryimage\"},\"thumbnailUrl\":\"https:\\\/\\\/canfali.com\\\/app\\\/uploads\\\/2025\\\/12\\\/ilumnadalondaraond-impres1.jpg\",\"datePublished\":\"2025-12-12T10:34:49+00:00\",\"dateModified\":\"2025-12-12T10:34:50+00:00\",\"breadcrumb\":{\"@id\":\"https:\\\/\\\/canfali.com\\\/ca-es\\\/lajuntament-dondara-incorpora-lenllumenat-nadalenc-al-patrimoni-municipal\\\/#breadcrumb\"},\"inLanguage\":\"va-ES\",\"potentialAction\":[{\"@type\":\"ReadAction\",\"target\":[\"https:\\\/\\\/canfali.com\\\/ca-es\\\/lajuntament-dondara-incorpora-lenllumenat-nadalenc-al-patrimoni-municipal\\\/\"]}]},{\"@type\":\"ImageObject\",\"inLanguage\":\"va-ES\",\"@id\":\"https:\\\/\\\/canfali.com\\\/ca-es\\\/lajuntament-dondara-incorpora-lenllumenat-nadalenc-al-patrimoni-municipal\\\/#primaryimage\",\"url\":\"https:\\\/\\\/canfali.com\\\/app\\\/uploads\\\/2025\\\/12\\\/ilumnadalondaraond-impres1.jpg\",\"contentUrl\":\"https:\\\/\\\/canfali.com\\\/app\\\/uploads\\\/2025\\\/12\\\/ilumnadalondaraond-impres1.jpg\",\"width\":2448,\"height\":1843},{\"@type\":\"BreadcrumbList\",\"@id\":\"https:\\\/\\\/canfali.com\\\/ca-es\\\/lajuntament-dondara-incorpora-lenllumenat-nadalenc-al-patrimoni-municipal\\\/#breadcrumb\",\"itemListElement\":[{\"@type\":\"ListItem\",\"position\":1,\"name\":\"Portada\",\"item\":\"https:\\\/\\\/canfali.com\\\/ca-es\\\/\"},{\"@type\":\"ListItem\",\"position\":2,\"name\":\"L\u2019Ajuntament d\u2019Ondara incorpora l\u2019enllumenat nadalenc al patrimoni municipal\"}]},{\"@type\":\"WebSite\",\"@id\":\"https:\\\/\\\/canfali.com\\\/ca-es\\\/#website\",\"url\":\"https:\\\/\\\/canfali.com\\\/ca-es\\\/\",\"name\":\"Canfali\",\"description\":\"\",\"publisher\":{\"@id\":\"https:\\\/\\\/canfali.com\\\/ca-es\\\/#organization\"},\"potentialAction\":[{\"@type\":\"SearchAction\",\"target\":{\"@type\":\"EntryPoint\",\"urlTemplate\":\"https:\\\/\\\/canfali.com\\\/ca-es\\\/?s={search_term_string}\"},\"query-input\":{\"@type\":\"PropertyValueSpecification\",\"valueRequired\":true,\"valueName\":\"search_term_string\"}}],\"inLanguage\":\"va-ES\"},{\"@type\":\"Organization\",\"@id\":\"https:\\\/\\\/canfali.com\\\/ca-es\\\/#organization\",\"name\":\"Canfali\",\"url\":\"https:\\\/\\\/canfali.com\\\/ca-es\\\/\",\"logo\":{\"@type\":\"ImageObject\",\"inLanguage\":\"va-ES\",\"@id\":\"https:\\\/\\\/canfali.com\\\/ca-es\\\/#\\\/schema\\\/logo\\\/image\\\/\",\"url\":\"https:\\\/\\\/canfali.com\\\/app\\\/uploads\\\/2025\\\/12\\\/canfali_marina_alta_logo.png\",\"contentUrl\":\"https:\\\/\\\/canfali.com\\\/app\\\/uploads\\\/2025\\\/12\\\/canfali_marina_alta_logo.png\",\"width\":225,\"height\":225,\"caption\":\"Canfali\"},\"image\":{\"@id\":\"https:\\\/\\\/canfali.com\\\/ca-es\\\/#\\\/schema\\\/logo\\\/image\\\/\"},\"sameAs\":[\"https:\\\/\\\/es-es.facebook.com\\\/CANFALIMarinaAlta\",\"https:\\\/\\\/x.com\\\/canfalima\",\"https:\\\/\\\/www.instagram.com\\\/canfalimarinaalta\\\/\"]},{\"@type\":\"Person\",\"@id\":\"https:\\\/\\\/canfali.com\\\/ca-es\\\/#\\\/schema\\\/person\\\/d834d2d4df17cac754d3c314d4c404ef\",\"name\":\"JJ Mas\",\"image\":{\"@type\":\"ImageObject\",\"inLanguage\":\"va-ES\",\"@id\":\"https:\\\/\\\/secure.gravatar.com\\\/avatar\\\/65a5191f5438bf88c2394f6d1a625a6ff903c8785268e603c623a83bc15ba1ee?s=96&d=mm&r=g\",\"url\":\"https:\\\/\\\/secure.gravatar.com\\\/avatar\\\/65a5191f5438bf88c2394f6d1a625a6ff903c8785268e603c623a83bc15ba1ee?s=96&d=mm&r=g\",\"contentUrl\":\"https:\\\/\\\/secure.gravatar.com\\\/avatar\\\/65a5191f5438bf88c2394f6d1a625a6ff903c8785268e603c623a83bc15ba1ee?s=96&d=mm&r=g\",\"caption\":\"JJ Mas\"},\"url\":\"https:\\\/\\\/canfali.com\\\/ca-es\\\/author\\\/jj\\\/\"}]}<\/script>\n<!-- \/ Yoast SEO Premium plugin. -->","yoast_head_json":{"title":"L\u2019Ajuntament d\u2019Ondara incorpora l\u2019enllumenat nadalenc al patrimoni municipal - Canfali","robots":{"index":"index","follow":"follow","max-snippet":"max-snippet:-1","max-image-preview":"max-image-preview:large","max-video-preview":"max-video-preview:-1"},"canonical":"https:\/\/canfali.com\/ca-es\/lajuntament-dondara-incorpora-lenllumenat-nadalenc-al-patrimoni-municipal\/","og_locale":"en_US","og_type":"article","og_title":"L\u2019Ajuntament d\u2019Ondara incorpora l\u2019enllumenat nadalenc al patrimoni municipal","og_description":"Un espectacle itinerant d\u2019animaci\u00f3 ambienta l\u2019encesa davant d\u2019un nombr\u00f3s p\u00fablic familiar &nbsp; Els carrers d\u2019Ondara s\u2019han omplit de&hellip;","og_url":"https:\/\/canfali.com\/ca-es\/lajuntament-dondara-incorpora-lenllumenat-nadalenc-al-patrimoni-municipal\/","og_site_name":"Canfali","article_publisher":"https:\/\/es-es.facebook.com\/CANFALIMarinaAlta","article_published_time":"2025-12-12T10:34:49+00:00","article_modified_time":"2025-12-12T10:34:50+00:00","og_image":[{"width":2448,"height":1843,"url":"https:\/\/canfali.com\/app\/uploads\/2025\/12\/ilumnadalondaraond-impres1.jpg","type":"image\/jpeg"}],"author":"JJ Mas","twitter_card":"summary_large_image","twitter_creator":"@canfalima","twitter_site":"@canfalima","twitter_misc":{"Written by":"JJ Mas","Est. reading time":"1 minute"},"schema":{"@context":"https:\/\/schema.org","@graph":[{"@type":"NewsArticle","@id":"https:\/\/canfali.com\/ca-es\/lajuntament-dondara-incorpora-lenllumenat-nadalenc-al-patrimoni-municipal\/#article","isPartOf":{"@id":"https:\/\/canfali.com\/ca-es\/lajuntament-dondara-incorpora-lenllumenat-nadalenc-al-patrimoni-municipal\/"},"author":{"name":"JJ Mas","@id":"https:\/\/canfali.com\/ca-es\/#\/schema\/person\/d834d2d4df17cac754d3c314d4c404ef"},"headline":"L\u2019Ajuntament d\u2019Ondara incorpora l\u2019enllumenat nadalenc al patrimoni municipal","datePublished":"2025-12-12T10:34:49+00:00","dateModified":"2025-12-12T10:34:50+00:00","mainEntityOfPage":{"@id":"https:\/\/canfali.com\/ca-es\/lajuntament-dondara-incorpora-lenllumenat-nadalenc-al-patrimoni-municipal\/"},"wordCount":296,"publisher":{"@id":"https:\/\/canfali.com\/ca-es\/#organization"},"image":{"@id":"https:\/\/canfali.com\/ca-es\/lajuntament-dondara-incorpora-lenllumenat-nadalenc-al-patrimoni-municipal\/#primaryimage"},"thumbnailUrl":"https:\/\/canfali.com\/app\/uploads\/2025\/12\/ilumnadalondaraond-impres1.jpg","keywords":["enllumenat","inauguraci\u00e7","miunicipal","Nadal","ondara","patrimoni"],"articleSection":["Festes","Sin categorizar"],"inLanguage":"va-ES","copyrightYear":"2025","copyrightHolder":{"@id":"https:\/\/canfali.com\/#organization"}},{"@type":"WebPage","@id":"https:\/\/canfali.com\/ca-es\/lajuntament-dondara-incorpora-lenllumenat-nadalenc-al-patrimoni-municipal\/","url":"https:\/\/canfali.com\/ca-es\/lajuntament-dondara-incorpora-lenllumenat-nadalenc-al-patrimoni-municipal\/","name":"L\u2019Ajuntament d\u2019Ondara incorpora l\u2019enllumenat nadalenc al patrimoni municipal - Canfali","isPartOf":{"@id":"https:\/\/canfali.com\/ca-es\/#website"},"primaryImageOfPage":{"@id":"https:\/\/canfali.com\/ca-es\/lajuntament-dondara-incorpora-lenllumenat-nadalenc-al-patrimoni-municipal\/#primaryimage"},"image":{"@id":"https:\/\/canfali.com\/ca-es\/lajuntament-dondara-incorpora-lenllumenat-nadalenc-al-patrimoni-municipal\/#primaryimage"},"thumbnailUrl":"https:\/\/canfali.com\/app\/uploads\/2025\/12\/ilumnadalondaraond-impres1.jpg","datePublished":"2025-12-12T10:34:49+00:00","dateModified":"2025-12-12T10:34:50+00:00","breadcrumb":{"@id":"https:\/\/canfali.com\/ca-es\/lajuntament-dondara-incorpora-lenllumenat-nadalenc-al-patrimoni-municipal\/#breadcrumb"},"inLanguage":"va-ES","potentialAction":[{"@type":"ReadAction","target":["https:\/\/canfali.com\/ca-es\/lajuntament-dondara-incorpora-lenllumenat-nadalenc-al-patrimoni-municipal\/"]}]},{"@type":"ImageObject","inLanguage":"va-ES","@id":"https:\/\/canfali.com\/ca-es\/lajuntament-dondara-incorpora-lenllumenat-nadalenc-al-patrimoni-municipal\/#primaryimage","url":"https:\/\/canfali.com\/app\/uploads\/2025\/12\/ilumnadalondaraond-impres1.jpg","contentUrl":"https:\/\/canfali.com\/app\/uploads\/2025\/12\/ilumnadalondaraond-impres1.jpg","width":2448,"height":1843},{"@type":"BreadcrumbList","@id":"https:\/\/canfali.com\/ca-es\/lajuntament-dondara-incorpora-lenllumenat-nadalenc-al-patrimoni-municipal\/#breadcrumb","itemListElement":[{"@type":"ListItem","position":1,"name":"Portada","item":"https:\/\/canfali.com\/ca-es\/"},{"@type":"ListItem","position":2,"name":"L\u2019Ajuntament d\u2019Ondara incorpora l\u2019enllumenat nadalenc al patrimoni municipal"}]},{"@type":"WebSite","@id":"https:\/\/canfali.com\/ca-es\/#website","url":"https:\/\/canfali.com\/ca-es\/","name":"Canfali","description":"","publisher":{"@id":"https:\/\/canfali.com\/ca-es\/#organization"},"potentialAction":[{"@type":"SearchAction","target":{"@type":"EntryPoint","urlTemplate":"https:\/\/canfali.com\/ca-es\/?s={search_term_string}"},"query-input":{"@type":"PropertyValueSpecification","valueRequired":true,"valueName":"search_term_string"}}],"inLanguage":"va-ES"},{"@type":"Organization","@id":"https:\/\/canfali.com\/ca-es\/#organization","name":"Canfali","url":"https:\/\/canfali.com\/ca-es\/","logo":{"@type":"ImageObject","inLanguage":"va-ES","@id":"https:\/\/canfali.com\/ca-es\/#\/schema\/logo\/image\/","url":"https:\/\/canfali.com\/app\/uploads\/2025\/12\/canfali_marina_alta_logo.png","contentUrl":"https:\/\/canfali.com\/app\/uploads\/2025\/12\/canfali_marina_alta_logo.png","width":225,"height":225,"caption":"Canfali"},"image":{"@id":"https:\/\/canfali.com\/ca-es\/#\/schema\/logo\/image\/"},"sameAs":["https:\/\/es-es.facebook.com\/CANFALIMarinaAlta","https:\/\/x.com\/canfalima","https:\/\/www.instagram.com\/canfalimarinaalta\/"]},{"@type":"Person","@id":"https:\/\/canfali.com\/ca-es\/#\/schema\/person\/d834d2d4df17cac754d3c314d4c404ef","name":"JJ Mas","image":{"@type":"ImageObject","inLanguage":"va-ES","@id":"https:\/\/secure.gravatar.com\/avatar\/65a5191f5438bf88c2394f6d1a625a6ff903c8785268e603c623a83bc15ba1ee?s=96&d=mm&r=g","url":"https:\/\/secure.gravatar.com\/avatar\/65a5191f5438bf88c2394f6d1a625a6ff903c8785268e603c623a83bc15ba1ee?s=96&d=mm&r=g","contentUrl":"https:\/\/secure.gravatar.com\/avatar\/65a5191f5438bf88c2394f6d1a625a6ff903c8785268e603c623a83bc15ba1ee?s=96&d=mm&r=g","caption":"JJ Mas"},"url":"https:\/\/canfali.com\/ca-es\/author\/jj\/"}]}},"_links":{"self":[{"href":"https:\/\/canfali.com\/ca-es\/wp-json\/wp\/v2\/posts\/83832","targetHints":{"allow":["GET"]}}],"collection":[{"href":"https:\/\/canfali.com\/ca-es\/wp-json\/wp\/v2\/posts"}],"about":[{"href":"https:\/\/canfali.com\/ca-es\/wp-json\/wp\/v2\/types\/post"}],"author":[{"embeddable":true,"href":"https:\/\/canfali.com\/ca-es\/wp-json\/wp\/v2\/users\/4"}],"replies":[{"embeddable":true,"href":"https:\/\/canfali.com\/ca-es\/wp-json\/wp\/v2\/comments?post=83832"}],"version-history":[{"count":1,"href":"https:\/\/canfali.com\/ca-es\/wp-json\/wp\/v2\/posts\/83832\/revisions"}],"predecessor-version":[{"id":83839,"href":"https:\/\/canfali.com\/ca-es\/wp-json\/wp\/v2\/posts\/83832\/revisions\/83839"}],"wp:featuredmedia":[{"embeddable":true,"href":"https:\/\/canfali.com\/ca-es\/wp-json\/wp\/v2\/media\/83834"}],"wp:attachment":[{"href":"https:\/\/canfali.com\/ca-es\/wp-json\/wp\/v2\/media?parent=83832"}],"wp:term":[{"taxonomy":"category","embeddable":true,"href":"https:\/\/canfali.com\/ca-es\/wp-json\/wp\/v2\/categories?post=83832"},{"taxonomy":"post_tag","embeddable":true,"href":"https:\/\/canfali.com\/ca-es\/wp-json\/wp\/v2\/tags?post=83832"}],"curies":[{"name":"wp","href":"https:\/\/api.w.org\/{rel}","templated":true}]}}