{"id":83814,"date":"2025-12-12T10:01:09","date_gmt":"2025-12-12T09:01:09","guid":{"rendered":"https:\/\/canfali.com\/?p=83814"},"modified":"2025-12-12T10:22:58","modified_gmt":"2025-12-12T09:22:58","slug":"la-fumiga-una-historia-sense-data-de-caducitat","status":"publish","type":"post","link":"https:\/\/canfali.com\/ca-es\/la-fumiga-una-historia-sense-data-de-caducitat\/","title":{"rendered":"La F\u00famiga: una hist\u00f2ria sense data de caducitat"},"content":{"rendered":"\n<p><\/p>\n\n\n\n<figure class=\"wp-block-pullquote\"><blockquote><p>Vicent X. Contr\u00ed presenta a casa el seu homenatge al grup que ha sabut convertir la festa en un crit col\u00b7lectiu<\/p><\/blockquote><\/figure>\n\n\n\n<p>Res no \u00e9s casual. I la hist\u00f2ria de La F\u00famiga, tampoc, assegurava Vicent X. Contr\u00ed, autor del llibre que repassa la hist\u00f2ria d\u2019un dels grups que m\u00e9s fort ha pegat en els darrers anys dins l\u2019\u00e0mbit de la m\u00fasica en valenci\u00e0. Aix\u00ed mateix, no \u00e9s cosa de l\u2019atzar que la formaci\u00f3 de la Ribera plegue. Ho far\u00e0 l\u2019any que ve, a la tardor, quan sembla que tot s\u2019adorm. Per\u00f2 no, la seua m\u00fasica no s\u2019adormir\u00e0 perqu\u00e8 no t\u00e9 data de caducitat. Com tampoc la t\u00e9 una banda que ha sabut connectar amb el p\u00fablic fent m\u00fasica de carrer. La F\u00famiga se\u2019n va per\u00f2 no caduca. Simplement, se li ha posat data de consum preferent, com deia \u00c0rtur Mart\u00ednez, el cantant del grup, fent broma sobre un adeu que es va programar fa uns anys.<\/p>\n\n\n\n<figure class=\"wp-block-gallery has-nested-images columns-default is-cropped wp-block-gallery-15 is-layout-flex wp-block-gallery-is-layout-flex\">\n<figure class=\"wp-block-image size-large\"><img decoding=\"async\" data-id=\"83817\" src=\"https:\/\/canfali.com\/app\/uploads\/2025\/12\/fumiga-11-1024x678.jpg.webp\" alt=\"\" class=\"wp-image-83817\"\/><\/figure>\n<\/figure>\n\n\n\n<p><em>La F\u00famiga. Havia de passar<\/em> no \u00e9s nom\u00e9s un llibre sobre un grup de m\u00fasica. \u00c9s un homenatge viu a una manera de fer, de sentir i de compartir, afirma l\u2019autor, periodista i cr\u00edtic musical. Explicava dimecres en la Biblioteca Juan Chab\u00e1s de D\u00e9nia que ell va ser el primer sorpr\u00e8s en con\u00e8ixer la decisi\u00f3 de posar pany i forrellat a la seua traject\u00f2ria. Quan els va comunicar la seua intenci\u00f3 d\u2019escriure el llibre la decisi\u00f3 estava presa. Aix\u00ed que es va haver de posar les piles per fer-ho en temps r\u00e8cord. Del resultat no cal parlar-ne: \u201cEncara no havia eixit i ja estava la segona edici\u00f3 en marxa\u201d.<\/p>\n\n\n\n<figure class=\"wp-block-gallery has-nested-images columns-default is-cropped wp-block-gallery-16 is-layout-flex wp-block-gallery-is-layout-flex\">\n<figure class=\"wp-block-image size-large\"><img decoding=\"async\" data-id=\"83824\" src=\"https:\/\/canfali.com\/app\/uploads\/2025\/12\/fumiga-3-1024x678.jpg.webp\" alt=\"\" class=\"wp-image-83824\"\/><\/figure>\n<\/figure>\n\n\n\n<p>El llibre recorre deu anys en la traject\u00f2ria d\u2019un grup nascut d\u2019una colla d\u2019amics d\u2019Alzira que feien m\u00fasica. M\u00fasics de banda, de xaranga, que havien tocat tamb\u00e9 per festes en alguns pobles de la Marina Alta. Vicent X. Contr\u00ed, que ha comptat amb la col\u00b7laboraci\u00f3 estreta dels protagonistes, esguita de records, testimonis i an\u00e8cdotes, imatges in\u00e8dites i lletres que han marcat una \u00e8poca.<\/p>\n\n\n\n<p>\u201c\u00c9rem -indicava \u00c0rtur Mart\u00ednez- m\u00fasics de carrer que no hem tingut mai la voluntat de ser protagonistes\u201d. Perqu\u00e8 el protagonista \u00e9s el p\u00fablic i la seua, afirmava, \u201cuna hist\u00f2ria col\u00b7lectiva\u201d. Un manual, afegia Contr\u00ed, per a futures formacions musicals.<\/p>\n\n\n\n<figure class=\"wp-block-image size-large\"><img decoding=\"async\" src=\"https:\/\/canfali.com\/app\/uploads\/2025\/12\/fumiga-1-1024x678.jpg.webp\" alt=\"\" class=\"wp-image-83820\"\/><\/figure>\n\n\n\n<p>Des d\u2019aquell <em>Karrasketon<\/em> memorable, passant per <em>Mediterr\u00e0nia<\/em>, <em>Espremedors, Adictes a viure, L\u2019orquestra del Tit\u00e0nic, Llavors, Ja dormir\u00e9&#8230; <\/em>i tantes altres, durant deu anys han passat moltes coses. Per\u00f2 res hagu\u00e9s estat possible i el projecte de La F\u00famiga hagu\u00e9s sigut insostenible sense un equip t\u00e8cnic dedicat per complet al grup, subratllava el cantant. Part de culpa la tenen tamb\u00e9 Mark Dasousa, a qui va nomenar expressament, i la passi\u00f3 amb qu\u00e8 un grup d\u2019amics es bolcava en tota esta hist\u00f2ria. L\u2019amistat ha sigut la clau de l\u2019\u00e8xit, una amistat que s\u2019ha mantingut des del principi fins el final i que ha sigut tamb\u00e9 la clau de posar una data per a plegar que no t\u00e9 marxa enrere.<\/p>\n\n\n\n<p>En l\u2019any 2022 es posava per damunt de tot eixa amistat i es marcava un horitz\u00f3 per a dir \u2018fins aqu\u00ed\u2019: octubre de 2026. I aix\u00ed sembla que ser\u00e0.<\/p>\n\n\n\n<figure class=\"wp-block-image size-large\"><img decoding=\"async\" src=\"https:\/\/canfali.com\/app\/uploads\/2025\/12\/fumiga-8-1024x678.jpg.webp\" alt=\"\" class=\"wp-image-83818\"\/><\/figure>\n\n\n\n<p>Quant al panorama musical, Vicent X. Contr\u00ed i \u00c0rtur Mart\u00ednez es van mostrar conven\u00e7uts del moment dol\u00e7 que viu la m\u00fasica en valenci\u00e0 i la professionalitat dels projectes emergents en un moment en qu\u00e8 torna a fer falta l\u2019activisme cultural. Davant els programadors, reivindicaren tamb\u00e9 una major pres\u00e8ncia de dones en els escenaris donat que gaireb\u00e9 el 50% de la producci\u00f3 de m\u00fasica en valenci\u00e0 \u00e9s de dones, uns n\u00fameros que no es tradueixen en els cartells dels festivals, per exemple.<\/p>\n\n\n\n<figure class=\"wp-block-image size-large\"><img decoding=\"async\" src=\"https:\/\/canfali.com\/app\/uploads\/2025\/12\/fumiga-6-1024x678.jpg.webp\" alt=\"\" class=\"wp-image-83822\"\/><\/figure>\n\n\n\n<p>Davant una sala plena, formada per p\u00fablic de totes les edats -com el que ompli els seus concerts- \u00c0rtur avan\u00e7\u00e0 que en l\u2019actuaci\u00f3 de comiat en el Roig Arena cantaran amb La F\u00famiga altres cantants i grups emergents. Eixa ser\u00e0 per\u00f2 un altra hist\u00f2ria que potser algun dia tornen a D\u00e9nia per a contar-nos.<\/p>\n\n\n\n<pre class=\"wp-block-preformatted\"><strong>P\u00d2DCAST JOVE.<\/strong> \u00c0rtur Mart\u00ednez va participar tamb\u00e9 dimecres a D\u00e9nia en el P\u00f2dcast Jove, on va compartir an\u00e8cdotes i hist\u00f2ries de la seua traject\u00f2ria musical amb l\u2019equip del programa i el seu conductor, Kevin Carri\u00f3. El programa especial va permetre els joves que van participar-hi fer preguntes i con\u00e8ixer millor el cantant. L\u2019activitat, oberta a tot el p\u00fablic, es va realitzar en el Casal Jove.<\/pre>\n\n\n\n<figure class=\"wp-block-gallery has-nested-images columns-default is-cropped wp-block-gallery-17 is-layout-flex wp-block-gallery-is-layout-flex\">\n<figure class=\"wp-block-image size-large\"><img decoding=\"async\" data-id=\"83826\" src=\"https:\/\/canfali.com\/app\/uploads\/2025\/12\/fumi-2-1024x768.jpg.webp\" alt=\"\" class=\"wp-image-83826\"\/><\/figure>\n<\/figure>\n","protected":false},"excerpt":{"rendered":"Vicent X. Contr\u00ed presenta a casa el seu homenatge al grup que ha sabut convertir la festa en&hellip;","protected":false},"author":6,"featured_media":83815,"comment_status":"closed","ping_status":"closed","sticky":false,"template":"","format":"standard","meta":{"csco_display_header_overlay":false,"csco_singular_sidebar":"","csco_page_header_type":"","csco_page_load_nextpost":"","csco_post_video_location":[],"csco_post_video_location_hash":"","csco_post_video_url":"","csco_post_video_bg_start_time":0,"csco_post_video_bg_end_time":0,"footnotes":""},"categories":[597],"tags":[5585,5584,4981,2100,5583],"class_list":{"0":"post-83814","1":"post","2":"type-post","3":"status-publish","4":"format-standard","5":"has-post-thumbnail","7":"category-cultura-ca-es","8":"tag-biblioteca-juan-chabas","9":"tag-havia-de-passar","10":"tag-la-fumiga","11":"tag-llibre","12":"tag-vicent-contri","13":"cs-entry","14":"cs-video-wrap"},"yoast_head":"<!-- This site is optimized with the Yoast SEO Premium plugin v26.6 (Yoast SEO v27.3) - https:\/\/yoast.com\/product\/yoast-seo-premium-wordpress\/ -->\n<title>La F\u00famiga: una hist\u00f2ria sense data de caducitat - Canfali<\/title>\n<meta name=\"robots\" content=\"index, follow, max-snippet:-1, max-image-preview:large, max-video-preview:-1\" \/>\n<link rel=\"canonical\" href=\"https:\/\/canfali.com\/ca-es\/la-fumiga-una-historia-sense-data-de-caducitat\/\" \/>\n<meta property=\"og:locale\" content=\"en_US\" \/>\n<meta property=\"og:type\" content=\"article\" \/>\n<meta property=\"og:title\" content=\"La F\u00famiga: una hist\u00f2ria sense data de caducitat\" \/>\n<meta property=\"og:description\" content=\"Vicent X. Contr\u00ed presenta a casa el seu homenatge al grup que ha sabut convertir la festa en&hellip;\" \/>\n<meta property=\"og:url\" content=\"https:\/\/canfali.com\/ca-es\/la-fumiga-una-historia-sense-data-de-caducitat\/\" \/>\n<meta property=\"og:site_name\" content=\"Canfali\" \/>\n<meta property=\"article:publisher\" content=\"https:\/\/es-es.facebook.com\/CANFALIMarinaAlta\" \/>\n<meta property=\"article:published_time\" content=\"2025-12-12T09:01:09+00:00\" \/>\n<meta property=\"article:modified_time\" content=\"2025-12-12T09:22:58+00:00\" \/>\n<meta property=\"og:image\" content=\"https:\/\/canfali.com\/app\/uploads\/2025\/12\/fumiga-12-scaled.jpg\" \/>\n\t<meta property=\"og:image:width\" content=\"2560\" \/>\n\t<meta property=\"og:image:height\" content=\"1696\" \/>\n\t<meta property=\"og:image:type\" content=\"image\/jpeg\" \/>\n<meta name=\"author\" content=\"Rosa\" \/>\n<meta name=\"twitter:card\" content=\"summary_large_image\" \/>\n<meta name=\"twitter:creator\" content=\"@canfalima\" \/>\n<meta name=\"twitter:site\" content=\"@canfalima\" \/>\n<meta name=\"twitter:label1\" content=\"Written by\" \/>\n\t<meta name=\"twitter:data1\" content=\"Rosa\" \/>\n\t<meta name=\"twitter:label2\" content=\"Est. reading time\" \/>\n\t<meta name=\"twitter:data2\" content=\"4 minutes\" \/>\n<script type=\"application\/ld+json\" class=\"yoast-schema-graph\">{\"@context\":\"https:\\\/\\\/schema.org\",\"@graph\":[{\"@type\":\"NewsArticle\",\"@id\":\"https:\\\/\\\/canfali.com\\\/ca-es\\\/la-fumiga-una-historia-sense-data-de-caducitat\\\/#article\",\"isPartOf\":{\"@id\":\"https:\\\/\\\/canfali.com\\\/ca-es\\\/la-fumiga-una-historia-sense-data-de-caducitat\\\/\"},\"author\":{\"name\":\"Rosa\",\"@id\":\"https:\\\/\\\/canfali.com\\\/ca-es\\\/#\\\/schema\\\/person\\\/c861a7aa2b2495357b95f35bd5d82f88\"},\"headline\":\"La F\u00famiga: una hist\u00f2ria sense data de caducitat\",\"datePublished\":\"2025-12-12T09:01:09+00:00\",\"dateModified\":\"2025-12-12T09:22:58+00:00\",\"mainEntityOfPage\":{\"@id\":\"https:\\\/\\\/canfali.com\\\/ca-es\\\/la-fumiga-una-historia-sense-data-de-caducitat\\\/\"},\"wordCount\":725,\"publisher\":{\"@id\":\"https:\\\/\\\/canfali.com\\\/ca-es\\\/#organization\"},\"image\":{\"@id\":\"https:\\\/\\\/canfali.com\\\/ca-es\\\/la-fumiga-una-historia-sense-data-de-caducitat\\\/#primaryimage\"},\"thumbnailUrl\":\"https:\\\/\\\/canfali.com\\\/app\\\/uploads\\\/2025\\\/12\\\/fumiga-12-scaled.jpg\",\"keywords\":[\"Biblioteca Juan Chab\u00e1s\",\"Havia de passar\",\"La F\u00famiga\",\"llibre\",\"Vicent Contr\u00ed\"],\"articleSection\":[\"Cultura\"],\"inLanguage\":\"va-ES\",\"copyrightYear\":\"2025\",\"copyrightHolder\":{\"@id\":\"https:\\\/\\\/canfali.com\\\/#organization\"}},{\"@type\":\"WebPage\",\"@id\":\"https:\\\/\\\/canfali.com\\\/ca-es\\\/la-fumiga-una-historia-sense-data-de-caducitat\\\/\",\"url\":\"https:\\\/\\\/canfali.com\\\/ca-es\\\/la-fumiga-una-historia-sense-data-de-caducitat\\\/\",\"name\":\"La F\u00famiga: una hist\u00f2ria sense data de caducitat - Canfali\",\"isPartOf\":{\"@id\":\"https:\\\/\\\/canfali.com\\\/ca-es\\\/#website\"},\"primaryImageOfPage\":{\"@id\":\"https:\\\/\\\/canfali.com\\\/ca-es\\\/la-fumiga-una-historia-sense-data-de-caducitat\\\/#primaryimage\"},\"image\":{\"@id\":\"https:\\\/\\\/canfali.com\\\/ca-es\\\/la-fumiga-una-historia-sense-data-de-caducitat\\\/#primaryimage\"},\"thumbnailUrl\":\"https:\\\/\\\/canfali.com\\\/app\\\/uploads\\\/2025\\\/12\\\/fumiga-12-scaled.jpg\",\"datePublished\":\"2025-12-12T09:01:09+00:00\",\"dateModified\":\"2025-12-12T09:22:58+00:00\",\"breadcrumb\":{\"@id\":\"https:\\\/\\\/canfali.com\\\/ca-es\\\/la-fumiga-una-historia-sense-data-de-caducitat\\\/#breadcrumb\"},\"inLanguage\":\"va-ES\",\"potentialAction\":[{\"@type\":\"ReadAction\",\"target\":[\"https:\\\/\\\/canfali.com\\\/ca-es\\\/la-fumiga-una-historia-sense-data-de-caducitat\\\/\"]}]},{\"@type\":\"ImageObject\",\"inLanguage\":\"va-ES\",\"@id\":\"https:\\\/\\\/canfali.com\\\/ca-es\\\/la-fumiga-una-historia-sense-data-de-caducitat\\\/#primaryimage\",\"url\":\"https:\\\/\\\/canfali.com\\\/app\\\/uploads\\\/2025\\\/12\\\/fumiga-12-scaled.jpg\",\"contentUrl\":\"https:\\\/\\\/canfali.com\\\/app\\\/uploads\\\/2025\\\/12\\\/fumiga-12-scaled.jpg\",\"width\":2560,\"height\":1696},{\"@type\":\"BreadcrumbList\",\"@id\":\"https:\\\/\\\/canfali.com\\\/ca-es\\\/la-fumiga-una-historia-sense-data-de-caducitat\\\/#breadcrumb\",\"itemListElement\":[{\"@type\":\"ListItem\",\"position\":1,\"name\":\"Portada\",\"item\":\"https:\\\/\\\/canfali.com\\\/ca-es\\\/\"},{\"@type\":\"ListItem\",\"position\":2,\"name\":\"La F\u00famiga: una hist\u00f2ria sense data de caducitat\"}]},{\"@type\":\"WebSite\",\"@id\":\"https:\\\/\\\/canfali.com\\\/ca-es\\\/#website\",\"url\":\"https:\\\/\\\/canfali.com\\\/ca-es\\\/\",\"name\":\"Canfali\",\"description\":\"\",\"publisher\":{\"@id\":\"https:\\\/\\\/canfali.com\\\/ca-es\\\/#organization\"},\"potentialAction\":[{\"@type\":\"SearchAction\",\"target\":{\"@type\":\"EntryPoint\",\"urlTemplate\":\"https:\\\/\\\/canfali.com\\\/ca-es\\\/?s={search_term_string}\"},\"query-input\":{\"@type\":\"PropertyValueSpecification\",\"valueRequired\":true,\"valueName\":\"search_term_string\"}}],\"inLanguage\":\"va-ES\"},{\"@type\":\"Organization\",\"@id\":\"https:\\\/\\\/canfali.com\\\/ca-es\\\/#organization\",\"name\":\"Canfali\",\"url\":\"https:\\\/\\\/canfali.com\\\/ca-es\\\/\",\"logo\":{\"@type\":\"ImageObject\",\"inLanguage\":\"va-ES\",\"@id\":\"https:\\\/\\\/canfali.com\\\/ca-es\\\/#\\\/schema\\\/logo\\\/image\\\/\",\"url\":\"https:\\\/\\\/canfali.com\\\/app\\\/uploads\\\/2025\\\/12\\\/canfali_marina_alta_logo.png\",\"contentUrl\":\"https:\\\/\\\/canfali.com\\\/app\\\/uploads\\\/2025\\\/12\\\/canfali_marina_alta_logo.png\",\"width\":225,\"height\":225,\"caption\":\"Canfali\"},\"image\":{\"@id\":\"https:\\\/\\\/canfali.com\\\/ca-es\\\/#\\\/schema\\\/logo\\\/image\\\/\"},\"sameAs\":[\"https:\\\/\\\/es-es.facebook.com\\\/CANFALIMarinaAlta\",\"https:\\\/\\\/x.com\\\/canfalima\",\"https:\\\/\\\/www.instagram.com\\\/canfalimarinaalta\\\/\"]},{\"@type\":\"Person\",\"@id\":\"https:\\\/\\\/canfali.com\\\/ca-es\\\/#\\\/schema\\\/person\\\/c861a7aa2b2495357b95f35bd5d82f88\",\"name\":\"Rosa\",\"image\":{\"@type\":\"ImageObject\",\"inLanguage\":\"va-ES\",\"@id\":\"https:\\\/\\\/secure.gravatar.com\\\/avatar\\\/47fb83d99423a6ef1cf9f83f02a5e91366c671dec76c5c24badf1b0494e1d960?s=96&d=mm&r=g\",\"url\":\"https:\\\/\\\/secure.gravatar.com\\\/avatar\\\/47fb83d99423a6ef1cf9f83f02a5e91366c671dec76c5c24badf1b0494e1d960?s=96&d=mm&r=g\",\"contentUrl\":\"https:\\\/\\\/secure.gravatar.com\\\/avatar\\\/47fb83d99423a6ef1cf9f83f02a5e91366c671dec76c5c24badf1b0494e1d960?s=96&d=mm&r=g\",\"caption\":\"Rosa\"},\"url\":\"https:\\\/\\\/canfali.com\\\/ca-es\\\/author\\\/rosa\\\/\"}]}<\/script>\n<!-- \/ Yoast SEO Premium plugin. -->","yoast_head_json":{"title":"La F\u00famiga: una hist\u00f2ria sense data de caducitat - Canfali","robots":{"index":"index","follow":"follow","max-snippet":"max-snippet:-1","max-image-preview":"max-image-preview:large","max-video-preview":"max-video-preview:-1"},"canonical":"https:\/\/canfali.com\/ca-es\/la-fumiga-una-historia-sense-data-de-caducitat\/","og_locale":"en_US","og_type":"article","og_title":"La F\u00famiga: una hist\u00f2ria sense data de caducitat","og_description":"Vicent X. Contr\u00ed presenta a casa el seu homenatge al grup que ha sabut convertir la festa en&hellip;","og_url":"https:\/\/canfali.com\/ca-es\/la-fumiga-una-historia-sense-data-de-caducitat\/","og_site_name":"Canfali","article_publisher":"https:\/\/es-es.facebook.com\/CANFALIMarinaAlta","article_published_time":"2025-12-12T09:01:09+00:00","article_modified_time":"2025-12-12T09:22:58+00:00","og_image":[{"width":2560,"height":1696,"url":"https:\/\/canfali.com\/app\/uploads\/2025\/12\/fumiga-12-scaled.jpg","type":"image\/jpeg"}],"author":"Rosa","twitter_card":"summary_large_image","twitter_creator":"@canfalima","twitter_site":"@canfalima","twitter_misc":{"Written by":"Rosa","Est. reading time":"4 minutes"},"schema":{"@context":"https:\/\/schema.org","@graph":[{"@type":"NewsArticle","@id":"https:\/\/canfali.com\/ca-es\/la-fumiga-una-historia-sense-data-de-caducitat\/#article","isPartOf":{"@id":"https:\/\/canfali.com\/ca-es\/la-fumiga-una-historia-sense-data-de-caducitat\/"},"author":{"name":"Rosa","@id":"https:\/\/canfali.com\/ca-es\/#\/schema\/person\/c861a7aa2b2495357b95f35bd5d82f88"},"headline":"La F\u00famiga: una hist\u00f2ria sense data de caducitat","datePublished":"2025-12-12T09:01:09+00:00","dateModified":"2025-12-12T09:22:58+00:00","mainEntityOfPage":{"@id":"https:\/\/canfali.com\/ca-es\/la-fumiga-una-historia-sense-data-de-caducitat\/"},"wordCount":725,"publisher":{"@id":"https:\/\/canfali.com\/ca-es\/#organization"},"image":{"@id":"https:\/\/canfali.com\/ca-es\/la-fumiga-una-historia-sense-data-de-caducitat\/#primaryimage"},"thumbnailUrl":"https:\/\/canfali.com\/app\/uploads\/2025\/12\/fumiga-12-scaled.jpg","keywords":["Biblioteca Juan Chab\u00e1s","Havia de passar","La F\u00famiga","llibre","Vicent Contr\u00ed"],"articleSection":["Cultura"],"inLanguage":"va-ES","copyrightYear":"2025","copyrightHolder":{"@id":"https:\/\/canfali.com\/#organization"}},{"@type":"WebPage","@id":"https:\/\/canfali.com\/ca-es\/la-fumiga-una-historia-sense-data-de-caducitat\/","url":"https:\/\/canfali.com\/ca-es\/la-fumiga-una-historia-sense-data-de-caducitat\/","name":"La F\u00famiga: una hist\u00f2ria sense data de caducitat - Canfali","isPartOf":{"@id":"https:\/\/canfali.com\/ca-es\/#website"},"primaryImageOfPage":{"@id":"https:\/\/canfali.com\/ca-es\/la-fumiga-una-historia-sense-data-de-caducitat\/#primaryimage"},"image":{"@id":"https:\/\/canfali.com\/ca-es\/la-fumiga-una-historia-sense-data-de-caducitat\/#primaryimage"},"thumbnailUrl":"https:\/\/canfali.com\/app\/uploads\/2025\/12\/fumiga-12-scaled.jpg","datePublished":"2025-12-12T09:01:09+00:00","dateModified":"2025-12-12T09:22:58+00:00","breadcrumb":{"@id":"https:\/\/canfali.com\/ca-es\/la-fumiga-una-historia-sense-data-de-caducitat\/#breadcrumb"},"inLanguage":"va-ES","potentialAction":[{"@type":"ReadAction","target":["https:\/\/canfali.com\/ca-es\/la-fumiga-una-historia-sense-data-de-caducitat\/"]}]},{"@type":"ImageObject","inLanguage":"va-ES","@id":"https:\/\/canfali.com\/ca-es\/la-fumiga-una-historia-sense-data-de-caducitat\/#primaryimage","url":"https:\/\/canfali.com\/app\/uploads\/2025\/12\/fumiga-12-scaled.jpg","contentUrl":"https:\/\/canfali.com\/app\/uploads\/2025\/12\/fumiga-12-scaled.jpg","width":2560,"height":1696},{"@type":"BreadcrumbList","@id":"https:\/\/canfali.com\/ca-es\/la-fumiga-una-historia-sense-data-de-caducitat\/#breadcrumb","itemListElement":[{"@type":"ListItem","position":1,"name":"Portada","item":"https:\/\/canfali.com\/ca-es\/"},{"@type":"ListItem","position":2,"name":"La F\u00famiga: una hist\u00f2ria sense data de caducitat"}]},{"@type":"WebSite","@id":"https:\/\/canfali.com\/ca-es\/#website","url":"https:\/\/canfali.com\/ca-es\/","name":"Canfali","description":"","publisher":{"@id":"https:\/\/canfali.com\/ca-es\/#organization"},"potentialAction":[{"@type":"SearchAction","target":{"@type":"EntryPoint","urlTemplate":"https:\/\/canfali.com\/ca-es\/?s={search_term_string}"},"query-input":{"@type":"PropertyValueSpecification","valueRequired":true,"valueName":"search_term_string"}}],"inLanguage":"va-ES"},{"@type":"Organization","@id":"https:\/\/canfali.com\/ca-es\/#organization","name":"Canfali","url":"https:\/\/canfali.com\/ca-es\/","logo":{"@type":"ImageObject","inLanguage":"va-ES","@id":"https:\/\/canfali.com\/ca-es\/#\/schema\/logo\/image\/","url":"https:\/\/canfali.com\/app\/uploads\/2025\/12\/canfali_marina_alta_logo.png","contentUrl":"https:\/\/canfali.com\/app\/uploads\/2025\/12\/canfali_marina_alta_logo.png","width":225,"height":225,"caption":"Canfali"},"image":{"@id":"https:\/\/canfali.com\/ca-es\/#\/schema\/logo\/image\/"},"sameAs":["https:\/\/es-es.facebook.com\/CANFALIMarinaAlta","https:\/\/x.com\/canfalima","https:\/\/www.instagram.com\/canfalimarinaalta\/"]},{"@type":"Person","@id":"https:\/\/canfali.com\/ca-es\/#\/schema\/person\/c861a7aa2b2495357b95f35bd5d82f88","name":"Rosa","image":{"@type":"ImageObject","inLanguage":"va-ES","@id":"https:\/\/secure.gravatar.com\/avatar\/47fb83d99423a6ef1cf9f83f02a5e91366c671dec76c5c24badf1b0494e1d960?s=96&d=mm&r=g","url":"https:\/\/secure.gravatar.com\/avatar\/47fb83d99423a6ef1cf9f83f02a5e91366c671dec76c5c24badf1b0494e1d960?s=96&d=mm&r=g","contentUrl":"https:\/\/secure.gravatar.com\/avatar\/47fb83d99423a6ef1cf9f83f02a5e91366c671dec76c5c24badf1b0494e1d960?s=96&d=mm&r=g","caption":"Rosa"},"url":"https:\/\/canfali.com\/ca-es\/author\/rosa\/"}]}},"_links":{"self":[{"href":"https:\/\/canfali.com\/ca-es\/wp-json\/wp\/v2\/posts\/83814","targetHints":{"allow":["GET"]}}],"collection":[{"href":"https:\/\/canfali.com\/ca-es\/wp-json\/wp\/v2\/posts"}],"about":[{"href":"https:\/\/canfali.com\/ca-es\/wp-json\/wp\/v2\/types\/post"}],"author":[{"embeddable":true,"href":"https:\/\/canfali.com\/ca-es\/wp-json\/wp\/v2\/users\/6"}],"replies":[{"embeddable":true,"href":"https:\/\/canfali.com\/ca-es\/wp-json\/wp\/v2\/comments?post=83814"}],"version-history":[{"count":2,"href":"https:\/\/canfali.com\/ca-es\/wp-json\/wp\/v2\/posts\/83814\/revisions"}],"predecessor-version":[{"id":83831,"href":"https:\/\/canfali.com\/ca-es\/wp-json\/wp\/v2\/posts\/83814\/revisions\/83831"}],"wp:featuredmedia":[{"embeddable":true,"href":"https:\/\/canfali.com\/ca-es\/wp-json\/wp\/v2\/media\/83815"}],"wp:attachment":[{"href":"https:\/\/canfali.com\/ca-es\/wp-json\/wp\/v2\/media?parent=83814"}],"wp:term":[{"taxonomy":"category","embeddable":true,"href":"https:\/\/canfali.com\/ca-es\/wp-json\/wp\/v2\/categories?post=83814"},{"taxonomy":"post_tag","embeddable":true,"href":"https:\/\/canfali.com\/ca-es\/wp-json\/wp\/v2\/tags?post=83814"}],"curies":[{"name":"wp","href":"https:\/\/api.w.org\/{rel}","templated":true}]}}