{"id":83802,"date":"2025-12-11T21:14:58","date_gmt":"2025-12-11T20:14:58","guid":{"rendered":"https:\/\/canfali.com\/dotze-roscon-de-reis-marina-denia\/"},"modified":"2025-12-11T21:17:32","modified_gmt":"2025-12-11T20:17:32","slug":"dotze-roscon-de-reis-marina-denia","status":"publish","type":"post","link":"https:\/\/canfali.com\/ca-es\/dotze-roscon-de-reis-marina-denia\/","title":{"rendered":"Dotz\u00e9 Rosc\u00f3n de Reis Marina D\u00e9nia"},"content":{"rendered":"\n<p>La prova, que se celebrar\u00e0 el 4 de gener, destinar\u00e0 un euro per participant a l\u2019ONG Cerebrum.<\/p>\n\n<p>La dotzena edici\u00f3 de la Carrera Rosc\u00f3n de Reis Marina D\u00e9nia, organitzada pel Club de Rem Marina D\u00e9nia, tindr\u00e0 lloc el diumenge 4 de gener en un ambient l\u00fadic i carregat de solidaritat. De fet, en esta edici\u00f3, part de la recaptaci\u00f3 es destinar\u00e0 a l\u2019associaci\u00f3 Cerebrum, dedicada a l\u2019ajuda i la defensa dels drets de les persones amb dany cerebral adquirit a la Marina Alta. La carrera, de cinc quil\u00f2metres per un circuit molt agradable en l\u2019entorn de Marina D\u00e9nia, comen\u00e7ar\u00e0 a les 11 hores.<br\/><\/p>\n\n<p>El capit\u00e0 i director de Marina D\u00e9nia, Gabriel Mart\u00ednez, ha destacat \u201cel gran esfor\u00e7 i la const\u00e0ncia del Club de Rem \u2014organitzador de la prova\u2014, que a m\u00e9s de la seua labor esportiva dedica temps a activitats en favor del ben social. S\u00f3n pocs, per\u00f2 amb una const\u00e0ncia incre\u00efble, i mereixen tot el meu reconeixement\u201d. \u201cCorrer a Marina D\u00e9nia \u00e9s un plus per les seues vistes incomparables\u201d, ha assenyalat Vanessa Nicolau, del Club de Rem, qui es mostra conven\u00e7uda que es compliran les expectatives quant al nombre de participants.<br\/><\/p>\n\n<p>Per la seua banda, el vicepresident del Club de Rem, Michel Lattelier, responsable de seguretat de la prova, ha assegurat que vetlaran pel correcte desenvolupament de l\u2019esdeveniment. \u201cLa gent que ve de fora gaudeix molt\u00edssim de les vistes i hi ha moments de la carrera en qu\u00e8 fins i tot disminueixen el ritme per contemplar la mar. Agra\u00efm a Marina D\u00e9nia el suport constant en totes les nostres activitats\u201d.<br\/><\/p>\n\n<p><p class=\"p1\"><b>SUPORT A CEREBRUM<\/b><b><\/b><\/p><\/p>\n\n<p><p class=\"p1\">Les inscripcions, amb un cost de huit euros, estaran obertes fins al 3 de gener a trav\u00e9s de <i>conxip.com<\/i>. Enguany, l\u2019organitzaci\u00f3 donar\u00e0 un euro per corredor a l\u2019associaci\u00f3 Cerebrum, dedicada a la defensa dels drets de les persones amb dany cerebral adquirit a la Marina Alta.<\/p><\/p>\n\n<p>Eli \u00c1lvarez, coordinadora de Cerebrum, ha agra\u00eft la iniciativa: \u201cGr\u00e0cies per esta labor i per escollir-nos. Som un col\u00b7lectiu molt ampli i esta ajuda ens permet impulsar m\u00e9s tallers de cara a l\u2019any vinent\u201d.<br\/><\/p>\n\n<p><p class=\"p1\"><b>CATEGORIA CAN RUN<\/b><b><\/b><\/p><\/p>\n\n<p><p class=\"p1\">La prova mant\u00e9 tamb\u00e9 el seu car\u00e0cter festiu, amb la categoria <b>Can Run<\/b>, que permet participar amb gos, i l\u2019opci\u00f3 de c\u00f3rrer disfressat. Els tres guanyadors de cada categoria \u2014Infantil, Juvenil, S\u00e8nior i Veterans, mascul\u00ed i femen\u00ed\u2014 rebran un rosc\u00f3n de reis, a m\u00e9s d\u2019un premi especial per a les mascotes.<\/p><\/p>\n\n<p>El regidor d\u2019Esports, Valent\u00edn Alcal\u00e1, ha destacat que la carrera \u201cs\u2019ha consolidat a la Marina Alta i \u00e9s un esdeveniment molt esperat cada any. Agra\u00efm que esta edici\u00f3 solid\u00e0ria haja pensat en Cerebrum i desitgem un nou \u00e8xit de participaci\u00f3\u201d.<br\/><\/p>\n\n<p>La carrera compta amb el patrocini de Marina D\u00e9nia, l\u2019Ajuntament i altres entitats privades.<br\/><\/p>\n","protected":false},"excerpt":{"rendered":"La prova, que se celebrar\u00e0 el 4 de gener, destinar\u00e0 un euro per participant a l\u2019ONG Cerebrum.","protected":false},"author":8,"featured_media":83799,"comment_status":"closed","ping_status":"closed","sticky":false,"template":"","format":"standard","meta":{"csco_display_header_overlay":false,"csco_singular_sidebar":"","csco_page_header_type":"","csco_page_load_nextpost":"","csco_post_video_location":[],"csco_post_video_location_hash":"","csco_post_video_url":"","csco_post_video_bg_start_time":0,"csco_post_video_bg_end_time":0,"footnotes":""},"categories":[599,598],"tags":[],"class_list":{"0":"post-83802","1":"post","2":"type-post","3":"status-publish","4":"format-standard","5":"has-post-thumbnail","7":"category-atletisme-ca-es","8":"category-esports","9":"cs-entry","10":"cs-video-wrap"},"yoast_head":"<!-- This site is optimized with the Yoast SEO Premium plugin v26.6 (Yoast SEO v27.3) - https:\/\/yoast.com\/product\/yoast-seo-premium-wordpress\/ -->\n<title>Dotz\u00e9 Rosc\u00f3n de Reis Marina D\u00e9nia - Canfali<\/title>\n<meta name=\"robots\" content=\"index, follow, max-snippet:-1, max-image-preview:large, max-video-preview:-1\" \/>\n<link rel=\"canonical\" href=\"https:\/\/canfali.com\/ca-es\/dotze-roscon-de-reis-marina-denia\/\" \/>\n<meta property=\"og:locale\" content=\"en_US\" \/>\n<meta property=\"og:type\" content=\"article\" \/>\n<meta property=\"og:title\" content=\"Dotz\u00e9 Rosc\u00f3n de Reis Marina D\u00e9nia\" \/>\n<meta property=\"og:description\" content=\"La prova, que se celebrar\u00e0 el 4 de gener, destinar\u00e0 un euro per participant a l\u2019ONG Cerebrum.\" \/>\n<meta property=\"og:url\" content=\"https:\/\/canfali.com\/ca-es\/dotze-roscon-de-reis-marina-denia\/\" \/>\n<meta property=\"og:site_name\" content=\"Canfali\" \/>\n<meta property=\"article:publisher\" content=\"https:\/\/es-es.facebook.com\/CANFALIMarinaAlta\" \/>\n<meta property=\"article:published_time\" content=\"2025-12-11T20:14:58+00:00\" \/>\n<meta property=\"article:modified_time\" content=\"2025-12-11T20:17:32+00:00\" \/>\n<meta property=\"og:image\" content=\"https:\/\/canfali.com\/app\/uploads\/2025\/12\/8roscon-scaled.jpg\" \/>\n\t<meta property=\"og:image:width\" content=\"2560\" \/>\n\t<meta property=\"og:image:height\" content=\"1707\" \/>\n\t<meta property=\"og:image:type\" content=\"image\/jpeg\" \/>\n<meta name=\"author\" content=\"Lluis\" \/>\n<meta name=\"twitter:card\" content=\"summary_large_image\" \/>\n<meta name=\"twitter:creator\" content=\"@canfalima\" \/>\n<meta name=\"twitter:site\" content=\"@canfalima\" \/>\n<meta name=\"twitter:label1\" content=\"Written by\" \/>\n\t<meta name=\"twitter:data1\" content=\"Lluis\" \/>\n\t<meta name=\"twitter:label2\" content=\"Est. reading time\" \/>\n\t<meta name=\"twitter:data2\" content=\"2 minutes\" \/>\n<script type=\"application\/ld+json\" class=\"yoast-schema-graph\">{\"@context\":\"https:\\\/\\\/schema.org\",\"@graph\":[{\"@type\":\"NewsArticle\",\"@id\":\"https:\\\/\\\/canfali.com\\\/ca-es\\\/dotze-roscon-de-reis-marina-denia\\\/#article\",\"isPartOf\":{\"@id\":\"https:\\\/\\\/canfali.com\\\/ca-es\\\/dotze-roscon-de-reis-marina-denia\\\/\"},\"author\":{\"name\":\"Lluis\",\"@id\":\"https:\\\/\\\/canfali.com\\\/ca-es\\\/#\\\/schema\\\/person\\\/f540a86fb33e10daaae53c59ceaa1194\"},\"headline\":\"Dotz\u00e9 Rosc\u00f3n de Reis Marina D\u00e9nia\",\"datePublished\":\"2025-12-11T20:14:58+00:00\",\"dateModified\":\"2025-12-11T20:17:32+00:00\",\"mainEntityOfPage\":{\"@id\":\"https:\\\/\\\/canfali.com\\\/ca-es\\\/dotze-roscon-de-reis-marina-denia\\\/\"},\"wordCount\":503,\"publisher\":{\"@id\":\"https:\\\/\\\/canfali.com\\\/ca-es\\\/#organization\"},\"image\":{\"@id\":\"https:\\\/\\\/canfali.com\\\/ca-es\\\/dotze-roscon-de-reis-marina-denia\\\/#primaryimage\"},\"thumbnailUrl\":\"https:\\\/\\\/canfali.com\\\/app\\\/uploads\\\/2025\\\/12\\\/8roscon-scaled.jpg\",\"articleSection\":[\"Atletisme\",\"Esports\"],\"inLanguage\":\"va-ES\",\"copyrightYear\":\"2025\",\"copyrightHolder\":{\"@id\":\"https:\\\/\\\/canfali.com\\\/#organization\"}},{\"@type\":\"WebPage\",\"@id\":\"https:\\\/\\\/canfali.com\\\/ca-es\\\/dotze-roscon-de-reis-marina-denia\\\/\",\"url\":\"https:\\\/\\\/canfali.com\\\/ca-es\\\/dotze-roscon-de-reis-marina-denia\\\/\",\"name\":\"Dotz\u00e9 Rosc\u00f3n de Reis Marina D\u00e9nia - Canfali\",\"isPartOf\":{\"@id\":\"https:\\\/\\\/canfali.com\\\/ca-es\\\/#website\"},\"primaryImageOfPage\":{\"@id\":\"https:\\\/\\\/canfali.com\\\/ca-es\\\/dotze-roscon-de-reis-marina-denia\\\/#primaryimage\"},\"image\":{\"@id\":\"https:\\\/\\\/canfali.com\\\/ca-es\\\/dotze-roscon-de-reis-marina-denia\\\/#primaryimage\"},\"thumbnailUrl\":\"https:\\\/\\\/canfali.com\\\/app\\\/uploads\\\/2025\\\/12\\\/8roscon-scaled.jpg\",\"datePublished\":\"2025-12-11T20:14:58+00:00\",\"dateModified\":\"2025-12-11T20:17:32+00:00\",\"breadcrumb\":{\"@id\":\"https:\\\/\\\/canfali.com\\\/ca-es\\\/dotze-roscon-de-reis-marina-denia\\\/#breadcrumb\"},\"inLanguage\":\"va-ES\",\"potentialAction\":[{\"@type\":\"ReadAction\",\"target\":[\"https:\\\/\\\/canfali.com\\\/ca-es\\\/dotze-roscon-de-reis-marina-denia\\\/\"]}]},{\"@type\":\"ImageObject\",\"inLanguage\":\"va-ES\",\"@id\":\"https:\\\/\\\/canfali.com\\\/ca-es\\\/dotze-roscon-de-reis-marina-denia\\\/#primaryimage\",\"url\":\"https:\\\/\\\/canfali.com\\\/app\\\/uploads\\\/2025\\\/12\\\/8roscon-scaled.jpg\",\"contentUrl\":\"https:\\\/\\\/canfali.com\\\/app\\\/uploads\\\/2025\\\/12\\\/8roscon-scaled.jpg\",\"width\":2560,\"height\":1707},{\"@type\":\"BreadcrumbList\",\"@id\":\"https:\\\/\\\/canfali.com\\\/ca-es\\\/dotze-roscon-de-reis-marina-denia\\\/#breadcrumb\",\"itemListElement\":[{\"@type\":\"ListItem\",\"position\":1,\"name\":\"Portada\",\"item\":\"https:\\\/\\\/canfali.com\\\/ca-es\\\/\"},{\"@type\":\"ListItem\",\"position\":2,\"name\":\"Dotz\u00e9 Rosc\u00f3n de Reis Marina D\u00e9nia\"}]},{\"@type\":\"WebSite\",\"@id\":\"https:\\\/\\\/canfali.com\\\/ca-es\\\/#website\",\"url\":\"https:\\\/\\\/canfali.com\\\/ca-es\\\/\",\"name\":\"Canfali\",\"description\":\"\",\"publisher\":{\"@id\":\"https:\\\/\\\/canfali.com\\\/ca-es\\\/#organization\"},\"potentialAction\":[{\"@type\":\"SearchAction\",\"target\":{\"@type\":\"EntryPoint\",\"urlTemplate\":\"https:\\\/\\\/canfali.com\\\/ca-es\\\/?s={search_term_string}\"},\"query-input\":{\"@type\":\"PropertyValueSpecification\",\"valueRequired\":true,\"valueName\":\"search_term_string\"}}],\"inLanguage\":\"va-ES\"},{\"@type\":\"Organization\",\"@id\":\"https:\\\/\\\/canfali.com\\\/ca-es\\\/#organization\",\"name\":\"Canfali\",\"url\":\"https:\\\/\\\/canfali.com\\\/ca-es\\\/\",\"logo\":{\"@type\":\"ImageObject\",\"inLanguage\":\"va-ES\",\"@id\":\"https:\\\/\\\/canfali.com\\\/ca-es\\\/#\\\/schema\\\/logo\\\/image\\\/\",\"url\":\"https:\\\/\\\/canfali.com\\\/app\\\/uploads\\\/2025\\\/12\\\/canfali_marina_alta_logo.png\",\"contentUrl\":\"https:\\\/\\\/canfali.com\\\/app\\\/uploads\\\/2025\\\/12\\\/canfali_marina_alta_logo.png\",\"width\":225,\"height\":225,\"caption\":\"Canfali\"},\"image\":{\"@id\":\"https:\\\/\\\/canfali.com\\\/ca-es\\\/#\\\/schema\\\/logo\\\/image\\\/\"},\"sameAs\":[\"https:\\\/\\\/es-es.facebook.com\\\/CANFALIMarinaAlta\",\"https:\\\/\\\/x.com\\\/canfalima\",\"https:\\\/\\\/www.instagram.com\\\/canfalimarinaalta\\\/\"]},{\"@type\":\"Person\",\"@id\":\"https:\\\/\\\/canfali.com\\\/ca-es\\\/#\\\/schema\\\/person\\\/f540a86fb33e10daaae53c59ceaa1194\",\"name\":\"Lluis\",\"image\":{\"@type\":\"ImageObject\",\"inLanguage\":\"va-ES\",\"@id\":\"https:\\\/\\\/secure.gravatar.com\\\/avatar\\\/a21ec8835290e4e02ed0886b8cb327d807d0eb6ec8ccf25d4c2a0a415f506c0d?s=96&d=mm&r=g\",\"url\":\"https:\\\/\\\/secure.gravatar.com\\\/avatar\\\/a21ec8835290e4e02ed0886b8cb327d807d0eb6ec8ccf25d4c2a0a415f506c0d?s=96&d=mm&r=g\",\"contentUrl\":\"https:\\\/\\\/secure.gravatar.com\\\/avatar\\\/a21ec8835290e4e02ed0886b8cb327d807d0eb6ec8ccf25d4c2a0a415f506c0d?s=96&d=mm&r=g\",\"caption\":\"Lluis\"},\"url\":\"https:\\\/\\\/canfali.com\\\/ca-es\\\/author\\\/lluis\\\/\"}]}<\/script>\n<!-- \/ Yoast SEO Premium plugin. -->","yoast_head_json":{"title":"Dotz\u00e9 Rosc\u00f3n de Reis Marina D\u00e9nia - Canfali","robots":{"index":"index","follow":"follow","max-snippet":"max-snippet:-1","max-image-preview":"max-image-preview:large","max-video-preview":"max-video-preview:-1"},"canonical":"https:\/\/canfali.com\/ca-es\/dotze-roscon-de-reis-marina-denia\/","og_locale":"en_US","og_type":"article","og_title":"Dotz\u00e9 Rosc\u00f3n de Reis Marina D\u00e9nia","og_description":"La prova, que se celebrar\u00e0 el 4 de gener, destinar\u00e0 un euro per participant a l\u2019ONG Cerebrum.","og_url":"https:\/\/canfali.com\/ca-es\/dotze-roscon-de-reis-marina-denia\/","og_site_name":"Canfali","article_publisher":"https:\/\/es-es.facebook.com\/CANFALIMarinaAlta","article_published_time":"2025-12-11T20:14:58+00:00","article_modified_time":"2025-12-11T20:17:32+00:00","og_image":[{"width":2560,"height":1707,"url":"https:\/\/canfali.com\/app\/uploads\/2025\/12\/8roscon-scaled.jpg","type":"image\/jpeg"}],"author":"Lluis","twitter_card":"summary_large_image","twitter_creator":"@canfalima","twitter_site":"@canfalima","twitter_misc":{"Written by":"Lluis","Est. reading time":"2 minutes"},"schema":{"@context":"https:\/\/schema.org","@graph":[{"@type":"NewsArticle","@id":"https:\/\/canfali.com\/ca-es\/dotze-roscon-de-reis-marina-denia\/#article","isPartOf":{"@id":"https:\/\/canfali.com\/ca-es\/dotze-roscon-de-reis-marina-denia\/"},"author":{"name":"Lluis","@id":"https:\/\/canfali.com\/ca-es\/#\/schema\/person\/f540a86fb33e10daaae53c59ceaa1194"},"headline":"Dotz\u00e9 Rosc\u00f3n de Reis Marina D\u00e9nia","datePublished":"2025-12-11T20:14:58+00:00","dateModified":"2025-12-11T20:17:32+00:00","mainEntityOfPage":{"@id":"https:\/\/canfali.com\/ca-es\/dotze-roscon-de-reis-marina-denia\/"},"wordCount":503,"publisher":{"@id":"https:\/\/canfali.com\/ca-es\/#organization"},"image":{"@id":"https:\/\/canfali.com\/ca-es\/dotze-roscon-de-reis-marina-denia\/#primaryimage"},"thumbnailUrl":"https:\/\/canfali.com\/app\/uploads\/2025\/12\/8roscon-scaled.jpg","articleSection":["Atletisme","Esports"],"inLanguage":"va-ES","copyrightYear":"2025","copyrightHolder":{"@id":"https:\/\/canfali.com\/#organization"}},{"@type":"WebPage","@id":"https:\/\/canfali.com\/ca-es\/dotze-roscon-de-reis-marina-denia\/","url":"https:\/\/canfali.com\/ca-es\/dotze-roscon-de-reis-marina-denia\/","name":"Dotz\u00e9 Rosc\u00f3n de Reis Marina D\u00e9nia - Canfali","isPartOf":{"@id":"https:\/\/canfali.com\/ca-es\/#website"},"primaryImageOfPage":{"@id":"https:\/\/canfali.com\/ca-es\/dotze-roscon-de-reis-marina-denia\/#primaryimage"},"image":{"@id":"https:\/\/canfali.com\/ca-es\/dotze-roscon-de-reis-marina-denia\/#primaryimage"},"thumbnailUrl":"https:\/\/canfali.com\/app\/uploads\/2025\/12\/8roscon-scaled.jpg","datePublished":"2025-12-11T20:14:58+00:00","dateModified":"2025-12-11T20:17:32+00:00","breadcrumb":{"@id":"https:\/\/canfali.com\/ca-es\/dotze-roscon-de-reis-marina-denia\/#breadcrumb"},"inLanguage":"va-ES","potentialAction":[{"@type":"ReadAction","target":["https:\/\/canfali.com\/ca-es\/dotze-roscon-de-reis-marina-denia\/"]}]},{"@type":"ImageObject","inLanguage":"va-ES","@id":"https:\/\/canfali.com\/ca-es\/dotze-roscon-de-reis-marina-denia\/#primaryimage","url":"https:\/\/canfali.com\/app\/uploads\/2025\/12\/8roscon-scaled.jpg","contentUrl":"https:\/\/canfali.com\/app\/uploads\/2025\/12\/8roscon-scaled.jpg","width":2560,"height":1707},{"@type":"BreadcrumbList","@id":"https:\/\/canfali.com\/ca-es\/dotze-roscon-de-reis-marina-denia\/#breadcrumb","itemListElement":[{"@type":"ListItem","position":1,"name":"Portada","item":"https:\/\/canfali.com\/ca-es\/"},{"@type":"ListItem","position":2,"name":"Dotz\u00e9 Rosc\u00f3n de Reis Marina D\u00e9nia"}]},{"@type":"WebSite","@id":"https:\/\/canfali.com\/ca-es\/#website","url":"https:\/\/canfali.com\/ca-es\/","name":"Canfali","description":"","publisher":{"@id":"https:\/\/canfali.com\/ca-es\/#organization"},"potentialAction":[{"@type":"SearchAction","target":{"@type":"EntryPoint","urlTemplate":"https:\/\/canfali.com\/ca-es\/?s={search_term_string}"},"query-input":{"@type":"PropertyValueSpecification","valueRequired":true,"valueName":"search_term_string"}}],"inLanguage":"va-ES"},{"@type":"Organization","@id":"https:\/\/canfali.com\/ca-es\/#organization","name":"Canfali","url":"https:\/\/canfali.com\/ca-es\/","logo":{"@type":"ImageObject","inLanguage":"va-ES","@id":"https:\/\/canfali.com\/ca-es\/#\/schema\/logo\/image\/","url":"https:\/\/canfali.com\/app\/uploads\/2025\/12\/canfali_marina_alta_logo.png","contentUrl":"https:\/\/canfali.com\/app\/uploads\/2025\/12\/canfali_marina_alta_logo.png","width":225,"height":225,"caption":"Canfali"},"image":{"@id":"https:\/\/canfali.com\/ca-es\/#\/schema\/logo\/image\/"},"sameAs":["https:\/\/es-es.facebook.com\/CANFALIMarinaAlta","https:\/\/x.com\/canfalima","https:\/\/www.instagram.com\/canfalimarinaalta\/"]},{"@type":"Person","@id":"https:\/\/canfali.com\/ca-es\/#\/schema\/person\/f540a86fb33e10daaae53c59ceaa1194","name":"Lluis","image":{"@type":"ImageObject","inLanguage":"va-ES","@id":"https:\/\/secure.gravatar.com\/avatar\/a21ec8835290e4e02ed0886b8cb327d807d0eb6ec8ccf25d4c2a0a415f506c0d?s=96&d=mm&r=g","url":"https:\/\/secure.gravatar.com\/avatar\/a21ec8835290e4e02ed0886b8cb327d807d0eb6ec8ccf25d4c2a0a415f506c0d?s=96&d=mm&r=g","contentUrl":"https:\/\/secure.gravatar.com\/avatar\/a21ec8835290e4e02ed0886b8cb327d807d0eb6ec8ccf25d4c2a0a415f506c0d?s=96&d=mm&r=g","caption":"Lluis"},"url":"https:\/\/canfali.com\/ca-es\/author\/lluis\/"}]}},"_links":{"self":[{"href":"https:\/\/canfali.com\/ca-es\/wp-json\/wp\/v2\/posts\/83802","targetHints":{"allow":["GET"]}}],"collection":[{"href":"https:\/\/canfali.com\/ca-es\/wp-json\/wp\/v2\/posts"}],"about":[{"href":"https:\/\/canfali.com\/ca-es\/wp-json\/wp\/v2\/types\/post"}],"author":[{"embeddable":true,"href":"https:\/\/canfali.com\/ca-es\/wp-json\/wp\/v2\/users\/8"}],"replies":[{"embeddable":true,"href":"https:\/\/canfali.com\/ca-es\/wp-json\/wp\/v2\/comments?post=83802"}],"version-history":[{"count":1,"href":"https:\/\/canfali.com\/ca-es\/wp-json\/wp\/v2\/posts\/83802\/revisions"}],"predecessor-version":[{"id":83803,"href":"https:\/\/canfali.com\/ca-es\/wp-json\/wp\/v2\/posts\/83802\/revisions\/83803"}],"wp:featuredmedia":[{"embeddable":true,"href":"https:\/\/canfali.com\/ca-es\/wp-json\/wp\/v2\/media\/83799"}],"wp:attachment":[{"href":"https:\/\/canfali.com\/ca-es\/wp-json\/wp\/v2\/media?parent=83802"}],"wp:term":[{"taxonomy":"category","embeddable":true,"href":"https:\/\/canfali.com\/ca-es\/wp-json\/wp\/v2\/categories?post=83802"},{"taxonomy":"post_tag","embeddable":true,"href":"https:\/\/canfali.com\/ca-es\/wp-json\/wp\/v2\/tags?post=83802"}],"curies":[{"name":"wp","href":"https:\/\/api.w.org\/{rel}","templated":true}]}}