{"id":83791,"date":"2025-12-11T13:50:09","date_gmt":"2025-12-11T12:50:09","guid":{"rendered":"https:\/\/canfali.com\/premi-per-a-denia-pel-programa-dexit-escolar\/"},"modified":"2025-12-11T13:54:23","modified_gmt":"2025-12-11T12:54:23","slug":"premi-per-a-denia-pel-programa-dexit-escolar","status":"publish","type":"post","link":"https:\/\/canfali.com\/ca-es\/premi-per-a-denia-pel-programa-dexit-escolar\/","title":{"rendered":"Premi per a D\u00e9nia pel programa d&#8217;\u00e8xit escolar"},"content":{"rendered":"\n<p>La regidora de Benestar Social, Melani Ivars, ha recollit a Madrid el premi al programa d&#8217;atenci\u00f3 pedag\u00f2gica i socioeducativa per a l&#8217;\u00e8xit escolar en xiquets, xiquetes i adolescents (Papys) que duu a terme l\u2019Ajuntament de D\u00e9nia des de l&#8217;\u00e0rea de Fam\u00edlia i Inf\u00e0ncia. El guard\u00f3 s&#8217;emmarca en l&#8217;IX Concurs de bones pr\u00e0ctiques municipals en la prevenci\u00f3 i intervenci\u00f3 enfront de l&#8217;absentisme i en la millora de la conviv\u00e8ncia escolar convocat per la Federaci\u00f3 Espanyola de Municipis i Prov\u00edncies en col\u00b7laboraci\u00f3 amb el Ministeri d&#8217;Educaci\u00f3.<br\/><\/p>\n\n<p>Melani Ivars va estar acompanyada per la cap del departament de Serveis Socials espec\u00edfics, Presen Reig, i la pedagoga del Papys, F\u00e0tima Castellano, encarregada de presentar al p\u00fablic el programa que desenvolupa D\u00e9nia.<\/p>\n\n<figure class=\"wp-block-image size-large\"><img decoding=\"async\" src=\"https:\/\/canfali.com\/app\/uploads\/2025\/12\/premiabsentisme-3-1024x768.jpg.webp\" alt=\"\" class=\"wp-image-83780\"\/><\/figure>\n\n<p>Han estat guardonats junt amb D\u00e9nia en la categoria de municipis de m\u00e9s de 20.000 habitants les ciutats d&#8217;Alcantarilla (M\u00farcia), Alcobendas (Madrid), Avil\u00e9s (Ast\u00faries), Elda (Alacant), Madrid i Quart de Poblet (Val\u00e8ncia). Les distincions van ser lliurades pel secretari general de la Federaci\u00f3 Espanyola de Municipis i Prov\u00edncies, Luis Mart\u00ednez-Sicluna.<\/p>\n\n<p>Per a la regidora de Benestar Social, el premi \u201c\u00e9s un reconeixement al treball conjunt de tota la comunitat educativa i posa en valor un projecte que neix del nostre comprom\u00eds amb la inf\u00e0ncia i l&#8217;adolesc\u00e8ncia\u201d.<\/p>\n\n<figure class=\"wp-block-image size-large\"><img decoding=\"async\" src=\"https:\/\/canfali.com\/app\/uploads\/2025\/12\/premiabsentisme-1-1024x576.jpg.webp\" alt=\"\" class=\"wp-image-83782\"\/><\/figure>\n\n<p>En aquesta novena edici\u00f3 del concurs han resultat premiats 18 ajuntaments espanyols. Els programes guardonats en cada edici\u00f3 es recopilen en un cat\u00e0leg de bones pr\u00e0ctiques que la FEMP publicar\u00e0 en la seva p\u00e0gina web.<br\/><\/p>\n","protected":false},"excerpt":{"rendered":"La regidora de Benestar Social, Melani Ivars, ha recollit a Madrid el premi al programa d&#8217;atenci\u00f3 pedag\u00f2gica i&hellip;","protected":false},"author":6,"featured_media":83779,"comment_status":"closed","ping_status":"closed","sticky":false,"template":"","format":"standard","meta":{"csco_display_header_overlay":false,"csco_singular_sidebar":"","csco_page_header_type":"","csco_page_load_nextpost":"","csco_post_video_location":[],"csco_post_video_location_hash":"","csco_post_video_url":"","csco_post_video_bg_start_time":0,"csco_post_video_bg_end_time":0,"footnotes":""},"categories":[759],"tags":[1992,5577,5576,5578,853],"class_list":{"0":"post-83791","1":"post","2":"type-post","3":"status-publish","4":"format-standard","5":"has-post-thumbnail","7":"category-educacio","8":"tag-adolescents","9":"tag-atencio-pedagogica","10":"tag-exit-escolar","11":"tag-femp-ca-es","12":"tag-ninos","13":"cs-entry","14":"cs-video-wrap"},"yoast_head":"<!-- This site is optimized with the Yoast SEO Premium plugin v26.6 (Yoast SEO v27.3) - https:\/\/yoast.com\/product\/yoast-seo-premium-wordpress\/ -->\n<title>Premi per a D\u00e9nia pel programa d&#039;\u00e8xit escolar - Canfali<\/title>\n<meta name=\"robots\" content=\"index, follow, max-snippet:-1, max-image-preview:large, max-video-preview:-1\" \/>\n<link rel=\"canonical\" href=\"https:\/\/canfali.com\/ca-es\/premi-per-a-denia-pel-programa-dexit-escolar\/\" \/>\n<meta property=\"og:locale\" content=\"en_US\" \/>\n<meta property=\"og:type\" content=\"article\" \/>\n<meta property=\"og:title\" content=\"Premi per a D\u00e9nia pel programa d&#039;\u00e8xit escolar\" \/>\n<meta property=\"og:description\" content=\"La regidora de Benestar Social, Melani Ivars, ha recollit a Madrid el premi al programa d&#8217;atenci\u00f3 pedag\u00f2gica i&hellip;\" \/>\n<meta property=\"og:url\" content=\"https:\/\/canfali.com\/ca-es\/premi-per-a-denia-pel-programa-dexit-escolar\/\" \/>\n<meta property=\"og:site_name\" content=\"Canfali\" \/>\n<meta property=\"article:publisher\" content=\"https:\/\/es-es.facebook.com\/CANFALIMarinaAlta\" \/>\n<meta property=\"article:published_time\" content=\"2025-12-11T12:50:09+00:00\" \/>\n<meta property=\"article:modified_time\" content=\"2025-12-11T12:54:23+00:00\" \/>\n<meta property=\"og:image\" content=\"https:\/\/canfali.com\/app\/uploads\/2025\/12\/premiabsentisme-2.jpg\" \/>\n\t<meta property=\"og:image:width\" content=\"1600\" \/>\n\t<meta property=\"og:image:height\" content=\"1339\" \/>\n\t<meta property=\"og:image:type\" content=\"image\/jpeg\" \/>\n<meta name=\"author\" content=\"Rosa\" \/>\n<meta name=\"twitter:card\" content=\"summary_large_image\" \/>\n<meta name=\"twitter:creator\" content=\"@canfalima\" \/>\n<meta name=\"twitter:site\" content=\"@canfalima\" \/>\n<meta name=\"twitter:label1\" content=\"Written by\" \/>\n\t<meta name=\"twitter:data1\" content=\"Rosa\" \/>\n\t<meta name=\"twitter:label2\" content=\"Est. reading time\" \/>\n\t<meta name=\"twitter:data2\" content=\"1 minute\" \/>\n<script type=\"application\/ld+json\" class=\"yoast-schema-graph\">{\"@context\":\"https:\\\/\\\/schema.org\",\"@graph\":[{\"@type\":\"NewsArticle\",\"@id\":\"https:\\\/\\\/canfali.com\\\/ca-es\\\/premi-per-a-denia-pel-programa-dexit-escolar\\\/#article\",\"isPartOf\":{\"@id\":\"https:\\\/\\\/canfali.com\\\/ca-es\\\/premi-per-a-denia-pel-programa-dexit-escolar\\\/\"},\"author\":{\"name\":\"Rosa\",\"@id\":\"https:\\\/\\\/canfali.com\\\/ca-es\\\/#\\\/schema\\\/person\\\/c861a7aa2b2495357b95f35bd5d82f88\"},\"headline\":\"Premi per a D\u00e9nia pel programa d&#8217;\u00e8xit escolar\",\"datePublished\":\"2025-12-11T12:50:09+00:00\",\"dateModified\":\"2025-12-11T12:54:23+00:00\",\"mainEntityOfPage\":{\"@id\":\"https:\\\/\\\/canfali.com\\\/ca-es\\\/premi-per-a-denia-pel-programa-dexit-escolar\\\/\"},\"wordCount\":282,\"publisher\":{\"@id\":\"https:\\\/\\\/canfali.com\\\/ca-es\\\/#organization\"},\"image\":{\"@id\":\"https:\\\/\\\/canfali.com\\\/ca-es\\\/premi-per-a-denia-pel-programa-dexit-escolar\\\/#primaryimage\"},\"thumbnailUrl\":\"https:\\\/\\\/canfali.com\\\/app\\\/uploads\\\/2025\\\/12\\\/premiabsentisme-2.jpg\",\"keywords\":[\"adolescents\",\"atenci\u00f3 pedag\u00f2gica\",\"\u00e8xit escolar\",\"FEMP\",\"ni\u00f1os\"],\"articleSection\":[\"Educaci\u00f3\"],\"inLanguage\":\"va-ES\",\"copyrightYear\":\"2025\",\"copyrightHolder\":{\"@id\":\"https:\\\/\\\/canfali.com\\\/#organization\"}},{\"@type\":\"WebPage\",\"@id\":\"https:\\\/\\\/canfali.com\\\/ca-es\\\/premi-per-a-denia-pel-programa-dexit-escolar\\\/\",\"url\":\"https:\\\/\\\/canfali.com\\\/ca-es\\\/premi-per-a-denia-pel-programa-dexit-escolar\\\/\",\"name\":\"Premi per a D\u00e9nia pel programa d'\u00e8xit escolar - Canfali\",\"isPartOf\":{\"@id\":\"https:\\\/\\\/canfali.com\\\/ca-es\\\/#website\"},\"primaryImageOfPage\":{\"@id\":\"https:\\\/\\\/canfali.com\\\/ca-es\\\/premi-per-a-denia-pel-programa-dexit-escolar\\\/#primaryimage\"},\"image\":{\"@id\":\"https:\\\/\\\/canfali.com\\\/ca-es\\\/premi-per-a-denia-pel-programa-dexit-escolar\\\/#primaryimage\"},\"thumbnailUrl\":\"https:\\\/\\\/canfali.com\\\/app\\\/uploads\\\/2025\\\/12\\\/premiabsentisme-2.jpg\",\"datePublished\":\"2025-12-11T12:50:09+00:00\",\"dateModified\":\"2025-12-11T12:54:23+00:00\",\"breadcrumb\":{\"@id\":\"https:\\\/\\\/canfali.com\\\/ca-es\\\/premi-per-a-denia-pel-programa-dexit-escolar\\\/#breadcrumb\"},\"inLanguage\":\"va-ES\",\"potentialAction\":[{\"@type\":\"ReadAction\",\"target\":[\"https:\\\/\\\/canfali.com\\\/ca-es\\\/premi-per-a-denia-pel-programa-dexit-escolar\\\/\"]}]},{\"@type\":\"ImageObject\",\"inLanguage\":\"va-ES\",\"@id\":\"https:\\\/\\\/canfali.com\\\/ca-es\\\/premi-per-a-denia-pel-programa-dexit-escolar\\\/#primaryimage\",\"url\":\"https:\\\/\\\/canfali.com\\\/app\\\/uploads\\\/2025\\\/12\\\/premiabsentisme-2.jpg\",\"contentUrl\":\"https:\\\/\\\/canfali.com\\\/app\\\/uploads\\\/2025\\\/12\\\/premiabsentisme-2.jpg\",\"width\":1600,\"height\":1339},{\"@type\":\"BreadcrumbList\",\"@id\":\"https:\\\/\\\/canfali.com\\\/ca-es\\\/premi-per-a-denia-pel-programa-dexit-escolar\\\/#breadcrumb\",\"itemListElement\":[{\"@type\":\"ListItem\",\"position\":1,\"name\":\"Portada\",\"item\":\"https:\\\/\\\/canfali.com\\\/ca-es\\\/\"},{\"@type\":\"ListItem\",\"position\":2,\"name\":\"Premi per a D\u00e9nia pel programa d&#8217;\u00e8xit escolar\"}]},{\"@type\":\"WebSite\",\"@id\":\"https:\\\/\\\/canfali.com\\\/ca-es\\\/#website\",\"url\":\"https:\\\/\\\/canfali.com\\\/ca-es\\\/\",\"name\":\"Canfali\",\"description\":\"\",\"publisher\":{\"@id\":\"https:\\\/\\\/canfali.com\\\/ca-es\\\/#organization\"},\"potentialAction\":[{\"@type\":\"SearchAction\",\"target\":{\"@type\":\"EntryPoint\",\"urlTemplate\":\"https:\\\/\\\/canfali.com\\\/ca-es\\\/?s={search_term_string}\"},\"query-input\":{\"@type\":\"PropertyValueSpecification\",\"valueRequired\":true,\"valueName\":\"search_term_string\"}}],\"inLanguage\":\"va-ES\"},{\"@type\":\"Organization\",\"@id\":\"https:\\\/\\\/canfali.com\\\/ca-es\\\/#organization\",\"name\":\"Canfali\",\"url\":\"https:\\\/\\\/canfali.com\\\/ca-es\\\/\",\"logo\":{\"@type\":\"ImageObject\",\"inLanguage\":\"va-ES\",\"@id\":\"https:\\\/\\\/canfali.com\\\/ca-es\\\/#\\\/schema\\\/logo\\\/image\\\/\",\"url\":\"https:\\\/\\\/canfali.com\\\/app\\\/uploads\\\/2025\\\/12\\\/canfali_marina_alta_logo.png\",\"contentUrl\":\"https:\\\/\\\/canfali.com\\\/app\\\/uploads\\\/2025\\\/12\\\/canfali_marina_alta_logo.png\",\"width\":225,\"height\":225,\"caption\":\"Canfali\"},\"image\":{\"@id\":\"https:\\\/\\\/canfali.com\\\/ca-es\\\/#\\\/schema\\\/logo\\\/image\\\/\"},\"sameAs\":[\"https:\\\/\\\/es-es.facebook.com\\\/CANFALIMarinaAlta\",\"https:\\\/\\\/x.com\\\/canfalima\",\"https:\\\/\\\/www.instagram.com\\\/canfalimarinaalta\\\/\"]},{\"@type\":\"Person\",\"@id\":\"https:\\\/\\\/canfali.com\\\/ca-es\\\/#\\\/schema\\\/person\\\/c861a7aa2b2495357b95f35bd5d82f88\",\"name\":\"Rosa\",\"image\":{\"@type\":\"ImageObject\",\"inLanguage\":\"va-ES\",\"@id\":\"https:\\\/\\\/secure.gravatar.com\\\/avatar\\\/47fb83d99423a6ef1cf9f83f02a5e91366c671dec76c5c24badf1b0494e1d960?s=96&d=mm&r=g\",\"url\":\"https:\\\/\\\/secure.gravatar.com\\\/avatar\\\/47fb83d99423a6ef1cf9f83f02a5e91366c671dec76c5c24badf1b0494e1d960?s=96&d=mm&r=g\",\"contentUrl\":\"https:\\\/\\\/secure.gravatar.com\\\/avatar\\\/47fb83d99423a6ef1cf9f83f02a5e91366c671dec76c5c24badf1b0494e1d960?s=96&d=mm&r=g\",\"caption\":\"Rosa\"},\"url\":\"https:\\\/\\\/canfali.com\\\/ca-es\\\/author\\\/rosa\\\/\"}]}<\/script>\n<!-- \/ Yoast SEO Premium plugin. -->","yoast_head_json":{"title":"Premi per a D\u00e9nia pel programa d'\u00e8xit escolar - Canfali","robots":{"index":"index","follow":"follow","max-snippet":"max-snippet:-1","max-image-preview":"max-image-preview:large","max-video-preview":"max-video-preview:-1"},"canonical":"https:\/\/canfali.com\/ca-es\/premi-per-a-denia-pel-programa-dexit-escolar\/","og_locale":"en_US","og_type":"article","og_title":"Premi per a D\u00e9nia pel programa d'\u00e8xit escolar","og_description":"La regidora de Benestar Social, Melani Ivars, ha recollit a Madrid el premi al programa d&#8217;atenci\u00f3 pedag\u00f2gica i&hellip;","og_url":"https:\/\/canfali.com\/ca-es\/premi-per-a-denia-pel-programa-dexit-escolar\/","og_site_name":"Canfali","article_publisher":"https:\/\/es-es.facebook.com\/CANFALIMarinaAlta","article_published_time":"2025-12-11T12:50:09+00:00","article_modified_time":"2025-12-11T12:54:23+00:00","og_image":[{"width":1600,"height":1339,"url":"https:\/\/canfali.com\/app\/uploads\/2025\/12\/premiabsentisme-2.jpg","type":"image\/jpeg"}],"author":"Rosa","twitter_card":"summary_large_image","twitter_creator":"@canfalima","twitter_site":"@canfalima","twitter_misc":{"Written by":"Rosa","Est. reading time":"1 minute"},"schema":{"@context":"https:\/\/schema.org","@graph":[{"@type":"NewsArticle","@id":"https:\/\/canfali.com\/ca-es\/premi-per-a-denia-pel-programa-dexit-escolar\/#article","isPartOf":{"@id":"https:\/\/canfali.com\/ca-es\/premi-per-a-denia-pel-programa-dexit-escolar\/"},"author":{"name":"Rosa","@id":"https:\/\/canfali.com\/ca-es\/#\/schema\/person\/c861a7aa2b2495357b95f35bd5d82f88"},"headline":"Premi per a D\u00e9nia pel programa d&#8217;\u00e8xit escolar","datePublished":"2025-12-11T12:50:09+00:00","dateModified":"2025-12-11T12:54:23+00:00","mainEntityOfPage":{"@id":"https:\/\/canfali.com\/ca-es\/premi-per-a-denia-pel-programa-dexit-escolar\/"},"wordCount":282,"publisher":{"@id":"https:\/\/canfali.com\/ca-es\/#organization"},"image":{"@id":"https:\/\/canfali.com\/ca-es\/premi-per-a-denia-pel-programa-dexit-escolar\/#primaryimage"},"thumbnailUrl":"https:\/\/canfali.com\/app\/uploads\/2025\/12\/premiabsentisme-2.jpg","keywords":["adolescents","atenci\u00f3 pedag\u00f2gica","\u00e8xit escolar","FEMP","ni\u00f1os"],"articleSection":["Educaci\u00f3"],"inLanguage":"va-ES","copyrightYear":"2025","copyrightHolder":{"@id":"https:\/\/canfali.com\/#organization"}},{"@type":"WebPage","@id":"https:\/\/canfali.com\/ca-es\/premi-per-a-denia-pel-programa-dexit-escolar\/","url":"https:\/\/canfali.com\/ca-es\/premi-per-a-denia-pel-programa-dexit-escolar\/","name":"Premi per a D\u00e9nia pel programa d'\u00e8xit escolar - Canfali","isPartOf":{"@id":"https:\/\/canfali.com\/ca-es\/#website"},"primaryImageOfPage":{"@id":"https:\/\/canfali.com\/ca-es\/premi-per-a-denia-pel-programa-dexit-escolar\/#primaryimage"},"image":{"@id":"https:\/\/canfali.com\/ca-es\/premi-per-a-denia-pel-programa-dexit-escolar\/#primaryimage"},"thumbnailUrl":"https:\/\/canfali.com\/app\/uploads\/2025\/12\/premiabsentisme-2.jpg","datePublished":"2025-12-11T12:50:09+00:00","dateModified":"2025-12-11T12:54:23+00:00","breadcrumb":{"@id":"https:\/\/canfali.com\/ca-es\/premi-per-a-denia-pel-programa-dexit-escolar\/#breadcrumb"},"inLanguage":"va-ES","potentialAction":[{"@type":"ReadAction","target":["https:\/\/canfali.com\/ca-es\/premi-per-a-denia-pel-programa-dexit-escolar\/"]}]},{"@type":"ImageObject","inLanguage":"va-ES","@id":"https:\/\/canfali.com\/ca-es\/premi-per-a-denia-pel-programa-dexit-escolar\/#primaryimage","url":"https:\/\/canfali.com\/app\/uploads\/2025\/12\/premiabsentisme-2.jpg","contentUrl":"https:\/\/canfali.com\/app\/uploads\/2025\/12\/premiabsentisme-2.jpg","width":1600,"height":1339},{"@type":"BreadcrumbList","@id":"https:\/\/canfali.com\/ca-es\/premi-per-a-denia-pel-programa-dexit-escolar\/#breadcrumb","itemListElement":[{"@type":"ListItem","position":1,"name":"Portada","item":"https:\/\/canfali.com\/ca-es\/"},{"@type":"ListItem","position":2,"name":"Premi per a D\u00e9nia pel programa d&#8217;\u00e8xit escolar"}]},{"@type":"WebSite","@id":"https:\/\/canfali.com\/ca-es\/#website","url":"https:\/\/canfali.com\/ca-es\/","name":"Canfali","description":"","publisher":{"@id":"https:\/\/canfali.com\/ca-es\/#organization"},"potentialAction":[{"@type":"SearchAction","target":{"@type":"EntryPoint","urlTemplate":"https:\/\/canfali.com\/ca-es\/?s={search_term_string}"},"query-input":{"@type":"PropertyValueSpecification","valueRequired":true,"valueName":"search_term_string"}}],"inLanguage":"va-ES"},{"@type":"Organization","@id":"https:\/\/canfali.com\/ca-es\/#organization","name":"Canfali","url":"https:\/\/canfali.com\/ca-es\/","logo":{"@type":"ImageObject","inLanguage":"va-ES","@id":"https:\/\/canfali.com\/ca-es\/#\/schema\/logo\/image\/","url":"https:\/\/canfali.com\/app\/uploads\/2025\/12\/canfali_marina_alta_logo.png","contentUrl":"https:\/\/canfali.com\/app\/uploads\/2025\/12\/canfali_marina_alta_logo.png","width":225,"height":225,"caption":"Canfali"},"image":{"@id":"https:\/\/canfali.com\/ca-es\/#\/schema\/logo\/image\/"},"sameAs":["https:\/\/es-es.facebook.com\/CANFALIMarinaAlta","https:\/\/x.com\/canfalima","https:\/\/www.instagram.com\/canfalimarinaalta\/"]},{"@type":"Person","@id":"https:\/\/canfali.com\/ca-es\/#\/schema\/person\/c861a7aa2b2495357b95f35bd5d82f88","name":"Rosa","image":{"@type":"ImageObject","inLanguage":"va-ES","@id":"https:\/\/secure.gravatar.com\/avatar\/47fb83d99423a6ef1cf9f83f02a5e91366c671dec76c5c24badf1b0494e1d960?s=96&d=mm&r=g","url":"https:\/\/secure.gravatar.com\/avatar\/47fb83d99423a6ef1cf9f83f02a5e91366c671dec76c5c24badf1b0494e1d960?s=96&d=mm&r=g","contentUrl":"https:\/\/secure.gravatar.com\/avatar\/47fb83d99423a6ef1cf9f83f02a5e91366c671dec76c5c24badf1b0494e1d960?s=96&d=mm&r=g","caption":"Rosa"},"url":"https:\/\/canfali.com\/ca-es\/author\/rosa\/"}]}},"_links":{"self":[{"href":"https:\/\/canfali.com\/ca-es\/wp-json\/wp\/v2\/posts\/83791","targetHints":{"allow":["GET"]}}],"collection":[{"href":"https:\/\/canfali.com\/ca-es\/wp-json\/wp\/v2\/posts"}],"about":[{"href":"https:\/\/canfali.com\/ca-es\/wp-json\/wp\/v2\/types\/post"}],"author":[{"embeddable":true,"href":"https:\/\/canfali.com\/ca-es\/wp-json\/wp\/v2\/users\/6"}],"replies":[{"embeddable":true,"href":"https:\/\/canfali.com\/ca-es\/wp-json\/wp\/v2\/comments?post=83791"}],"version-history":[{"count":1,"href":"https:\/\/canfali.com\/ca-es\/wp-json\/wp\/v2\/posts\/83791\/revisions"}],"predecessor-version":[{"id":83792,"href":"https:\/\/canfali.com\/ca-es\/wp-json\/wp\/v2\/posts\/83791\/revisions\/83792"}],"wp:featuredmedia":[{"embeddable":true,"href":"https:\/\/canfali.com\/ca-es\/wp-json\/wp\/v2\/media\/83779"}],"wp:attachment":[{"href":"https:\/\/canfali.com\/ca-es\/wp-json\/wp\/v2\/media?parent=83791"}],"wp:term":[{"taxonomy":"category","embeddable":true,"href":"https:\/\/canfali.com\/ca-es\/wp-json\/wp\/v2\/categories?post=83791"},{"taxonomy":"post_tag","embeddable":true,"href":"https:\/\/canfali.com\/ca-es\/wp-json\/wp\/v2\/tags?post=83791"}],"curies":[{"name":"wp","href":"https:\/\/api.w.org\/{rel}","templated":true}]}}