{"id":83757,"date":"2025-12-11T13:04:55","date_gmt":"2025-12-11T12:04:55","guid":{"rendered":"https:\/\/canfali.com\/?p=83757"},"modified":"2025-12-11T14:07:40","modified_gmt":"2025-12-11T13:07:40","slug":"denia-organitza-visites-guiades-al-marq","status":"publish","type":"post","link":"https:\/\/canfali.com\/ca-es\/denia-organitza-visites-guiades-al-marq\/","title":{"rendered":"D\u00e9nia organitza visites guiades al MARQ"},"content":{"rendered":"\n<p><\/p>\n\n\n\n<p>L\u2019\u00e0rea d\u2019Arqueologia i Museus de l\u2019Ajuntament de D\u00e9nia ha organitzat quatre eixides en minib\u00fas a Alacant per a visitar l\u2019exposici\u00f3 sobre l\u2019arqueologia de la ciutat que s\u2019exhibeix des del mes de novembre en el MARQ. Les eixides, que inclouen una visita guiada, s\u2019han programat per als dies 19, 23 i 30 de desembre i el 2 de gener. L\u2019activitat es realitzar\u00e0 sempre que es facen un m\u00ednim de 20 inscripcions i un m\u00e0xim de 30. Les reserves es poden fer al tel\u00e8fon 966420260 de 9 a 13 hores. Els participants hauran de pagar nom\u00e9s 3 euros pel preu de l\u2019entrada al museu.<\/p>\n\n\n\n<figure class=\"wp-block-gallery has-nested-images columns-default is-cropped wp-block-gallery-15 is-layout-flex wp-block-gallery-is-layout-flex\">\n<figure class=\"wp-block-image size-large\"><img decoding=\"async\" data-id=\"83762\" src=\"https:\/\/canfali.com\/app\/uploads\/2025\/12\/MARQQ-3-1024x683.jpg.webp\" alt=\"\" class=\"wp-image-83762\"\/><\/figure>\n\n\n\n<figure class=\"wp-block-image size-large\"><img decoding=\"async\" data-id=\"83760\" src=\"https:\/\/canfali.com\/app\/uploads\/2025\/12\/MARQQ-6-1024x683.jpg.webp\" alt=\"\" class=\"wp-image-83760\"\/><\/figure>\n<\/figure>\n\n\n\n<figure class=\"wp-block-gallery has-nested-images columns-default is-cropped wp-block-gallery-16 is-layout-flex wp-block-gallery-is-layout-flex\">\n<figure class=\"wp-block-image size-large\"><img decoding=\"async\" data-id=\"83766\" src=\"https:\/\/canfali.com\/app\/uploads\/2025\/12\/MARQQ-2-1024x683.jpg.webp\" alt=\"\" class=\"wp-image-83766\"\/><\/figure>\n\n\n\n<figure class=\"wp-block-image size-large\"><img decoding=\"async\" data-id=\"83764\" src=\"https:\/\/canfali.com\/app\/uploads\/2025\/12\/MARQQ-9-1024x683.jpg.webp\" alt=\"\" class=\"wp-image-83764\"\/><\/figure>\n<\/figure>\n\n\n\n<p><em>D\u00e9nia, arqueologia i museu<\/em> reuneix m\u00e9s de 600 peces del llegat arqueol\u00f2gic de la ciutat que han estat seleccionades per la comiss\u00e0ria de la mostra, l&#8217;arque\u00f2loga Massu Sent\u00ed, i algunes de les quals mai havien estat exposades abans. Destaquen la col\u00b7lecci\u00f3 \u00edntegra de bronzes isl\u00e0mics de Daniya, aix\u00ed com peces procedents del MAN de Madrid, el museu de la catedral de Val\u00e8ncia o el Louvre de Par\u00eds.<\/p>\n\n\n\n<p>El minib\u00fas per a despla\u00e7ar-se a Val\u00e8ncia i gaudir d\u2019una exposici\u00f3 excepcional, que commemora els 40 anys d\u2019arqueologia urbana, eixir\u00e0 pel mat\u00ed des de Torrecremada.<\/p>\n\n\n\n<figure class=\"wp-block-gallery has-nested-images columns-default is-cropped wp-block-gallery-17 is-layout-flex wp-block-gallery-is-layout-flex\">\n<figure class=\"wp-block-image size-large\"><img decoding=\"async\" data-id=\"83768\" src=\"https:\/\/canfali.com\/app\/uploads\/2025\/12\/MARQ-1024x683.jpg.webp\" alt=\"\" class=\"wp-image-83768\"\/><\/figure>\n\n\n\n<figure class=\"wp-block-image size-large\"><img decoding=\"async\" data-id=\"83770\" src=\"https:\/\/canfali.com\/app\/uploads\/2025\/12\/MARQQ-5-1024x683.jpg.webp\" alt=\"\" class=\"wp-image-83770\"\/><\/figure>\n<\/figure>\n\n\n\n<figure class=\"wp-block-gallery has-nested-images columns-default is-cropped wp-block-gallery-18 is-layout-flex wp-block-gallery-is-layout-flex\">\n<figure class=\"wp-block-image size-large\"><img decoding=\"async\" data-id=\"83774\" src=\"https:\/\/canfali.com\/app\/uploads\/2025\/12\/MARQQ-4-1024x683.jpg.webp\" alt=\"\" class=\"wp-image-83774\"\/><\/figure>\n\n\n\n<figure class=\"wp-block-image size-large\"><img decoding=\"async\" data-id=\"83772\" src=\"https:\/\/canfali.com\/app\/uploads\/2025\/12\/MARQQ-8-1024x683.jpg.webp\" alt=\"\" class=\"wp-image-83772\"\/><\/figure>\n<\/figure>\n\n\n\n<h2 class=\"wp-block-heading\"><strong>Un Nadal per a la hist\u00f2ria<\/strong><\/h2>\n\n\n\n<p>Dins de la programaci\u00f3 <em>Un Nadal per a la hist\u00f2ria,<\/em> l\u2019\u00e0rea d\u2019Arqueologia i Museus ha programat v\u00e0ries visites guiades per la ciutat. Els dies 20 i 27 de desembre i 3 de gener es visitar\u00e0 el Museu Arqueol\u00f2gic de D\u00e9nia (MAD). Per al 21 i 28 de desembre s\u2019ha programat la visita al Centre d\u2019Interpretaci\u00f3 \u2018D\u00e9nia, ciutat vigia\u2019 del castell, que es repetir\u00e0 el dia 4 de gener. L\u2019exposici\u00f3 <em>De temor i seda <\/em>del Museu de la Mar es podr\u00e0 visitar amb guia expert el dia 22 de desembre, mentre que les visites per descobrir el castell seran els dies 24 i 31 de desembre. El 29 del mateix mes es far\u00e0 la visita guiada al Museu Etnol\u00f2gic i el 5 de gener, un recorregut pel Museu dels Joguets. Totes les visites de la programaci\u00f3 nadalenca s\u2019han programat a les 11.30 h.<\/p>\n\n\n\n<p><\/p>\n","protected":false},"excerpt":{"rendered":"L\u2019\u00e0rea d\u2019Arqueologia i Museus de l\u2019Ajuntament de D\u00e9nia ha organitzat quatre eixides en minib\u00fas a Alacant per a&hellip;","protected":false},"author":6,"featured_media":83758,"comment_status":"closed","ping_status":"closed","sticky":false,"template":"","format":"standard","meta":{"csco_display_header_overlay":false,"csco_singular_sidebar":"","csco_page_header_type":"","csco_page_load_nextpost":"","csco_post_video_location":[],"csco_post_video_location_hash":"","csco_post_video_url":"","csco_post_video_bg_start_time":0,"csco_post_video_bg_end_time":0,"footnotes":""},"categories":[579],"tags":[1584,5569,5570,5572,5571,2031],"class_list":{"0":"post-83757","1":"post","2":"type-post","3":"status-publish","4":"format-standard","5":"has-post-thumbnail","7":"category-cultura-2","8":"tag-arqueologia-2","9":"tag-bronzes-islamics","10":"tag-daniya","11":"tag-louvre","12":"tag-man","13":"tag-marques-de-denia-ca-es","14":"cs-entry","15":"cs-video-wrap"},"yoast_head":"<!-- This site is optimized with the Yoast SEO Premium plugin v26.6 (Yoast SEO v27.3) - https:\/\/yoast.com\/product\/yoast-seo-premium-wordpress\/ -->\n<title>D\u00e9nia organitza visites guiades al MARQ - Canfali<\/title>\n<meta name=\"robots\" content=\"index, follow, max-snippet:-1, max-image-preview:large, max-video-preview:-1\" \/>\n<link rel=\"canonical\" href=\"https:\/\/canfali.com\/ca-es\/denia-organitza-visites-guiades-al-marq\/\" \/>\n<meta property=\"og:locale\" content=\"en_US\" \/>\n<meta property=\"og:type\" content=\"article\" \/>\n<meta property=\"og:title\" content=\"D\u00e9nia organitza visites guiades al MARQ\" \/>\n<meta property=\"og:description\" content=\"L\u2019\u00e0rea d\u2019Arqueologia i Museus de l\u2019Ajuntament de D\u00e9nia ha organitzat quatre eixides en minib\u00fas a Alacant per a&hellip;\" \/>\n<meta property=\"og:url\" content=\"https:\/\/canfali.com\/ca-es\/denia-organitza-visites-guiades-al-marq\/\" \/>\n<meta property=\"og:site_name\" content=\"Canfali\" \/>\n<meta property=\"article:publisher\" content=\"https:\/\/es-es.facebook.com\/CANFALIMarinaAlta\" \/>\n<meta property=\"article:published_time\" content=\"2025-12-11T12:04:55+00:00\" \/>\n<meta property=\"article:modified_time\" content=\"2025-12-11T13:07:40+00:00\" \/>\n<meta property=\"og:image\" content=\"https:\/\/canfali.com\/app\/uploads\/2025\/12\/MARQ1-scaled.jpg\" \/>\n\t<meta property=\"og:image:width\" content=\"2560\" \/>\n\t<meta property=\"og:image:height\" content=\"1707\" \/>\n\t<meta property=\"og:image:type\" content=\"image\/jpeg\" \/>\n<meta name=\"author\" content=\"Rosa\" \/>\n<meta name=\"twitter:card\" content=\"summary_large_image\" \/>\n<meta name=\"twitter:creator\" content=\"@canfalima\" \/>\n<meta name=\"twitter:site\" content=\"@canfalima\" \/>\n<meta name=\"twitter:label1\" content=\"Written by\" \/>\n\t<meta name=\"twitter:data1\" content=\"Rosa\" \/>\n\t<meta name=\"twitter:label2\" content=\"Est. reading time\" \/>\n\t<meta name=\"twitter:data2\" content=\"2 minutes\" \/>\n<script type=\"application\/ld+json\" class=\"yoast-schema-graph\">{\"@context\":\"https:\\\/\\\/schema.org\",\"@graph\":[{\"@type\":\"NewsArticle\",\"@id\":\"https:\\\/\\\/canfali.com\\\/ca-es\\\/denia-organitza-visites-guiades-al-marq\\\/#article\",\"isPartOf\":{\"@id\":\"https:\\\/\\\/canfali.com\\\/ca-es\\\/denia-organitza-visites-guiades-al-marq\\\/\"},\"author\":{\"name\":\"Rosa\",\"@id\":\"https:\\\/\\\/canfali.com\\\/ca-es\\\/#\\\/schema\\\/person\\\/c861a7aa2b2495357b95f35bd5d82f88\"},\"headline\":\"D\u00e9nia organitza visites guiades al MARQ\",\"datePublished\":\"2025-12-11T12:04:55+00:00\",\"dateModified\":\"2025-12-11T13:07:40+00:00\",\"mainEntityOfPage\":{\"@id\":\"https:\\\/\\\/canfali.com\\\/ca-es\\\/denia-organitza-visites-guiades-al-marq\\\/\"},\"wordCount\":368,\"publisher\":{\"@id\":\"https:\\\/\\\/canfali.com\\\/ca-es\\\/#organization\"},\"image\":{\"@id\":\"https:\\\/\\\/canfali.com\\\/ca-es\\\/denia-organitza-visites-guiades-al-marq\\\/#primaryimage\"},\"thumbnailUrl\":\"https:\\\/\\\/canfali.com\\\/app\\\/uploads\\\/2025\\\/12\\\/MARQ1-scaled.jpg\",\"keywords\":[\"arqueologia\",\"bronzes isl\u00e0mics\",\"Daniya\",\"Louvre\",\"MAN\",\"Marqu\u00e9s de D\u00e9nia\"],\"articleSection\":[\"Cultura\"],\"inLanguage\":\"va-ES\",\"copyrightYear\":\"2025\",\"copyrightHolder\":{\"@id\":\"https:\\\/\\\/canfali.com\\\/#organization\"}},{\"@type\":\"WebPage\",\"@id\":\"https:\\\/\\\/canfali.com\\\/ca-es\\\/denia-organitza-visites-guiades-al-marq\\\/\",\"url\":\"https:\\\/\\\/canfali.com\\\/ca-es\\\/denia-organitza-visites-guiades-al-marq\\\/\",\"name\":\"D\u00e9nia organitza visites guiades al MARQ - Canfali\",\"isPartOf\":{\"@id\":\"https:\\\/\\\/canfali.com\\\/ca-es\\\/#website\"},\"primaryImageOfPage\":{\"@id\":\"https:\\\/\\\/canfali.com\\\/ca-es\\\/denia-organitza-visites-guiades-al-marq\\\/#primaryimage\"},\"image\":{\"@id\":\"https:\\\/\\\/canfali.com\\\/ca-es\\\/denia-organitza-visites-guiades-al-marq\\\/#primaryimage\"},\"thumbnailUrl\":\"https:\\\/\\\/canfali.com\\\/app\\\/uploads\\\/2025\\\/12\\\/MARQ1-scaled.jpg\",\"datePublished\":\"2025-12-11T12:04:55+00:00\",\"dateModified\":\"2025-12-11T13:07:40+00:00\",\"breadcrumb\":{\"@id\":\"https:\\\/\\\/canfali.com\\\/ca-es\\\/denia-organitza-visites-guiades-al-marq\\\/#breadcrumb\"},\"inLanguage\":\"va-ES\",\"potentialAction\":[{\"@type\":\"ReadAction\",\"target\":[\"https:\\\/\\\/canfali.com\\\/ca-es\\\/denia-organitza-visites-guiades-al-marq\\\/\"]}]},{\"@type\":\"ImageObject\",\"inLanguage\":\"va-ES\",\"@id\":\"https:\\\/\\\/canfali.com\\\/ca-es\\\/denia-organitza-visites-guiades-al-marq\\\/#primaryimage\",\"url\":\"https:\\\/\\\/canfali.com\\\/app\\\/uploads\\\/2025\\\/12\\\/MARQ1-scaled.jpg\",\"contentUrl\":\"https:\\\/\\\/canfali.com\\\/app\\\/uploads\\\/2025\\\/12\\\/MARQ1-scaled.jpg\",\"width\":2560,\"height\":1707},{\"@type\":\"BreadcrumbList\",\"@id\":\"https:\\\/\\\/canfali.com\\\/ca-es\\\/denia-organitza-visites-guiades-al-marq\\\/#breadcrumb\",\"itemListElement\":[{\"@type\":\"ListItem\",\"position\":1,\"name\":\"Portada\",\"item\":\"https:\\\/\\\/canfali.com\\\/ca-es\\\/\"},{\"@type\":\"ListItem\",\"position\":2,\"name\":\"D\u00e9nia organitza visites guiades al MARQ\"}]},{\"@type\":\"WebSite\",\"@id\":\"https:\\\/\\\/canfali.com\\\/ca-es\\\/#website\",\"url\":\"https:\\\/\\\/canfali.com\\\/ca-es\\\/\",\"name\":\"Canfali\",\"description\":\"\",\"publisher\":{\"@id\":\"https:\\\/\\\/canfali.com\\\/ca-es\\\/#organization\"},\"potentialAction\":[{\"@type\":\"SearchAction\",\"target\":{\"@type\":\"EntryPoint\",\"urlTemplate\":\"https:\\\/\\\/canfali.com\\\/ca-es\\\/?s={search_term_string}\"},\"query-input\":{\"@type\":\"PropertyValueSpecification\",\"valueRequired\":true,\"valueName\":\"search_term_string\"}}],\"inLanguage\":\"va-ES\"},{\"@type\":\"Organization\",\"@id\":\"https:\\\/\\\/canfali.com\\\/ca-es\\\/#organization\",\"name\":\"Canfali\",\"url\":\"https:\\\/\\\/canfali.com\\\/ca-es\\\/\",\"logo\":{\"@type\":\"ImageObject\",\"inLanguage\":\"va-ES\",\"@id\":\"https:\\\/\\\/canfali.com\\\/ca-es\\\/#\\\/schema\\\/logo\\\/image\\\/\",\"url\":\"https:\\\/\\\/canfali.com\\\/app\\\/uploads\\\/2025\\\/12\\\/canfali_marina_alta_logo.png\",\"contentUrl\":\"https:\\\/\\\/canfali.com\\\/app\\\/uploads\\\/2025\\\/12\\\/canfali_marina_alta_logo.png\",\"width\":225,\"height\":225,\"caption\":\"Canfali\"},\"image\":{\"@id\":\"https:\\\/\\\/canfali.com\\\/ca-es\\\/#\\\/schema\\\/logo\\\/image\\\/\"},\"sameAs\":[\"https:\\\/\\\/es-es.facebook.com\\\/CANFALIMarinaAlta\",\"https:\\\/\\\/x.com\\\/canfalima\",\"https:\\\/\\\/www.instagram.com\\\/canfalimarinaalta\\\/\"]},{\"@type\":\"Person\",\"@id\":\"https:\\\/\\\/canfali.com\\\/ca-es\\\/#\\\/schema\\\/person\\\/c861a7aa2b2495357b95f35bd5d82f88\",\"name\":\"Rosa\",\"image\":{\"@type\":\"ImageObject\",\"inLanguage\":\"va-ES\",\"@id\":\"https:\\\/\\\/secure.gravatar.com\\\/avatar\\\/47fb83d99423a6ef1cf9f83f02a5e91366c671dec76c5c24badf1b0494e1d960?s=96&d=mm&r=g\",\"url\":\"https:\\\/\\\/secure.gravatar.com\\\/avatar\\\/47fb83d99423a6ef1cf9f83f02a5e91366c671dec76c5c24badf1b0494e1d960?s=96&d=mm&r=g\",\"contentUrl\":\"https:\\\/\\\/secure.gravatar.com\\\/avatar\\\/47fb83d99423a6ef1cf9f83f02a5e91366c671dec76c5c24badf1b0494e1d960?s=96&d=mm&r=g\",\"caption\":\"Rosa\"},\"url\":\"https:\\\/\\\/canfali.com\\\/ca-es\\\/author\\\/rosa\\\/\"}]}<\/script>\n<!-- \/ Yoast SEO Premium plugin. -->","yoast_head_json":{"title":"D\u00e9nia organitza visites guiades al MARQ - Canfali","robots":{"index":"index","follow":"follow","max-snippet":"max-snippet:-1","max-image-preview":"max-image-preview:large","max-video-preview":"max-video-preview:-1"},"canonical":"https:\/\/canfali.com\/ca-es\/denia-organitza-visites-guiades-al-marq\/","og_locale":"en_US","og_type":"article","og_title":"D\u00e9nia organitza visites guiades al MARQ","og_description":"L\u2019\u00e0rea d\u2019Arqueologia i Museus de l\u2019Ajuntament de D\u00e9nia ha organitzat quatre eixides en minib\u00fas a Alacant per a&hellip;","og_url":"https:\/\/canfali.com\/ca-es\/denia-organitza-visites-guiades-al-marq\/","og_site_name":"Canfali","article_publisher":"https:\/\/es-es.facebook.com\/CANFALIMarinaAlta","article_published_time":"2025-12-11T12:04:55+00:00","article_modified_time":"2025-12-11T13:07:40+00:00","og_image":[{"width":2560,"height":1707,"url":"https:\/\/canfali.com\/app\/uploads\/2025\/12\/MARQ1-scaled.jpg","type":"image\/jpeg"}],"author":"Rosa","twitter_card":"summary_large_image","twitter_creator":"@canfalima","twitter_site":"@canfalima","twitter_misc":{"Written by":"Rosa","Est. reading time":"2 minutes"},"schema":{"@context":"https:\/\/schema.org","@graph":[{"@type":"NewsArticle","@id":"https:\/\/canfali.com\/ca-es\/denia-organitza-visites-guiades-al-marq\/#article","isPartOf":{"@id":"https:\/\/canfali.com\/ca-es\/denia-organitza-visites-guiades-al-marq\/"},"author":{"name":"Rosa","@id":"https:\/\/canfali.com\/ca-es\/#\/schema\/person\/c861a7aa2b2495357b95f35bd5d82f88"},"headline":"D\u00e9nia organitza visites guiades al MARQ","datePublished":"2025-12-11T12:04:55+00:00","dateModified":"2025-12-11T13:07:40+00:00","mainEntityOfPage":{"@id":"https:\/\/canfali.com\/ca-es\/denia-organitza-visites-guiades-al-marq\/"},"wordCount":368,"publisher":{"@id":"https:\/\/canfali.com\/ca-es\/#organization"},"image":{"@id":"https:\/\/canfali.com\/ca-es\/denia-organitza-visites-guiades-al-marq\/#primaryimage"},"thumbnailUrl":"https:\/\/canfali.com\/app\/uploads\/2025\/12\/MARQ1-scaled.jpg","keywords":["arqueologia","bronzes isl\u00e0mics","Daniya","Louvre","MAN","Marqu\u00e9s de D\u00e9nia"],"articleSection":["Cultura"],"inLanguage":"va-ES","copyrightYear":"2025","copyrightHolder":{"@id":"https:\/\/canfali.com\/#organization"}},{"@type":"WebPage","@id":"https:\/\/canfali.com\/ca-es\/denia-organitza-visites-guiades-al-marq\/","url":"https:\/\/canfali.com\/ca-es\/denia-organitza-visites-guiades-al-marq\/","name":"D\u00e9nia organitza visites guiades al MARQ - Canfali","isPartOf":{"@id":"https:\/\/canfali.com\/ca-es\/#website"},"primaryImageOfPage":{"@id":"https:\/\/canfali.com\/ca-es\/denia-organitza-visites-guiades-al-marq\/#primaryimage"},"image":{"@id":"https:\/\/canfali.com\/ca-es\/denia-organitza-visites-guiades-al-marq\/#primaryimage"},"thumbnailUrl":"https:\/\/canfali.com\/app\/uploads\/2025\/12\/MARQ1-scaled.jpg","datePublished":"2025-12-11T12:04:55+00:00","dateModified":"2025-12-11T13:07:40+00:00","breadcrumb":{"@id":"https:\/\/canfali.com\/ca-es\/denia-organitza-visites-guiades-al-marq\/#breadcrumb"},"inLanguage":"va-ES","potentialAction":[{"@type":"ReadAction","target":["https:\/\/canfali.com\/ca-es\/denia-organitza-visites-guiades-al-marq\/"]}]},{"@type":"ImageObject","inLanguage":"va-ES","@id":"https:\/\/canfali.com\/ca-es\/denia-organitza-visites-guiades-al-marq\/#primaryimage","url":"https:\/\/canfali.com\/app\/uploads\/2025\/12\/MARQ1-scaled.jpg","contentUrl":"https:\/\/canfali.com\/app\/uploads\/2025\/12\/MARQ1-scaled.jpg","width":2560,"height":1707},{"@type":"BreadcrumbList","@id":"https:\/\/canfali.com\/ca-es\/denia-organitza-visites-guiades-al-marq\/#breadcrumb","itemListElement":[{"@type":"ListItem","position":1,"name":"Portada","item":"https:\/\/canfali.com\/ca-es\/"},{"@type":"ListItem","position":2,"name":"D\u00e9nia organitza visites guiades al MARQ"}]},{"@type":"WebSite","@id":"https:\/\/canfali.com\/ca-es\/#website","url":"https:\/\/canfali.com\/ca-es\/","name":"Canfali","description":"","publisher":{"@id":"https:\/\/canfali.com\/ca-es\/#organization"},"potentialAction":[{"@type":"SearchAction","target":{"@type":"EntryPoint","urlTemplate":"https:\/\/canfali.com\/ca-es\/?s={search_term_string}"},"query-input":{"@type":"PropertyValueSpecification","valueRequired":true,"valueName":"search_term_string"}}],"inLanguage":"va-ES"},{"@type":"Organization","@id":"https:\/\/canfali.com\/ca-es\/#organization","name":"Canfali","url":"https:\/\/canfali.com\/ca-es\/","logo":{"@type":"ImageObject","inLanguage":"va-ES","@id":"https:\/\/canfali.com\/ca-es\/#\/schema\/logo\/image\/","url":"https:\/\/canfali.com\/app\/uploads\/2025\/12\/canfali_marina_alta_logo.png","contentUrl":"https:\/\/canfali.com\/app\/uploads\/2025\/12\/canfali_marina_alta_logo.png","width":225,"height":225,"caption":"Canfali"},"image":{"@id":"https:\/\/canfali.com\/ca-es\/#\/schema\/logo\/image\/"},"sameAs":["https:\/\/es-es.facebook.com\/CANFALIMarinaAlta","https:\/\/x.com\/canfalima","https:\/\/www.instagram.com\/canfalimarinaalta\/"]},{"@type":"Person","@id":"https:\/\/canfali.com\/ca-es\/#\/schema\/person\/c861a7aa2b2495357b95f35bd5d82f88","name":"Rosa","image":{"@type":"ImageObject","inLanguage":"va-ES","@id":"https:\/\/secure.gravatar.com\/avatar\/47fb83d99423a6ef1cf9f83f02a5e91366c671dec76c5c24badf1b0494e1d960?s=96&d=mm&r=g","url":"https:\/\/secure.gravatar.com\/avatar\/47fb83d99423a6ef1cf9f83f02a5e91366c671dec76c5c24badf1b0494e1d960?s=96&d=mm&r=g","contentUrl":"https:\/\/secure.gravatar.com\/avatar\/47fb83d99423a6ef1cf9f83f02a5e91366c671dec76c5c24badf1b0494e1d960?s=96&d=mm&r=g","caption":"Rosa"},"url":"https:\/\/canfali.com\/ca-es\/author\/rosa\/"}]}},"_links":{"self":[{"href":"https:\/\/canfali.com\/ca-es\/wp-json\/wp\/v2\/posts\/83757","targetHints":{"allow":["GET"]}}],"collection":[{"href":"https:\/\/canfali.com\/ca-es\/wp-json\/wp\/v2\/posts"}],"about":[{"href":"https:\/\/canfali.com\/ca-es\/wp-json\/wp\/v2\/types\/post"}],"author":[{"embeddable":true,"href":"https:\/\/canfali.com\/ca-es\/wp-json\/wp\/v2\/users\/6"}],"replies":[{"embeddable":true,"href":"https:\/\/canfali.com\/ca-es\/wp-json\/wp\/v2\/comments?post=83757"}],"version-history":[{"count":2,"href":"https:\/\/canfali.com\/ca-es\/wp-json\/wp\/v2\/posts\/83757\/revisions"}],"predecessor-version":[{"id":83795,"href":"https:\/\/canfali.com\/ca-es\/wp-json\/wp\/v2\/posts\/83757\/revisions\/83795"}],"wp:featuredmedia":[{"embeddable":true,"href":"https:\/\/canfali.com\/ca-es\/wp-json\/wp\/v2\/media\/83758"}],"wp:attachment":[{"href":"https:\/\/canfali.com\/ca-es\/wp-json\/wp\/v2\/media?parent=83757"}],"wp:term":[{"taxonomy":"category","embeddable":true,"href":"https:\/\/canfali.com\/ca-es\/wp-json\/wp\/v2\/categories?post=83757"},{"taxonomy":"post_tag","embeddable":true,"href":"https:\/\/canfali.com\/ca-es\/wp-json\/wp\/v2\/tags?post=83757"}],"curies":[{"name":"wp","href":"https:\/\/api.w.org\/{rel}","templated":true}]}}