{"id":83749,"date":"2025-12-11T12:05:57","date_gmt":"2025-12-11T11:05:57","guid":{"rendered":"https:\/\/canfali.com\/lensenyament-publica-en-peu-de-guerra\/"},"modified":"2025-12-11T12:17:15","modified_gmt":"2025-12-11T11:17:15","slug":"lensenyament-publica-en-peu-de-guerra","status":"publish","type":"post","link":"https:\/\/canfali.com\/ca-es\/lensenyament-publica-en-peu-de-guerra\/","title":{"rendered":"L&#8217;ensenyament p\u00fablic en peu de guerra"},"content":{"rendered":"\n<figure class=\"wp-block-image size-large\"><img decoding=\"async\" src=\"https:\/\/canfali.com\/app\/uploads\/2025\/12\/4490283b-d8ae-4bdc-828a-1506cc98dd21-1024x768.jpg.webp\" alt=\"\" class=\"wp-image-83740\"\/><\/figure>\n\n<p>Al govern de la Generalitat se li ha obert un nou front de protestes. Professors, sindicats i representants pol\u00edtics de la Marina Alta s&#8217;han congregat este dijous en la pla\u00e7a de la Constituci\u00f3 de D\u00e9nia coincidint amb la primera jornada d&#8217;una s\u00e8rie de mobilitzacions per a exigir millores laborals. Els sindicats s&#8217;han unit a l&#8217;hora d&#8217;organitzar les protestes i elaborar un comunicat. STEPV, CCOO, UGT i CSIF han advertit que les mobilitzacions continuaran al gener, i si no hi ha reacci\u00f3 per part de la Conselleria, seguiran al febrer, mar\u00e7, abril i podria culminar al maig amb una vaga indefinida.<br\/><br\/><\/p>\n\n<p>Entre les principals reivindicacions, el manifest subratlla la necessitat de recuperar el poder adquisitiu perdut, amb una cl\u00e0usula de revisi\u00f3 salarial concorde a l&#8217;IPC, i l&#8217;exig\u00e8ncia de no ser el territori pitjor pagat de l&#8217;Estat. Tamb\u00e9 es reclama la reducci\u00f3 de les r\u00e0tios d&#8217;alumnat per a evitar la sobrec\u00e0rrega de treball i permetre una atenci\u00f3 m\u00e9s individualitzada, aix\u00ed com la reversi\u00f3 de les retallades de plantilles docents que han afectat especialment la Formaci\u00f3 Professional, la Formaci\u00f3 de Persones Adultes (FPA), les Escoles Oficials d&#8217;Idiomes (EOI) i els conservatoris.<br\/><br\/><\/p>\n\n<p>S&#8217;exigix la cobertura immediata de totes les places, vacants i substitucions, l&#8217;eliminaci\u00f3 de la burocr\u00e0cia innecess\u00e0ria per a centrar el treball en la doc\u00e8ncia, i unes instal\u00b7lacions educatives dignes, segures i adaptades. Quant a la llengua, es demana que es respecte i potencie el valenci\u00e0 en l&#8217;ensenyan\u00e7a, substituint l&#8217;actual llei de llibertat educativa.<br\/><br\/><\/p>\n\n<p>A m\u00e9s, es demanda la recuperaci\u00f3 de la dotaci\u00f3 pressupost\u00e0ria de 121 milions d&#8217;euros retallada en infraestructures educatives i el Pla Edificant. Per al Personal d&#8217;Atenci\u00f3 Educativa (PAE) i Personal d&#8217;Administraci\u00f3 i Servicis (PAS), es reclama l&#8217;aplicaci\u00f3 immediata d&#8217;acords pendents, la dignificaci\u00f3 de totes les categories, reclassificaci\u00f3 i reconeixement professional.<br\/><br\/><br\/><\/p>\n\n<p>Els sindicats insten nova consellera d&#8217;Educaci\u00f3, Maria Carmen Ort\u00ed, i al president de la Generalitat Valenciana, Juanfran P\u00e9rez Llorca, a asseure&#8217;s a negociar com m\u00e9s prompte millor per a evitar la continu\u00eftat del conflicte. Asseguren que la societat valenciana necessita una educaci\u00f3 p\u00fablica forta i que no permetran que la inacci\u00f3 pose en risc el benestar de l&#8217;alumnat ni la dignitat dels professionals.<br\/><\/p>\n","protected":false},"excerpt":{"rendered":"Al govern de la Generalitat se li ha obert un nou front de protestes. Professors, sindicats i representants&hellip;","protected":false},"author":7,"featured_media":83739,"comment_status":"closed","ping_status":"closed","sticky":false,"template":"","format":"standard","meta":{"csco_display_header_overlay":false,"csco_singular_sidebar":"","csco_page_header_type":"","csco_page_load_nextpost":"","csco_post_video_location":[],"csco_post_video_location_hash":"","csco_post_video_url":"","csco_post_video_bg_start_time":0,"csco_post_video_bg_end_time":0,"footnotes":""},"categories":[759],"tags":[2760,2762,5322,5567],"class_list":{"0":"post-83749","1":"post","2":"type-post","3":"status-publish","4":"format-standard","5":"has-post-thumbnail","7":"category-educacio","8":"tag-conselleria-ca-es","9":"tag-professorat","10":"tag-retallades","11":"tag-vaga","12":"cs-entry","13":"cs-video-wrap"},"yoast_head":"<!-- This site is optimized with the Yoast SEO Premium plugin v26.6 (Yoast SEO v27.3) - https:\/\/yoast.com\/product\/yoast-seo-premium-wordpress\/ -->\n<title>L&#039;ensenyament p\u00fablic en peu de guerra - Canfali<\/title>\n<meta name=\"robots\" content=\"index, follow, max-snippet:-1, max-image-preview:large, max-video-preview:-1\" \/>\n<link rel=\"canonical\" href=\"https:\/\/canfali.com\/ca-es\/lensenyament-publica-en-peu-de-guerra\/\" \/>\n<meta property=\"og:locale\" content=\"en_US\" \/>\n<meta property=\"og:type\" content=\"article\" \/>\n<meta property=\"og:title\" content=\"L&#039;ensenyament p\u00fablic en peu de guerra\" \/>\n<meta property=\"og:description\" content=\"Al govern de la Generalitat se li ha obert un nou front de protestes. Professors, sindicats i representants&hellip;\" \/>\n<meta property=\"og:url\" content=\"https:\/\/canfali.com\/ca-es\/lensenyament-publica-en-peu-de-guerra\/\" \/>\n<meta property=\"og:site_name\" content=\"Canfali\" \/>\n<meta property=\"article:publisher\" content=\"https:\/\/es-es.facebook.com\/CANFALIMarinaAlta\" \/>\n<meta property=\"article:published_time\" content=\"2025-12-11T11:05:57+00:00\" \/>\n<meta property=\"article:modified_time\" content=\"2025-12-11T11:17:15+00:00\" \/>\n<meta property=\"og:image\" content=\"https:\/\/canfali.com\/app\/uploads\/2025\/12\/ffe812e7-b050-427d-a173-d335093a14f7.jpg\" \/>\n\t<meta property=\"og:image:width\" content=\"2048\" \/>\n\t<meta property=\"og:image:height\" content=\"1536\" \/>\n\t<meta property=\"og:image:type\" content=\"image\/jpeg\" \/>\n<meta name=\"author\" content=\"Bolta\" \/>\n<meta name=\"twitter:card\" content=\"summary_large_image\" \/>\n<meta name=\"twitter:creator\" content=\"@canfalima\" \/>\n<meta name=\"twitter:site\" content=\"@canfalima\" \/>\n<meta name=\"twitter:label1\" content=\"Written by\" \/>\n\t<meta name=\"twitter:data1\" content=\"Bolta\" \/>\n\t<meta name=\"twitter:label2\" content=\"Est. reading time\" \/>\n\t<meta name=\"twitter:data2\" content=\"2 minutes\" \/>\n<script type=\"application\/ld+json\" class=\"yoast-schema-graph\">{\"@context\":\"https:\\\/\\\/schema.org\",\"@graph\":[{\"@type\":\"NewsArticle\",\"@id\":\"https:\\\/\\\/canfali.com\\\/ca-es\\\/lensenyament-publica-en-peu-de-guerra\\\/#article\",\"isPartOf\":{\"@id\":\"https:\\\/\\\/canfali.com\\\/ca-es\\\/lensenyament-publica-en-peu-de-guerra\\\/\"},\"author\":{\"name\":\"Bolta\",\"@id\":\"https:\\\/\\\/canfali.com\\\/ca-es\\\/#\\\/schema\\\/person\\\/9c651adc904f3c4e0243f54407751557\"},\"headline\":\"L&#8217;ensenyament p\u00fablic en peu de guerra\",\"datePublished\":\"2025-12-11T11:05:57+00:00\",\"dateModified\":\"2025-12-11T11:17:15+00:00\",\"mainEntityOfPage\":{\"@id\":\"https:\\\/\\\/canfali.com\\\/ca-es\\\/lensenyament-publica-en-peu-de-guerra\\\/\"},\"wordCount\":403,\"publisher\":{\"@id\":\"https:\\\/\\\/canfali.com\\\/ca-es\\\/#organization\"},\"image\":{\"@id\":\"https:\\\/\\\/canfali.com\\\/ca-es\\\/lensenyament-publica-en-peu-de-guerra\\\/#primaryimage\"},\"thumbnailUrl\":\"https:\\\/\\\/canfali.com\\\/app\\\/uploads\\\/2025\\\/12\\\/ffe812e7-b050-427d-a173-d335093a14f7.jpg\",\"keywords\":[\"Conselleria\",\"professorat\",\"retallades\",\"vaga\"],\"articleSection\":[\"Educaci\u00f3\"],\"inLanguage\":\"va-ES\",\"copyrightYear\":\"2025\",\"copyrightHolder\":{\"@id\":\"https:\\\/\\\/canfali.com\\\/#organization\"}},{\"@type\":\"WebPage\",\"@id\":\"https:\\\/\\\/canfali.com\\\/ca-es\\\/lensenyament-publica-en-peu-de-guerra\\\/\",\"url\":\"https:\\\/\\\/canfali.com\\\/ca-es\\\/lensenyament-publica-en-peu-de-guerra\\\/\",\"name\":\"L'ensenyament p\u00fablic en peu de guerra - Canfali\",\"isPartOf\":{\"@id\":\"https:\\\/\\\/canfali.com\\\/ca-es\\\/#website\"},\"primaryImageOfPage\":{\"@id\":\"https:\\\/\\\/canfali.com\\\/ca-es\\\/lensenyament-publica-en-peu-de-guerra\\\/#primaryimage\"},\"image\":{\"@id\":\"https:\\\/\\\/canfali.com\\\/ca-es\\\/lensenyament-publica-en-peu-de-guerra\\\/#primaryimage\"},\"thumbnailUrl\":\"https:\\\/\\\/canfali.com\\\/app\\\/uploads\\\/2025\\\/12\\\/ffe812e7-b050-427d-a173-d335093a14f7.jpg\",\"datePublished\":\"2025-12-11T11:05:57+00:00\",\"dateModified\":\"2025-12-11T11:17:15+00:00\",\"breadcrumb\":{\"@id\":\"https:\\\/\\\/canfali.com\\\/ca-es\\\/lensenyament-publica-en-peu-de-guerra\\\/#breadcrumb\"},\"inLanguage\":\"va-ES\",\"potentialAction\":[{\"@type\":\"ReadAction\",\"target\":[\"https:\\\/\\\/canfali.com\\\/ca-es\\\/lensenyament-publica-en-peu-de-guerra\\\/\"]}]},{\"@type\":\"ImageObject\",\"inLanguage\":\"va-ES\",\"@id\":\"https:\\\/\\\/canfali.com\\\/ca-es\\\/lensenyament-publica-en-peu-de-guerra\\\/#primaryimage\",\"url\":\"https:\\\/\\\/canfali.com\\\/app\\\/uploads\\\/2025\\\/12\\\/ffe812e7-b050-427d-a173-d335093a14f7.jpg\",\"contentUrl\":\"https:\\\/\\\/canfali.com\\\/app\\\/uploads\\\/2025\\\/12\\\/ffe812e7-b050-427d-a173-d335093a14f7.jpg\",\"width\":2048,\"height\":1536},{\"@type\":\"BreadcrumbList\",\"@id\":\"https:\\\/\\\/canfali.com\\\/ca-es\\\/lensenyament-publica-en-peu-de-guerra\\\/#breadcrumb\",\"itemListElement\":[{\"@type\":\"ListItem\",\"position\":1,\"name\":\"Portada\",\"item\":\"https:\\\/\\\/canfali.com\\\/ca-es\\\/\"},{\"@type\":\"ListItem\",\"position\":2,\"name\":\"L&#8217;ensenyament p\u00fablic en peu de guerra\"}]},{\"@type\":\"WebSite\",\"@id\":\"https:\\\/\\\/canfali.com\\\/ca-es\\\/#website\",\"url\":\"https:\\\/\\\/canfali.com\\\/ca-es\\\/\",\"name\":\"Canfali\",\"description\":\"\",\"publisher\":{\"@id\":\"https:\\\/\\\/canfali.com\\\/ca-es\\\/#organization\"},\"potentialAction\":[{\"@type\":\"SearchAction\",\"target\":{\"@type\":\"EntryPoint\",\"urlTemplate\":\"https:\\\/\\\/canfali.com\\\/ca-es\\\/?s={search_term_string}\"},\"query-input\":{\"@type\":\"PropertyValueSpecification\",\"valueRequired\":true,\"valueName\":\"search_term_string\"}}],\"inLanguage\":\"va-ES\"},{\"@type\":\"Organization\",\"@id\":\"https:\\\/\\\/canfali.com\\\/ca-es\\\/#organization\",\"name\":\"Canfali\",\"url\":\"https:\\\/\\\/canfali.com\\\/ca-es\\\/\",\"logo\":{\"@type\":\"ImageObject\",\"inLanguage\":\"va-ES\",\"@id\":\"https:\\\/\\\/canfali.com\\\/ca-es\\\/#\\\/schema\\\/logo\\\/image\\\/\",\"url\":\"https:\\\/\\\/canfali.com\\\/app\\\/uploads\\\/2025\\\/12\\\/canfali_marina_alta_logo.png\",\"contentUrl\":\"https:\\\/\\\/canfali.com\\\/app\\\/uploads\\\/2025\\\/12\\\/canfali_marina_alta_logo.png\",\"width\":225,\"height\":225,\"caption\":\"Canfali\"},\"image\":{\"@id\":\"https:\\\/\\\/canfali.com\\\/ca-es\\\/#\\\/schema\\\/logo\\\/image\\\/\"},\"sameAs\":[\"https:\\\/\\\/es-es.facebook.com\\\/CANFALIMarinaAlta\",\"https:\\\/\\\/x.com\\\/canfalima\",\"https:\\\/\\\/www.instagram.com\\\/canfalimarinaalta\\\/\"]},{\"@type\":\"Person\",\"@id\":\"https:\\\/\\\/canfali.com\\\/ca-es\\\/#\\\/schema\\\/person\\\/9c651adc904f3c4e0243f54407751557\",\"name\":\"Bolta\",\"image\":{\"@type\":\"ImageObject\",\"inLanguage\":\"va-ES\",\"@id\":\"https:\\\/\\\/secure.gravatar.com\\\/avatar\\\/550a5d97fe3cfba5caf077b9600e46529e1977e9d14396836e775d6d9d895a81?s=96&d=mm&r=g\",\"url\":\"https:\\\/\\\/secure.gravatar.com\\\/avatar\\\/550a5d97fe3cfba5caf077b9600e46529e1977e9d14396836e775d6d9d895a81?s=96&d=mm&r=g\",\"contentUrl\":\"https:\\\/\\\/secure.gravatar.com\\\/avatar\\\/550a5d97fe3cfba5caf077b9600e46529e1977e9d14396836e775d6d9d895a81?s=96&d=mm&r=g\",\"caption\":\"Bolta\"},\"url\":\"https:\\\/\\\/canfali.com\\\/ca-es\\\/author\\\/bolta\\\/\"}]}<\/script>\n<!-- \/ Yoast SEO Premium plugin. -->","yoast_head_json":{"title":"L'ensenyament p\u00fablic en peu de guerra - Canfali","robots":{"index":"index","follow":"follow","max-snippet":"max-snippet:-1","max-image-preview":"max-image-preview:large","max-video-preview":"max-video-preview:-1"},"canonical":"https:\/\/canfali.com\/ca-es\/lensenyament-publica-en-peu-de-guerra\/","og_locale":"en_US","og_type":"article","og_title":"L'ensenyament p\u00fablic en peu de guerra","og_description":"Al govern de la Generalitat se li ha obert un nou front de protestes. Professors, sindicats i representants&hellip;","og_url":"https:\/\/canfali.com\/ca-es\/lensenyament-publica-en-peu-de-guerra\/","og_site_name":"Canfali","article_publisher":"https:\/\/es-es.facebook.com\/CANFALIMarinaAlta","article_published_time":"2025-12-11T11:05:57+00:00","article_modified_time":"2025-12-11T11:17:15+00:00","og_image":[{"width":2048,"height":1536,"url":"https:\/\/canfali.com\/app\/uploads\/2025\/12\/ffe812e7-b050-427d-a173-d335093a14f7.jpg","type":"image\/jpeg"}],"author":"Bolta","twitter_card":"summary_large_image","twitter_creator":"@canfalima","twitter_site":"@canfalima","twitter_misc":{"Written by":"Bolta","Est. reading time":"2 minutes"},"schema":{"@context":"https:\/\/schema.org","@graph":[{"@type":"NewsArticle","@id":"https:\/\/canfali.com\/ca-es\/lensenyament-publica-en-peu-de-guerra\/#article","isPartOf":{"@id":"https:\/\/canfali.com\/ca-es\/lensenyament-publica-en-peu-de-guerra\/"},"author":{"name":"Bolta","@id":"https:\/\/canfali.com\/ca-es\/#\/schema\/person\/9c651adc904f3c4e0243f54407751557"},"headline":"L&#8217;ensenyament p\u00fablic en peu de guerra","datePublished":"2025-12-11T11:05:57+00:00","dateModified":"2025-12-11T11:17:15+00:00","mainEntityOfPage":{"@id":"https:\/\/canfali.com\/ca-es\/lensenyament-publica-en-peu-de-guerra\/"},"wordCount":403,"publisher":{"@id":"https:\/\/canfali.com\/ca-es\/#organization"},"image":{"@id":"https:\/\/canfali.com\/ca-es\/lensenyament-publica-en-peu-de-guerra\/#primaryimage"},"thumbnailUrl":"https:\/\/canfali.com\/app\/uploads\/2025\/12\/ffe812e7-b050-427d-a173-d335093a14f7.jpg","keywords":["Conselleria","professorat","retallades","vaga"],"articleSection":["Educaci\u00f3"],"inLanguage":"va-ES","copyrightYear":"2025","copyrightHolder":{"@id":"https:\/\/canfali.com\/#organization"}},{"@type":"WebPage","@id":"https:\/\/canfali.com\/ca-es\/lensenyament-publica-en-peu-de-guerra\/","url":"https:\/\/canfali.com\/ca-es\/lensenyament-publica-en-peu-de-guerra\/","name":"L'ensenyament p\u00fablic en peu de guerra - Canfali","isPartOf":{"@id":"https:\/\/canfali.com\/ca-es\/#website"},"primaryImageOfPage":{"@id":"https:\/\/canfali.com\/ca-es\/lensenyament-publica-en-peu-de-guerra\/#primaryimage"},"image":{"@id":"https:\/\/canfali.com\/ca-es\/lensenyament-publica-en-peu-de-guerra\/#primaryimage"},"thumbnailUrl":"https:\/\/canfali.com\/app\/uploads\/2025\/12\/ffe812e7-b050-427d-a173-d335093a14f7.jpg","datePublished":"2025-12-11T11:05:57+00:00","dateModified":"2025-12-11T11:17:15+00:00","breadcrumb":{"@id":"https:\/\/canfali.com\/ca-es\/lensenyament-publica-en-peu-de-guerra\/#breadcrumb"},"inLanguage":"va-ES","potentialAction":[{"@type":"ReadAction","target":["https:\/\/canfali.com\/ca-es\/lensenyament-publica-en-peu-de-guerra\/"]}]},{"@type":"ImageObject","inLanguage":"va-ES","@id":"https:\/\/canfali.com\/ca-es\/lensenyament-publica-en-peu-de-guerra\/#primaryimage","url":"https:\/\/canfali.com\/app\/uploads\/2025\/12\/ffe812e7-b050-427d-a173-d335093a14f7.jpg","contentUrl":"https:\/\/canfali.com\/app\/uploads\/2025\/12\/ffe812e7-b050-427d-a173-d335093a14f7.jpg","width":2048,"height":1536},{"@type":"BreadcrumbList","@id":"https:\/\/canfali.com\/ca-es\/lensenyament-publica-en-peu-de-guerra\/#breadcrumb","itemListElement":[{"@type":"ListItem","position":1,"name":"Portada","item":"https:\/\/canfali.com\/ca-es\/"},{"@type":"ListItem","position":2,"name":"L&#8217;ensenyament p\u00fablic en peu de guerra"}]},{"@type":"WebSite","@id":"https:\/\/canfali.com\/ca-es\/#website","url":"https:\/\/canfali.com\/ca-es\/","name":"Canfali","description":"","publisher":{"@id":"https:\/\/canfali.com\/ca-es\/#organization"},"potentialAction":[{"@type":"SearchAction","target":{"@type":"EntryPoint","urlTemplate":"https:\/\/canfali.com\/ca-es\/?s={search_term_string}"},"query-input":{"@type":"PropertyValueSpecification","valueRequired":true,"valueName":"search_term_string"}}],"inLanguage":"va-ES"},{"@type":"Organization","@id":"https:\/\/canfali.com\/ca-es\/#organization","name":"Canfali","url":"https:\/\/canfali.com\/ca-es\/","logo":{"@type":"ImageObject","inLanguage":"va-ES","@id":"https:\/\/canfali.com\/ca-es\/#\/schema\/logo\/image\/","url":"https:\/\/canfali.com\/app\/uploads\/2025\/12\/canfali_marina_alta_logo.png","contentUrl":"https:\/\/canfali.com\/app\/uploads\/2025\/12\/canfali_marina_alta_logo.png","width":225,"height":225,"caption":"Canfali"},"image":{"@id":"https:\/\/canfali.com\/ca-es\/#\/schema\/logo\/image\/"},"sameAs":["https:\/\/es-es.facebook.com\/CANFALIMarinaAlta","https:\/\/x.com\/canfalima","https:\/\/www.instagram.com\/canfalimarinaalta\/"]},{"@type":"Person","@id":"https:\/\/canfali.com\/ca-es\/#\/schema\/person\/9c651adc904f3c4e0243f54407751557","name":"Bolta","image":{"@type":"ImageObject","inLanguage":"va-ES","@id":"https:\/\/secure.gravatar.com\/avatar\/550a5d97fe3cfba5caf077b9600e46529e1977e9d14396836e775d6d9d895a81?s=96&d=mm&r=g","url":"https:\/\/secure.gravatar.com\/avatar\/550a5d97fe3cfba5caf077b9600e46529e1977e9d14396836e775d6d9d895a81?s=96&d=mm&r=g","contentUrl":"https:\/\/secure.gravatar.com\/avatar\/550a5d97fe3cfba5caf077b9600e46529e1977e9d14396836e775d6d9d895a81?s=96&d=mm&r=g","caption":"Bolta"},"url":"https:\/\/canfali.com\/ca-es\/author\/bolta\/"}]}},"_links":{"self":[{"href":"https:\/\/canfali.com\/ca-es\/wp-json\/wp\/v2\/posts\/83749","targetHints":{"allow":["GET"]}}],"collection":[{"href":"https:\/\/canfali.com\/ca-es\/wp-json\/wp\/v2\/posts"}],"about":[{"href":"https:\/\/canfali.com\/ca-es\/wp-json\/wp\/v2\/types\/post"}],"author":[{"embeddable":true,"href":"https:\/\/canfali.com\/ca-es\/wp-json\/wp\/v2\/users\/7"}],"replies":[{"embeddable":true,"href":"https:\/\/canfali.com\/ca-es\/wp-json\/wp\/v2\/comments?post=83749"}],"version-history":[{"count":3,"href":"https:\/\/canfali.com\/ca-es\/wp-json\/wp\/v2\/posts\/83749\/revisions"}],"predecessor-version":[{"id":83754,"href":"https:\/\/canfali.com\/ca-es\/wp-json\/wp\/v2\/posts\/83749\/revisions\/83754"}],"wp:featuredmedia":[{"embeddable":true,"href":"https:\/\/canfali.com\/ca-es\/wp-json\/wp\/v2\/media\/83739"}],"wp:attachment":[{"href":"https:\/\/canfali.com\/ca-es\/wp-json\/wp\/v2\/media?parent=83749"}],"wp:term":[{"taxonomy":"category","embeddable":true,"href":"https:\/\/canfali.com\/ca-es\/wp-json\/wp\/v2\/categories?post=83749"},{"taxonomy":"post_tag","embeddable":true,"href":"https:\/\/canfali.com\/ca-es\/wp-json\/wp\/v2\/tags?post=83749"}],"curies":[{"name":"wp","href":"https:\/\/api.w.org\/{rel}","templated":true}]}}