{"id":83726,"date":"2025-12-11T10:30:45","date_gmt":"2025-12-11T09:30:45","guid":{"rendered":"https:\/\/canfali.com\/?p=83726"},"modified":"2025-12-11T10:31:24","modified_gmt":"2025-12-11T09:31:24","slug":"primer-punt-de-trobada-del-programa-de-les-regidories-de-barri-a-ondara","status":"publish","type":"post","link":"https:\/\/canfali.com\/ca-es\/primer-punt-de-trobada-del-programa-de-les-regidories-de-barri-a-ondara\/","title":{"rendered":"Primer punt de trobada del programa de les Regidories de Barri a Ondara"},"content":{"rendered":"\n<p>La primera reuni\u00f3 del programa de Regidories de Barri ha tingut com a protagonista al sector anomenat Casc Antic en la sectoritzaci\u00f3 del nucli urb\u00e0 per zones de cara a que la pres\u00e8ncia de cadascun dels regidor de govern canalitze un di\u00e0leg en els ve\u00efns corresponents al voltant de les seues inquietuds i propostes.<\/p>\n\n\n\n<p>&nbsp;&nbsp;&nbsp;&nbsp;&nbsp;&nbsp; La trobada, amb seu a la Casa de Cultura, ha estat coordinada per la regidora Rosa Ana Mar\u00ed, qui l\u2019ha qualificada com \u201cmolt productiva\u201d dins de l\u2019objectiu d\u2019establir un canal de comunicaci\u00f3 directe entre el ve\u00efnat i l\u2019Ajuntament, amb reunions peri\u00f2diques i un seguiment transparent de les demandes. En ella, la regidora ha exposat la necessitat de optimitzar la comunicaci\u00f3 amb el ve\u00efnat i actuar com a enlla\u00e7 amb l\u2019Ajuntament;&nbsp; detectar incid\u00e8ncies de manteniment -neteja, enllumenat, voreres, senyalitzaci\u00f3- i coordinar actuacions amb els serveis municipals; impulsar la conviv\u00e8ncia i cohesi\u00f3 social, promovent activitats de barri i mediant en conflictes; millorar l\u2019espai p\u00fablic i la seguretat, amb actuacions urban\u00edstiques i d\u2019accessibilitat; i fomentar la participaci\u00f3 ciutadana i transformar les idees en propostes viables.<\/p>\n\n\n\n<p>&nbsp;&nbsp;&nbsp;&nbsp;&nbsp;&nbsp; En concret, els assistents han plantejat q\u00fcestions com la gesti\u00f3 dels pilons d\u2019acc\u00e9s al casc antic que passen per &nbsp;ampliar horaris i garantir protocols d\u2019emerg\u00e8ncia; la reorganitzaci\u00f3 de jardineres al carrer Major per facilitar la circulaci\u00f3; la creaci\u00f3 de zones de c\u00e0rrega i desc\u00e0rrega; la problem\u00e0tica d\u2019un edifici en estat degradat; el tr\u00e0nsit al carrer Sant Dom\u00e8nec; i el compliment del sistema de recollida porta a porta.<\/p>\n\n\n\n<p>&nbsp;&nbsp;&nbsp;&nbsp;&nbsp;&nbsp; Totes eixes q\u00fcestions han quedat per a tornar a abordar-se amb la pr\u00f2xima reuni\u00f3 prevista per a la primera quinzena de febrer, si be mar\u00ed ha informat dels canals habilitats de contacte directe: tel\u00e8fon i WhatsApp (664 46 50 43), correu electr\u00f2nic (rosanamari@ondara.org ) i el canal informatiu unidireccional en httpps:\/\/whatsapp.com\/channel\/0029Vb7JaXSK5cDJbHIdzw2g per a mantindre informada la ciutadania.<\/p>\n\n\n\n<figure class=\"wp-block-image size-full\"><img fetchpriority=\"high\" decoding=\"async\" width=\"935\" height=\"630\" src=\"https:\/\/canfali.com\/app\/uploads\/2025\/12\/reunionsbarri2.jpg\" alt=\"\" class=\"wp-image-83731\" srcset=\"https:\/\/canfali.com\/app\/uploads\/2025\/12\/reunionsbarri2.jpg 935w, https:\/\/canfali.com\/app\/uploads\/2025\/12\/reunionsbarri2-300x202.jpg 300w, https:\/\/canfali.com\/app\/uploads\/2025\/12\/reunionsbarri2-768x517.jpg 768w\" sizes=\"(max-width: 935px) 100vw, 935px\" \/><\/figure>\n\n\n\n<p>&nbsp;&nbsp;&nbsp;&nbsp;&nbsp;&nbsp; Des de l\u2019Ajuntament d\u2019Ondara s\u2019ha animat a la ciutadania a participar activament en aquestes trobades, que continuaran en altres barris del municipi amb l\u2019objectiu de construir una gesti\u00f3 m\u00e9s propera, transparent i participativa. Trobades que tenen previst continuar dem\u00e0 divendres per als de les partides rurals i Pamis a l\u2019esgl\u00e9sia de la pedania, el dilluns 15 per al Caixa d\u2019Estalvis al Centre Social, el dimarts 16 per al barri del Crist a l\u2019Aulari de M\u00fasica, el dimecres a17 per al Sanchis Guarner tamb\u00e9 al Centre Social.<\/p>\n","protected":false},"excerpt":{"rendered":"La primera reuni\u00f3 del programa de Regidories de Barri ha tingut com a protagonista al sector anomenat Casc Antic","protected":false},"author":4,"featured_media":83729,"comment_status":"closed","ping_status":"closed","sticky":false,"template":"","format":"standard","meta":{"csco_display_header_overlay":false,"csco_singular_sidebar":"","csco_page_header_type":"","csco_page_load_nextpost":"","csco_post_video_location":[],"csco_post_video_location_hash":"","csco_post_video_url":"","csco_post_video_bg_start_time":0,"csco_post_video_bg_end_time":0,"footnotes":""},"categories":[614],"tags":[5561,661,5559,5560],"class_list":{"0":"post-83726","1":"post","2":"type-post","3":"status-publish","4":"format-standard","5":"has-post-thumbnail","7":"category-municipal-ca-es","8":"tag-canal-de-comunicacio","9":"tag-ondara-2","10":"tag-reunions-de-barri","11":"tag-setornitzacio","12":"cs-entry","13":"cs-video-wrap"},"yoast_head":"<!-- This site is optimized with the Yoast SEO Premium plugin v26.6 (Yoast SEO v27.3) - https:\/\/yoast.com\/product\/yoast-seo-premium-wordpress\/ -->\n<title>Primer punt de trobada del programa de les Regidories de Barri a Ondara - Canfali<\/title>\n<meta name=\"robots\" content=\"index, follow, max-snippet:-1, max-image-preview:large, max-video-preview:-1\" \/>\n<link rel=\"canonical\" href=\"https:\/\/canfali.com\/ca-es\/primer-punt-de-trobada-del-programa-de-les-regidories-de-barri-a-ondara\/\" \/>\n<meta property=\"og:locale\" content=\"en_US\" \/>\n<meta property=\"og:type\" content=\"article\" \/>\n<meta property=\"og:title\" content=\"Primer punt de trobada del programa de les Regidories de Barri a Ondara\" \/>\n<meta property=\"og:description\" content=\"La primera reuni\u00f3 del programa de Regidories de Barri ha tingut com a protagonista al sector anomenat Casc Antic\" \/>\n<meta property=\"og:url\" content=\"https:\/\/canfali.com\/ca-es\/primer-punt-de-trobada-del-programa-de-les-regidories-de-barri-a-ondara\/\" \/>\n<meta property=\"og:site_name\" content=\"Canfali\" \/>\n<meta property=\"article:publisher\" content=\"https:\/\/es-es.facebook.com\/CANFALIMarinaAlta\" \/>\n<meta property=\"article:published_time\" content=\"2025-12-11T09:30:45+00:00\" \/>\n<meta property=\"article:modified_time\" content=\"2025-12-11T09:31:24+00:00\" \/>\n<meta property=\"og:image\" content=\"https:\/\/canfali.com\/app\/uploads\/2025\/12\/reunionsdebarri.jpeg\" \/>\n\t<meta property=\"og:image:width\" content=\"542\" \/>\n\t<meta property=\"og:image:height\" content=\"480\" \/>\n\t<meta property=\"og:image:type\" content=\"image\/jpeg\" \/>\n<meta name=\"author\" content=\"JJ Mas\" \/>\n<meta name=\"twitter:card\" content=\"summary_large_image\" \/>\n<meta name=\"twitter:creator\" content=\"@canfalima\" \/>\n<meta name=\"twitter:site\" content=\"@canfalima\" \/>\n<meta name=\"twitter:label1\" content=\"Written by\" \/>\n\t<meta name=\"twitter:data1\" content=\"JJ Mas\" \/>\n\t<meta name=\"twitter:label2\" content=\"Est. reading time\" \/>\n\t<meta name=\"twitter:data2\" content=\"2 minutes\" \/>\n<script type=\"application\/ld+json\" class=\"yoast-schema-graph\">{\"@context\":\"https:\\\/\\\/schema.org\",\"@graph\":[{\"@type\":\"NewsArticle\",\"@id\":\"https:\\\/\\\/canfali.com\\\/ca-es\\\/primer-punt-de-trobada-del-programa-de-les-regidories-de-barri-a-ondara\\\/#article\",\"isPartOf\":{\"@id\":\"https:\\\/\\\/canfali.com\\\/ca-es\\\/primer-punt-de-trobada-del-programa-de-les-regidories-de-barri-a-ondara\\\/\"},\"author\":{\"name\":\"JJ Mas\",\"@id\":\"https:\\\/\\\/canfali.com\\\/ca-es\\\/#\\\/schema\\\/person\\\/d834d2d4df17cac754d3c314d4c404ef\"},\"headline\":\"Primer punt de trobada del programa de les Regidories de Barri a Ondara\",\"datePublished\":\"2025-12-11T09:30:45+00:00\",\"dateModified\":\"2025-12-11T09:31:24+00:00\",\"mainEntityOfPage\":{\"@id\":\"https:\\\/\\\/canfali.com\\\/ca-es\\\/primer-punt-de-trobada-del-programa-de-les-regidories-de-barri-a-ondara\\\/\"},\"wordCount\":470,\"publisher\":{\"@id\":\"https:\\\/\\\/canfali.com\\\/ca-es\\\/#organization\"},\"image\":{\"@id\":\"https:\\\/\\\/canfali.com\\\/ca-es\\\/primer-punt-de-trobada-del-programa-de-les-regidories-de-barri-a-ondara\\\/#primaryimage\"},\"thumbnailUrl\":\"https:\\\/\\\/canfali.com\\\/app\\\/uploads\\\/2025\\\/12\\\/reunionsdebarri.jpeg\",\"keywords\":[\"canal de comunicaci\u00f3\",\"Ondara\",\"reunions de barri\",\"setornitzaci\u00f3\"],\"articleSection\":[\"Municipal\"],\"inLanguage\":\"va-ES\",\"copyrightYear\":\"2025\",\"copyrightHolder\":{\"@id\":\"https:\\\/\\\/canfali.com\\\/#organization\"}},{\"@type\":\"WebPage\",\"@id\":\"https:\\\/\\\/canfali.com\\\/ca-es\\\/primer-punt-de-trobada-del-programa-de-les-regidories-de-barri-a-ondara\\\/\",\"url\":\"https:\\\/\\\/canfali.com\\\/ca-es\\\/primer-punt-de-trobada-del-programa-de-les-regidories-de-barri-a-ondara\\\/\",\"name\":\"Primer punt de trobada del programa de les Regidories de Barri a Ondara - Canfali\",\"isPartOf\":{\"@id\":\"https:\\\/\\\/canfali.com\\\/ca-es\\\/#website\"},\"primaryImageOfPage\":{\"@id\":\"https:\\\/\\\/canfali.com\\\/ca-es\\\/primer-punt-de-trobada-del-programa-de-les-regidories-de-barri-a-ondara\\\/#primaryimage\"},\"image\":{\"@id\":\"https:\\\/\\\/canfali.com\\\/ca-es\\\/primer-punt-de-trobada-del-programa-de-les-regidories-de-barri-a-ondara\\\/#primaryimage\"},\"thumbnailUrl\":\"https:\\\/\\\/canfali.com\\\/app\\\/uploads\\\/2025\\\/12\\\/reunionsdebarri.jpeg\",\"datePublished\":\"2025-12-11T09:30:45+00:00\",\"dateModified\":\"2025-12-11T09:31:24+00:00\",\"breadcrumb\":{\"@id\":\"https:\\\/\\\/canfali.com\\\/ca-es\\\/primer-punt-de-trobada-del-programa-de-les-regidories-de-barri-a-ondara\\\/#breadcrumb\"},\"inLanguage\":\"va-ES\",\"potentialAction\":[{\"@type\":\"ReadAction\",\"target\":[\"https:\\\/\\\/canfali.com\\\/ca-es\\\/primer-punt-de-trobada-del-programa-de-les-regidories-de-barri-a-ondara\\\/\"]}]},{\"@type\":\"ImageObject\",\"inLanguage\":\"va-ES\",\"@id\":\"https:\\\/\\\/canfali.com\\\/ca-es\\\/primer-punt-de-trobada-del-programa-de-les-regidories-de-barri-a-ondara\\\/#primaryimage\",\"url\":\"https:\\\/\\\/canfali.com\\\/app\\\/uploads\\\/2025\\\/12\\\/reunionsdebarri.jpeg\",\"contentUrl\":\"https:\\\/\\\/canfali.com\\\/app\\\/uploads\\\/2025\\\/12\\\/reunionsdebarri.jpeg\",\"width\":542,\"height\":480},{\"@type\":\"BreadcrumbList\",\"@id\":\"https:\\\/\\\/canfali.com\\\/ca-es\\\/primer-punt-de-trobada-del-programa-de-les-regidories-de-barri-a-ondara\\\/#breadcrumb\",\"itemListElement\":[{\"@type\":\"ListItem\",\"position\":1,\"name\":\"Portada\",\"item\":\"https:\\\/\\\/canfali.com\\\/ca-es\\\/\"},{\"@type\":\"ListItem\",\"position\":2,\"name\":\"Primer punt de trobada del programa de les Regidories de Barri a Ondara\"}]},{\"@type\":\"WebSite\",\"@id\":\"https:\\\/\\\/canfali.com\\\/ca-es\\\/#website\",\"url\":\"https:\\\/\\\/canfali.com\\\/ca-es\\\/\",\"name\":\"Canfali\",\"description\":\"\",\"publisher\":{\"@id\":\"https:\\\/\\\/canfali.com\\\/ca-es\\\/#organization\"},\"potentialAction\":[{\"@type\":\"SearchAction\",\"target\":{\"@type\":\"EntryPoint\",\"urlTemplate\":\"https:\\\/\\\/canfali.com\\\/ca-es\\\/?s={search_term_string}\"},\"query-input\":{\"@type\":\"PropertyValueSpecification\",\"valueRequired\":true,\"valueName\":\"search_term_string\"}}],\"inLanguage\":\"va-ES\"},{\"@type\":\"Organization\",\"@id\":\"https:\\\/\\\/canfali.com\\\/ca-es\\\/#organization\",\"name\":\"Canfali\",\"url\":\"https:\\\/\\\/canfali.com\\\/ca-es\\\/\",\"logo\":{\"@type\":\"ImageObject\",\"inLanguage\":\"va-ES\",\"@id\":\"https:\\\/\\\/canfali.com\\\/ca-es\\\/#\\\/schema\\\/logo\\\/image\\\/\",\"url\":\"https:\\\/\\\/canfali.com\\\/app\\\/uploads\\\/2025\\\/12\\\/canfali_marina_alta_logo.png\",\"contentUrl\":\"https:\\\/\\\/canfali.com\\\/app\\\/uploads\\\/2025\\\/12\\\/canfali_marina_alta_logo.png\",\"width\":225,\"height\":225,\"caption\":\"Canfali\"},\"image\":{\"@id\":\"https:\\\/\\\/canfali.com\\\/ca-es\\\/#\\\/schema\\\/logo\\\/image\\\/\"},\"sameAs\":[\"https:\\\/\\\/es-es.facebook.com\\\/CANFALIMarinaAlta\",\"https:\\\/\\\/x.com\\\/canfalima\",\"https:\\\/\\\/www.instagram.com\\\/canfalimarinaalta\\\/\"]},{\"@type\":\"Person\",\"@id\":\"https:\\\/\\\/canfali.com\\\/ca-es\\\/#\\\/schema\\\/person\\\/d834d2d4df17cac754d3c314d4c404ef\",\"name\":\"JJ Mas\",\"image\":{\"@type\":\"ImageObject\",\"inLanguage\":\"va-ES\",\"@id\":\"https:\\\/\\\/secure.gravatar.com\\\/avatar\\\/65a5191f5438bf88c2394f6d1a625a6ff903c8785268e603c623a83bc15ba1ee?s=96&d=mm&r=g\",\"url\":\"https:\\\/\\\/secure.gravatar.com\\\/avatar\\\/65a5191f5438bf88c2394f6d1a625a6ff903c8785268e603c623a83bc15ba1ee?s=96&d=mm&r=g\",\"contentUrl\":\"https:\\\/\\\/secure.gravatar.com\\\/avatar\\\/65a5191f5438bf88c2394f6d1a625a6ff903c8785268e603c623a83bc15ba1ee?s=96&d=mm&r=g\",\"caption\":\"JJ Mas\"},\"url\":\"https:\\\/\\\/canfali.com\\\/ca-es\\\/author\\\/jj\\\/\"}]}<\/script>\n<!-- \/ Yoast SEO Premium plugin. -->","yoast_head_json":{"title":"Primer punt de trobada del programa de les Regidories de Barri a Ondara - Canfali","robots":{"index":"index","follow":"follow","max-snippet":"max-snippet:-1","max-image-preview":"max-image-preview:large","max-video-preview":"max-video-preview:-1"},"canonical":"https:\/\/canfali.com\/ca-es\/primer-punt-de-trobada-del-programa-de-les-regidories-de-barri-a-ondara\/","og_locale":"en_US","og_type":"article","og_title":"Primer punt de trobada del programa de les Regidories de Barri a Ondara","og_description":"La primera reuni\u00f3 del programa de Regidories de Barri ha tingut com a protagonista al sector anomenat Casc Antic","og_url":"https:\/\/canfali.com\/ca-es\/primer-punt-de-trobada-del-programa-de-les-regidories-de-barri-a-ondara\/","og_site_name":"Canfali","article_publisher":"https:\/\/es-es.facebook.com\/CANFALIMarinaAlta","article_published_time":"2025-12-11T09:30:45+00:00","article_modified_time":"2025-12-11T09:31:24+00:00","og_image":[{"width":542,"height":480,"url":"https:\/\/canfali.com\/app\/uploads\/2025\/12\/reunionsdebarri.jpeg","type":"image\/jpeg"}],"author":"JJ Mas","twitter_card":"summary_large_image","twitter_creator":"@canfalima","twitter_site":"@canfalima","twitter_misc":{"Written by":"JJ Mas","Est. reading time":"2 minutes"},"schema":{"@context":"https:\/\/schema.org","@graph":[{"@type":"NewsArticle","@id":"https:\/\/canfali.com\/ca-es\/primer-punt-de-trobada-del-programa-de-les-regidories-de-barri-a-ondara\/#article","isPartOf":{"@id":"https:\/\/canfali.com\/ca-es\/primer-punt-de-trobada-del-programa-de-les-regidories-de-barri-a-ondara\/"},"author":{"name":"JJ Mas","@id":"https:\/\/canfali.com\/ca-es\/#\/schema\/person\/d834d2d4df17cac754d3c314d4c404ef"},"headline":"Primer punt de trobada del programa de les Regidories de Barri a Ondara","datePublished":"2025-12-11T09:30:45+00:00","dateModified":"2025-12-11T09:31:24+00:00","mainEntityOfPage":{"@id":"https:\/\/canfali.com\/ca-es\/primer-punt-de-trobada-del-programa-de-les-regidories-de-barri-a-ondara\/"},"wordCount":470,"publisher":{"@id":"https:\/\/canfali.com\/ca-es\/#organization"},"image":{"@id":"https:\/\/canfali.com\/ca-es\/primer-punt-de-trobada-del-programa-de-les-regidories-de-barri-a-ondara\/#primaryimage"},"thumbnailUrl":"https:\/\/canfali.com\/app\/uploads\/2025\/12\/reunionsdebarri.jpeg","keywords":["canal de comunicaci\u00f3","Ondara","reunions de barri","setornitzaci\u00f3"],"articleSection":["Municipal"],"inLanguage":"va-ES","copyrightYear":"2025","copyrightHolder":{"@id":"https:\/\/canfali.com\/#organization"}},{"@type":"WebPage","@id":"https:\/\/canfali.com\/ca-es\/primer-punt-de-trobada-del-programa-de-les-regidories-de-barri-a-ondara\/","url":"https:\/\/canfali.com\/ca-es\/primer-punt-de-trobada-del-programa-de-les-regidories-de-barri-a-ondara\/","name":"Primer punt de trobada del programa de les Regidories de Barri a Ondara - Canfali","isPartOf":{"@id":"https:\/\/canfali.com\/ca-es\/#website"},"primaryImageOfPage":{"@id":"https:\/\/canfali.com\/ca-es\/primer-punt-de-trobada-del-programa-de-les-regidories-de-barri-a-ondara\/#primaryimage"},"image":{"@id":"https:\/\/canfali.com\/ca-es\/primer-punt-de-trobada-del-programa-de-les-regidories-de-barri-a-ondara\/#primaryimage"},"thumbnailUrl":"https:\/\/canfali.com\/app\/uploads\/2025\/12\/reunionsdebarri.jpeg","datePublished":"2025-12-11T09:30:45+00:00","dateModified":"2025-12-11T09:31:24+00:00","breadcrumb":{"@id":"https:\/\/canfali.com\/ca-es\/primer-punt-de-trobada-del-programa-de-les-regidories-de-barri-a-ondara\/#breadcrumb"},"inLanguage":"va-ES","potentialAction":[{"@type":"ReadAction","target":["https:\/\/canfali.com\/ca-es\/primer-punt-de-trobada-del-programa-de-les-regidories-de-barri-a-ondara\/"]}]},{"@type":"ImageObject","inLanguage":"va-ES","@id":"https:\/\/canfali.com\/ca-es\/primer-punt-de-trobada-del-programa-de-les-regidories-de-barri-a-ondara\/#primaryimage","url":"https:\/\/canfali.com\/app\/uploads\/2025\/12\/reunionsdebarri.jpeg","contentUrl":"https:\/\/canfali.com\/app\/uploads\/2025\/12\/reunionsdebarri.jpeg","width":542,"height":480},{"@type":"BreadcrumbList","@id":"https:\/\/canfali.com\/ca-es\/primer-punt-de-trobada-del-programa-de-les-regidories-de-barri-a-ondara\/#breadcrumb","itemListElement":[{"@type":"ListItem","position":1,"name":"Portada","item":"https:\/\/canfali.com\/ca-es\/"},{"@type":"ListItem","position":2,"name":"Primer punt de trobada del programa de les Regidories de Barri a Ondara"}]},{"@type":"WebSite","@id":"https:\/\/canfali.com\/ca-es\/#website","url":"https:\/\/canfali.com\/ca-es\/","name":"Canfali","description":"","publisher":{"@id":"https:\/\/canfali.com\/ca-es\/#organization"},"potentialAction":[{"@type":"SearchAction","target":{"@type":"EntryPoint","urlTemplate":"https:\/\/canfali.com\/ca-es\/?s={search_term_string}"},"query-input":{"@type":"PropertyValueSpecification","valueRequired":true,"valueName":"search_term_string"}}],"inLanguage":"va-ES"},{"@type":"Organization","@id":"https:\/\/canfali.com\/ca-es\/#organization","name":"Canfali","url":"https:\/\/canfali.com\/ca-es\/","logo":{"@type":"ImageObject","inLanguage":"va-ES","@id":"https:\/\/canfali.com\/ca-es\/#\/schema\/logo\/image\/","url":"https:\/\/canfali.com\/app\/uploads\/2025\/12\/canfali_marina_alta_logo.png","contentUrl":"https:\/\/canfali.com\/app\/uploads\/2025\/12\/canfali_marina_alta_logo.png","width":225,"height":225,"caption":"Canfali"},"image":{"@id":"https:\/\/canfali.com\/ca-es\/#\/schema\/logo\/image\/"},"sameAs":["https:\/\/es-es.facebook.com\/CANFALIMarinaAlta","https:\/\/x.com\/canfalima","https:\/\/www.instagram.com\/canfalimarinaalta\/"]},{"@type":"Person","@id":"https:\/\/canfali.com\/ca-es\/#\/schema\/person\/d834d2d4df17cac754d3c314d4c404ef","name":"JJ Mas","image":{"@type":"ImageObject","inLanguage":"va-ES","@id":"https:\/\/secure.gravatar.com\/avatar\/65a5191f5438bf88c2394f6d1a625a6ff903c8785268e603c623a83bc15ba1ee?s=96&d=mm&r=g","url":"https:\/\/secure.gravatar.com\/avatar\/65a5191f5438bf88c2394f6d1a625a6ff903c8785268e603c623a83bc15ba1ee?s=96&d=mm&r=g","contentUrl":"https:\/\/secure.gravatar.com\/avatar\/65a5191f5438bf88c2394f6d1a625a6ff903c8785268e603c623a83bc15ba1ee?s=96&d=mm&r=g","caption":"JJ Mas"},"url":"https:\/\/canfali.com\/ca-es\/author\/jj\/"}]}},"_links":{"self":[{"href":"https:\/\/canfali.com\/ca-es\/wp-json\/wp\/v2\/posts\/83726","targetHints":{"allow":["GET"]}}],"collection":[{"href":"https:\/\/canfali.com\/ca-es\/wp-json\/wp\/v2\/posts"}],"about":[{"href":"https:\/\/canfali.com\/ca-es\/wp-json\/wp\/v2\/types\/post"}],"author":[{"embeddable":true,"href":"https:\/\/canfali.com\/ca-es\/wp-json\/wp\/v2\/users\/4"}],"replies":[{"embeddable":true,"href":"https:\/\/canfali.com\/ca-es\/wp-json\/wp\/v2\/comments?post=83726"}],"version-history":[{"count":2,"href":"https:\/\/canfali.com\/ca-es\/wp-json\/wp\/v2\/posts\/83726\/revisions"}],"predecessor-version":[{"id":83734,"href":"https:\/\/canfali.com\/ca-es\/wp-json\/wp\/v2\/posts\/83726\/revisions\/83734"}],"wp:featuredmedia":[{"embeddable":true,"href":"https:\/\/canfali.com\/ca-es\/wp-json\/wp\/v2\/media\/83729"}],"wp:attachment":[{"href":"https:\/\/canfali.com\/ca-es\/wp-json\/wp\/v2\/media?parent=83726"}],"wp:term":[{"taxonomy":"category","embeddable":true,"href":"https:\/\/canfali.com\/ca-es\/wp-json\/wp\/v2\/categories?post=83726"},{"taxonomy":"post_tag","embeddable":true,"href":"https:\/\/canfali.com\/ca-es\/wp-json\/wp\/v2\/tags?post=83726"}],"curies":[{"name":"wp","href":"https:\/\/api.w.org\/{rel}","templated":true}]}}