{"id":83723,"date":"2025-12-11T08:55:09","date_gmt":"2025-12-11T07:55:09","guid":{"rendered":"https:\/\/canfali.com\/concurs-sobre-sostenibilitat-i-canvi-climatic\/"},"modified":"2025-12-11T08:57:18","modified_gmt":"2025-12-11T07:57:18","slug":"concurs-sobre-sostenibilitat-i-canvi-climatic","status":"publish","type":"post","link":"https:\/\/canfali.com\/ca-es\/concurs-sobre-sostenibilitat-i-canvi-climatic\/","title":{"rendered":"Concurs sobre sostenibilitat i canvi clim\u00e0tic"},"content":{"rendered":"\n<p>L&#8217;Ajuntament de Calp, a trav\u00e9s de l&#8217;Observatori de Ciutats Resilients i Sostenibles i en col\u00b7laboraci\u00f3 amb Global Omnium i Aig\u00fces de Calp, ha posat en marxa la tercera edici\u00f3 del concurs #goCalp, una iniciativa dirigida a l&#8217;alumnat de sis\u00e8 de Prim\u00e0ria i quart d&#8217;ESO per a convertir-los en \u201curbanistes de la sostenibilitat\u201d compromesos amb la lluita contra l&#8217;emerg\u00e8ncia clim\u00e0tica.<\/p>\n\n<p>El certamen planteja als estudiants el repte de dissenyar solucions viables i accessibles enfront d&#8217;algun dels sis riscos clim\u00e0tics definits per a Calp: sequera, illes de calor, inundacions, fixaci\u00f3 de poblaci\u00f3 i repte demogr\u00e0fic, degradaci\u00f3 de l&#8217;entorn natural i p\u00e8rdua de biodiversitat.<\/p>\n\n<p>El concurs es desenvolupar\u00e0 entre desembre de 2025 i mar\u00e7 de 2026 i constar\u00e0 de quatre fases. En una primera fase, fins al 19 de desembre de 2025, el personal docent inscriur\u00e0 als seus equips i seleccionaran el risc clim\u00e0tic sobre el qual treballaran. A continuaci\u00f3, els grups de sis\u00e8 de Prim\u00e0ria elaboraran una proposta en format p\u00f2ster digital que inclogui l&#8217;an\u00e0lisi del risc, la descripci\u00f3 de la soluci\u00f3 i els seus beneficis ambientals, socials i econ\u00f2mics. Per part seva, l&#8217;alumnat de quart d&#8217;ESO haur\u00e0 de presentar un projecte de recerca m\u00e9s detallat, amb diagn\u00f2stic local, objectius, cronograma, estimaci\u00f3 de recursos i infografia final. El termini de lliurament dels treballs finalitzar\u00e0 el 13 de febrer de 2026.<\/p>\n\n<p>\tEn la tercera fase, un jurat de persones expertes de l&#8217;Observatori de Ciutats Resilients i Sostenibles seleccionar\u00e0, fins al 27 de febrer de 2026, almenys una proposta finalista per cada CEIP i un projecte finalista per cada classe dels IES participants. Els equips seleccionats tindran l&#8217;oportunitat de mantenir un di\u00e0leg t\u00e8cnic amb aquests especialistes, que els orientaran sobre possibles millores abans de la defensa p\u00fablica dels seus projectes, prevista abans del 3 de mar\u00e7 de 2026. Els guanyadors es donaran a con\u00e8ixer el 4 de mar\u00e7.<\/p>\n\n<p>\tEl 9 de mar\u00e7 de 2026 se celebrar\u00e0 l&#8217;acte de lliurament de premis, en el qual es reconeixer\u00e0 a la millor proposta de 6\u00e8 de Prim\u00e0ria amb un premi valorat en 2.000 euros i al millor projecte de 4t d&#8217;ESO amb un premi de 3.000 euros. En tots dos casos, els imports es destinaran a l&#8217;adquisici\u00f3 de material tecnol\u00f2gic per als centres educatius guanyadors. A m\u00e9s, les classes premiades participaran en l&#8217;apadrinament i solta d&#8217;una tortuga marina en una platja de Calp, activitat organitzada per la Fundaci\u00f3 Oceanogr\u00e0fic de Val\u00e8ncia.<\/p>\n","protected":false},"excerpt":{"rendered":"L&#8217;Ajuntament de Calp, a trav\u00e9s de l&#8217;Observatori de Ciutats Resilients i Sostenibles i en col\u00b7laboraci\u00f3 amb Global Omnium&hellip;","protected":false},"author":5,"featured_media":83721,"comment_status":"closed","ping_status":"closed","sticky":false,"template":"","format":"standard","meta":{"csco_display_header_overlay":false,"csco_singular_sidebar":"","csco_page_header_type":"","csco_page_load_nextpost":"","csco_post_video_location":[],"csco_post_video_location_hash":"","csco_post_video_url":"","csco_post_video_bg_start_time":0,"csco_post_video_bg_end_time":0,"footnotes":""},"categories":[614],"tags":[2334,5558,1236],"class_list":{"0":"post-83723","1":"post","2":"type-post","3":"status-publish","4":"format-standard","5":"has-post-thumbnail","7":"category-municipal-ca-es","8":"tag-canvi-climatic","9":"tag-concurs-escolar","10":"tag-sostenibilitat","11":"cs-entry","12":"cs-video-wrap"},"yoast_head":"<!-- This site is optimized with the Yoast SEO Premium plugin v26.6 (Yoast SEO v27.3) - https:\/\/yoast.com\/product\/yoast-seo-premium-wordpress\/ -->\n<title>Concurs sobre sostenibilitat i canvi clim\u00e0tic - Canfali<\/title>\n<meta name=\"robots\" content=\"index, follow, max-snippet:-1, max-image-preview:large, max-video-preview:-1\" \/>\n<link rel=\"canonical\" href=\"https:\/\/canfali.com\/ca-es\/concurs-sobre-sostenibilitat-i-canvi-climatic\/\" \/>\n<meta property=\"og:locale\" content=\"en_US\" \/>\n<meta property=\"og:type\" content=\"article\" \/>\n<meta property=\"og:title\" content=\"Concurs sobre sostenibilitat i canvi clim\u00e0tic\" \/>\n<meta property=\"og:description\" content=\"L&#8217;Ajuntament de Calp, a trav\u00e9s de l&#8217;Observatori de Ciutats Resilients i Sostenibles i en col\u00b7laboraci\u00f3 amb Global Omnium&hellip;\" \/>\n<meta property=\"og:url\" content=\"https:\/\/canfali.com\/ca-es\/concurs-sobre-sostenibilitat-i-canvi-climatic\/\" \/>\n<meta property=\"og:site_name\" content=\"Canfali\" \/>\n<meta property=\"article:publisher\" content=\"https:\/\/es-es.facebook.com\/CANFALIMarinaAlta\" \/>\n<meta property=\"article:published_time\" content=\"2025-12-11T07:55:09+00:00\" \/>\n<meta property=\"article:modified_time\" content=\"2025-12-11T07:57:18+00:00\" \/>\n<meta property=\"og:image\" content=\"https:\/\/canfali.com\/app\/uploads\/2025\/12\/gocalp.jpg\" \/>\n\t<meta property=\"og:image:width\" content=\"2048\" \/>\n\t<meta property=\"og:image:height\" content=\"1152\" \/>\n\t<meta property=\"og:image:type\" content=\"image\/jpeg\" \/>\n<meta name=\"author\" content=\"D\u00eddac\" \/>\n<meta name=\"twitter:card\" content=\"summary_large_image\" \/>\n<meta name=\"twitter:creator\" content=\"@canfalima\" \/>\n<meta name=\"twitter:site\" content=\"@canfalima\" \/>\n<meta name=\"twitter:label1\" content=\"Written by\" \/>\n\t<meta name=\"twitter:data1\" content=\"D\u00eddac\" \/>\n\t<meta name=\"twitter:label2\" content=\"Est. reading time\" \/>\n\t<meta name=\"twitter:data2\" content=\"2 minutes\" \/>\n<script type=\"application\/ld+json\" class=\"yoast-schema-graph\">{\"@context\":\"https:\\\/\\\/schema.org\",\"@graph\":[{\"@type\":\"NewsArticle\",\"@id\":\"https:\\\/\\\/canfali.com\\\/ca-es\\\/concurs-sobre-sostenibilitat-i-canvi-climatic\\\/#article\",\"isPartOf\":{\"@id\":\"https:\\\/\\\/canfali.com\\\/ca-es\\\/concurs-sobre-sostenibilitat-i-canvi-climatic\\\/\"},\"author\":{\"name\":\"D\u00eddac\",\"@id\":\"https:\\\/\\\/canfali.com\\\/ca-es\\\/#\\\/schema\\\/person\\\/5211f51be1ed486a218e6a4f53355b6d\"},\"headline\":\"Concurs sobre sostenibilitat i canvi clim\u00e0tic\",\"datePublished\":\"2025-12-11T07:55:09+00:00\",\"dateModified\":\"2025-12-11T07:57:18+00:00\",\"mainEntityOfPage\":{\"@id\":\"https:\\\/\\\/canfali.com\\\/ca-es\\\/concurs-sobre-sostenibilitat-i-canvi-climatic\\\/\"},\"wordCount\":427,\"publisher\":{\"@id\":\"https:\\\/\\\/canfali.com\\\/ca-es\\\/#organization\"},\"image\":{\"@id\":\"https:\\\/\\\/canfali.com\\\/ca-es\\\/concurs-sobre-sostenibilitat-i-canvi-climatic\\\/#primaryimage\"},\"thumbnailUrl\":\"https:\\\/\\\/canfali.com\\\/app\\\/uploads\\\/2025\\\/12\\\/gocalp.jpg\",\"keywords\":[\"canvi clim\u00e0tic\",\"concurs escolar\",\"sostenibilitat\"],\"articleSection\":[\"Municipal\"],\"inLanguage\":\"va-ES\",\"copyrightYear\":\"2025\",\"copyrightHolder\":{\"@id\":\"https:\\\/\\\/canfali.com\\\/#organization\"}},{\"@type\":\"WebPage\",\"@id\":\"https:\\\/\\\/canfali.com\\\/ca-es\\\/concurs-sobre-sostenibilitat-i-canvi-climatic\\\/\",\"url\":\"https:\\\/\\\/canfali.com\\\/ca-es\\\/concurs-sobre-sostenibilitat-i-canvi-climatic\\\/\",\"name\":\"Concurs sobre sostenibilitat i canvi clim\u00e0tic - Canfali\",\"isPartOf\":{\"@id\":\"https:\\\/\\\/canfali.com\\\/ca-es\\\/#website\"},\"primaryImageOfPage\":{\"@id\":\"https:\\\/\\\/canfali.com\\\/ca-es\\\/concurs-sobre-sostenibilitat-i-canvi-climatic\\\/#primaryimage\"},\"image\":{\"@id\":\"https:\\\/\\\/canfali.com\\\/ca-es\\\/concurs-sobre-sostenibilitat-i-canvi-climatic\\\/#primaryimage\"},\"thumbnailUrl\":\"https:\\\/\\\/canfali.com\\\/app\\\/uploads\\\/2025\\\/12\\\/gocalp.jpg\",\"datePublished\":\"2025-12-11T07:55:09+00:00\",\"dateModified\":\"2025-12-11T07:57:18+00:00\",\"breadcrumb\":{\"@id\":\"https:\\\/\\\/canfali.com\\\/ca-es\\\/concurs-sobre-sostenibilitat-i-canvi-climatic\\\/#breadcrumb\"},\"inLanguage\":\"va-ES\",\"potentialAction\":[{\"@type\":\"ReadAction\",\"target\":[\"https:\\\/\\\/canfali.com\\\/ca-es\\\/concurs-sobre-sostenibilitat-i-canvi-climatic\\\/\"]}]},{\"@type\":\"ImageObject\",\"inLanguage\":\"va-ES\",\"@id\":\"https:\\\/\\\/canfali.com\\\/ca-es\\\/concurs-sobre-sostenibilitat-i-canvi-climatic\\\/#primaryimage\",\"url\":\"https:\\\/\\\/canfali.com\\\/app\\\/uploads\\\/2025\\\/12\\\/gocalp.jpg\",\"contentUrl\":\"https:\\\/\\\/canfali.com\\\/app\\\/uploads\\\/2025\\\/12\\\/gocalp.jpg\",\"width\":2048,\"height\":1152},{\"@type\":\"BreadcrumbList\",\"@id\":\"https:\\\/\\\/canfali.com\\\/ca-es\\\/concurs-sobre-sostenibilitat-i-canvi-climatic\\\/#breadcrumb\",\"itemListElement\":[{\"@type\":\"ListItem\",\"position\":1,\"name\":\"Portada\",\"item\":\"https:\\\/\\\/canfali.com\\\/ca-es\\\/\"},{\"@type\":\"ListItem\",\"position\":2,\"name\":\"Concurs sobre sostenibilitat i canvi clim\u00e0tic\"}]},{\"@type\":\"WebSite\",\"@id\":\"https:\\\/\\\/canfali.com\\\/ca-es\\\/#website\",\"url\":\"https:\\\/\\\/canfali.com\\\/ca-es\\\/\",\"name\":\"Canfali\",\"description\":\"\",\"publisher\":{\"@id\":\"https:\\\/\\\/canfali.com\\\/ca-es\\\/#organization\"},\"potentialAction\":[{\"@type\":\"SearchAction\",\"target\":{\"@type\":\"EntryPoint\",\"urlTemplate\":\"https:\\\/\\\/canfali.com\\\/ca-es\\\/?s={search_term_string}\"},\"query-input\":{\"@type\":\"PropertyValueSpecification\",\"valueRequired\":true,\"valueName\":\"search_term_string\"}}],\"inLanguage\":\"va-ES\"},{\"@type\":\"Organization\",\"@id\":\"https:\\\/\\\/canfali.com\\\/ca-es\\\/#organization\",\"name\":\"Canfali\",\"url\":\"https:\\\/\\\/canfali.com\\\/ca-es\\\/\",\"logo\":{\"@type\":\"ImageObject\",\"inLanguage\":\"va-ES\",\"@id\":\"https:\\\/\\\/canfali.com\\\/ca-es\\\/#\\\/schema\\\/logo\\\/image\\\/\",\"url\":\"https:\\\/\\\/canfali.com\\\/app\\\/uploads\\\/2025\\\/12\\\/canfali_marina_alta_logo.png\",\"contentUrl\":\"https:\\\/\\\/canfali.com\\\/app\\\/uploads\\\/2025\\\/12\\\/canfali_marina_alta_logo.png\",\"width\":225,\"height\":225,\"caption\":\"Canfali\"},\"image\":{\"@id\":\"https:\\\/\\\/canfali.com\\\/ca-es\\\/#\\\/schema\\\/logo\\\/image\\\/\"},\"sameAs\":[\"https:\\\/\\\/es-es.facebook.com\\\/CANFALIMarinaAlta\",\"https:\\\/\\\/x.com\\\/canfalima\",\"https:\\\/\\\/www.instagram.com\\\/canfalimarinaalta\\\/\"]},{\"@type\":\"Person\",\"@id\":\"https:\\\/\\\/canfali.com\\\/ca-es\\\/#\\\/schema\\\/person\\\/5211f51be1ed486a218e6a4f53355b6d\",\"name\":\"D\u00eddac\",\"image\":{\"@type\":\"ImageObject\",\"inLanguage\":\"va-ES\",\"@id\":\"https:\\\/\\\/secure.gravatar.com\\\/avatar\\\/a68a2078c12da8a6dd6cff4f3f3f69f7eb69a2d31ac1aac4da61c3761e4557f4?s=96&d=mm&r=g\",\"url\":\"https:\\\/\\\/secure.gravatar.com\\\/avatar\\\/a68a2078c12da8a6dd6cff4f3f3f69f7eb69a2d31ac1aac4da61c3761e4557f4?s=96&d=mm&r=g\",\"contentUrl\":\"https:\\\/\\\/secure.gravatar.com\\\/avatar\\\/a68a2078c12da8a6dd6cff4f3f3f69f7eb69a2d31ac1aac4da61c3761e4557f4?s=96&d=mm&r=g\",\"caption\":\"D\u00eddac\"},\"url\":\"https:\\\/\\\/canfali.com\\\/ca-es\\\/author\\\/didac\\\/\"}]}<\/script>\n<!-- \/ Yoast SEO Premium plugin. -->","yoast_head_json":{"title":"Concurs sobre sostenibilitat i canvi clim\u00e0tic - Canfali","robots":{"index":"index","follow":"follow","max-snippet":"max-snippet:-1","max-image-preview":"max-image-preview:large","max-video-preview":"max-video-preview:-1"},"canonical":"https:\/\/canfali.com\/ca-es\/concurs-sobre-sostenibilitat-i-canvi-climatic\/","og_locale":"en_US","og_type":"article","og_title":"Concurs sobre sostenibilitat i canvi clim\u00e0tic","og_description":"L&#8217;Ajuntament de Calp, a trav\u00e9s de l&#8217;Observatori de Ciutats Resilients i Sostenibles i en col\u00b7laboraci\u00f3 amb Global Omnium&hellip;","og_url":"https:\/\/canfali.com\/ca-es\/concurs-sobre-sostenibilitat-i-canvi-climatic\/","og_site_name":"Canfali","article_publisher":"https:\/\/es-es.facebook.com\/CANFALIMarinaAlta","article_published_time":"2025-12-11T07:55:09+00:00","article_modified_time":"2025-12-11T07:57:18+00:00","og_image":[{"width":2048,"height":1152,"url":"https:\/\/canfali.com\/app\/uploads\/2025\/12\/gocalp.jpg","type":"image\/jpeg"}],"author":"D\u00eddac","twitter_card":"summary_large_image","twitter_creator":"@canfalima","twitter_site":"@canfalima","twitter_misc":{"Written by":"D\u00eddac","Est. reading time":"2 minutes"},"schema":{"@context":"https:\/\/schema.org","@graph":[{"@type":"NewsArticle","@id":"https:\/\/canfali.com\/ca-es\/concurs-sobre-sostenibilitat-i-canvi-climatic\/#article","isPartOf":{"@id":"https:\/\/canfali.com\/ca-es\/concurs-sobre-sostenibilitat-i-canvi-climatic\/"},"author":{"name":"D\u00eddac","@id":"https:\/\/canfali.com\/ca-es\/#\/schema\/person\/5211f51be1ed486a218e6a4f53355b6d"},"headline":"Concurs sobre sostenibilitat i canvi clim\u00e0tic","datePublished":"2025-12-11T07:55:09+00:00","dateModified":"2025-12-11T07:57:18+00:00","mainEntityOfPage":{"@id":"https:\/\/canfali.com\/ca-es\/concurs-sobre-sostenibilitat-i-canvi-climatic\/"},"wordCount":427,"publisher":{"@id":"https:\/\/canfali.com\/ca-es\/#organization"},"image":{"@id":"https:\/\/canfali.com\/ca-es\/concurs-sobre-sostenibilitat-i-canvi-climatic\/#primaryimage"},"thumbnailUrl":"https:\/\/canfali.com\/app\/uploads\/2025\/12\/gocalp.jpg","keywords":["canvi clim\u00e0tic","concurs escolar","sostenibilitat"],"articleSection":["Municipal"],"inLanguage":"va-ES","copyrightYear":"2025","copyrightHolder":{"@id":"https:\/\/canfali.com\/#organization"}},{"@type":"WebPage","@id":"https:\/\/canfali.com\/ca-es\/concurs-sobre-sostenibilitat-i-canvi-climatic\/","url":"https:\/\/canfali.com\/ca-es\/concurs-sobre-sostenibilitat-i-canvi-climatic\/","name":"Concurs sobre sostenibilitat i canvi clim\u00e0tic - Canfali","isPartOf":{"@id":"https:\/\/canfali.com\/ca-es\/#website"},"primaryImageOfPage":{"@id":"https:\/\/canfali.com\/ca-es\/concurs-sobre-sostenibilitat-i-canvi-climatic\/#primaryimage"},"image":{"@id":"https:\/\/canfali.com\/ca-es\/concurs-sobre-sostenibilitat-i-canvi-climatic\/#primaryimage"},"thumbnailUrl":"https:\/\/canfali.com\/app\/uploads\/2025\/12\/gocalp.jpg","datePublished":"2025-12-11T07:55:09+00:00","dateModified":"2025-12-11T07:57:18+00:00","breadcrumb":{"@id":"https:\/\/canfali.com\/ca-es\/concurs-sobre-sostenibilitat-i-canvi-climatic\/#breadcrumb"},"inLanguage":"va-ES","potentialAction":[{"@type":"ReadAction","target":["https:\/\/canfali.com\/ca-es\/concurs-sobre-sostenibilitat-i-canvi-climatic\/"]}]},{"@type":"ImageObject","inLanguage":"va-ES","@id":"https:\/\/canfali.com\/ca-es\/concurs-sobre-sostenibilitat-i-canvi-climatic\/#primaryimage","url":"https:\/\/canfali.com\/app\/uploads\/2025\/12\/gocalp.jpg","contentUrl":"https:\/\/canfali.com\/app\/uploads\/2025\/12\/gocalp.jpg","width":2048,"height":1152},{"@type":"BreadcrumbList","@id":"https:\/\/canfali.com\/ca-es\/concurs-sobre-sostenibilitat-i-canvi-climatic\/#breadcrumb","itemListElement":[{"@type":"ListItem","position":1,"name":"Portada","item":"https:\/\/canfali.com\/ca-es\/"},{"@type":"ListItem","position":2,"name":"Concurs sobre sostenibilitat i canvi clim\u00e0tic"}]},{"@type":"WebSite","@id":"https:\/\/canfali.com\/ca-es\/#website","url":"https:\/\/canfali.com\/ca-es\/","name":"Canfali","description":"","publisher":{"@id":"https:\/\/canfali.com\/ca-es\/#organization"},"potentialAction":[{"@type":"SearchAction","target":{"@type":"EntryPoint","urlTemplate":"https:\/\/canfali.com\/ca-es\/?s={search_term_string}"},"query-input":{"@type":"PropertyValueSpecification","valueRequired":true,"valueName":"search_term_string"}}],"inLanguage":"va-ES"},{"@type":"Organization","@id":"https:\/\/canfali.com\/ca-es\/#organization","name":"Canfali","url":"https:\/\/canfali.com\/ca-es\/","logo":{"@type":"ImageObject","inLanguage":"va-ES","@id":"https:\/\/canfali.com\/ca-es\/#\/schema\/logo\/image\/","url":"https:\/\/canfali.com\/app\/uploads\/2025\/12\/canfali_marina_alta_logo.png","contentUrl":"https:\/\/canfali.com\/app\/uploads\/2025\/12\/canfali_marina_alta_logo.png","width":225,"height":225,"caption":"Canfali"},"image":{"@id":"https:\/\/canfali.com\/ca-es\/#\/schema\/logo\/image\/"},"sameAs":["https:\/\/es-es.facebook.com\/CANFALIMarinaAlta","https:\/\/x.com\/canfalima","https:\/\/www.instagram.com\/canfalimarinaalta\/"]},{"@type":"Person","@id":"https:\/\/canfali.com\/ca-es\/#\/schema\/person\/5211f51be1ed486a218e6a4f53355b6d","name":"D\u00eddac","image":{"@type":"ImageObject","inLanguage":"va-ES","@id":"https:\/\/secure.gravatar.com\/avatar\/a68a2078c12da8a6dd6cff4f3f3f69f7eb69a2d31ac1aac4da61c3761e4557f4?s=96&d=mm&r=g","url":"https:\/\/secure.gravatar.com\/avatar\/a68a2078c12da8a6dd6cff4f3f3f69f7eb69a2d31ac1aac4da61c3761e4557f4?s=96&d=mm&r=g","contentUrl":"https:\/\/secure.gravatar.com\/avatar\/a68a2078c12da8a6dd6cff4f3f3f69f7eb69a2d31ac1aac4da61c3761e4557f4?s=96&d=mm&r=g","caption":"D\u00eddac"},"url":"https:\/\/canfali.com\/ca-es\/author\/didac\/"}]}},"_links":{"self":[{"href":"https:\/\/canfali.com\/ca-es\/wp-json\/wp\/v2\/posts\/83723","targetHints":{"allow":["GET"]}}],"collection":[{"href":"https:\/\/canfali.com\/ca-es\/wp-json\/wp\/v2\/posts"}],"about":[{"href":"https:\/\/canfali.com\/ca-es\/wp-json\/wp\/v2\/types\/post"}],"author":[{"embeddable":true,"href":"https:\/\/canfali.com\/ca-es\/wp-json\/wp\/v2\/users\/5"}],"replies":[{"embeddable":true,"href":"https:\/\/canfali.com\/ca-es\/wp-json\/wp\/v2\/comments?post=83723"}],"version-history":[{"count":1,"href":"https:\/\/canfali.com\/ca-es\/wp-json\/wp\/v2\/posts\/83723\/revisions"}],"predecessor-version":[{"id":83724,"href":"https:\/\/canfali.com\/ca-es\/wp-json\/wp\/v2\/posts\/83723\/revisions\/83724"}],"wp:featuredmedia":[{"embeddable":true,"href":"https:\/\/canfali.com\/ca-es\/wp-json\/wp\/v2\/media\/83721"}],"wp:attachment":[{"href":"https:\/\/canfali.com\/ca-es\/wp-json\/wp\/v2\/media?parent=83723"}],"wp:term":[{"taxonomy":"category","embeddable":true,"href":"https:\/\/canfali.com\/ca-es\/wp-json\/wp\/v2\/categories?post=83723"},{"taxonomy":"post_tag","embeddable":true,"href":"https:\/\/canfali.com\/ca-es\/wp-json\/wp\/v2\/tags?post=83723"}],"curies":[{"name":"wp","href":"https:\/\/api.w.org\/{rel}","templated":true}]}}