{"id":83702,"date":"2025-12-10T20:28:14","date_gmt":"2025-12-10T19:28:14","guid":{"rendered":"https:\/\/canfali.com\/historica-medalla-nacional-per-al-taekwondo-athenea\/"},"modified":"2025-12-10T20:31:27","modified_gmt":"2025-12-10T19:31:27","slug":"historica-medalla-nacional-per-al-taekwondo-athenea","status":"publish","type":"post","link":"https:\/\/canfali.com\/ca-es\/historica-medalla-nacional-per-al-taekwondo-athenea\/","title":{"rendered":"Hist\u00f2rica medalla nacional per al Taekwondo Athenea"},"content":{"rendered":"\n<p><p class=\"p1\">La calpina <b>Lilia Mobtil<\/b> s\u2019ha convertit en la gran protagonista del <b>Club de Taekwondo Athenea<\/b> aquest cap de setmana en conquistar una <b>medalla de bronze<\/b> en el <b>Campionat d\u2019Espanya de Taekwondo per Clubs<\/b>, el major esdeveniment nacional d\u2019aquesta disciplina. El seu excel\u00b7lent rendiment la va portar a encadenar <b>tres vict\u00f2ries consecutives<\/b> fins a arribar a les semifinals, on es va enfrontar a una rival amb experi\u00e8ncia internacional. Malgrat caure en eixa ronda, Mobtil va signar una actuaci\u00f3 impecable que suposa un <b>fet hist\u00f2ric per al club<\/b>: la seua <b>primera medalla nacional<\/b>.<\/p><\/p>\n\n<p>L\u2019assoliment de Lilia Mobtil representa un impuls significatiu per al projecte esportiu del Club de Taekwondo Athenea, que debutava en aquesta competici\u00f3. La seua entrega, qualitat t\u00e8cnica i maduresa competitiva van ser determinants per a destacar entre les millors esportistes del pa\u00eds.<br\/><\/p>\n\n<p><p class=\"p1\">La direcci\u00f3 t\u00e8cnica va anar a c\u00e0rrec de <b>Nora Ruiz Alc\u00e1zar<\/b>, directora del club i recentment titulada com a <b>Entrenadora Nacional<\/b>, qui va exercir una tasca excel\u00b7lent com a coach en tots els combats. El club tamb\u00e9 vol destacar el suport dels familiars de la competidora, aix\u00ed com dels companys i fam\u00edlies del <b>Club de Taekwondo Athenea<\/b>, que es van despla\u00e7ar per animar i acompanyar en aquesta cita tan especial.<\/p><\/p>\n\n<figure class=\"wp-block-image size-large\"><img decoding=\"async\" src=\"https:\/\/canfali.com\/app\/uploads\/2025\/12\/8taekwondo1-copia-1024x809.jpeg.webp\" alt=\"\" class=\"wp-image-83698\"\/><\/figure>\n\n<p><p class=\"p1\">El campionat, organitzat per la <b>Reial Federaci\u00f3 Espanyola de Taekwondo<\/b>, va tindre lloc a les instal\u00b7lacions esportives municipals de <b>La Nucia (Alacant)<\/b>, reunint clubs i esportistes de tot el pa\u00eds.<\/p><\/p>\n\n<p><p class=\"p1\">El <b>Club de Taekwondo Athenea<\/b> imparteix classes a les instal\u00b7lacions municipals de <b>Calp<\/b>, conegudes com a <b>\u201cCarrer de la Pilota\u201d<\/b>, al costat del pavell\u00f3 <b>\u201cDomingo Crespo\u201d<\/b>, i \u00e9s actualment l\u2019<b>\u00fanic club reconegut per la Federaci\u00f3 de Taekwondo de la Comunitat Valenciana<\/b> en tota la comarca de la <b>Marina Alta<\/b>.<\/p><\/p>\n","protected":false},"excerpt":{"rendered":"La calpina Lilia Mobtil s\u2019ha convertit en la gran protagonista del Club de Taekwondo Athenea aquest cap de&hellip;","protected":false},"author":8,"featured_media":83705,"comment_status":"closed","ping_status":"closed","sticky":false,"template":"","format":"standard","meta":{"csco_display_header_overlay":false,"csco_singular_sidebar":"","csco_page_header_type":"","csco_page_load_nextpost":"","csco_post_video_location":[],"csco_post_video_location_hash":"","csco_post_video_url":"","csco_post_video_bg_start_time":0,"csco_post_video_bg_end_time":0,"footnotes":""},"categories":[573,598],"tags":[],"class_list":{"0":"post-83702","1":"post","2":"type-post","3":"status-publish","4":"format-standard","5":"has-post-thumbnail","7":"category-deportes-2","8":"category-esports","9":"cs-entry","10":"cs-video-wrap"},"yoast_head":"<!-- This site is optimized with the Yoast SEO Premium plugin v26.6 (Yoast SEO v27.3) - https:\/\/yoast.com\/product\/yoast-seo-premium-wordpress\/ -->\n<title>Hist\u00f2rica medalla nacional per al Taekwondo Athenea - Canfali<\/title>\n<meta name=\"robots\" content=\"index, follow, max-snippet:-1, max-image-preview:large, max-video-preview:-1\" \/>\n<link rel=\"canonical\" href=\"https:\/\/canfali.com\/ca-es\/historica-medalla-nacional-per-al-taekwondo-athenea\/\" \/>\n<meta property=\"og:locale\" content=\"en_US\" \/>\n<meta property=\"og:type\" content=\"article\" \/>\n<meta property=\"og:title\" content=\"Hist\u00f2rica medalla nacional per al Taekwondo Athenea\" \/>\n<meta property=\"og:description\" content=\"La calpina Lilia Mobtil s\u2019ha convertit en la gran protagonista del Club de Taekwondo Athenea aquest cap de&hellip;\" \/>\n<meta property=\"og:url\" content=\"https:\/\/canfali.com\/ca-es\/historica-medalla-nacional-per-al-taekwondo-athenea\/\" \/>\n<meta property=\"og:site_name\" content=\"Canfali\" \/>\n<meta property=\"article:publisher\" content=\"https:\/\/es-es.facebook.com\/CANFALIMarinaAlta\" \/>\n<meta property=\"article:published_time\" content=\"2025-12-10T19:28:14+00:00\" \/>\n<meta property=\"article:modified_time\" content=\"2025-12-10T19:31:27+00:00\" \/>\n<meta property=\"og:image\" content=\"https:\/\/canfali.com\/app\/uploads\/2025\/12\/8taekwondo2.jpeg\" \/>\n\t<meta property=\"og:image:width\" content=\"1159\" \/>\n\t<meta property=\"og:image:height\" content=\"648\" \/>\n\t<meta property=\"og:image:type\" content=\"image\/jpeg\" \/>\n<meta name=\"author\" content=\"Lluis\" \/>\n<meta name=\"twitter:card\" content=\"summary_large_image\" \/>\n<meta name=\"twitter:creator\" content=\"@canfalima\" \/>\n<meta name=\"twitter:site\" content=\"@canfalima\" \/>\n<meta name=\"twitter:label1\" content=\"Written by\" \/>\n\t<meta name=\"twitter:data1\" content=\"Lluis\" \/>\n\t<meta name=\"twitter:label2\" content=\"Est. reading time\" \/>\n\t<meta name=\"twitter:data2\" content=\"2 minutes\" \/>\n<script type=\"application\/ld+json\" class=\"yoast-schema-graph\">{\"@context\":\"https:\\\/\\\/schema.org\",\"@graph\":[{\"@type\":\"NewsArticle\",\"@id\":\"https:\\\/\\\/canfali.com\\\/ca-es\\\/historica-medalla-nacional-per-al-taekwondo-athenea\\\/#article\",\"isPartOf\":{\"@id\":\"https:\\\/\\\/canfali.com\\\/ca-es\\\/historica-medalla-nacional-per-al-taekwondo-athenea\\\/\"},\"author\":{\"name\":\"Lluis\",\"@id\":\"https:\\\/\\\/canfali.com\\\/ca-es\\\/#\\\/schema\\\/person\\\/f540a86fb33e10daaae53c59ceaa1194\"},\"headline\":\"Hist\u00f2rica medalla nacional per al Taekwondo Athenea\",\"datePublished\":\"2025-12-10T19:28:14+00:00\",\"dateModified\":\"2025-12-10T19:31:27+00:00\",\"mainEntityOfPage\":{\"@id\":\"https:\\\/\\\/canfali.com\\\/ca-es\\\/historica-medalla-nacional-per-al-taekwondo-athenea\\\/\"},\"wordCount\":310,\"publisher\":{\"@id\":\"https:\\\/\\\/canfali.com\\\/ca-es\\\/#organization\"},\"image\":{\"@id\":\"https:\\\/\\\/canfali.com\\\/ca-es\\\/historica-medalla-nacional-per-al-taekwondo-athenea\\\/#primaryimage\"},\"thumbnailUrl\":\"https:\\\/\\\/canfali.com\\\/app\\\/uploads\\\/2025\\\/12\\\/8taekwondo2.jpeg\",\"articleSection\":[\"Deportes\",\"Esports\"],\"inLanguage\":\"va-ES\",\"copyrightYear\":\"2025\",\"copyrightHolder\":{\"@id\":\"https:\\\/\\\/canfali.com\\\/#organization\"}},{\"@type\":\"WebPage\",\"@id\":\"https:\\\/\\\/canfali.com\\\/ca-es\\\/historica-medalla-nacional-per-al-taekwondo-athenea\\\/\",\"url\":\"https:\\\/\\\/canfali.com\\\/ca-es\\\/historica-medalla-nacional-per-al-taekwondo-athenea\\\/\",\"name\":\"Hist\u00f2rica medalla nacional per al Taekwondo Athenea - Canfali\",\"isPartOf\":{\"@id\":\"https:\\\/\\\/canfali.com\\\/ca-es\\\/#website\"},\"primaryImageOfPage\":{\"@id\":\"https:\\\/\\\/canfali.com\\\/ca-es\\\/historica-medalla-nacional-per-al-taekwondo-athenea\\\/#primaryimage\"},\"image\":{\"@id\":\"https:\\\/\\\/canfali.com\\\/ca-es\\\/historica-medalla-nacional-per-al-taekwondo-athenea\\\/#primaryimage\"},\"thumbnailUrl\":\"https:\\\/\\\/canfali.com\\\/app\\\/uploads\\\/2025\\\/12\\\/8taekwondo2.jpeg\",\"datePublished\":\"2025-12-10T19:28:14+00:00\",\"dateModified\":\"2025-12-10T19:31:27+00:00\",\"breadcrumb\":{\"@id\":\"https:\\\/\\\/canfali.com\\\/ca-es\\\/historica-medalla-nacional-per-al-taekwondo-athenea\\\/#breadcrumb\"},\"inLanguage\":\"va-ES\",\"potentialAction\":[{\"@type\":\"ReadAction\",\"target\":[\"https:\\\/\\\/canfali.com\\\/ca-es\\\/historica-medalla-nacional-per-al-taekwondo-athenea\\\/\"]}]},{\"@type\":\"ImageObject\",\"inLanguage\":\"va-ES\",\"@id\":\"https:\\\/\\\/canfali.com\\\/ca-es\\\/historica-medalla-nacional-per-al-taekwondo-athenea\\\/#primaryimage\",\"url\":\"https:\\\/\\\/canfali.com\\\/app\\\/uploads\\\/2025\\\/12\\\/8taekwondo2.jpeg\",\"contentUrl\":\"https:\\\/\\\/canfali.com\\\/app\\\/uploads\\\/2025\\\/12\\\/8taekwondo2.jpeg\",\"width\":1159,\"height\":648},{\"@type\":\"BreadcrumbList\",\"@id\":\"https:\\\/\\\/canfali.com\\\/ca-es\\\/historica-medalla-nacional-per-al-taekwondo-athenea\\\/#breadcrumb\",\"itemListElement\":[{\"@type\":\"ListItem\",\"position\":1,\"name\":\"Portada\",\"item\":\"https:\\\/\\\/canfali.com\\\/ca-es\\\/\"},{\"@type\":\"ListItem\",\"position\":2,\"name\":\"Hist\u00f2rica medalla nacional per al Taekwondo Athenea\"}]},{\"@type\":\"WebSite\",\"@id\":\"https:\\\/\\\/canfali.com\\\/ca-es\\\/#website\",\"url\":\"https:\\\/\\\/canfali.com\\\/ca-es\\\/\",\"name\":\"Canfali\",\"description\":\"\",\"publisher\":{\"@id\":\"https:\\\/\\\/canfali.com\\\/ca-es\\\/#organization\"},\"potentialAction\":[{\"@type\":\"SearchAction\",\"target\":{\"@type\":\"EntryPoint\",\"urlTemplate\":\"https:\\\/\\\/canfali.com\\\/ca-es\\\/?s={search_term_string}\"},\"query-input\":{\"@type\":\"PropertyValueSpecification\",\"valueRequired\":true,\"valueName\":\"search_term_string\"}}],\"inLanguage\":\"va-ES\"},{\"@type\":\"Organization\",\"@id\":\"https:\\\/\\\/canfali.com\\\/ca-es\\\/#organization\",\"name\":\"Canfali\",\"url\":\"https:\\\/\\\/canfali.com\\\/ca-es\\\/\",\"logo\":{\"@type\":\"ImageObject\",\"inLanguage\":\"va-ES\",\"@id\":\"https:\\\/\\\/canfali.com\\\/ca-es\\\/#\\\/schema\\\/logo\\\/image\\\/\",\"url\":\"https:\\\/\\\/canfali.com\\\/app\\\/uploads\\\/2025\\\/12\\\/canfali_marina_alta_logo.png\",\"contentUrl\":\"https:\\\/\\\/canfali.com\\\/app\\\/uploads\\\/2025\\\/12\\\/canfali_marina_alta_logo.png\",\"width\":225,\"height\":225,\"caption\":\"Canfali\"},\"image\":{\"@id\":\"https:\\\/\\\/canfali.com\\\/ca-es\\\/#\\\/schema\\\/logo\\\/image\\\/\"},\"sameAs\":[\"https:\\\/\\\/es-es.facebook.com\\\/CANFALIMarinaAlta\",\"https:\\\/\\\/x.com\\\/canfalima\",\"https:\\\/\\\/www.instagram.com\\\/canfalimarinaalta\\\/\"]},{\"@type\":\"Person\",\"@id\":\"https:\\\/\\\/canfali.com\\\/ca-es\\\/#\\\/schema\\\/person\\\/f540a86fb33e10daaae53c59ceaa1194\",\"name\":\"Lluis\",\"image\":{\"@type\":\"ImageObject\",\"inLanguage\":\"va-ES\",\"@id\":\"https:\\\/\\\/secure.gravatar.com\\\/avatar\\\/a21ec8835290e4e02ed0886b8cb327d807d0eb6ec8ccf25d4c2a0a415f506c0d?s=96&d=mm&r=g\",\"url\":\"https:\\\/\\\/secure.gravatar.com\\\/avatar\\\/a21ec8835290e4e02ed0886b8cb327d807d0eb6ec8ccf25d4c2a0a415f506c0d?s=96&d=mm&r=g\",\"contentUrl\":\"https:\\\/\\\/secure.gravatar.com\\\/avatar\\\/a21ec8835290e4e02ed0886b8cb327d807d0eb6ec8ccf25d4c2a0a415f506c0d?s=96&d=mm&r=g\",\"caption\":\"Lluis\"},\"url\":\"https:\\\/\\\/canfali.com\\\/ca-es\\\/author\\\/lluis\\\/\"}]}<\/script>\n<!-- \/ Yoast SEO Premium plugin. -->","yoast_head_json":{"title":"Hist\u00f2rica medalla nacional per al Taekwondo Athenea - Canfali","robots":{"index":"index","follow":"follow","max-snippet":"max-snippet:-1","max-image-preview":"max-image-preview:large","max-video-preview":"max-video-preview:-1"},"canonical":"https:\/\/canfali.com\/ca-es\/historica-medalla-nacional-per-al-taekwondo-athenea\/","og_locale":"en_US","og_type":"article","og_title":"Hist\u00f2rica medalla nacional per al Taekwondo Athenea","og_description":"La calpina Lilia Mobtil s\u2019ha convertit en la gran protagonista del Club de Taekwondo Athenea aquest cap de&hellip;","og_url":"https:\/\/canfali.com\/ca-es\/historica-medalla-nacional-per-al-taekwondo-athenea\/","og_site_name":"Canfali","article_publisher":"https:\/\/es-es.facebook.com\/CANFALIMarinaAlta","article_published_time":"2025-12-10T19:28:14+00:00","article_modified_time":"2025-12-10T19:31:27+00:00","og_image":[{"width":1159,"height":648,"url":"https:\/\/canfali.com\/app\/uploads\/2025\/12\/8taekwondo2.jpeg","type":"image\/jpeg"}],"author":"Lluis","twitter_card":"summary_large_image","twitter_creator":"@canfalima","twitter_site":"@canfalima","twitter_misc":{"Written by":"Lluis","Est. reading time":"2 minutes"},"schema":{"@context":"https:\/\/schema.org","@graph":[{"@type":"NewsArticle","@id":"https:\/\/canfali.com\/ca-es\/historica-medalla-nacional-per-al-taekwondo-athenea\/#article","isPartOf":{"@id":"https:\/\/canfali.com\/ca-es\/historica-medalla-nacional-per-al-taekwondo-athenea\/"},"author":{"name":"Lluis","@id":"https:\/\/canfali.com\/ca-es\/#\/schema\/person\/f540a86fb33e10daaae53c59ceaa1194"},"headline":"Hist\u00f2rica medalla nacional per al Taekwondo Athenea","datePublished":"2025-12-10T19:28:14+00:00","dateModified":"2025-12-10T19:31:27+00:00","mainEntityOfPage":{"@id":"https:\/\/canfali.com\/ca-es\/historica-medalla-nacional-per-al-taekwondo-athenea\/"},"wordCount":310,"publisher":{"@id":"https:\/\/canfali.com\/ca-es\/#organization"},"image":{"@id":"https:\/\/canfali.com\/ca-es\/historica-medalla-nacional-per-al-taekwondo-athenea\/#primaryimage"},"thumbnailUrl":"https:\/\/canfali.com\/app\/uploads\/2025\/12\/8taekwondo2.jpeg","articleSection":["Deportes","Esports"],"inLanguage":"va-ES","copyrightYear":"2025","copyrightHolder":{"@id":"https:\/\/canfali.com\/#organization"}},{"@type":"WebPage","@id":"https:\/\/canfali.com\/ca-es\/historica-medalla-nacional-per-al-taekwondo-athenea\/","url":"https:\/\/canfali.com\/ca-es\/historica-medalla-nacional-per-al-taekwondo-athenea\/","name":"Hist\u00f2rica medalla nacional per al Taekwondo Athenea - Canfali","isPartOf":{"@id":"https:\/\/canfali.com\/ca-es\/#website"},"primaryImageOfPage":{"@id":"https:\/\/canfali.com\/ca-es\/historica-medalla-nacional-per-al-taekwondo-athenea\/#primaryimage"},"image":{"@id":"https:\/\/canfali.com\/ca-es\/historica-medalla-nacional-per-al-taekwondo-athenea\/#primaryimage"},"thumbnailUrl":"https:\/\/canfali.com\/app\/uploads\/2025\/12\/8taekwondo2.jpeg","datePublished":"2025-12-10T19:28:14+00:00","dateModified":"2025-12-10T19:31:27+00:00","breadcrumb":{"@id":"https:\/\/canfali.com\/ca-es\/historica-medalla-nacional-per-al-taekwondo-athenea\/#breadcrumb"},"inLanguage":"va-ES","potentialAction":[{"@type":"ReadAction","target":["https:\/\/canfali.com\/ca-es\/historica-medalla-nacional-per-al-taekwondo-athenea\/"]}]},{"@type":"ImageObject","inLanguage":"va-ES","@id":"https:\/\/canfali.com\/ca-es\/historica-medalla-nacional-per-al-taekwondo-athenea\/#primaryimage","url":"https:\/\/canfali.com\/app\/uploads\/2025\/12\/8taekwondo2.jpeg","contentUrl":"https:\/\/canfali.com\/app\/uploads\/2025\/12\/8taekwondo2.jpeg","width":1159,"height":648},{"@type":"BreadcrumbList","@id":"https:\/\/canfali.com\/ca-es\/historica-medalla-nacional-per-al-taekwondo-athenea\/#breadcrumb","itemListElement":[{"@type":"ListItem","position":1,"name":"Portada","item":"https:\/\/canfali.com\/ca-es\/"},{"@type":"ListItem","position":2,"name":"Hist\u00f2rica medalla nacional per al Taekwondo Athenea"}]},{"@type":"WebSite","@id":"https:\/\/canfali.com\/ca-es\/#website","url":"https:\/\/canfali.com\/ca-es\/","name":"Canfali","description":"","publisher":{"@id":"https:\/\/canfali.com\/ca-es\/#organization"},"potentialAction":[{"@type":"SearchAction","target":{"@type":"EntryPoint","urlTemplate":"https:\/\/canfali.com\/ca-es\/?s={search_term_string}"},"query-input":{"@type":"PropertyValueSpecification","valueRequired":true,"valueName":"search_term_string"}}],"inLanguage":"va-ES"},{"@type":"Organization","@id":"https:\/\/canfali.com\/ca-es\/#organization","name":"Canfali","url":"https:\/\/canfali.com\/ca-es\/","logo":{"@type":"ImageObject","inLanguage":"va-ES","@id":"https:\/\/canfali.com\/ca-es\/#\/schema\/logo\/image\/","url":"https:\/\/canfali.com\/app\/uploads\/2025\/12\/canfali_marina_alta_logo.png","contentUrl":"https:\/\/canfali.com\/app\/uploads\/2025\/12\/canfali_marina_alta_logo.png","width":225,"height":225,"caption":"Canfali"},"image":{"@id":"https:\/\/canfali.com\/ca-es\/#\/schema\/logo\/image\/"},"sameAs":["https:\/\/es-es.facebook.com\/CANFALIMarinaAlta","https:\/\/x.com\/canfalima","https:\/\/www.instagram.com\/canfalimarinaalta\/"]},{"@type":"Person","@id":"https:\/\/canfali.com\/ca-es\/#\/schema\/person\/f540a86fb33e10daaae53c59ceaa1194","name":"Lluis","image":{"@type":"ImageObject","inLanguage":"va-ES","@id":"https:\/\/secure.gravatar.com\/avatar\/a21ec8835290e4e02ed0886b8cb327d807d0eb6ec8ccf25d4c2a0a415f506c0d?s=96&d=mm&r=g","url":"https:\/\/secure.gravatar.com\/avatar\/a21ec8835290e4e02ed0886b8cb327d807d0eb6ec8ccf25d4c2a0a415f506c0d?s=96&d=mm&r=g","contentUrl":"https:\/\/secure.gravatar.com\/avatar\/a21ec8835290e4e02ed0886b8cb327d807d0eb6ec8ccf25d4c2a0a415f506c0d?s=96&d=mm&r=g","caption":"Lluis"},"url":"https:\/\/canfali.com\/ca-es\/author\/lluis\/"}]}},"_links":{"self":[{"href":"https:\/\/canfali.com\/ca-es\/wp-json\/wp\/v2\/posts\/83702","targetHints":{"allow":["GET"]}}],"collection":[{"href":"https:\/\/canfali.com\/ca-es\/wp-json\/wp\/v2\/posts"}],"about":[{"href":"https:\/\/canfali.com\/ca-es\/wp-json\/wp\/v2\/types\/post"}],"author":[{"embeddable":true,"href":"https:\/\/canfali.com\/ca-es\/wp-json\/wp\/v2\/users\/8"}],"replies":[{"embeddable":true,"href":"https:\/\/canfali.com\/ca-es\/wp-json\/wp\/v2\/comments?post=83702"}],"version-history":[{"count":1,"href":"https:\/\/canfali.com\/ca-es\/wp-json\/wp\/v2\/posts\/83702\/revisions"}],"predecessor-version":[{"id":83703,"href":"https:\/\/canfali.com\/ca-es\/wp-json\/wp\/v2\/posts\/83702\/revisions\/83703"}],"wp:featuredmedia":[{"embeddable":true,"href":"https:\/\/canfali.com\/ca-es\/wp-json\/wp\/v2\/media\/83705"}],"wp:attachment":[{"href":"https:\/\/canfali.com\/ca-es\/wp-json\/wp\/v2\/media?parent=83702"}],"wp:term":[{"taxonomy":"category","embeddable":true,"href":"https:\/\/canfali.com\/ca-es\/wp-json\/wp\/v2\/categories?post=83702"},{"taxonomy":"post_tag","embeddable":true,"href":"https:\/\/canfali.com\/ca-es\/wp-json\/wp\/v2\/tags?post=83702"}],"curies":[{"name":"wp","href":"https:\/\/api.w.org\/{rel}","templated":true}]}}