{"id":83673,"date":"2025-12-10T10:13:54","date_gmt":"2025-12-10T09:13:54","guid":{"rendered":"https:\/\/canfali.com\/la-guerra-del-coloms-a-denia\/"},"modified":"2025-12-10T10:23:20","modified_gmt":"2025-12-10T09:23:20","slug":"la-guerra-del-coloms-a-denia","status":"publish","type":"post","link":"https:\/\/canfali.com\/ca-es\/la-guerra-del-coloms-a-denia\/","title":{"rendered":"La guerra del coloms a D\u00e9nia"},"content":{"rendered":"\n<p><\/p>\n\n<p>El carrer de D\u00e9nia s&#8217;ha convertit en l&#8217;epicentre d&#8217;un conflicte ve\u00efnal amb unes innocents protagonistes. Desenes de coloms acudixen a tota hora fins a un balc\u00f3, on una ve\u00efna els deixa menjar. Es tracta d&#8217;un gest d&#8217;amor cap als animals, per\u00f2 tamb\u00e9 \u00e9s un maldecap per a les persones que viuen en els edificis pr\u00f2xims.<br\/><br\/><\/p>\n\n<p>Les queixes ve principalment per l&#8217;acumulaci\u00f3 d&#8217;aus i per la brut\u00edcia que deixen en la vorera, ja que els excrements dels coloms pararan just enfront d&#8217;un establiment de venda de roba esportiva. Estos fets es produ\u00efxen des de primeres hores del mat\u00ed, quan la ciutat est\u00e0 despertant-se.<br\/><br\/><\/p>\n\n<p>Tal com denuncien els ve\u00efns, la dona que alimenta als coloms no dona el seu bra\u00e7 a tor\u00e7ar i seguix amb esta pr\u00e0ctica. Al mateix temps, mant\u00e9 hissada al seu balc\u00f3 una bandera del PACMA (Partit Animalista), un gest que per als ve\u00efns representa una provocaci\u00f3 directa enmig de la crisi de salubritat.<br\/><br\/><\/p>\n\n<p>A m\u00e9s, tal com han indicat ve\u00efns de la zona, l&#8217;Ajuntament intervindr\u00e0 per a sancionar a la dona. Fins al lloc dels fets s&#8217;han personat regidors i t\u00e8cnics per a comprovar sobre el terreny l&#8217;abast de les den\u00fancies.<\/p>\n\n<p><\/p>\n","protected":false},"excerpt":{"rendered":"El carrer de D\u00e9nia s&#8217;ha convertit en l&#8217;epicentre d&#8217;un conflicte ve\u00efnal amb unes innocents protagonistes. Desenes de coloms&hellip;","protected":false},"author":7,"featured_media":83671,"comment_status":"closed","ping_status":"closed","sticky":false,"template":"","format":"standard","meta":{"csco_display_header_overlay":false,"csco_singular_sidebar":"","csco_page_header_type":"","csco_page_load_nextpost":"","csco_post_video_location":[],"csco_post_video_location_hash":"","csco_post_video_url":"","csco_post_video_bg_start_time":0,"csco_post_video_bg_end_time":0,"footnotes":""},"categories":[614],"tags":[4540,5544,5545],"class_list":{"0":"post-83673","1":"post","2":"type-post","3":"status-publish","4":"format-standard","5":"has-post-thumbnail","7":"category-municipal-ca-es","8":"tag-carrers","9":"tag-coloms","10":"tag-salubritat","11":"cs-entry","12":"cs-video-wrap"},"yoast_head":"<!-- This site is optimized with the Yoast SEO Premium plugin v26.6 (Yoast SEO v27.3) - https:\/\/yoast.com\/product\/yoast-seo-premium-wordpress\/ -->\n<title>La guerra del coloms a D\u00e9nia - Canfali<\/title>\n<meta name=\"robots\" content=\"index, follow, max-snippet:-1, max-image-preview:large, max-video-preview:-1\" \/>\n<link rel=\"canonical\" href=\"https:\/\/canfali.com\/ca-es\/la-guerra-del-coloms-a-denia\/\" \/>\n<meta property=\"og:locale\" content=\"en_US\" \/>\n<meta property=\"og:type\" content=\"article\" \/>\n<meta property=\"og:title\" content=\"La guerra del coloms a D\u00e9nia\" \/>\n<meta property=\"og:description\" content=\"El carrer de D\u00e9nia s&#8217;ha convertit en l&#8217;epicentre d&#8217;un conflicte ve\u00efnal amb unes innocents protagonistes. Desenes de coloms&hellip;\" \/>\n<meta property=\"og:url\" content=\"https:\/\/canfali.com\/ca-es\/la-guerra-del-coloms-a-denia\/\" \/>\n<meta property=\"og:site_name\" content=\"Canfali\" \/>\n<meta property=\"article:publisher\" content=\"https:\/\/es-es.facebook.com\/CANFALIMarinaAlta\" \/>\n<meta property=\"article:published_time\" content=\"2025-12-10T09:13:54+00:00\" \/>\n<meta property=\"article:modified_time\" content=\"2025-12-10T09:23:20+00:00\" \/>\n<meta property=\"og:image\" content=\"https:\/\/canfali.com\/app\/uploads\/2025\/12\/palomas.jpg\" \/>\n\t<meta property=\"og:image:width\" content=\"1600\" \/>\n\t<meta property=\"og:image:height\" content=\"1200\" \/>\n\t<meta property=\"og:image:type\" content=\"image\/jpeg\" \/>\n<meta name=\"author\" content=\"Bolta\" \/>\n<meta name=\"twitter:card\" content=\"summary_large_image\" \/>\n<meta name=\"twitter:creator\" content=\"@canfalima\" \/>\n<meta name=\"twitter:site\" content=\"@canfalima\" \/>\n<meta name=\"twitter:label1\" content=\"Written by\" \/>\n\t<meta name=\"twitter:data1\" content=\"Bolta\" \/>\n\t<meta name=\"twitter:label2\" content=\"Est. reading time\" \/>\n\t<meta name=\"twitter:data2\" content=\"1 minute\" \/>\n<script type=\"application\/ld+json\" class=\"yoast-schema-graph\">{\"@context\":\"https:\\\/\\\/schema.org\",\"@graph\":[{\"@type\":\"NewsArticle\",\"@id\":\"https:\\\/\\\/canfali.com\\\/ca-es\\\/la-guerra-del-coloms-a-denia\\\/#article\",\"isPartOf\":{\"@id\":\"https:\\\/\\\/canfali.com\\\/ca-es\\\/la-guerra-del-coloms-a-denia\\\/\"},\"author\":{\"name\":\"Bolta\",\"@id\":\"https:\\\/\\\/canfali.com\\\/ca-es\\\/#\\\/schema\\\/person\\\/9c651adc904f3c4e0243f54407751557\"},\"headline\":\"La guerra del coloms a D\u00e9nia\",\"datePublished\":\"2025-12-10T09:13:54+00:00\",\"dateModified\":\"2025-12-10T09:23:20+00:00\",\"mainEntityOfPage\":{\"@id\":\"https:\\\/\\\/canfali.com\\\/ca-es\\\/la-guerra-del-coloms-a-denia\\\/\"},\"wordCount\":225,\"publisher\":{\"@id\":\"https:\\\/\\\/canfali.com\\\/ca-es\\\/#organization\"},\"image\":{\"@id\":\"https:\\\/\\\/canfali.com\\\/ca-es\\\/la-guerra-del-coloms-a-denia\\\/#primaryimage\"},\"thumbnailUrl\":\"https:\\\/\\\/canfali.com\\\/app\\\/uploads\\\/2025\\\/12\\\/palomas.jpg\",\"keywords\":[\"carrers\",\"coloms\",\"salubritat\"],\"articleSection\":[\"Municipal\"],\"inLanguage\":\"va-ES\",\"copyrightYear\":\"2025\",\"copyrightHolder\":{\"@id\":\"https:\\\/\\\/canfali.com\\\/#organization\"}},{\"@type\":\"WebPage\",\"@id\":\"https:\\\/\\\/canfali.com\\\/ca-es\\\/la-guerra-del-coloms-a-denia\\\/\",\"url\":\"https:\\\/\\\/canfali.com\\\/ca-es\\\/la-guerra-del-coloms-a-denia\\\/\",\"name\":\"La guerra del coloms a D\u00e9nia - Canfali\",\"isPartOf\":{\"@id\":\"https:\\\/\\\/canfali.com\\\/ca-es\\\/#website\"},\"primaryImageOfPage\":{\"@id\":\"https:\\\/\\\/canfali.com\\\/ca-es\\\/la-guerra-del-coloms-a-denia\\\/#primaryimage\"},\"image\":{\"@id\":\"https:\\\/\\\/canfali.com\\\/ca-es\\\/la-guerra-del-coloms-a-denia\\\/#primaryimage\"},\"thumbnailUrl\":\"https:\\\/\\\/canfali.com\\\/app\\\/uploads\\\/2025\\\/12\\\/palomas.jpg\",\"datePublished\":\"2025-12-10T09:13:54+00:00\",\"dateModified\":\"2025-12-10T09:23:20+00:00\",\"breadcrumb\":{\"@id\":\"https:\\\/\\\/canfali.com\\\/ca-es\\\/la-guerra-del-coloms-a-denia\\\/#breadcrumb\"},\"inLanguage\":\"va-ES\",\"potentialAction\":[{\"@type\":\"ReadAction\",\"target\":[\"https:\\\/\\\/canfali.com\\\/ca-es\\\/la-guerra-del-coloms-a-denia\\\/\"]}]},{\"@type\":\"ImageObject\",\"inLanguage\":\"va-ES\",\"@id\":\"https:\\\/\\\/canfali.com\\\/ca-es\\\/la-guerra-del-coloms-a-denia\\\/#primaryimage\",\"url\":\"https:\\\/\\\/canfali.com\\\/app\\\/uploads\\\/2025\\\/12\\\/palomas.jpg\",\"contentUrl\":\"https:\\\/\\\/canfali.com\\\/app\\\/uploads\\\/2025\\\/12\\\/palomas.jpg\",\"width\":1600,\"height\":1200},{\"@type\":\"BreadcrumbList\",\"@id\":\"https:\\\/\\\/canfali.com\\\/ca-es\\\/la-guerra-del-coloms-a-denia\\\/#breadcrumb\",\"itemListElement\":[{\"@type\":\"ListItem\",\"position\":1,\"name\":\"Portada\",\"item\":\"https:\\\/\\\/canfali.com\\\/ca-es\\\/\"},{\"@type\":\"ListItem\",\"position\":2,\"name\":\"La guerra del coloms a D\u00e9nia\"}]},{\"@type\":\"WebSite\",\"@id\":\"https:\\\/\\\/canfali.com\\\/ca-es\\\/#website\",\"url\":\"https:\\\/\\\/canfali.com\\\/ca-es\\\/\",\"name\":\"Canfali\",\"description\":\"\",\"publisher\":{\"@id\":\"https:\\\/\\\/canfali.com\\\/ca-es\\\/#organization\"},\"potentialAction\":[{\"@type\":\"SearchAction\",\"target\":{\"@type\":\"EntryPoint\",\"urlTemplate\":\"https:\\\/\\\/canfali.com\\\/ca-es\\\/?s={search_term_string}\"},\"query-input\":{\"@type\":\"PropertyValueSpecification\",\"valueRequired\":true,\"valueName\":\"search_term_string\"}}],\"inLanguage\":\"va-ES\"},{\"@type\":\"Organization\",\"@id\":\"https:\\\/\\\/canfali.com\\\/ca-es\\\/#organization\",\"name\":\"Canfali\",\"url\":\"https:\\\/\\\/canfali.com\\\/ca-es\\\/\",\"logo\":{\"@type\":\"ImageObject\",\"inLanguage\":\"va-ES\",\"@id\":\"https:\\\/\\\/canfali.com\\\/ca-es\\\/#\\\/schema\\\/logo\\\/image\\\/\",\"url\":\"https:\\\/\\\/canfali.com\\\/app\\\/uploads\\\/2025\\\/12\\\/canfali_marina_alta_logo.png\",\"contentUrl\":\"https:\\\/\\\/canfali.com\\\/app\\\/uploads\\\/2025\\\/12\\\/canfali_marina_alta_logo.png\",\"width\":225,\"height\":225,\"caption\":\"Canfali\"},\"image\":{\"@id\":\"https:\\\/\\\/canfali.com\\\/ca-es\\\/#\\\/schema\\\/logo\\\/image\\\/\"},\"sameAs\":[\"https:\\\/\\\/es-es.facebook.com\\\/CANFALIMarinaAlta\",\"https:\\\/\\\/x.com\\\/canfalima\",\"https:\\\/\\\/www.instagram.com\\\/canfalimarinaalta\\\/\"]},{\"@type\":\"Person\",\"@id\":\"https:\\\/\\\/canfali.com\\\/ca-es\\\/#\\\/schema\\\/person\\\/9c651adc904f3c4e0243f54407751557\",\"name\":\"Bolta\",\"image\":{\"@type\":\"ImageObject\",\"inLanguage\":\"va-ES\",\"@id\":\"https:\\\/\\\/secure.gravatar.com\\\/avatar\\\/550a5d97fe3cfba5caf077b9600e46529e1977e9d14396836e775d6d9d895a81?s=96&d=mm&r=g\",\"url\":\"https:\\\/\\\/secure.gravatar.com\\\/avatar\\\/550a5d97fe3cfba5caf077b9600e46529e1977e9d14396836e775d6d9d895a81?s=96&d=mm&r=g\",\"contentUrl\":\"https:\\\/\\\/secure.gravatar.com\\\/avatar\\\/550a5d97fe3cfba5caf077b9600e46529e1977e9d14396836e775d6d9d895a81?s=96&d=mm&r=g\",\"caption\":\"Bolta\"},\"url\":\"https:\\\/\\\/canfali.com\\\/ca-es\\\/author\\\/bolta\\\/\"}]}<\/script>\n<!-- \/ Yoast SEO Premium plugin. -->","yoast_head_json":{"title":"La guerra del coloms a D\u00e9nia - Canfali","robots":{"index":"index","follow":"follow","max-snippet":"max-snippet:-1","max-image-preview":"max-image-preview:large","max-video-preview":"max-video-preview:-1"},"canonical":"https:\/\/canfali.com\/ca-es\/la-guerra-del-coloms-a-denia\/","og_locale":"en_US","og_type":"article","og_title":"La guerra del coloms a D\u00e9nia","og_description":"El carrer de D\u00e9nia s&#8217;ha convertit en l&#8217;epicentre d&#8217;un conflicte ve\u00efnal amb unes innocents protagonistes. Desenes de coloms&hellip;","og_url":"https:\/\/canfali.com\/ca-es\/la-guerra-del-coloms-a-denia\/","og_site_name":"Canfali","article_publisher":"https:\/\/es-es.facebook.com\/CANFALIMarinaAlta","article_published_time":"2025-12-10T09:13:54+00:00","article_modified_time":"2025-12-10T09:23:20+00:00","og_image":[{"width":1600,"height":1200,"url":"https:\/\/canfali.com\/app\/uploads\/2025\/12\/palomas.jpg","type":"image\/jpeg"}],"author":"Bolta","twitter_card":"summary_large_image","twitter_creator":"@canfalima","twitter_site":"@canfalima","twitter_misc":{"Written by":"Bolta","Est. reading time":"1 minute"},"schema":{"@context":"https:\/\/schema.org","@graph":[{"@type":"NewsArticle","@id":"https:\/\/canfali.com\/ca-es\/la-guerra-del-coloms-a-denia\/#article","isPartOf":{"@id":"https:\/\/canfali.com\/ca-es\/la-guerra-del-coloms-a-denia\/"},"author":{"name":"Bolta","@id":"https:\/\/canfali.com\/ca-es\/#\/schema\/person\/9c651adc904f3c4e0243f54407751557"},"headline":"La guerra del coloms a D\u00e9nia","datePublished":"2025-12-10T09:13:54+00:00","dateModified":"2025-12-10T09:23:20+00:00","mainEntityOfPage":{"@id":"https:\/\/canfali.com\/ca-es\/la-guerra-del-coloms-a-denia\/"},"wordCount":225,"publisher":{"@id":"https:\/\/canfali.com\/ca-es\/#organization"},"image":{"@id":"https:\/\/canfali.com\/ca-es\/la-guerra-del-coloms-a-denia\/#primaryimage"},"thumbnailUrl":"https:\/\/canfali.com\/app\/uploads\/2025\/12\/palomas.jpg","keywords":["carrers","coloms","salubritat"],"articleSection":["Municipal"],"inLanguage":"va-ES","copyrightYear":"2025","copyrightHolder":{"@id":"https:\/\/canfali.com\/#organization"}},{"@type":"WebPage","@id":"https:\/\/canfali.com\/ca-es\/la-guerra-del-coloms-a-denia\/","url":"https:\/\/canfali.com\/ca-es\/la-guerra-del-coloms-a-denia\/","name":"La guerra del coloms a D\u00e9nia - Canfali","isPartOf":{"@id":"https:\/\/canfali.com\/ca-es\/#website"},"primaryImageOfPage":{"@id":"https:\/\/canfali.com\/ca-es\/la-guerra-del-coloms-a-denia\/#primaryimage"},"image":{"@id":"https:\/\/canfali.com\/ca-es\/la-guerra-del-coloms-a-denia\/#primaryimage"},"thumbnailUrl":"https:\/\/canfali.com\/app\/uploads\/2025\/12\/palomas.jpg","datePublished":"2025-12-10T09:13:54+00:00","dateModified":"2025-12-10T09:23:20+00:00","breadcrumb":{"@id":"https:\/\/canfali.com\/ca-es\/la-guerra-del-coloms-a-denia\/#breadcrumb"},"inLanguage":"va-ES","potentialAction":[{"@type":"ReadAction","target":["https:\/\/canfali.com\/ca-es\/la-guerra-del-coloms-a-denia\/"]}]},{"@type":"ImageObject","inLanguage":"va-ES","@id":"https:\/\/canfali.com\/ca-es\/la-guerra-del-coloms-a-denia\/#primaryimage","url":"https:\/\/canfali.com\/app\/uploads\/2025\/12\/palomas.jpg","contentUrl":"https:\/\/canfali.com\/app\/uploads\/2025\/12\/palomas.jpg","width":1600,"height":1200},{"@type":"BreadcrumbList","@id":"https:\/\/canfali.com\/ca-es\/la-guerra-del-coloms-a-denia\/#breadcrumb","itemListElement":[{"@type":"ListItem","position":1,"name":"Portada","item":"https:\/\/canfali.com\/ca-es\/"},{"@type":"ListItem","position":2,"name":"La guerra del coloms a D\u00e9nia"}]},{"@type":"WebSite","@id":"https:\/\/canfali.com\/ca-es\/#website","url":"https:\/\/canfali.com\/ca-es\/","name":"Canfali","description":"","publisher":{"@id":"https:\/\/canfali.com\/ca-es\/#organization"},"potentialAction":[{"@type":"SearchAction","target":{"@type":"EntryPoint","urlTemplate":"https:\/\/canfali.com\/ca-es\/?s={search_term_string}"},"query-input":{"@type":"PropertyValueSpecification","valueRequired":true,"valueName":"search_term_string"}}],"inLanguage":"va-ES"},{"@type":"Organization","@id":"https:\/\/canfali.com\/ca-es\/#organization","name":"Canfali","url":"https:\/\/canfali.com\/ca-es\/","logo":{"@type":"ImageObject","inLanguage":"va-ES","@id":"https:\/\/canfali.com\/ca-es\/#\/schema\/logo\/image\/","url":"https:\/\/canfali.com\/app\/uploads\/2025\/12\/canfali_marina_alta_logo.png","contentUrl":"https:\/\/canfali.com\/app\/uploads\/2025\/12\/canfali_marina_alta_logo.png","width":225,"height":225,"caption":"Canfali"},"image":{"@id":"https:\/\/canfali.com\/ca-es\/#\/schema\/logo\/image\/"},"sameAs":["https:\/\/es-es.facebook.com\/CANFALIMarinaAlta","https:\/\/x.com\/canfalima","https:\/\/www.instagram.com\/canfalimarinaalta\/"]},{"@type":"Person","@id":"https:\/\/canfali.com\/ca-es\/#\/schema\/person\/9c651adc904f3c4e0243f54407751557","name":"Bolta","image":{"@type":"ImageObject","inLanguage":"va-ES","@id":"https:\/\/secure.gravatar.com\/avatar\/550a5d97fe3cfba5caf077b9600e46529e1977e9d14396836e775d6d9d895a81?s=96&d=mm&r=g","url":"https:\/\/secure.gravatar.com\/avatar\/550a5d97fe3cfba5caf077b9600e46529e1977e9d14396836e775d6d9d895a81?s=96&d=mm&r=g","contentUrl":"https:\/\/secure.gravatar.com\/avatar\/550a5d97fe3cfba5caf077b9600e46529e1977e9d14396836e775d6d9d895a81?s=96&d=mm&r=g","caption":"Bolta"},"url":"https:\/\/canfali.com\/ca-es\/author\/bolta\/"}]}},"_links":{"self":[{"href":"https:\/\/canfali.com\/ca-es\/wp-json\/wp\/v2\/posts\/83673","targetHints":{"allow":["GET"]}}],"collection":[{"href":"https:\/\/canfali.com\/ca-es\/wp-json\/wp\/v2\/posts"}],"about":[{"href":"https:\/\/canfali.com\/ca-es\/wp-json\/wp\/v2\/types\/post"}],"author":[{"embeddable":true,"href":"https:\/\/canfali.com\/ca-es\/wp-json\/wp\/v2\/users\/7"}],"replies":[{"embeddable":true,"href":"https:\/\/canfali.com\/ca-es\/wp-json\/wp\/v2\/comments?post=83673"}],"version-history":[{"count":1,"href":"https:\/\/canfali.com\/ca-es\/wp-json\/wp\/v2\/posts\/83673\/revisions"}],"predecessor-version":[{"id":83674,"href":"https:\/\/canfali.com\/ca-es\/wp-json\/wp\/v2\/posts\/83673\/revisions\/83674"}],"wp:featuredmedia":[{"embeddable":true,"href":"https:\/\/canfali.com\/ca-es\/wp-json\/wp\/v2\/media\/83671"}],"wp:attachment":[{"href":"https:\/\/canfali.com\/ca-es\/wp-json\/wp\/v2\/media?parent=83673"}],"wp:term":[{"taxonomy":"category","embeddable":true,"href":"https:\/\/canfali.com\/ca-es\/wp-json\/wp\/v2\/categories?post=83673"},{"taxonomy":"post_tag","embeddable":true,"href":"https:\/\/canfali.com\/ca-es\/wp-json\/wp\/v2\/tags?post=83673"}],"curies":[{"name":"wp","href":"https:\/\/api.w.org\/{rel}","templated":true}]}}