{"id":83663,"date":"2025-12-10T09:29:16","date_gmt":"2025-12-10T08:29:16","guid":{"rendered":"https:\/\/canfali.com\/?p=83663"},"modified":"2025-12-10T09:29:17","modified_gmt":"2025-12-10T08:29:17","slug":"relevo-en-proteccion-civil-de-xabia","status":"publish","type":"post","link":"https:\/\/canfali.com\/ca-es\/relevo-en-proteccion-civil-de-xabia\/","title":{"rendered":"Relevo en Protecci\u00f3n Civil de X\u00e0bia\u00a0"},"content":{"rendered":"\n<p>La Agrupaci\u00f3n de Protecci\u00f3n Civil ha formalizado hace unos d\u00edas el relevo en sus responsabilidades de mando, un cambio clave para la organizaci\u00f3n interna del servicio y su capacidad de respuesta ante emergencias en el municipio. Tras a\u00f1os de dedicaci\u00f3n, Rafa Bisquert deja su puesto de responsabilidad, que pasa a asumir Crist\u00f3bal Mata, voluntario con una trayectoria consolidada dentro de la agrupaci\u00f3n.<\/p>\n\n\n\n<p>Durante el acto celebrado con motivo de la cena anual de Protecci\u00f3n Civil, se reconoci\u00f3 p\u00fablicamente la labor de Bisquert, destacando su compromiso constante, su profesionalidad y el entusiasmo con el que ha afrontado cada reto del servicio. Su etapa al frente de la agrupaci\u00f3n ha sido valorada como ejemplar tanto por sus compa\u00f1eros como por la Concejal\u00eda de Seguridad Ciudadana y Emergencias.<\/p>\n\n\n\n<p>El nuevo responsable, Crist\u00f3bal Mata, recibi\u00f3 el testigo con el reconocimiento de sus compa\u00f1eros y del equipo de gobierno. Su incorporaci\u00f3n al mando se produce tras a\u00f1os de trabajo dentro de la agrupaci\u00f3n, donde ha demostrado solvencia, implicaci\u00f3n y capacidad para coordinar y apoyar a los voluntarios en situaciones de emergencia.<\/p>\n\n\n\n<p>El concejal de Seguridad Ciudadana y Emergencias, Juan Ortol\u00e1, resalt\u00f3 la importancia de este relevo, agradeciendo a Bisquert \u201csu entrega y compromiso durante todos estos a\u00f1os\u201d y se\u00f1alando que la elecci\u00f3n de Mata \u201cgarantiza continuidad, experiencia y un liderazgo preparado para los desaf\u00edos del servicio\u201d.<\/p>\n\n\n\n<p>Asimismo, record\u00f3 que la labor de Protecci\u00f3n Civil es fundamental en el municipio, interviniendo no solo en tareas de prevenci\u00f3n y extinci\u00f3n de incendios, sino tambi\u00e9n en apagones, inundaciones y todo tipo de incidencias que afectan a la ciudadan\u00eda. \u201cLa Concejal\u00eda seguir\u00e1 respaldando firmemente el trabajo de la agrupaci\u00f3n\u201d, a\u00f1adi\u00f3.<\/p>\n\n\n\n<p>El acto cont\u00f3 con la presencia de la alcaldesa, Rosa Cardona, y el Intendente Jefe de la Polic\u00eda Local, Jos\u00e9 Antonio Monfort.<\/p>\n","protected":false},"excerpt":{"rendered":"La Agrupaci\u00f3n de Protecci\u00f3n Civil ha formalizado hace unos d\u00edas el relevo en sus responsabilidades de mando, un&hellip;","protected":false},"author":8,"featured_media":83664,"comment_status":"closed","ping_status":"closed","sticky":false,"template":"","format":"standard","meta":{"csco_display_header_overlay":false,"csco_singular_sidebar":"","csco_page_header_type":"","csco_page_load_nextpost":"","csco_post_video_location":[],"csco_post_video_location_hash":"","csco_post_video_url":"","csco_post_video_bg_start_time":0,"csco_post_video_bg_end_time":0,"footnotes":""},"categories":[614],"tags":[],"class_list":{"0":"post-83663","1":"post","2":"type-post","3":"status-publish","4":"format-standard","5":"has-post-thumbnail","7":"category-municipal-ca-es","8":"cs-entry","9":"cs-video-wrap"},"yoast_head":"<!-- This site is optimized with the Yoast SEO Premium plugin v26.6 (Yoast SEO v27.3) - https:\/\/yoast.com\/product\/yoast-seo-premium-wordpress\/ -->\n<title>Relevo en Protecci\u00f3n Civil de X\u00e0bia\u00a0 - Canfali<\/title>\n<meta name=\"robots\" content=\"index, follow, max-snippet:-1, max-image-preview:large, max-video-preview:-1\" \/>\n<link rel=\"canonical\" href=\"https:\/\/canfali.com\/ca-es\/relevo-en-proteccion-civil-de-xabia\/\" \/>\n<meta property=\"og:locale\" content=\"en_US\" \/>\n<meta property=\"og:type\" content=\"article\" \/>\n<meta property=\"og:title\" content=\"Relevo en Protecci\u00f3n Civil de X\u00e0bia\u00a0\" \/>\n<meta property=\"og:description\" content=\"La Agrupaci\u00f3n de Protecci\u00f3n Civil ha formalizado hace unos d\u00edas el relevo en sus responsabilidades de mando, un&hellip;\" \/>\n<meta property=\"og:url\" content=\"https:\/\/canfali.com\/ca-es\/relevo-en-proteccion-civil-de-xabia\/\" \/>\n<meta property=\"og:site_name\" content=\"Canfali\" \/>\n<meta property=\"article:publisher\" content=\"https:\/\/es-es.facebook.com\/CANFALIMarinaAlta\" \/>\n<meta property=\"article:published_time\" content=\"2025-12-10T08:29:16+00:00\" \/>\n<meta property=\"article:modified_time\" content=\"2025-12-10T08:29:17+00:00\" \/>\n<meta property=\"og:image\" content=\"https:\/\/canfali.com\/app\/uploads\/2025\/12\/8protecciocivil.jpg\" \/>\n\t<meta property=\"og:image:width\" content=\"1134\" \/>\n\t<meta property=\"og:image:height\" content=\"729\" \/>\n\t<meta property=\"og:image:type\" content=\"image\/jpeg\" \/>\n<meta name=\"author\" content=\"Lluis\" \/>\n<meta name=\"twitter:card\" content=\"summary_large_image\" \/>\n<meta name=\"twitter:creator\" content=\"@canfalima\" \/>\n<meta name=\"twitter:site\" content=\"@canfalima\" \/>\n<meta name=\"twitter:label1\" content=\"Written by\" \/>\n\t<meta name=\"twitter:data1\" content=\"Lluis\" \/>\n\t<meta name=\"twitter:label2\" content=\"Est. reading time\" \/>\n\t<meta name=\"twitter:data2\" content=\"2 minutes\" \/>\n<script type=\"application\/ld+json\" class=\"yoast-schema-graph\">{\"@context\":\"https:\\\/\\\/schema.org\",\"@graph\":[{\"@type\":\"NewsArticle\",\"@id\":\"https:\\\/\\\/canfali.com\\\/ca-es\\\/relevo-en-proteccion-civil-de-xabia\\\/#article\",\"isPartOf\":{\"@id\":\"https:\\\/\\\/canfali.com\\\/ca-es\\\/relevo-en-proteccion-civil-de-xabia\\\/\"},\"author\":{\"name\":\"Lluis\",\"@id\":\"https:\\\/\\\/canfali.com\\\/ca-es\\\/#\\\/schema\\\/person\\\/f540a86fb33e10daaae53c59ceaa1194\"},\"headline\":\"Relevo en Protecci\u00f3n Civil de X\u00e0bia\u00a0\",\"datePublished\":\"2025-12-10T08:29:16+00:00\",\"dateModified\":\"2025-12-10T08:29:17+00:00\",\"mainEntityOfPage\":{\"@id\":\"https:\\\/\\\/canfali.com\\\/ca-es\\\/relevo-en-proteccion-civil-de-xabia\\\/\"},\"wordCount\":333,\"publisher\":{\"@id\":\"https:\\\/\\\/canfali.com\\\/ca-es\\\/#organization\"},\"image\":{\"@id\":\"https:\\\/\\\/canfali.com\\\/ca-es\\\/relevo-en-proteccion-civil-de-xabia\\\/#primaryimage\"},\"thumbnailUrl\":\"https:\\\/\\\/canfali.com\\\/app\\\/uploads\\\/2025\\\/12\\\/8protecciocivil.jpg\",\"articleSection\":[\"Municipal\"],\"inLanguage\":\"va-ES\",\"copyrightYear\":\"2025\",\"copyrightHolder\":{\"@id\":\"https:\\\/\\\/canfali.com\\\/#organization\"}},{\"@type\":\"WebPage\",\"@id\":\"https:\\\/\\\/canfali.com\\\/ca-es\\\/relevo-en-proteccion-civil-de-xabia\\\/\",\"url\":\"https:\\\/\\\/canfali.com\\\/ca-es\\\/relevo-en-proteccion-civil-de-xabia\\\/\",\"name\":\"Relevo en Protecci\u00f3n Civil de X\u00e0bia\u00a0 - Canfali\",\"isPartOf\":{\"@id\":\"https:\\\/\\\/canfali.com\\\/ca-es\\\/#website\"},\"primaryImageOfPage\":{\"@id\":\"https:\\\/\\\/canfali.com\\\/ca-es\\\/relevo-en-proteccion-civil-de-xabia\\\/#primaryimage\"},\"image\":{\"@id\":\"https:\\\/\\\/canfali.com\\\/ca-es\\\/relevo-en-proteccion-civil-de-xabia\\\/#primaryimage\"},\"thumbnailUrl\":\"https:\\\/\\\/canfali.com\\\/app\\\/uploads\\\/2025\\\/12\\\/8protecciocivil.jpg\",\"datePublished\":\"2025-12-10T08:29:16+00:00\",\"dateModified\":\"2025-12-10T08:29:17+00:00\",\"breadcrumb\":{\"@id\":\"https:\\\/\\\/canfali.com\\\/ca-es\\\/relevo-en-proteccion-civil-de-xabia\\\/#breadcrumb\"},\"inLanguage\":\"va-ES\",\"potentialAction\":[{\"@type\":\"ReadAction\",\"target\":[\"https:\\\/\\\/canfali.com\\\/ca-es\\\/relevo-en-proteccion-civil-de-xabia\\\/\"]}]},{\"@type\":\"ImageObject\",\"inLanguage\":\"va-ES\",\"@id\":\"https:\\\/\\\/canfali.com\\\/ca-es\\\/relevo-en-proteccion-civil-de-xabia\\\/#primaryimage\",\"url\":\"https:\\\/\\\/canfali.com\\\/app\\\/uploads\\\/2025\\\/12\\\/8protecciocivil.jpg\",\"contentUrl\":\"https:\\\/\\\/canfali.com\\\/app\\\/uploads\\\/2025\\\/12\\\/8protecciocivil.jpg\",\"width\":1134,\"height\":729},{\"@type\":\"BreadcrumbList\",\"@id\":\"https:\\\/\\\/canfali.com\\\/ca-es\\\/relevo-en-proteccion-civil-de-xabia\\\/#breadcrumb\",\"itemListElement\":[{\"@type\":\"ListItem\",\"position\":1,\"name\":\"Portada\",\"item\":\"https:\\\/\\\/canfali.com\\\/ca-es\\\/\"},{\"@type\":\"ListItem\",\"position\":2,\"name\":\"Relevo en Protecci\u00f3n Civil de X\u00e0bia\u00a0\"}]},{\"@type\":\"WebSite\",\"@id\":\"https:\\\/\\\/canfali.com\\\/ca-es\\\/#website\",\"url\":\"https:\\\/\\\/canfali.com\\\/ca-es\\\/\",\"name\":\"Canfali\",\"description\":\"\",\"publisher\":{\"@id\":\"https:\\\/\\\/canfali.com\\\/ca-es\\\/#organization\"},\"potentialAction\":[{\"@type\":\"SearchAction\",\"target\":{\"@type\":\"EntryPoint\",\"urlTemplate\":\"https:\\\/\\\/canfali.com\\\/ca-es\\\/?s={search_term_string}\"},\"query-input\":{\"@type\":\"PropertyValueSpecification\",\"valueRequired\":true,\"valueName\":\"search_term_string\"}}],\"inLanguage\":\"va-ES\"},{\"@type\":\"Organization\",\"@id\":\"https:\\\/\\\/canfali.com\\\/ca-es\\\/#organization\",\"name\":\"Canfali\",\"url\":\"https:\\\/\\\/canfali.com\\\/ca-es\\\/\",\"logo\":{\"@type\":\"ImageObject\",\"inLanguage\":\"va-ES\",\"@id\":\"https:\\\/\\\/canfali.com\\\/ca-es\\\/#\\\/schema\\\/logo\\\/image\\\/\",\"url\":\"https:\\\/\\\/canfali.com\\\/app\\\/uploads\\\/2025\\\/12\\\/canfali_marina_alta_logo.png\",\"contentUrl\":\"https:\\\/\\\/canfali.com\\\/app\\\/uploads\\\/2025\\\/12\\\/canfali_marina_alta_logo.png\",\"width\":225,\"height\":225,\"caption\":\"Canfali\"},\"image\":{\"@id\":\"https:\\\/\\\/canfali.com\\\/ca-es\\\/#\\\/schema\\\/logo\\\/image\\\/\"},\"sameAs\":[\"https:\\\/\\\/es-es.facebook.com\\\/CANFALIMarinaAlta\",\"https:\\\/\\\/x.com\\\/canfalima\",\"https:\\\/\\\/www.instagram.com\\\/canfalimarinaalta\\\/\"]},{\"@type\":\"Person\",\"@id\":\"https:\\\/\\\/canfali.com\\\/ca-es\\\/#\\\/schema\\\/person\\\/f540a86fb33e10daaae53c59ceaa1194\",\"name\":\"Lluis\",\"image\":{\"@type\":\"ImageObject\",\"inLanguage\":\"va-ES\",\"@id\":\"https:\\\/\\\/secure.gravatar.com\\\/avatar\\\/a21ec8835290e4e02ed0886b8cb327d807d0eb6ec8ccf25d4c2a0a415f506c0d?s=96&d=mm&r=g\",\"url\":\"https:\\\/\\\/secure.gravatar.com\\\/avatar\\\/a21ec8835290e4e02ed0886b8cb327d807d0eb6ec8ccf25d4c2a0a415f506c0d?s=96&d=mm&r=g\",\"contentUrl\":\"https:\\\/\\\/secure.gravatar.com\\\/avatar\\\/a21ec8835290e4e02ed0886b8cb327d807d0eb6ec8ccf25d4c2a0a415f506c0d?s=96&d=mm&r=g\",\"caption\":\"Lluis\"},\"url\":\"https:\\\/\\\/canfali.com\\\/ca-es\\\/author\\\/lluis\\\/\"}]}<\/script>\n<!-- \/ Yoast SEO Premium plugin. -->","yoast_head_json":{"title":"Relevo en Protecci\u00f3n Civil de X\u00e0bia\u00a0 - Canfali","robots":{"index":"index","follow":"follow","max-snippet":"max-snippet:-1","max-image-preview":"max-image-preview:large","max-video-preview":"max-video-preview:-1"},"canonical":"https:\/\/canfali.com\/ca-es\/relevo-en-proteccion-civil-de-xabia\/","og_locale":"en_US","og_type":"article","og_title":"Relevo en Protecci\u00f3n Civil de X\u00e0bia\u00a0","og_description":"La Agrupaci\u00f3n de Protecci\u00f3n Civil ha formalizado hace unos d\u00edas el relevo en sus responsabilidades de mando, un&hellip;","og_url":"https:\/\/canfali.com\/ca-es\/relevo-en-proteccion-civil-de-xabia\/","og_site_name":"Canfali","article_publisher":"https:\/\/es-es.facebook.com\/CANFALIMarinaAlta","article_published_time":"2025-12-10T08:29:16+00:00","article_modified_time":"2025-12-10T08:29:17+00:00","og_image":[{"width":1134,"height":729,"url":"https:\/\/canfali.com\/app\/uploads\/2025\/12\/8protecciocivil.jpg","type":"image\/jpeg"}],"author":"Lluis","twitter_card":"summary_large_image","twitter_creator":"@canfalima","twitter_site":"@canfalima","twitter_misc":{"Written by":"Lluis","Est. reading time":"2 minutes"},"schema":{"@context":"https:\/\/schema.org","@graph":[{"@type":"NewsArticle","@id":"https:\/\/canfali.com\/ca-es\/relevo-en-proteccion-civil-de-xabia\/#article","isPartOf":{"@id":"https:\/\/canfali.com\/ca-es\/relevo-en-proteccion-civil-de-xabia\/"},"author":{"name":"Lluis","@id":"https:\/\/canfali.com\/ca-es\/#\/schema\/person\/f540a86fb33e10daaae53c59ceaa1194"},"headline":"Relevo en Protecci\u00f3n Civil de X\u00e0bia\u00a0","datePublished":"2025-12-10T08:29:16+00:00","dateModified":"2025-12-10T08:29:17+00:00","mainEntityOfPage":{"@id":"https:\/\/canfali.com\/ca-es\/relevo-en-proteccion-civil-de-xabia\/"},"wordCount":333,"publisher":{"@id":"https:\/\/canfali.com\/ca-es\/#organization"},"image":{"@id":"https:\/\/canfali.com\/ca-es\/relevo-en-proteccion-civil-de-xabia\/#primaryimage"},"thumbnailUrl":"https:\/\/canfali.com\/app\/uploads\/2025\/12\/8protecciocivil.jpg","articleSection":["Municipal"],"inLanguage":"va-ES","copyrightYear":"2025","copyrightHolder":{"@id":"https:\/\/canfali.com\/#organization"}},{"@type":"WebPage","@id":"https:\/\/canfali.com\/ca-es\/relevo-en-proteccion-civil-de-xabia\/","url":"https:\/\/canfali.com\/ca-es\/relevo-en-proteccion-civil-de-xabia\/","name":"Relevo en Protecci\u00f3n Civil de X\u00e0bia\u00a0 - Canfali","isPartOf":{"@id":"https:\/\/canfali.com\/ca-es\/#website"},"primaryImageOfPage":{"@id":"https:\/\/canfali.com\/ca-es\/relevo-en-proteccion-civil-de-xabia\/#primaryimage"},"image":{"@id":"https:\/\/canfali.com\/ca-es\/relevo-en-proteccion-civil-de-xabia\/#primaryimage"},"thumbnailUrl":"https:\/\/canfali.com\/app\/uploads\/2025\/12\/8protecciocivil.jpg","datePublished":"2025-12-10T08:29:16+00:00","dateModified":"2025-12-10T08:29:17+00:00","breadcrumb":{"@id":"https:\/\/canfali.com\/ca-es\/relevo-en-proteccion-civil-de-xabia\/#breadcrumb"},"inLanguage":"va-ES","potentialAction":[{"@type":"ReadAction","target":["https:\/\/canfali.com\/ca-es\/relevo-en-proteccion-civil-de-xabia\/"]}]},{"@type":"ImageObject","inLanguage":"va-ES","@id":"https:\/\/canfali.com\/ca-es\/relevo-en-proteccion-civil-de-xabia\/#primaryimage","url":"https:\/\/canfali.com\/app\/uploads\/2025\/12\/8protecciocivil.jpg","contentUrl":"https:\/\/canfali.com\/app\/uploads\/2025\/12\/8protecciocivil.jpg","width":1134,"height":729},{"@type":"BreadcrumbList","@id":"https:\/\/canfali.com\/ca-es\/relevo-en-proteccion-civil-de-xabia\/#breadcrumb","itemListElement":[{"@type":"ListItem","position":1,"name":"Portada","item":"https:\/\/canfali.com\/ca-es\/"},{"@type":"ListItem","position":2,"name":"Relevo en Protecci\u00f3n Civil de X\u00e0bia\u00a0"}]},{"@type":"WebSite","@id":"https:\/\/canfali.com\/ca-es\/#website","url":"https:\/\/canfali.com\/ca-es\/","name":"Canfali","description":"","publisher":{"@id":"https:\/\/canfali.com\/ca-es\/#organization"},"potentialAction":[{"@type":"SearchAction","target":{"@type":"EntryPoint","urlTemplate":"https:\/\/canfali.com\/ca-es\/?s={search_term_string}"},"query-input":{"@type":"PropertyValueSpecification","valueRequired":true,"valueName":"search_term_string"}}],"inLanguage":"va-ES"},{"@type":"Organization","@id":"https:\/\/canfali.com\/ca-es\/#organization","name":"Canfali","url":"https:\/\/canfali.com\/ca-es\/","logo":{"@type":"ImageObject","inLanguage":"va-ES","@id":"https:\/\/canfali.com\/ca-es\/#\/schema\/logo\/image\/","url":"https:\/\/canfali.com\/app\/uploads\/2025\/12\/canfali_marina_alta_logo.png","contentUrl":"https:\/\/canfali.com\/app\/uploads\/2025\/12\/canfali_marina_alta_logo.png","width":225,"height":225,"caption":"Canfali"},"image":{"@id":"https:\/\/canfali.com\/ca-es\/#\/schema\/logo\/image\/"},"sameAs":["https:\/\/es-es.facebook.com\/CANFALIMarinaAlta","https:\/\/x.com\/canfalima","https:\/\/www.instagram.com\/canfalimarinaalta\/"]},{"@type":"Person","@id":"https:\/\/canfali.com\/ca-es\/#\/schema\/person\/f540a86fb33e10daaae53c59ceaa1194","name":"Lluis","image":{"@type":"ImageObject","inLanguage":"va-ES","@id":"https:\/\/secure.gravatar.com\/avatar\/a21ec8835290e4e02ed0886b8cb327d807d0eb6ec8ccf25d4c2a0a415f506c0d?s=96&d=mm&r=g","url":"https:\/\/secure.gravatar.com\/avatar\/a21ec8835290e4e02ed0886b8cb327d807d0eb6ec8ccf25d4c2a0a415f506c0d?s=96&d=mm&r=g","contentUrl":"https:\/\/secure.gravatar.com\/avatar\/a21ec8835290e4e02ed0886b8cb327d807d0eb6ec8ccf25d4c2a0a415f506c0d?s=96&d=mm&r=g","caption":"Lluis"},"url":"https:\/\/canfali.com\/ca-es\/author\/lluis\/"}]}},"_links":{"self":[{"href":"https:\/\/canfali.com\/ca-es\/wp-json\/wp\/v2\/posts\/83663","targetHints":{"allow":["GET"]}}],"collection":[{"href":"https:\/\/canfali.com\/ca-es\/wp-json\/wp\/v2\/posts"}],"about":[{"href":"https:\/\/canfali.com\/ca-es\/wp-json\/wp\/v2\/types\/post"}],"author":[{"embeddable":true,"href":"https:\/\/canfali.com\/ca-es\/wp-json\/wp\/v2\/users\/8"}],"replies":[{"embeddable":true,"href":"https:\/\/canfali.com\/ca-es\/wp-json\/wp\/v2\/comments?post=83663"}],"version-history":[{"count":1,"href":"https:\/\/canfali.com\/ca-es\/wp-json\/wp\/v2\/posts\/83663\/revisions"}],"predecessor-version":[{"id":83666,"href":"https:\/\/canfali.com\/ca-es\/wp-json\/wp\/v2\/posts\/83663\/revisions\/83666"}],"wp:featuredmedia":[{"embeddable":true,"href":"https:\/\/canfali.com\/ca-es\/wp-json\/wp\/v2\/media\/83664"}],"wp:attachment":[{"href":"https:\/\/canfali.com\/ca-es\/wp-json\/wp\/v2\/media?parent=83663"}],"wp:term":[{"taxonomy":"category","embeddable":true,"href":"https:\/\/canfali.com\/ca-es\/wp-json\/wp\/v2\/categories?post=83663"},{"taxonomy":"post_tag","embeddable":true,"href":"https:\/\/canfali.com\/ca-es\/wp-json\/wp\/v2\/tags?post=83663"}],"curies":[{"name":"wp","href":"https:\/\/api.w.org\/{rel}","templated":true}]}}