{"id":83648,"date":"2025-12-09T17:49:45","date_gmt":"2025-12-09T16:49:45","guid":{"rendered":"https:\/\/canfali.com\/en-marxa-el-relleu-a-lalcaldia-de-gata-dimiteix-josep-signes\/"},"modified":"2025-12-09T17:50:56","modified_gmt":"2025-12-09T16:50:56","slug":"en-marxa-el-relleu-a-lalcaldia-de-gata-dimiteix-josep-signes","status":"publish","type":"post","link":"https:\/\/canfali.com\/ca-es\/en-marxa-el-relleu-a-lalcaldia-de-gata-dimiteix-josep-signes\/","title":{"rendered":"En marxa el relleu a l\u2019Alcaldia de Gata: dimiteix Josep Signes"},"content":{"rendered":"\n<p>El govern de Gata Comprom\u00eds-PSOE ha posat en marxa el mecanisme per al relleu a l\u2019Alcaldia, arran del pacte de legislatura que van acordar ambdues formacions. El pacte establia que Josep Francesc Signes, actual alcalde, cedir\u00e0 el c\u00e0rrec al l\u00edder socialista, Josep Antoni Signes, una vegada superada la meitat de la legislatura.<br\/><br\/><\/p>\n\n<p>Dins d\u2019aquest proc\u00e9s, Josep Francesc Signes ha presentat aquest dimarts la ren\u00fancia al c\u00e0rrec, amb efectes a partir del 16 de desembre de 2025.<br\/><\/p>\n\n<p>El seg\u00fcent pas ser\u00e0 la convocat\u00f2ria d\u2019un plenari en el qual es donar\u00e0 compte de la ren\u00fancia i del nomenament del seu successor.<br\/><\/p>\n","protected":false},"excerpt":{"rendered":"El govern de Gata Comprom\u00eds-PSOE ha posat en marxa el mecanisme per al relleu a l\u2019Alcaldia","protected":false},"author":8,"featured_media":83645,"comment_status":"closed","ping_status":"closed","sticky":false,"template":"","format":"standard","meta":{"csco_display_header_overlay":false,"csco_singular_sidebar":"","csco_page_header_type":"","csco_page_load_nextpost":"","csco_post_video_location":[],"csco_post_video_location_hash":"","csco_post_video_url":"","csco_post_video_bg_start_time":0,"csco_post_video_bg_end_time":0,"footnotes":""},"categories":[614,575,611],"tags":[],"class_list":{"0":"post-83648","1":"post","2":"type-post","3":"status-publish","4":"format-standard","5":"has-post-thumbnail","7":"category-municipal-ca-es","8":"category-politica-2","9":"category-politica-ca-es","10":"cs-entry","11":"cs-video-wrap"},"yoast_head":"<!-- This site is optimized with the Yoast SEO Premium plugin v26.6 (Yoast SEO v27.3) - https:\/\/yoast.com\/product\/yoast-seo-premium-wordpress\/ -->\n<title>En marxa el relleu a l\u2019Alcaldia de Gata: dimiteix Josep Signes - Canfali<\/title>\n<meta name=\"robots\" content=\"index, follow, max-snippet:-1, max-image-preview:large, max-video-preview:-1\" \/>\n<link rel=\"canonical\" href=\"https:\/\/canfali.com\/ca-es\/en-marxa-el-relleu-a-lalcaldia-de-gata-dimiteix-josep-signes\/\" \/>\n<meta property=\"og:locale\" content=\"en_US\" \/>\n<meta property=\"og:type\" content=\"article\" \/>\n<meta property=\"og:title\" content=\"En marxa el relleu a l\u2019Alcaldia de Gata: dimiteix Josep Signes\" \/>\n<meta property=\"og:description\" content=\"El govern de Gata Comprom\u00eds-PSOE ha posat en marxa el mecanisme per al relleu a l\u2019Alcaldia\" \/>\n<meta property=\"og:url\" content=\"https:\/\/canfali.com\/ca-es\/en-marxa-el-relleu-a-lalcaldia-de-gata-dimiteix-josep-signes\/\" \/>\n<meta property=\"og:site_name\" content=\"Canfali\" \/>\n<meta property=\"article:publisher\" content=\"https:\/\/es-es.facebook.com\/CANFALIMarinaAlta\" \/>\n<meta property=\"article:published_time\" content=\"2025-12-09T16:49:45+00:00\" \/>\n<meta property=\"article:modified_time\" content=\"2025-12-09T16:50:56+00:00\" \/>\n<meta property=\"og:image\" content=\"https:\/\/canfali.com\/app\/uploads\/2025\/12\/relleu.jpg\" \/>\n\t<meta property=\"og:image:width\" content=\"1280\" \/>\n\t<meta property=\"og:image:height\" content=\"720\" \/>\n\t<meta property=\"og:image:type\" content=\"image\/jpeg\" \/>\n<meta name=\"author\" content=\"Lluis\" \/>\n<meta name=\"twitter:card\" content=\"summary_large_image\" \/>\n<meta name=\"twitter:creator\" content=\"@canfalima\" \/>\n<meta name=\"twitter:site\" content=\"@canfalima\" \/>\n<meta name=\"twitter:label1\" content=\"Written by\" \/>\n\t<meta name=\"twitter:data1\" content=\"Lluis\" \/>\n\t<meta name=\"twitter:label2\" content=\"Est. reading time\" \/>\n\t<meta name=\"twitter:data2\" content=\"1 minute\" \/>\n<script type=\"application\/ld+json\" class=\"yoast-schema-graph\">{\"@context\":\"https:\\\/\\\/schema.org\",\"@graph\":[{\"@type\":\"NewsArticle\",\"@id\":\"https:\\\/\\\/canfali.com\\\/ca-es\\\/en-marxa-el-relleu-a-lalcaldia-de-gata-dimiteix-josep-signes\\\/#article\",\"isPartOf\":{\"@id\":\"https:\\\/\\\/canfali.com\\\/ca-es\\\/en-marxa-el-relleu-a-lalcaldia-de-gata-dimiteix-josep-signes\\\/\"},\"author\":{\"name\":\"Lluis\",\"@id\":\"https:\\\/\\\/canfali.com\\\/ca-es\\\/#\\\/schema\\\/person\\\/f540a86fb33e10daaae53c59ceaa1194\"},\"headline\":\"En marxa el relleu a l\u2019Alcaldia de Gata: dimiteix Josep Signes\",\"datePublished\":\"2025-12-09T16:49:45+00:00\",\"dateModified\":\"2025-12-09T16:50:56+00:00\",\"mainEntityOfPage\":{\"@id\":\"https:\\\/\\\/canfali.com\\\/ca-es\\\/en-marxa-el-relleu-a-lalcaldia-de-gata-dimiteix-josep-signes\\\/\"},\"wordCount\":121,\"publisher\":{\"@id\":\"https:\\\/\\\/canfali.com\\\/ca-es\\\/#organization\"},\"image\":{\"@id\":\"https:\\\/\\\/canfali.com\\\/ca-es\\\/en-marxa-el-relleu-a-lalcaldia-de-gata-dimiteix-josep-signes\\\/#primaryimage\"},\"thumbnailUrl\":\"https:\\\/\\\/canfali.com\\\/app\\\/uploads\\\/2025\\\/12\\\/relleu.jpg\",\"articleSection\":[\"Municipal\",\"Pol\u00edtica\",\"Pol\u00edtica\"],\"inLanguage\":\"va-ES\",\"copyrightYear\":\"2025\",\"copyrightHolder\":{\"@id\":\"https:\\\/\\\/canfali.com\\\/#organization\"}},{\"@type\":\"WebPage\",\"@id\":\"https:\\\/\\\/canfali.com\\\/ca-es\\\/en-marxa-el-relleu-a-lalcaldia-de-gata-dimiteix-josep-signes\\\/\",\"url\":\"https:\\\/\\\/canfali.com\\\/ca-es\\\/en-marxa-el-relleu-a-lalcaldia-de-gata-dimiteix-josep-signes\\\/\",\"name\":\"En marxa el relleu a l\u2019Alcaldia de Gata: dimiteix Josep Signes - Canfali\",\"isPartOf\":{\"@id\":\"https:\\\/\\\/canfali.com\\\/ca-es\\\/#website\"},\"primaryImageOfPage\":{\"@id\":\"https:\\\/\\\/canfali.com\\\/ca-es\\\/en-marxa-el-relleu-a-lalcaldia-de-gata-dimiteix-josep-signes\\\/#primaryimage\"},\"image\":{\"@id\":\"https:\\\/\\\/canfali.com\\\/ca-es\\\/en-marxa-el-relleu-a-lalcaldia-de-gata-dimiteix-josep-signes\\\/#primaryimage\"},\"thumbnailUrl\":\"https:\\\/\\\/canfali.com\\\/app\\\/uploads\\\/2025\\\/12\\\/relleu.jpg\",\"datePublished\":\"2025-12-09T16:49:45+00:00\",\"dateModified\":\"2025-12-09T16:50:56+00:00\",\"breadcrumb\":{\"@id\":\"https:\\\/\\\/canfali.com\\\/ca-es\\\/en-marxa-el-relleu-a-lalcaldia-de-gata-dimiteix-josep-signes\\\/#breadcrumb\"},\"inLanguage\":\"va-ES\",\"potentialAction\":[{\"@type\":\"ReadAction\",\"target\":[\"https:\\\/\\\/canfali.com\\\/ca-es\\\/en-marxa-el-relleu-a-lalcaldia-de-gata-dimiteix-josep-signes\\\/\"]}]},{\"@type\":\"ImageObject\",\"inLanguage\":\"va-ES\",\"@id\":\"https:\\\/\\\/canfali.com\\\/ca-es\\\/en-marxa-el-relleu-a-lalcaldia-de-gata-dimiteix-josep-signes\\\/#primaryimage\",\"url\":\"https:\\\/\\\/canfali.com\\\/app\\\/uploads\\\/2025\\\/12\\\/relleu.jpg\",\"contentUrl\":\"https:\\\/\\\/canfali.com\\\/app\\\/uploads\\\/2025\\\/12\\\/relleu.jpg\",\"width\":1280,\"height\":720},{\"@type\":\"BreadcrumbList\",\"@id\":\"https:\\\/\\\/canfali.com\\\/ca-es\\\/en-marxa-el-relleu-a-lalcaldia-de-gata-dimiteix-josep-signes\\\/#breadcrumb\",\"itemListElement\":[{\"@type\":\"ListItem\",\"position\":1,\"name\":\"Portada\",\"item\":\"https:\\\/\\\/canfali.com\\\/ca-es\\\/\"},{\"@type\":\"ListItem\",\"position\":2,\"name\":\"En marxa el relleu a l\u2019Alcaldia de Gata: dimiteix Josep Signes\"}]},{\"@type\":\"WebSite\",\"@id\":\"https:\\\/\\\/canfali.com\\\/ca-es\\\/#website\",\"url\":\"https:\\\/\\\/canfali.com\\\/ca-es\\\/\",\"name\":\"Canfali\",\"description\":\"\",\"publisher\":{\"@id\":\"https:\\\/\\\/canfali.com\\\/ca-es\\\/#organization\"},\"potentialAction\":[{\"@type\":\"SearchAction\",\"target\":{\"@type\":\"EntryPoint\",\"urlTemplate\":\"https:\\\/\\\/canfali.com\\\/ca-es\\\/?s={search_term_string}\"},\"query-input\":{\"@type\":\"PropertyValueSpecification\",\"valueRequired\":true,\"valueName\":\"search_term_string\"}}],\"inLanguage\":\"va-ES\"},{\"@type\":\"Organization\",\"@id\":\"https:\\\/\\\/canfali.com\\\/ca-es\\\/#organization\",\"name\":\"Canfali\",\"url\":\"https:\\\/\\\/canfali.com\\\/ca-es\\\/\",\"logo\":{\"@type\":\"ImageObject\",\"inLanguage\":\"va-ES\",\"@id\":\"https:\\\/\\\/canfali.com\\\/ca-es\\\/#\\\/schema\\\/logo\\\/image\\\/\",\"url\":\"https:\\\/\\\/canfali.com\\\/app\\\/uploads\\\/2025\\\/12\\\/canfali_marina_alta_logo.png\",\"contentUrl\":\"https:\\\/\\\/canfali.com\\\/app\\\/uploads\\\/2025\\\/12\\\/canfali_marina_alta_logo.png\",\"width\":225,\"height\":225,\"caption\":\"Canfali\"},\"image\":{\"@id\":\"https:\\\/\\\/canfali.com\\\/ca-es\\\/#\\\/schema\\\/logo\\\/image\\\/\"},\"sameAs\":[\"https:\\\/\\\/es-es.facebook.com\\\/CANFALIMarinaAlta\",\"https:\\\/\\\/x.com\\\/canfalima\",\"https:\\\/\\\/www.instagram.com\\\/canfalimarinaalta\\\/\"]},{\"@type\":\"Person\",\"@id\":\"https:\\\/\\\/canfali.com\\\/ca-es\\\/#\\\/schema\\\/person\\\/f540a86fb33e10daaae53c59ceaa1194\",\"name\":\"Lluis\",\"image\":{\"@type\":\"ImageObject\",\"inLanguage\":\"va-ES\",\"@id\":\"https:\\\/\\\/secure.gravatar.com\\\/avatar\\\/a21ec8835290e4e02ed0886b8cb327d807d0eb6ec8ccf25d4c2a0a415f506c0d?s=96&d=mm&r=g\",\"url\":\"https:\\\/\\\/secure.gravatar.com\\\/avatar\\\/a21ec8835290e4e02ed0886b8cb327d807d0eb6ec8ccf25d4c2a0a415f506c0d?s=96&d=mm&r=g\",\"contentUrl\":\"https:\\\/\\\/secure.gravatar.com\\\/avatar\\\/a21ec8835290e4e02ed0886b8cb327d807d0eb6ec8ccf25d4c2a0a415f506c0d?s=96&d=mm&r=g\",\"caption\":\"Lluis\"},\"url\":\"https:\\\/\\\/canfali.com\\\/ca-es\\\/author\\\/lluis\\\/\"}]}<\/script>\n<!-- \/ Yoast SEO Premium plugin. -->","yoast_head_json":{"title":"En marxa el relleu a l\u2019Alcaldia de Gata: dimiteix Josep Signes - Canfali","robots":{"index":"index","follow":"follow","max-snippet":"max-snippet:-1","max-image-preview":"max-image-preview:large","max-video-preview":"max-video-preview:-1"},"canonical":"https:\/\/canfali.com\/ca-es\/en-marxa-el-relleu-a-lalcaldia-de-gata-dimiteix-josep-signes\/","og_locale":"en_US","og_type":"article","og_title":"En marxa el relleu a l\u2019Alcaldia de Gata: dimiteix Josep Signes","og_description":"El govern de Gata Comprom\u00eds-PSOE ha posat en marxa el mecanisme per al relleu a l\u2019Alcaldia","og_url":"https:\/\/canfali.com\/ca-es\/en-marxa-el-relleu-a-lalcaldia-de-gata-dimiteix-josep-signes\/","og_site_name":"Canfali","article_publisher":"https:\/\/es-es.facebook.com\/CANFALIMarinaAlta","article_published_time":"2025-12-09T16:49:45+00:00","article_modified_time":"2025-12-09T16:50:56+00:00","og_image":[{"width":1280,"height":720,"url":"https:\/\/canfali.com\/app\/uploads\/2025\/12\/relleu.jpg","type":"image\/jpeg"}],"author":"Lluis","twitter_card":"summary_large_image","twitter_creator":"@canfalima","twitter_site":"@canfalima","twitter_misc":{"Written by":"Lluis","Est. reading time":"1 minute"},"schema":{"@context":"https:\/\/schema.org","@graph":[{"@type":"NewsArticle","@id":"https:\/\/canfali.com\/ca-es\/en-marxa-el-relleu-a-lalcaldia-de-gata-dimiteix-josep-signes\/#article","isPartOf":{"@id":"https:\/\/canfali.com\/ca-es\/en-marxa-el-relleu-a-lalcaldia-de-gata-dimiteix-josep-signes\/"},"author":{"name":"Lluis","@id":"https:\/\/canfali.com\/ca-es\/#\/schema\/person\/f540a86fb33e10daaae53c59ceaa1194"},"headline":"En marxa el relleu a l\u2019Alcaldia de Gata: dimiteix Josep Signes","datePublished":"2025-12-09T16:49:45+00:00","dateModified":"2025-12-09T16:50:56+00:00","mainEntityOfPage":{"@id":"https:\/\/canfali.com\/ca-es\/en-marxa-el-relleu-a-lalcaldia-de-gata-dimiteix-josep-signes\/"},"wordCount":121,"publisher":{"@id":"https:\/\/canfali.com\/ca-es\/#organization"},"image":{"@id":"https:\/\/canfali.com\/ca-es\/en-marxa-el-relleu-a-lalcaldia-de-gata-dimiteix-josep-signes\/#primaryimage"},"thumbnailUrl":"https:\/\/canfali.com\/app\/uploads\/2025\/12\/relleu.jpg","articleSection":["Municipal","Pol\u00edtica","Pol\u00edtica"],"inLanguage":"va-ES","copyrightYear":"2025","copyrightHolder":{"@id":"https:\/\/canfali.com\/#organization"}},{"@type":"WebPage","@id":"https:\/\/canfali.com\/ca-es\/en-marxa-el-relleu-a-lalcaldia-de-gata-dimiteix-josep-signes\/","url":"https:\/\/canfali.com\/ca-es\/en-marxa-el-relleu-a-lalcaldia-de-gata-dimiteix-josep-signes\/","name":"En marxa el relleu a l\u2019Alcaldia de Gata: dimiteix Josep Signes - Canfali","isPartOf":{"@id":"https:\/\/canfali.com\/ca-es\/#website"},"primaryImageOfPage":{"@id":"https:\/\/canfali.com\/ca-es\/en-marxa-el-relleu-a-lalcaldia-de-gata-dimiteix-josep-signes\/#primaryimage"},"image":{"@id":"https:\/\/canfali.com\/ca-es\/en-marxa-el-relleu-a-lalcaldia-de-gata-dimiteix-josep-signes\/#primaryimage"},"thumbnailUrl":"https:\/\/canfali.com\/app\/uploads\/2025\/12\/relleu.jpg","datePublished":"2025-12-09T16:49:45+00:00","dateModified":"2025-12-09T16:50:56+00:00","breadcrumb":{"@id":"https:\/\/canfali.com\/ca-es\/en-marxa-el-relleu-a-lalcaldia-de-gata-dimiteix-josep-signes\/#breadcrumb"},"inLanguage":"va-ES","potentialAction":[{"@type":"ReadAction","target":["https:\/\/canfali.com\/ca-es\/en-marxa-el-relleu-a-lalcaldia-de-gata-dimiteix-josep-signes\/"]}]},{"@type":"ImageObject","inLanguage":"va-ES","@id":"https:\/\/canfali.com\/ca-es\/en-marxa-el-relleu-a-lalcaldia-de-gata-dimiteix-josep-signes\/#primaryimage","url":"https:\/\/canfali.com\/app\/uploads\/2025\/12\/relleu.jpg","contentUrl":"https:\/\/canfali.com\/app\/uploads\/2025\/12\/relleu.jpg","width":1280,"height":720},{"@type":"BreadcrumbList","@id":"https:\/\/canfali.com\/ca-es\/en-marxa-el-relleu-a-lalcaldia-de-gata-dimiteix-josep-signes\/#breadcrumb","itemListElement":[{"@type":"ListItem","position":1,"name":"Portada","item":"https:\/\/canfali.com\/ca-es\/"},{"@type":"ListItem","position":2,"name":"En marxa el relleu a l\u2019Alcaldia de Gata: dimiteix Josep Signes"}]},{"@type":"WebSite","@id":"https:\/\/canfali.com\/ca-es\/#website","url":"https:\/\/canfali.com\/ca-es\/","name":"Canfali","description":"","publisher":{"@id":"https:\/\/canfali.com\/ca-es\/#organization"},"potentialAction":[{"@type":"SearchAction","target":{"@type":"EntryPoint","urlTemplate":"https:\/\/canfali.com\/ca-es\/?s={search_term_string}"},"query-input":{"@type":"PropertyValueSpecification","valueRequired":true,"valueName":"search_term_string"}}],"inLanguage":"va-ES"},{"@type":"Organization","@id":"https:\/\/canfali.com\/ca-es\/#organization","name":"Canfali","url":"https:\/\/canfali.com\/ca-es\/","logo":{"@type":"ImageObject","inLanguage":"va-ES","@id":"https:\/\/canfali.com\/ca-es\/#\/schema\/logo\/image\/","url":"https:\/\/canfali.com\/app\/uploads\/2025\/12\/canfali_marina_alta_logo.png","contentUrl":"https:\/\/canfali.com\/app\/uploads\/2025\/12\/canfali_marina_alta_logo.png","width":225,"height":225,"caption":"Canfali"},"image":{"@id":"https:\/\/canfali.com\/ca-es\/#\/schema\/logo\/image\/"},"sameAs":["https:\/\/es-es.facebook.com\/CANFALIMarinaAlta","https:\/\/x.com\/canfalima","https:\/\/www.instagram.com\/canfalimarinaalta\/"]},{"@type":"Person","@id":"https:\/\/canfali.com\/ca-es\/#\/schema\/person\/f540a86fb33e10daaae53c59ceaa1194","name":"Lluis","image":{"@type":"ImageObject","inLanguage":"va-ES","@id":"https:\/\/secure.gravatar.com\/avatar\/a21ec8835290e4e02ed0886b8cb327d807d0eb6ec8ccf25d4c2a0a415f506c0d?s=96&d=mm&r=g","url":"https:\/\/secure.gravatar.com\/avatar\/a21ec8835290e4e02ed0886b8cb327d807d0eb6ec8ccf25d4c2a0a415f506c0d?s=96&d=mm&r=g","contentUrl":"https:\/\/secure.gravatar.com\/avatar\/a21ec8835290e4e02ed0886b8cb327d807d0eb6ec8ccf25d4c2a0a415f506c0d?s=96&d=mm&r=g","caption":"Lluis"},"url":"https:\/\/canfali.com\/ca-es\/author\/lluis\/"}]}},"_links":{"self":[{"href":"https:\/\/canfali.com\/ca-es\/wp-json\/wp\/v2\/posts\/83648","targetHints":{"allow":["GET"]}}],"collection":[{"href":"https:\/\/canfali.com\/ca-es\/wp-json\/wp\/v2\/posts"}],"about":[{"href":"https:\/\/canfali.com\/ca-es\/wp-json\/wp\/v2\/types\/post"}],"author":[{"embeddable":true,"href":"https:\/\/canfali.com\/ca-es\/wp-json\/wp\/v2\/users\/8"}],"replies":[{"embeddable":true,"href":"https:\/\/canfali.com\/ca-es\/wp-json\/wp\/v2\/comments?post=83648"}],"version-history":[{"count":1,"href":"https:\/\/canfali.com\/ca-es\/wp-json\/wp\/v2\/posts\/83648\/revisions"}],"predecessor-version":[{"id":83649,"href":"https:\/\/canfali.com\/ca-es\/wp-json\/wp\/v2\/posts\/83648\/revisions\/83649"}],"wp:featuredmedia":[{"embeddable":true,"href":"https:\/\/canfali.com\/ca-es\/wp-json\/wp\/v2\/media\/83645"}],"wp:attachment":[{"href":"https:\/\/canfali.com\/ca-es\/wp-json\/wp\/v2\/media?parent=83648"}],"wp:term":[{"taxonomy":"category","embeddable":true,"href":"https:\/\/canfali.com\/ca-es\/wp-json\/wp\/v2\/categories?post=83648"},{"taxonomy":"post_tag","embeddable":true,"href":"https:\/\/canfali.com\/ca-es\/wp-json\/wp\/v2\/tags?post=83648"}],"curies":[{"name":"wp","href":"https:\/\/api.w.org\/{rel}","templated":true}]}}