{"id":83641,"date":"2025-12-09T17:18:31","date_gmt":"2025-12-09T16:18:31","guid":{"rendered":"https:\/\/canfali.com\/bombers-voluntaris-retiren-pins-secs-del-montgo\/"},"modified":"2025-12-09T17:18:57","modified_gmt":"2025-12-09T16:18:57","slug":"bombers-voluntaris-retiren-pins-secs-del-montgo","status":"publish","type":"post","link":"https:\/\/canfali.com\/ca-es\/bombers-voluntaris-retiren-pins-secs-del-montgo\/","title":{"rendered":"Bombers voluntaris retiren pins secs del Montg\u00f3"},"content":{"rendered":"\n<p>Un operatiu format per 15 membres de l\u2019Associaci\u00f3 de Bombers Voluntaris est\u00e0 duent a terme a la zona del Carrer Pic de Rebal\u00e7adors, en l\u2019entorn del Montg\u00f3 de X\u00e0bia, tasques de neteja i manteniment forestal. La intervenci\u00f3 t\u00e9 com a objectiu refor\u00e7ar la seguretat de les vivendes properes a les zones de massa forestal, mitjan\u00e7ant la retirada de pins secs i la millora de la franja de protecci\u00f3 preventiva.<br\/><\/p>\n\n<figure class=\"wp-block-gallery has-nested-images columns-default is-cropped wp-block-gallery-15 is-layout-flex wp-block-gallery-is-layout-flex\">\n<figure class=\"wp-block-image size-large\"><img decoding=\"async\" data-id=\"83633\" src=\"https:\/\/canfali.com\/app\/uploads\/2025\/12\/8trabajos2-576x1024.jpeg.webp\" alt=\"\" class=\"wp-image-83633\"\/><\/figure>\n\n\n\n<figure class=\"wp-block-image size-large\"><img decoding=\"async\" data-id=\"83632\" src=\"https:\/\/canfali.com\/app\/uploads\/2025\/12\/8trabajos3-576x1024.jpeg.webp\" alt=\"\" class=\"wp-image-83632\"\/><\/figure>\n<\/figure>\n\n<p>L\u2019alcaldessa de X\u00e0bia, Rosa Cardona, junt amb el regidor de Serveis, Juanjo Garc\u00eda, ha visitat aquest dimarts els treballs que es realitzen en aquesta \u00e0rea. El grup ha treballat en la reducci\u00f3 de la c\u00e0rrega vegetal i en la millora de l\u2019accessibilitat en cas d\u2019emerg\u00e8ncia, utilitzant serres mec\u00e0niques, desbrossadores i equipament especialitzat per minimitzar el risc de propagaci\u00f3 en cas d\u2019incendi.<br\/><\/p>\n\n<figure class=\"wp-block-gallery has-nested-images columns-default is-cropped wp-block-gallery-16 is-layout-flex wp-block-gallery-is-layout-flex\">\n<figure class=\"wp-block-image size-large\"><img decoding=\"async\" data-id=\"83636\" src=\"https:\/\/canfali.com\/app\/uploads\/2025\/12\/8trabajos4-576x1024.jpeg.webp\" alt=\"\" class=\"wp-image-83636\"\/><\/figure>\n\n\n\n<figure class=\"wp-block-image size-large\"><img decoding=\"async\" data-id=\"83638\" src=\"https:\/\/canfali.com\/app\/uploads\/2025\/12\/8trabajos5-576x1024.jpeg.webp\" alt=\"\" class=\"wp-image-83638\"\/><\/figure>\n<\/figure>\n\n<p>L\u2019alcaldessa ha agra\u00eft la tasca de l\u2019equip i ha destacat la import\u00e0ncia de mantenir en bon estat les zones d\u2019interf\u00edcie urb\u00e0-forestal. Cardona ha recordat que aquestes intervencions formen part de l\u2019estrat\u00e8gia municipal de prevenci\u00f3 i gesti\u00f3 del risc forestal, que es complementa amb les actuacions que realitza l\u2019Ajuntament a la Granadella i la Falsia, aix\u00ed com amb els treballs impulsats per la Conselleria de Medi Ambient i Vaersa en zones properes al Parc Natural del Montg\u00f3.<br\/><\/p>\n","protected":false},"excerpt":{"rendered":"Un operatiu format per 15 membres de l\u2019Associaci\u00f3 de Bombers Voluntaris est\u00e0 duent a terme a la zona&hellip;","protected":false},"author":8,"featured_media":83631,"comment_status":"closed","ping_status":"closed","sticky":false,"template":"","format":"standard","meta":{"csco_display_header_overlay":false,"csco_singular_sidebar":"","csco_page_header_type":"","csco_page_load_nextpost":"","csco_post_video_location":[],"csco_post_video_location_hash":"","csco_post_video_url":"","csco_post_video_bg_start_time":0,"csco_post_video_bg_end_time":0,"footnotes":""},"categories":[614],"tags":[],"class_list":{"0":"post-83641","1":"post","2":"type-post","3":"status-publish","4":"format-standard","5":"has-post-thumbnail","7":"category-municipal-ca-es","8":"cs-entry","9":"cs-video-wrap"},"yoast_head":"<!-- This site is optimized with the Yoast SEO Premium plugin v26.6 (Yoast SEO v27.3) - https:\/\/yoast.com\/product\/yoast-seo-premium-wordpress\/ -->\n<title>Bombers voluntaris retiren pins secs del Montg\u00f3 - Canfali<\/title>\n<meta name=\"robots\" content=\"index, follow, max-snippet:-1, max-image-preview:large, max-video-preview:-1\" \/>\n<link rel=\"canonical\" href=\"https:\/\/canfali.com\/ca-es\/bombers-voluntaris-retiren-pins-secs-del-montgo\/\" \/>\n<meta property=\"og:locale\" content=\"en_US\" \/>\n<meta property=\"og:type\" content=\"article\" \/>\n<meta property=\"og:title\" content=\"Bombers voluntaris retiren pins secs del Montg\u00f3\" \/>\n<meta property=\"og:description\" content=\"Un operatiu format per 15 membres de l\u2019Associaci\u00f3 de Bombers Voluntaris est\u00e0 duent a terme a la zona&hellip;\" \/>\n<meta property=\"og:url\" content=\"https:\/\/canfali.com\/ca-es\/bombers-voluntaris-retiren-pins-secs-del-montgo\/\" \/>\n<meta property=\"og:site_name\" content=\"Canfali\" \/>\n<meta property=\"article:publisher\" content=\"https:\/\/es-es.facebook.com\/CANFALIMarinaAlta\" \/>\n<meta property=\"article:published_time\" content=\"2025-12-09T16:18:31+00:00\" \/>\n<meta property=\"article:modified_time\" content=\"2025-12-09T16:18:57+00:00\" \/>\n<meta property=\"og:image\" content=\"https:\/\/canfali.com\/app\/uploads\/2025\/12\/8trabajos1.jpeg\" \/>\n\t<meta property=\"og:image:width\" content=\"1152\" \/>\n\t<meta property=\"og:image:height\" content=\"772\" \/>\n\t<meta property=\"og:image:type\" content=\"image\/jpeg\" \/>\n<meta name=\"author\" content=\"Lluis\" \/>\n<meta name=\"twitter:card\" content=\"summary_large_image\" \/>\n<meta name=\"twitter:creator\" content=\"@canfalima\" \/>\n<meta name=\"twitter:site\" content=\"@canfalima\" \/>\n<meta name=\"twitter:label1\" content=\"Written by\" \/>\n\t<meta name=\"twitter:data1\" content=\"Lluis\" \/>\n\t<meta name=\"twitter:label2\" content=\"Est. reading time\" \/>\n\t<meta name=\"twitter:data2\" content=\"1 minute\" \/>\n<script type=\"application\/ld+json\" class=\"yoast-schema-graph\">{\"@context\":\"https:\\\/\\\/schema.org\",\"@graph\":[{\"@type\":\"NewsArticle\",\"@id\":\"https:\\\/\\\/canfali.com\\\/ca-es\\\/bombers-voluntaris-retiren-pins-secs-del-montgo\\\/#article\",\"isPartOf\":{\"@id\":\"https:\\\/\\\/canfali.com\\\/ca-es\\\/bombers-voluntaris-retiren-pins-secs-del-montgo\\\/\"},\"author\":{\"name\":\"Lluis\",\"@id\":\"https:\\\/\\\/canfali.com\\\/ca-es\\\/#\\\/schema\\\/person\\\/f540a86fb33e10daaae53c59ceaa1194\"},\"headline\":\"Bombers voluntaris retiren pins secs del Montg\u00f3\",\"datePublished\":\"2025-12-09T16:18:31+00:00\",\"dateModified\":\"2025-12-09T16:18:57+00:00\",\"mainEntityOfPage\":{\"@id\":\"https:\\\/\\\/canfali.com\\\/ca-es\\\/bombers-voluntaris-retiren-pins-secs-del-montgo\\\/\"},\"wordCount\":237,\"publisher\":{\"@id\":\"https:\\\/\\\/canfali.com\\\/ca-es\\\/#organization\"},\"image\":{\"@id\":\"https:\\\/\\\/canfali.com\\\/ca-es\\\/bombers-voluntaris-retiren-pins-secs-del-montgo\\\/#primaryimage\"},\"thumbnailUrl\":\"https:\\\/\\\/canfali.com\\\/app\\\/uploads\\\/2025\\\/12\\\/8trabajos1.jpeg\",\"articleSection\":[\"Municipal\"],\"inLanguage\":\"va-ES\",\"copyrightYear\":\"2025\",\"copyrightHolder\":{\"@id\":\"https:\\\/\\\/canfali.com\\\/#organization\"}},{\"@type\":\"WebPage\",\"@id\":\"https:\\\/\\\/canfali.com\\\/ca-es\\\/bombers-voluntaris-retiren-pins-secs-del-montgo\\\/\",\"url\":\"https:\\\/\\\/canfali.com\\\/ca-es\\\/bombers-voluntaris-retiren-pins-secs-del-montgo\\\/\",\"name\":\"Bombers voluntaris retiren pins secs del Montg\u00f3 - Canfali\",\"isPartOf\":{\"@id\":\"https:\\\/\\\/canfali.com\\\/ca-es\\\/#website\"},\"primaryImageOfPage\":{\"@id\":\"https:\\\/\\\/canfali.com\\\/ca-es\\\/bombers-voluntaris-retiren-pins-secs-del-montgo\\\/#primaryimage\"},\"image\":{\"@id\":\"https:\\\/\\\/canfali.com\\\/ca-es\\\/bombers-voluntaris-retiren-pins-secs-del-montgo\\\/#primaryimage\"},\"thumbnailUrl\":\"https:\\\/\\\/canfali.com\\\/app\\\/uploads\\\/2025\\\/12\\\/8trabajos1.jpeg\",\"datePublished\":\"2025-12-09T16:18:31+00:00\",\"dateModified\":\"2025-12-09T16:18:57+00:00\",\"breadcrumb\":{\"@id\":\"https:\\\/\\\/canfali.com\\\/ca-es\\\/bombers-voluntaris-retiren-pins-secs-del-montgo\\\/#breadcrumb\"},\"inLanguage\":\"va-ES\",\"potentialAction\":[{\"@type\":\"ReadAction\",\"target\":[\"https:\\\/\\\/canfali.com\\\/ca-es\\\/bombers-voluntaris-retiren-pins-secs-del-montgo\\\/\"]}]},{\"@type\":\"ImageObject\",\"inLanguage\":\"va-ES\",\"@id\":\"https:\\\/\\\/canfali.com\\\/ca-es\\\/bombers-voluntaris-retiren-pins-secs-del-montgo\\\/#primaryimage\",\"url\":\"https:\\\/\\\/canfali.com\\\/app\\\/uploads\\\/2025\\\/12\\\/8trabajos1.jpeg\",\"contentUrl\":\"https:\\\/\\\/canfali.com\\\/app\\\/uploads\\\/2025\\\/12\\\/8trabajos1.jpeg\",\"width\":1152,\"height\":772},{\"@type\":\"BreadcrumbList\",\"@id\":\"https:\\\/\\\/canfali.com\\\/ca-es\\\/bombers-voluntaris-retiren-pins-secs-del-montgo\\\/#breadcrumb\",\"itemListElement\":[{\"@type\":\"ListItem\",\"position\":1,\"name\":\"Portada\",\"item\":\"https:\\\/\\\/canfali.com\\\/ca-es\\\/\"},{\"@type\":\"ListItem\",\"position\":2,\"name\":\"Bombers voluntaris retiren pins secs del Montg\u00f3\"}]},{\"@type\":\"WebSite\",\"@id\":\"https:\\\/\\\/canfali.com\\\/ca-es\\\/#website\",\"url\":\"https:\\\/\\\/canfali.com\\\/ca-es\\\/\",\"name\":\"Canfali\",\"description\":\"\",\"publisher\":{\"@id\":\"https:\\\/\\\/canfali.com\\\/ca-es\\\/#organization\"},\"potentialAction\":[{\"@type\":\"SearchAction\",\"target\":{\"@type\":\"EntryPoint\",\"urlTemplate\":\"https:\\\/\\\/canfali.com\\\/ca-es\\\/?s={search_term_string}\"},\"query-input\":{\"@type\":\"PropertyValueSpecification\",\"valueRequired\":true,\"valueName\":\"search_term_string\"}}],\"inLanguage\":\"va-ES\"},{\"@type\":\"Organization\",\"@id\":\"https:\\\/\\\/canfali.com\\\/ca-es\\\/#organization\",\"name\":\"Canfali\",\"url\":\"https:\\\/\\\/canfali.com\\\/ca-es\\\/\",\"logo\":{\"@type\":\"ImageObject\",\"inLanguage\":\"va-ES\",\"@id\":\"https:\\\/\\\/canfali.com\\\/ca-es\\\/#\\\/schema\\\/logo\\\/image\\\/\",\"url\":\"https:\\\/\\\/canfali.com\\\/app\\\/uploads\\\/2025\\\/12\\\/canfali_marina_alta_logo.png\",\"contentUrl\":\"https:\\\/\\\/canfali.com\\\/app\\\/uploads\\\/2025\\\/12\\\/canfali_marina_alta_logo.png\",\"width\":225,\"height\":225,\"caption\":\"Canfali\"},\"image\":{\"@id\":\"https:\\\/\\\/canfali.com\\\/ca-es\\\/#\\\/schema\\\/logo\\\/image\\\/\"},\"sameAs\":[\"https:\\\/\\\/es-es.facebook.com\\\/CANFALIMarinaAlta\",\"https:\\\/\\\/x.com\\\/canfalima\",\"https:\\\/\\\/www.instagram.com\\\/canfalimarinaalta\\\/\"]},{\"@type\":\"Person\",\"@id\":\"https:\\\/\\\/canfali.com\\\/ca-es\\\/#\\\/schema\\\/person\\\/f540a86fb33e10daaae53c59ceaa1194\",\"name\":\"Lluis\",\"image\":{\"@type\":\"ImageObject\",\"inLanguage\":\"va-ES\",\"@id\":\"https:\\\/\\\/secure.gravatar.com\\\/avatar\\\/a21ec8835290e4e02ed0886b8cb327d807d0eb6ec8ccf25d4c2a0a415f506c0d?s=96&d=mm&r=g\",\"url\":\"https:\\\/\\\/secure.gravatar.com\\\/avatar\\\/a21ec8835290e4e02ed0886b8cb327d807d0eb6ec8ccf25d4c2a0a415f506c0d?s=96&d=mm&r=g\",\"contentUrl\":\"https:\\\/\\\/secure.gravatar.com\\\/avatar\\\/a21ec8835290e4e02ed0886b8cb327d807d0eb6ec8ccf25d4c2a0a415f506c0d?s=96&d=mm&r=g\",\"caption\":\"Lluis\"},\"url\":\"https:\\\/\\\/canfali.com\\\/ca-es\\\/author\\\/lluis\\\/\"}]}<\/script>\n<!-- \/ Yoast SEO Premium plugin. -->","yoast_head_json":{"title":"Bombers voluntaris retiren pins secs del Montg\u00f3 - Canfali","robots":{"index":"index","follow":"follow","max-snippet":"max-snippet:-1","max-image-preview":"max-image-preview:large","max-video-preview":"max-video-preview:-1"},"canonical":"https:\/\/canfali.com\/ca-es\/bombers-voluntaris-retiren-pins-secs-del-montgo\/","og_locale":"en_US","og_type":"article","og_title":"Bombers voluntaris retiren pins secs del Montg\u00f3","og_description":"Un operatiu format per 15 membres de l\u2019Associaci\u00f3 de Bombers Voluntaris est\u00e0 duent a terme a la zona&hellip;","og_url":"https:\/\/canfali.com\/ca-es\/bombers-voluntaris-retiren-pins-secs-del-montgo\/","og_site_name":"Canfali","article_publisher":"https:\/\/es-es.facebook.com\/CANFALIMarinaAlta","article_published_time":"2025-12-09T16:18:31+00:00","article_modified_time":"2025-12-09T16:18:57+00:00","og_image":[{"width":1152,"height":772,"url":"https:\/\/canfali.com\/app\/uploads\/2025\/12\/8trabajos1.jpeg","type":"image\/jpeg"}],"author":"Lluis","twitter_card":"summary_large_image","twitter_creator":"@canfalima","twitter_site":"@canfalima","twitter_misc":{"Written by":"Lluis","Est. reading time":"1 minute"},"schema":{"@context":"https:\/\/schema.org","@graph":[{"@type":"NewsArticle","@id":"https:\/\/canfali.com\/ca-es\/bombers-voluntaris-retiren-pins-secs-del-montgo\/#article","isPartOf":{"@id":"https:\/\/canfali.com\/ca-es\/bombers-voluntaris-retiren-pins-secs-del-montgo\/"},"author":{"name":"Lluis","@id":"https:\/\/canfali.com\/ca-es\/#\/schema\/person\/f540a86fb33e10daaae53c59ceaa1194"},"headline":"Bombers voluntaris retiren pins secs del Montg\u00f3","datePublished":"2025-12-09T16:18:31+00:00","dateModified":"2025-12-09T16:18:57+00:00","mainEntityOfPage":{"@id":"https:\/\/canfali.com\/ca-es\/bombers-voluntaris-retiren-pins-secs-del-montgo\/"},"wordCount":237,"publisher":{"@id":"https:\/\/canfali.com\/ca-es\/#organization"},"image":{"@id":"https:\/\/canfali.com\/ca-es\/bombers-voluntaris-retiren-pins-secs-del-montgo\/#primaryimage"},"thumbnailUrl":"https:\/\/canfali.com\/app\/uploads\/2025\/12\/8trabajos1.jpeg","articleSection":["Municipal"],"inLanguage":"va-ES","copyrightYear":"2025","copyrightHolder":{"@id":"https:\/\/canfali.com\/#organization"}},{"@type":"WebPage","@id":"https:\/\/canfali.com\/ca-es\/bombers-voluntaris-retiren-pins-secs-del-montgo\/","url":"https:\/\/canfali.com\/ca-es\/bombers-voluntaris-retiren-pins-secs-del-montgo\/","name":"Bombers voluntaris retiren pins secs del Montg\u00f3 - Canfali","isPartOf":{"@id":"https:\/\/canfali.com\/ca-es\/#website"},"primaryImageOfPage":{"@id":"https:\/\/canfali.com\/ca-es\/bombers-voluntaris-retiren-pins-secs-del-montgo\/#primaryimage"},"image":{"@id":"https:\/\/canfali.com\/ca-es\/bombers-voluntaris-retiren-pins-secs-del-montgo\/#primaryimage"},"thumbnailUrl":"https:\/\/canfali.com\/app\/uploads\/2025\/12\/8trabajos1.jpeg","datePublished":"2025-12-09T16:18:31+00:00","dateModified":"2025-12-09T16:18:57+00:00","breadcrumb":{"@id":"https:\/\/canfali.com\/ca-es\/bombers-voluntaris-retiren-pins-secs-del-montgo\/#breadcrumb"},"inLanguage":"va-ES","potentialAction":[{"@type":"ReadAction","target":["https:\/\/canfali.com\/ca-es\/bombers-voluntaris-retiren-pins-secs-del-montgo\/"]}]},{"@type":"ImageObject","inLanguage":"va-ES","@id":"https:\/\/canfali.com\/ca-es\/bombers-voluntaris-retiren-pins-secs-del-montgo\/#primaryimage","url":"https:\/\/canfali.com\/app\/uploads\/2025\/12\/8trabajos1.jpeg","contentUrl":"https:\/\/canfali.com\/app\/uploads\/2025\/12\/8trabajos1.jpeg","width":1152,"height":772},{"@type":"BreadcrumbList","@id":"https:\/\/canfali.com\/ca-es\/bombers-voluntaris-retiren-pins-secs-del-montgo\/#breadcrumb","itemListElement":[{"@type":"ListItem","position":1,"name":"Portada","item":"https:\/\/canfali.com\/ca-es\/"},{"@type":"ListItem","position":2,"name":"Bombers voluntaris retiren pins secs del Montg\u00f3"}]},{"@type":"WebSite","@id":"https:\/\/canfali.com\/ca-es\/#website","url":"https:\/\/canfali.com\/ca-es\/","name":"Canfali","description":"","publisher":{"@id":"https:\/\/canfali.com\/ca-es\/#organization"},"potentialAction":[{"@type":"SearchAction","target":{"@type":"EntryPoint","urlTemplate":"https:\/\/canfali.com\/ca-es\/?s={search_term_string}"},"query-input":{"@type":"PropertyValueSpecification","valueRequired":true,"valueName":"search_term_string"}}],"inLanguage":"va-ES"},{"@type":"Organization","@id":"https:\/\/canfali.com\/ca-es\/#organization","name":"Canfali","url":"https:\/\/canfali.com\/ca-es\/","logo":{"@type":"ImageObject","inLanguage":"va-ES","@id":"https:\/\/canfali.com\/ca-es\/#\/schema\/logo\/image\/","url":"https:\/\/canfali.com\/app\/uploads\/2025\/12\/canfali_marina_alta_logo.png","contentUrl":"https:\/\/canfali.com\/app\/uploads\/2025\/12\/canfali_marina_alta_logo.png","width":225,"height":225,"caption":"Canfali"},"image":{"@id":"https:\/\/canfali.com\/ca-es\/#\/schema\/logo\/image\/"},"sameAs":["https:\/\/es-es.facebook.com\/CANFALIMarinaAlta","https:\/\/x.com\/canfalima","https:\/\/www.instagram.com\/canfalimarinaalta\/"]},{"@type":"Person","@id":"https:\/\/canfali.com\/ca-es\/#\/schema\/person\/f540a86fb33e10daaae53c59ceaa1194","name":"Lluis","image":{"@type":"ImageObject","inLanguage":"va-ES","@id":"https:\/\/secure.gravatar.com\/avatar\/a21ec8835290e4e02ed0886b8cb327d807d0eb6ec8ccf25d4c2a0a415f506c0d?s=96&d=mm&r=g","url":"https:\/\/secure.gravatar.com\/avatar\/a21ec8835290e4e02ed0886b8cb327d807d0eb6ec8ccf25d4c2a0a415f506c0d?s=96&d=mm&r=g","contentUrl":"https:\/\/secure.gravatar.com\/avatar\/a21ec8835290e4e02ed0886b8cb327d807d0eb6ec8ccf25d4c2a0a415f506c0d?s=96&d=mm&r=g","caption":"Lluis"},"url":"https:\/\/canfali.com\/ca-es\/author\/lluis\/"}]}},"_links":{"self":[{"href":"https:\/\/canfali.com\/ca-es\/wp-json\/wp\/v2\/posts\/83641","targetHints":{"allow":["GET"]}}],"collection":[{"href":"https:\/\/canfali.com\/ca-es\/wp-json\/wp\/v2\/posts"}],"about":[{"href":"https:\/\/canfali.com\/ca-es\/wp-json\/wp\/v2\/types\/post"}],"author":[{"embeddable":true,"href":"https:\/\/canfali.com\/ca-es\/wp-json\/wp\/v2\/users\/8"}],"replies":[{"embeddable":true,"href":"https:\/\/canfali.com\/ca-es\/wp-json\/wp\/v2\/comments?post=83641"}],"version-history":[{"count":1,"href":"https:\/\/canfali.com\/ca-es\/wp-json\/wp\/v2\/posts\/83641\/revisions"}],"predecessor-version":[{"id":83642,"href":"https:\/\/canfali.com\/ca-es\/wp-json\/wp\/v2\/posts\/83641\/revisions\/83642"}],"wp:featuredmedia":[{"embeddable":true,"href":"https:\/\/canfali.com\/ca-es\/wp-json\/wp\/v2\/media\/83631"}],"wp:attachment":[{"href":"https:\/\/canfali.com\/ca-es\/wp-json\/wp\/v2\/media?parent=83641"}],"wp:term":[{"taxonomy":"category","embeddable":true,"href":"https:\/\/canfali.com\/ca-es\/wp-json\/wp\/v2\/categories?post=83641"},{"taxonomy":"post_tag","embeddable":true,"href":"https:\/\/canfali.com\/ca-es\/wp-json\/wp\/v2\/tags?post=83641"}],"curies":[{"name":"wp","href":"https:\/\/api.w.org\/{rel}","templated":true}]}}