{"id":83597,"date":"2025-12-09T09:44:50","date_gmt":"2025-12-09T08:44:50","guid":{"rendered":"https:\/\/canfali.com\/el-trofeu-rolser-de-pilota-ja-te-finalistes\/"},"modified":"2025-12-09T09:45:21","modified_gmt":"2025-12-09T08:45:21","slug":"el-trofeu-rolser-de-pilota-ja-te-finalistes","status":"publish","type":"post","link":"https:\/\/canfali.com\/ca-es\/el-trofeu-rolser-de-pilota-ja-te-finalistes\/","title":{"rendered":"El Trofeu Rolser de pilota ja t\u00e9 finalistes"},"content":{"rendered":"\n<p><p class=\"p1\">El trinquet de Pedreguer va acollir divendres passat una doble eliminat\u00f2ria de semifinals del Trofeu Rolser de Raspall Femen\u00ed que va deixar sensacions oposades entre les participants. En la primera partida, Victoria i J\u00falia es van imposar amb total autoritat al trio format per \u00c0ngela, Natalia i Myriam. La mitgera de Navarr\u00e9s va intentar contindre el joc rival, per\u00f2 la parella -que tornar\u00e0 a competir junta en el Trofeu Mestres- no va concedir pr\u00e0cticament cap quinze i va tancar la partida amb una contundent <b>sabatera<\/b>.<\/p><\/p>\n\n<p><p class=\"p1\">La segona semifinal va estar m\u00e9s disputada en els primers compassos, encara que finalment Ana i Amparo van aconseguir la vict\u00f2ria per <b>25-10<\/b> davant l\u2019equip de Clara, Mar i Fanni. Els primers jocs van ser clarament rojos, per\u00f2 les blaves van reaccionar gr\u00e0cies a l\u2019esfor\u00e7 de Mar, que va evitar un resultat encara m\u00e9s ampli. Ana va destacar la bona sintonia amb la seua companya: <i>\u201cEstic molt contenta de jugar amb Amparo. Normalment no coincidim i em sent molt c\u00f2moda. He crescut i m\u2019he criat amb ella jugant a pilota, aix\u00ed que disputar este Rolser amb Amparo \u00e9s molt especial, i m\u00e9s encara arribant a la final\u201d<\/i>.<\/p><\/p>\n\n<p><p class=\"p1\">La <b>batalla pel t\u00edtol<\/b> se celebrar\u00e0 el pr\u00f2xim <b>12 de desembre<\/b>, novament al trinquet de Pedreguer, a partir de les <b>21.30 hores<\/b>, amb la partida pel tercer lloc. Abans de la final es retr\u00e0 homenatge a <b>Ana Bel\u00e9n Giner<\/b>, i a les <b>22.30 hores<\/b> comen\u00e7ar\u00e0 el duel decisiu entre <b>Victoria i J\u00falia<\/b> i <b>Ana i Amparo<\/b>.<\/p><\/p>\n\n<p><\/p>\n","protected":false},"excerpt":{"rendered":"El trinquet de Pedreguer va acollir divendres passat una doble eliminat\u00f2ria de semifinals del Trofeu Rolser de Raspall&hellip;","protected":false},"author":8,"featured_media":83595,"comment_status":"closed","ping_status":"closed","sticky":false,"template":"","format":"standard","meta":{"csco_display_header_overlay":false,"csco_singular_sidebar":"","csco_page_header_type":"","csco_page_load_nextpost":"","csco_post_video_location":[],"csco_post_video_location_hash":"","csco_post_video_url":"","csco_post_video_bg_start_time":0,"csco_post_video_bg_end_time":0,"footnotes":""},"categories":[1],"tags":[],"class_list":{"0":"post-83597","1":"post","2":"type-post","3":"status-publish","4":"format-standard","5":"has-post-thumbnail","7":"category-sin-categorizar","8":"cs-entry","9":"cs-video-wrap"},"yoast_head":"<!-- This site is optimized with the Yoast SEO Premium plugin v26.6 (Yoast SEO v27.3) - https:\/\/yoast.com\/product\/yoast-seo-premium-wordpress\/ -->\n<title>El Trofeu Rolser de pilota ja t\u00e9 finalistes - Canfali<\/title>\n<meta name=\"robots\" content=\"index, follow, max-snippet:-1, max-image-preview:large, max-video-preview:-1\" \/>\n<link rel=\"canonical\" href=\"https:\/\/canfali.com\/ca-es\/el-trofeu-rolser-de-pilota-ja-te-finalistes\/\" \/>\n<meta property=\"og:locale\" content=\"en_US\" \/>\n<meta property=\"og:type\" content=\"article\" \/>\n<meta property=\"og:title\" content=\"El Trofeu Rolser de pilota ja t\u00e9 finalistes\" \/>\n<meta property=\"og:description\" content=\"El trinquet de Pedreguer va acollir divendres passat una doble eliminat\u00f2ria de semifinals del Trofeu Rolser de Raspall&hellip;\" \/>\n<meta property=\"og:url\" content=\"https:\/\/canfali.com\/ca-es\/el-trofeu-rolser-de-pilota-ja-te-finalistes\/\" \/>\n<meta property=\"og:site_name\" content=\"Canfali\" \/>\n<meta property=\"article:publisher\" content=\"https:\/\/es-es.facebook.com\/CANFALIMarinaAlta\" \/>\n<meta property=\"article:published_time\" content=\"2025-12-09T08:44:50+00:00\" \/>\n<meta property=\"article:modified_time\" content=\"2025-12-09T08:45:21+00:00\" \/>\n<meta property=\"og:image\" content=\"https:\/\/canfali.com\/app\/uploads\/2025\/12\/WhatsApp-Image-2025-12-09-at-09.23.08.jpeg\" \/>\n\t<meta property=\"og:image:width\" content=\"1600\" \/>\n\t<meta property=\"og:image:height\" content=\"1001\" \/>\n\t<meta property=\"og:image:type\" content=\"image\/jpeg\" \/>\n<meta name=\"author\" content=\"Lluis\" \/>\n<meta name=\"twitter:card\" content=\"summary_large_image\" \/>\n<meta name=\"twitter:creator\" content=\"@canfalima\" \/>\n<meta name=\"twitter:site\" content=\"@canfalima\" \/>\n<meta name=\"twitter:label1\" content=\"Written by\" \/>\n\t<meta name=\"twitter:data1\" content=\"Lluis\" \/>\n\t<meta name=\"twitter:label2\" content=\"Est. reading time\" \/>\n\t<meta name=\"twitter:data2\" content=\"1 minute\" \/>\n<script type=\"application\/ld+json\" class=\"yoast-schema-graph\">{\"@context\":\"https:\\\/\\\/schema.org\",\"@graph\":[{\"@type\":\"NewsArticle\",\"@id\":\"https:\\\/\\\/canfali.com\\\/ca-es\\\/el-trofeu-rolser-de-pilota-ja-te-finalistes\\\/#article\",\"isPartOf\":{\"@id\":\"https:\\\/\\\/canfali.com\\\/ca-es\\\/el-trofeu-rolser-de-pilota-ja-te-finalistes\\\/\"},\"author\":{\"name\":\"Lluis\",\"@id\":\"https:\\\/\\\/canfali.com\\\/ca-es\\\/#\\\/schema\\\/person\\\/f540a86fb33e10daaae53c59ceaa1194\"},\"headline\":\"El Trofeu Rolser de pilota ja t\u00e9 finalistes\",\"datePublished\":\"2025-12-09T08:44:50+00:00\",\"dateModified\":\"2025-12-09T08:45:21+00:00\",\"mainEntityOfPage\":{\"@id\":\"https:\\\/\\\/canfali.com\\\/ca-es\\\/el-trofeu-rolser-de-pilota-ja-te-finalistes\\\/\"},\"wordCount\":271,\"publisher\":{\"@id\":\"https:\\\/\\\/canfali.com\\\/ca-es\\\/#organization\"},\"image\":{\"@id\":\"https:\\\/\\\/canfali.com\\\/ca-es\\\/el-trofeu-rolser-de-pilota-ja-te-finalistes\\\/#primaryimage\"},\"thumbnailUrl\":\"https:\\\/\\\/canfali.com\\\/app\\\/uploads\\\/2025\\\/12\\\/WhatsApp-Image-2025-12-09-at-09.23.08.jpeg\",\"articleSection\":[\"Sin categorizar\"],\"inLanguage\":\"va-ES\",\"copyrightYear\":\"2025\",\"copyrightHolder\":{\"@id\":\"https:\\\/\\\/canfali.com\\\/#organization\"}},{\"@type\":\"WebPage\",\"@id\":\"https:\\\/\\\/canfali.com\\\/ca-es\\\/el-trofeu-rolser-de-pilota-ja-te-finalistes\\\/\",\"url\":\"https:\\\/\\\/canfali.com\\\/ca-es\\\/el-trofeu-rolser-de-pilota-ja-te-finalistes\\\/\",\"name\":\"El Trofeu Rolser de pilota ja t\u00e9 finalistes - Canfali\",\"isPartOf\":{\"@id\":\"https:\\\/\\\/canfali.com\\\/ca-es\\\/#website\"},\"primaryImageOfPage\":{\"@id\":\"https:\\\/\\\/canfali.com\\\/ca-es\\\/el-trofeu-rolser-de-pilota-ja-te-finalistes\\\/#primaryimage\"},\"image\":{\"@id\":\"https:\\\/\\\/canfali.com\\\/ca-es\\\/el-trofeu-rolser-de-pilota-ja-te-finalistes\\\/#primaryimage\"},\"thumbnailUrl\":\"https:\\\/\\\/canfali.com\\\/app\\\/uploads\\\/2025\\\/12\\\/WhatsApp-Image-2025-12-09-at-09.23.08.jpeg\",\"datePublished\":\"2025-12-09T08:44:50+00:00\",\"dateModified\":\"2025-12-09T08:45:21+00:00\",\"breadcrumb\":{\"@id\":\"https:\\\/\\\/canfali.com\\\/ca-es\\\/el-trofeu-rolser-de-pilota-ja-te-finalistes\\\/#breadcrumb\"},\"inLanguage\":\"va-ES\",\"potentialAction\":[{\"@type\":\"ReadAction\",\"target\":[\"https:\\\/\\\/canfali.com\\\/ca-es\\\/el-trofeu-rolser-de-pilota-ja-te-finalistes\\\/\"]}]},{\"@type\":\"ImageObject\",\"inLanguage\":\"va-ES\",\"@id\":\"https:\\\/\\\/canfali.com\\\/ca-es\\\/el-trofeu-rolser-de-pilota-ja-te-finalistes\\\/#primaryimage\",\"url\":\"https:\\\/\\\/canfali.com\\\/app\\\/uploads\\\/2025\\\/12\\\/WhatsApp-Image-2025-12-09-at-09.23.08.jpeg\",\"contentUrl\":\"https:\\\/\\\/canfali.com\\\/app\\\/uploads\\\/2025\\\/12\\\/WhatsApp-Image-2025-12-09-at-09.23.08.jpeg\",\"width\":1600,\"height\":1001},{\"@type\":\"BreadcrumbList\",\"@id\":\"https:\\\/\\\/canfali.com\\\/ca-es\\\/el-trofeu-rolser-de-pilota-ja-te-finalistes\\\/#breadcrumb\",\"itemListElement\":[{\"@type\":\"ListItem\",\"position\":1,\"name\":\"Portada\",\"item\":\"https:\\\/\\\/canfali.com\\\/ca-es\\\/\"},{\"@type\":\"ListItem\",\"position\":2,\"name\":\"El Trofeu Rolser de pilota ja t\u00e9 finalistes\"}]},{\"@type\":\"WebSite\",\"@id\":\"https:\\\/\\\/canfali.com\\\/ca-es\\\/#website\",\"url\":\"https:\\\/\\\/canfali.com\\\/ca-es\\\/\",\"name\":\"Canfali\",\"description\":\"\",\"publisher\":{\"@id\":\"https:\\\/\\\/canfali.com\\\/ca-es\\\/#organization\"},\"potentialAction\":[{\"@type\":\"SearchAction\",\"target\":{\"@type\":\"EntryPoint\",\"urlTemplate\":\"https:\\\/\\\/canfali.com\\\/ca-es\\\/?s={search_term_string}\"},\"query-input\":{\"@type\":\"PropertyValueSpecification\",\"valueRequired\":true,\"valueName\":\"search_term_string\"}}],\"inLanguage\":\"va-ES\"},{\"@type\":\"Organization\",\"@id\":\"https:\\\/\\\/canfali.com\\\/ca-es\\\/#organization\",\"name\":\"Canfali\",\"url\":\"https:\\\/\\\/canfali.com\\\/ca-es\\\/\",\"logo\":{\"@type\":\"ImageObject\",\"inLanguage\":\"va-ES\",\"@id\":\"https:\\\/\\\/canfali.com\\\/ca-es\\\/#\\\/schema\\\/logo\\\/image\\\/\",\"url\":\"https:\\\/\\\/canfali.com\\\/app\\\/uploads\\\/2025\\\/12\\\/canfali_marina_alta_logo.png\",\"contentUrl\":\"https:\\\/\\\/canfali.com\\\/app\\\/uploads\\\/2025\\\/12\\\/canfali_marina_alta_logo.png\",\"width\":225,\"height\":225,\"caption\":\"Canfali\"},\"image\":{\"@id\":\"https:\\\/\\\/canfali.com\\\/ca-es\\\/#\\\/schema\\\/logo\\\/image\\\/\"},\"sameAs\":[\"https:\\\/\\\/es-es.facebook.com\\\/CANFALIMarinaAlta\",\"https:\\\/\\\/x.com\\\/canfalima\",\"https:\\\/\\\/www.instagram.com\\\/canfalimarinaalta\\\/\"]},{\"@type\":\"Person\",\"@id\":\"https:\\\/\\\/canfali.com\\\/ca-es\\\/#\\\/schema\\\/person\\\/f540a86fb33e10daaae53c59ceaa1194\",\"name\":\"Lluis\",\"image\":{\"@type\":\"ImageObject\",\"inLanguage\":\"va-ES\",\"@id\":\"https:\\\/\\\/secure.gravatar.com\\\/avatar\\\/a21ec8835290e4e02ed0886b8cb327d807d0eb6ec8ccf25d4c2a0a415f506c0d?s=96&d=mm&r=g\",\"url\":\"https:\\\/\\\/secure.gravatar.com\\\/avatar\\\/a21ec8835290e4e02ed0886b8cb327d807d0eb6ec8ccf25d4c2a0a415f506c0d?s=96&d=mm&r=g\",\"contentUrl\":\"https:\\\/\\\/secure.gravatar.com\\\/avatar\\\/a21ec8835290e4e02ed0886b8cb327d807d0eb6ec8ccf25d4c2a0a415f506c0d?s=96&d=mm&r=g\",\"caption\":\"Lluis\"},\"url\":\"https:\\\/\\\/canfali.com\\\/ca-es\\\/author\\\/lluis\\\/\"}]}<\/script>\n<!-- \/ Yoast SEO Premium plugin. -->","yoast_head_json":{"title":"El Trofeu Rolser de pilota ja t\u00e9 finalistes - Canfali","robots":{"index":"index","follow":"follow","max-snippet":"max-snippet:-1","max-image-preview":"max-image-preview:large","max-video-preview":"max-video-preview:-1"},"canonical":"https:\/\/canfali.com\/ca-es\/el-trofeu-rolser-de-pilota-ja-te-finalistes\/","og_locale":"en_US","og_type":"article","og_title":"El Trofeu Rolser de pilota ja t\u00e9 finalistes","og_description":"El trinquet de Pedreguer va acollir divendres passat una doble eliminat\u00f2ria de semifinals del Trofeu Rolser de Raspall&hellip;","og_url":"https:\/\/canfali.com\/ca-es\/el-trofeu-rolser-de-pilota-ja-te-finalistes\/","og_site_name":"Canfali","article_publisher":"https:\/\/es-es.facebook.com\/CANFALIMarinaAlta","article_published_time":"2025-12-09T08:44:50+00:00","article_modified_time":"2025-12-09T08:45:21+00:00","og_image":[{"width":1600,"height":1001,"url":"https:\/\/canfali.com\/app\/uploads\/2025\/12\/WhatsApp-Image-2025-12-09-at-09.23.08.jpeg","type":"image\/jpeg"}],"author":"Lluis","twitter_card":"summary_large_image","twitter_creator":"@canfalima","twitter_site":"@canfalima","twitter_misc":{"Written by":"Lluis","Est. reading time":"1 minute"},"schema":{"@context":"https:\/\/schema.org","@graph":[{"@type":"NewsArticle","@id":"https:\/\/canfali.com\/ca-es\/el-trofeu-rolser-de-pilota-ja-te-finalistes\/#article","isPartOf":{"@id":"https:\/\/canfali.com\/ca-es\/el-trofeu-rolser-de-pilota-ja-te-finalistes\/"},"author":{"name":"Lluis","@id":"https:\/\/canfali.com\/ca-es\/#\/schema\/person\/f540a86fb33e10daaae53c59ceaa1194"},"headline":"El Trofeu Rolser de pilota ja t\u00e9 finalistes","datePublished":"2025-12-09T08:44:50+00:00","dateModified":"2025-12-09T08:45:21+00:00","mainEntityOfPage":{"@id":"https:\/\/canfali.com\/ca-es\/el-trofeu-rolser-de-pilota-ja-te-finalistes\/"},"wordCount":271,"publisher":{"@id":"https:\/\/canfali.com\/ca-es\/#organization"},"image":{"@id":"https:\/\/canfali.com\/ca-es\/el-trofeu-rolser-de-pilota-ja-te-finalistes\/#primaryimage"},"thumbnailUrl":"https:\/\/canfali.com\/app\/uploads\/2025\/12\/WhatsApp-Image-2025-12-09-at-09.23.08.jpeg","articleSection":["Sin categorizar"],"inLanguage":"va-ES","copyrightYear":"2025","copyrightHolder":{"@id":"https:\/\/canfali.com\/#organization"}},{"@type":"WebPage","@id":"https:\/\/canfali.com\/ca-es\/el-trofeu-rolser-de-pilota-ja-te-finalistes\/","url":"https:\/\/canfali.com\/ca-es\/el-trofeu-rolser-de-pilota-ja-te-finalistes\/","name":"El Trofeu Rolser de pilota ja t\u00e9 finalistes - Canfali","isPartOf":{"@id":"https:\/\/canfali.com\/ca-es\/#website"},"primaryImageOfPage":{"@id":"https:\/\/canfali.com\/ca-es\/el-trofeu-rolser-de-pilota-ja-te-finalistes\/#primaryimage"},"image":{"@id":"https:\/\/canfali.com\/ca-es\/el-trofeu-rolser-de-pilota-ja-te-finalistes\/#primaryimage"},"thumbnailUrl":"https:\/\/canfali.com\/app\/uploads\/2025\/12\/WhatsApp-Image-2025-12-09-at-09.23.08.jpeg","datePublished":"2025-12-09T08:44:50+00:00","dateModified":"2025-12-09T08:45:21+00:00","breadcrumb":{"@id":"https:\/\/canfali.com\/ca-es\/el-trofeu-rolser-de-pilota-ja-te-finalistes\/#breadcrumb"},"inLanguage":"va-ES","potentialAction":[{"@type":"ReadAction","target":["https:\/\/canfali.com\/ca-es\/el-trofeu-rolser-de-pilota-ja-te-finalistes\/"]}]},{"@type":"ImageObject","inLanguage":"va-ES","@id":"https:\/\/canfali.com\/ca-es\/el-trofeu-rolser-de-pilota-ja-te-finalistes\/#primaryimage","url":"https:\/\/canfali.com\/app\/uploads\/2025\/12\/WhatsApp-Image-2025-12-09-at-09.23.08.jpeg","contentUrl":"https:\/\/canfali.com\/app\/uploads\/2025\/12\/WhatsApp-Image-2025-12-09-at-09.23.08.jpeg","width":1600,"height":1001},{"@type":"BreadcrumbList","@id":"https:\/\/canfali.com\/ca-es\/el-trofeu-rolser-de-pilota-ja-te-finalistes\/#breadcrumb","itemListElement":[{"@type":"ListItem","position":1,"name":"Portada","item":"https:\/\/canfali.com\/ca-es\/"},{"@type":"ListItem","position":2,"name":"El Trofeu Rolser de pilota ja t\u00e9 finalistes"}]},{"@type":"WebSite","@id":"https:\/\/canfali.com\/ca-es\/#website","url":"https:\/\/canfali.com\/ca-es\/","name":"Canfali","description":"","publisher":{"@id":"https:\/\/canfali.com\/ca-es\/#organization"},"potentialAction":[{"@type":"SearchAction","target":{"@type":"EntryPoint","urlTemplate":"https:\/\/canfali.com\/ca-es\/?s={search_term_string}"},"query-input":{"@type":"PropertyValueSpecification","valueRequired":true,"valueName":"search_term_string"}}],"inLanguage":"va-ES"},{"@type":"Organization","@id":"https:\/\/canfali.com\/ca-es\/#organization","name":"Canfali","url":"https:\/\/canfali.com\/ca-es\/","logo":{"@type":"ImageObject","inLanguage":"va-ES","@id":"https:\/\/canfali.com\/ca-es\/#\/schema\/logo\/image\/","url":"https:\/\/canfali.com\/app\/uploads\/2025\/12\/canfali_marina_alta_logo.png","contentUrl":"https:\/\/canfali.com\/app\/uploads\/2025\/12\/canfali_marina_alta_logo.png","width":225,"height":225,"caption":"Canfali"},"image":{"@id":"https:\/\/canfali.com\/ca-es\/#\/schema\/logo\/image\/"},"sameAs":["https:\/\/es-es.facebook.com\/CANFALIMarinaAlta","https:\/\/x.com\/canfalima","https:\/\/www.instagram.com\/canfalimarinaalta\/"]},{"@type":"Person","@id":"https:\/\/canfali.com\/ca-es\/#\/schema\/person\/f540a86fb33e10daaae53c59ceaa1194","name":"Lluis","image":{"@type":"ImageObject","inLanguage":"va-ES","@id":"https:\/\/secure.gravatar.com\/avatar\/a21ec8835290e4e02ed0886b8cb327d807d0eb6ec8ccf25d4c2a0a415f506c0d?s=96&d=mm&r=g","url":"https:\/\/secure.gravatar.com\/avatar\/a21ec8835290e4e02ed0886b8cb327d807d0eb6ec8ccf25d4c2a0a415f506c0d?s=96&d=mm&r=g","contentUrl":"https:\/\/secure.gravatar.com\/avatar\/a21ec8835290e4e02ed0886b8cb327d807d0eb6ec8ccf25d4c2a0a415f506c0d?s=96&d=mm&r=g","caption":"Lluis"},"url":"https:\/\/canfali.com\/ca-es\/author\/lluis\/"}]}},"_links":{"self":[{"href":"https:\/\/canfali.com\/ca-es\/wp-json\/wp\/v2\/posts\/83597","targetHints":{"allow":["GET"]}}],"collection":[{"href":"https:\/\/canfali.com\/ca-es\/wp-json\/wp\/v2\/posts"}],"about":[{"href":"https:\/\/canfali.com\/ca-es\/wp-json\/wp\/v2\/types\/post"}],"author":[{"embeddable":true,"href":"https:\/\/canfali.com\/ca-es\/wp-json\/wp\/v2\/users\/8"}],"replies":[{"embeddable":true,"href":"https:\/\/canfali.com\/ca-es\/wp-json\/wp\/v2\/comments?post=83597"}],"version-history":[{"count":1,"href":"https:\/\/canfali.com\/ca-es\/wp-json\/wp\/v2\/posts\/83597\/revisions"}],"predecessor-version":[{"id":83598,"href":"https:\/\/canfali.com\/ca-es\/wp-json\/wp\/v2\/posts\/83597\/revisions\/83598"}],"wp:featuredmedia":[{"embeddable":true,"href":"https:\/\/canfali.com\/ca-es\/wp-json\/wp\/v2\/media\/83595"}],"wp:attachment":[{"href":"https:\/\/canfali.com\/ca-es\/wp-json\/wp\/v2\/media?parent=83597"}],"wp:term":[{"taxonomy":"category","embeddable":true,"href":"https:\/\/canfali.com\/ca-es\/wp-json\/wp\/v2\/categories?post=83597"},{"taxonomy":"post_tag","embeddable":true,"href":"https:\/\/canfali.com\/ca-es\/wp-json\/wp\/v2\/tags?post=83597"}],"curies":[{"name":"wp","href":"https:\/\/api.w.org\/{rel}","templated":true}]}}