{"id":83590,"date":"2025-12-09T09:16:12","date_gmt":"2025-12-09T08:16:12","guid":{"rendered":"https:\/\/canfali.com\/concert-de-la-banda-de-musica-de-pedreguer\/"},"modified":"2025-12-09T09:17:01","modified_gmt":"2025-12-09T08:17:01","slug":"concert-de-la-banda-de-musica-de-pedreguer","status":"publish","type":"post","link":"https:\/\/canfali.com\/ca-es\/concert-de-la-banda-de-musica-de-pedreguer\/","title":{"rendered":"Concert de la banda de m\u00fasica de Pedreguer"},"content":{"rendered":"\n<p>La banda de m\u00fasica de Pedreguer ha posat fi este dilluns al programa commemoratiu dedicat a la patrona Santa Cec\u00edlia amb el tradicional Concert de Fira, que ha tingut lloc a la pla\u00e7a de l\u2019Amistat. Durant el mat\u00ed, la banda ha celebrat una cercavila per diferents carrers del poble i, en acabar, ha compartit un esmorzar en un ambient festiu, aprofitat tamb\u00e9 per celebrar els quaranta anys a la banda de Mavi Dom\u00e9nech i Elisa Llorens. La jornada va servir igualment per fer la cl\u00e0ssica foto a la fa\u00e7ana del local de La Musical, que, per cert, iniciar\u00e0 en pr\u00f2ximes dates unes ambicioses obres de reforma integral de l\u2019edifici.<br\/><\/p>\n\n<figure class=\"wp-block-image size-large\"><img decoding=\"async\" src=\"https:\/\/canfali.com\/app\/uploads\/2025\/12\/PHOTO-2025-12-08-11-56-02-1024x724.jpg.webp\" alt=\"\" class=\"wp-image-83587\"\/><\/figure>\n\n<p>\tLa banda va arrancar el programa de la festa de Santa Cec\u00edlia a mitjan novembre amb el concert a l\u2019Espai Pista Cultural. El cap de setmana seg\u00fcent va tindre lloc la cercavila de benvinguda als nous membres de la m\u00fasica. La banda, que dirigeix des de fa unes setmanes el music\u00f2leg Javier Fern\u00e1ndez, gaudeix des de fa uns anys d\u2019una molt bona salut. El grup compta actualment amb m\u00e9s de vuitanta m\u00fasics i \u00e9s una de les bandes m\u00e9s nombroses de la comarca. Tamb\u00e9 \u00e9s destacable la pres\u00e8ncia de gent jove, un fet que garanteix un futur prometedor.<\/p>\n\n<figure class=\"wp-block-image size-large\"><img decoding=\"async\" src=\"https:\/\/canfali.com\/app\/uploads\/2025\/12\/PHOTO-2025-12-08-11-55-36-1024x768.jpg.webp\" alt=\"\" class=\"wp-image-83585\"\/><\/figure>\n","protected":false},"excerpt":{"rendered":"La banda de m\u00fasica de Pedreguer ha posat fi este dilluns al programa commemoratiu dedicat a la patrona&hellip;","protected":false},"author":8,"featured_media":83584,"comment_status":"closed","ping_status":"closed","sticky":false,"template":"","format":"standard","meta":{"csco_display_header_overlay":false,"csco_singular_sidebar":"","csco_page_header_type":"","csco_page_load_nextpost":"","csco_post_video_location":[],"csco_post_video_location_hash":"","csco_post_video_url":"","csco_post_video_bg_start_time":0,"csco_post_video_bg_end_time":0,"footnotes":""},"categories":[579,597,587],"tags":[],"class_list":{"0":"post-83590","1":"post","2":"type-post","3":"status-publish","4":"format-standard","5":"has-post-thumbnail","7":"category-cultura-2","8":"category-cultura-ca-es","9":"category-festes","10":"cs-entry","11":"cs-video-wrap"},"yoast_head":"<!-- This site is optimized with the Yoast SEO Premium plugin v26.6 (Yoast SEO v27.3) - https:\/\/yoast.com\/product\/yoast-seo-premium-wordpress\/ -->\n<title>Concert de la banda de m\u00fasica de Pedreguer - Canfali<\/title>\n<meta name=\"robots\" content=\"index, follow, max-snippet:-1, max-image-preview:large, max-video-preview:-1\" \/>\n<link rel=\"canonical\" href=\"https:\/\/canfali.com\/ca-es\/concert-de-la-banda-de-musica-de-pedreguer\/\" \/>\n<meta property=\"og:locale\" content=\"en_US\" \/>\n<meta property=\"og:type\" content=\"article\" \/>\n<meta property=\"og:title\" content=\"Concert de la banda de m\u00fasica de Pedreguer\" \/>\n<meta property=\"og:description\" content=\"La banda de m\u00fasica de Pedreguer ha posat fi este dilluns al programa commemoratiu dedicat a la patrona&hellip;\" \/>\n<meta property=\"og:url\" content=\"https:\/\/canfali.com\/ca-es\/concert-de-la-banda-de-musica-de-pedreguer\/\" \/>\n<meta property=\"og:site_name\" content=\"Canfali\" \/>\n<meta property=\"article:publisher\" content=\"https:\/\/es-es.facebook.com\/CANFALIMarinaAlta\" \/>\n<meta property=\"article:published_time\" content=\"2025-12-09T08:16:12+00:00\" \/>\n<meta property=\"article:modified_time\" content=\"2025-12-09T08:17:01+00:00\" \/>\n<meta property=\"og:image\" content=\"https:\/\/canfali.com\/app\/uploads\/2025\/12\/8musica-scaled.jpg\" \/>\n\t<meta property=\"og:image:width\" content=\"2560\" \/>\n\t<meta property=\"og:image:height\" content=\"1280\" \/>\n\t<meta property=\"og:image:type\" content=\"image\/jpeg\" \/>\n<meta name=\"author\" content=\"Lluis\" \/>\n<meta name=\"twitter:card\" content=\"summary_large_image\" \/>\n<meta name=\"twitter:creator\" content=\"@canfalima\" \/>\n<meta name=\"twitter:site\" content=\"@canfalima\" \/>\n<meta name=\"twitter:label1\" content=\"Written by\" \/>\n\t<meta name=\"twitter:data1\" content=\"Lluis\" \/>\n\t<meta name=\"twitter:label2\" content=\"Est. reading time\" \/>\n\t<meta name=\"twitter:data2\" content=\"1 minute\" \/>\n<script type=\"application\/ld+json\" class=\"yoast-schema-graph\">{\"@context\":\"https:\\\/\\\/schema.org\",\"@graph\":[{\"@type\":\"NewsArticle\",\"@id\":\"https:\\\/\\\/canfali.com\\\/ca-es\\\/concert-de-la-banda-de-musica-de-pedreguer\\\/#article\",\"isPartOf\":{\"@id\":\"https:\\\/\\\/canfali.com\\\/ca-es\\\/concert-de-la-banda-de-musica-de-pedreguer\\\/\"},\"author\":{\"name\":\"Lluis\",\"@id\":\"https:\\\/\\\/canfali.com\\\/ca-es\\\/#\\\/schema\\\/person\\\/f540a86fb33e10daaae53c59ceaa1194\"},\"headline\":\"Concert de la banda de m\u00fasica de Pedreguer\",\"datePublished\":\"2025-12-09T08:16:12+00:00\",\"dateModified\":\"2025-12-09T08:17:01+00:00\",\"mainEntityOfPage\":{\"@id\":\"https:\\\/\\\/canfali.com\\\/ca-es\\\/concert-de-la-banda-de-musica-de-pedreguer\\\/\"},\"wordCount\":236,\"publisher\":{\"@id\":\"https:\\\/\\\/canfali.com\\\/ca-es\\\/#organization\"},\"image\":{\"@id\":\"https:\\\/\\\/canfali.com\\\/ca-es\\\/concert-de-la-banda-de-musica-de-pedreguer\\\/#primaryimage\"},\"thumbnailUrl\":\"https:\\\/\\\/canfali.com\\\/app\\\/uploads\\\/2025\\\/12\\\/8musica-scaled.jpg\",\"articleSection\":[\"Cultura\",\"Cultura\",\"Festes\"],\"inLanguage\":\"va-ES\",\"copyrightYear\":\"2025\",\"copyrightHolder\":{\"@id\":\"https:\\\/\\\/canfali.com\\\/#organization\"}},{\"@type\":\"WebPage\",\"@id\":\"https:\\\/\\\/canfali.com\\\/ca-es\\\/concert-de-la-banda-de-musica-de-pedreguer\\\/\",\"url\":\"https:\\\/\\\/canfali.com\\\/ca-es\\\/concert-de-la-banda-de-musica-de-pedreguer\\\/\",\"name\":\"Concert de la banda de m\u00fasica de Pedreguer - Canfali\",\"isPartOf\":{\"@id\":\"https:\\\/\\\/canfali.com\\\/ca-es\\\/#website\"},\"primaryImageOfPage\":{\"@id\":\"https:\\\/\\\/canfali.com\\\/ca-es\\\/concert-de-la-banda-de-musica-de-pedreguer\\\/#primaryimage\"},\"image\":{\"@id\":\"https:\\\/\\\/canfali.com\\\/ca-es\\\/concert-de-la-banda-de-musica-de-pedreguer\\\/#primaryimage\"},\"thumbnailUrl\":\"https:\\\/\\\/canfali.com\\\/app\\\/uploads\\\/2025\\\/12\\\/8musica-scaled.jpg\",\"datePublished\":\"2025-12-09T08:16:12+00:00\",\"dateModified\":\"2025-12-09T08:17:01+00:00\",\"breadcrumb\":{\"@id\":\"https:\\\/\\\/canfali.com\\\/ca-es\\\/concert-de-la-banda-de-musica-de-pedreguer\\\/#breadcrumb\"},\"inLanguage\":\"va-ES\",\"potentialAction\":[{\"@type\":\"ReadAction\",\"target\":[\"https:\\\/\\\/canfali.com\\\/ca-es\\\/concert-de-la-banda-de-musica-de-pedreguer\\\/\"]}]},{\"@type\":\"ImageObject\",\"inLanguage\":\"va-ES\",\"@id\":\"https:\\\/\\\/canfali.com\\\/ca-es\\\/concert-de-la-banda-de-musica-de-pedreguer\\\/#primaryimage\",\"url\":\"https:\\\/\\\/canfali.com\\\/app\\\/uploads\\\/2025\\\/12\\\/8musica-scaled.jpg\",\"contentUrl\":\"https:\\\/\\\/canfali.com\\\/app\\\/uploads\\\/2025\\\/12\\\/8musica-scaled.jpg\",\"width\":2560,\"height\":1280},{\"@type\":\"BreadcrumbList\",\"@id\":\"https:\\\/\\\/canfali.com\\\/ca-es\\\/concert-de-la-banda-de-musica-de-pedreguer\\\/#breadcrumb\",\"itemListElement\":[{\"@type\":\"ListItem\",\"position\":1,\"name\":\"Portada\",\"item\":\"https:\\\/\\\/canfali.com\\\/ca-es\\\/\"},{\"@type\":\"ListItem\",\"position\":2,\"name\":\"Concert de la banda de m\u00fasica de Pedreguer\"}]},{\"@type\":\"WebSite\",\"@id\":\"https:\\\/\\\/canfali.com\\\/ca-es\\\/#website\",\"url\":\"https:\\\/\\\/canfali.com\\\/ca-es\\\/\",\"name\":\"Canfali\",\"description\":\"\",\"publisher\":{\"@id\":\"https:\\\/\\\/canfali.com\\\/ca-es\\\/#organization\"},\"potentialAction\":[{\"@type\":\"SearchAction\",\"target\":{\"@type\":\"EntryPoint\",\"urlTemplate\":\"https:\\\/\\\/canfali.com\\\/ca-es\\\/?s={search_term_string}\"},\"query-input\":{\"@type\":\"PropertyValueSpecification\",\"valueRequired\":true,\"valueName\":\"search_term_string\"}}],\"inLanguage\":\"va-ES\"},{\"@type\":\"Organization\",\"@id\":\"https:\\\/\\\/canfali.com\\\/ca-es\\\/#organization\",\"name\":\"Canfali\",\"url\":\"https:\\\/\\\/canfali.com\\\/ca-es\\\/\",\"logo\":{\"@type\":\"ImageObject\",\"inLanguage\":\"va-ES\",\"@id\":\"https:\\\/\\\/canfali.com\\\/ca-es\\\/#\\\/schema\\\/logo\\\/image\\\/\",\"url\":\"https:\\\/\\\/canfali.com\\\/app\\\/uploads\\\/2025\\\/12\\\/canfali_marina_alta_logo.png\",\"contentUrl\":\"https:\\\/\\\/canfali.com\\\/app\\\/uploads\\\/2025\\\/12\\\/canfali_marina_alta_logo.png\",\"width\":225,\"height\":225,\"caption\":\"Canfali\"},\"image\":{\"@id\":\"https:\\\/\\\/canfali.com\\\/ca-es\\\/#\\\/schema\\\/logo\\\/image\\\/\"},\"sameAs\":[\"https:\\\/\\\/es-es.facebook.com\\\/CANFALIMarinaAlta\",\"https:\\\/\\\/x.com\\\/canfalima\",\"https:\\\/\\\/www.instagram.com\\\/canfalimarinaalta\\\/\"]},{\"@type\":\"Person\",\"@id\":\"https:\\\/\\\/canfali.com\\\/ca-es\\\/#\\\/schema\\\/person\\\/f540a86fb33e10daaae53c59ceaa1194\",\"name\":\"Lluis\",\"image\":{\"@type\":\"ImageObject\",\"inLanguage\":\"va-ES\",\"@id\":\"https:\\\/\\\/secure.gravatar.com\\\/avatar\\\/a21ec8835290e4e02ed0886b8cb327d807d0eb6ec8ccf25d4c2a0a415f506c0d?s=96&d=mm&r=g\",\"url\":\"https:\\\/\\\/secure.gravatar.com\\\/avatar\\\/a21ec8835290e4e02ed0886b8cb327d807d0eb6ec8ccf25d4c2a0a415f506c0d?s=96&d=mm&r=g\",\"contentUrl\":\"https:\\\/\\\/secure.gravatar.com\\\/avatar\\\/a21ec8835290e4e02ed0886b8cb327d807d0eb6ec8ccf25d4c2a0a415f506c0d?s=96&d=mm&r=g\",\"caption\":\"Lluis\"},\"url\":\"https:\\\/\\\/canfali.com\\\/ca-es\\\/author\\\/lluis\\\/\"}]}<\/script>\n<!-- \/ Yoast SEO Premium plugin. -->","yoast_head_json":{"title":"Concert de la banda de m\u00fasica de Pedreguer - Canfali","robots":{"index":"index","follow":"follow","max-snippet":"max-snippet:-1","max-image-preview":"max-image-preview:large","max-video-preview":"max-video-preview:-1"},"canonical":"https:\/\/canfali.com\/ca-es\/concert-de-la-banda-de-musica-de-pedreguer\/","og_locale":"en_US","og_type":"article","og_title":"Concert de la banda de m\u00fasica de Pedreguer","og_description":"La banda de m\u00fasica de Pedreguer ha posat fi este dilluns al programa commemoratiu dedicat a la patrona&hellip;","og_url":"https:\/\/canfali.com\/ca-es\/concert-de-la-banda-de-musica-de-pedreguer\/","og_site_name":"Canfali","article_publisher":"https:\/\/es-es.facebook.com\/CANFALIMarinaAlta","article_published_time":"2025-12-09T08:16:12+00:00","article_modified_time":"2025-12-09T08:17:01+00:00","og_image":[{"width":2560,"height":1280,"url":"https:\/\/canfali.com\/app\/uploads\/2025\/12\/8musica-scaled.jpg","type":"image\/jpeg"}],"author":"Lluis","twitter_card":"summary_large_image","twitter_creator":"@canfalima","twitter_site":"@canfalima","twitter_misc":{"Written by":"Lluis","Est. reading time":"1 minute"},"schema":{"@context":"https:\/\/schema.org","@graph":[{"@type":"NewsArticle","@id":"https:\/\/canfali.com\/ca-es\/concert-de-la-banda-de-musica-de-pedreguer\/#article","isPartOf":{"@id":"https:\/\/canfali.com\/ca-es\/concert-de-la-banda-de-musica-de-pedreguer\/"},"author":{"name":"Lluis","@id":"https:\/\/canfali.com\/ca-es\/#\/schema\/person\/f540a86fb33e10daaae53c59ceaa1194"},"headline":"Concert de la banda de m\u00fasica de Pedreguer","datePublished":"2025-12-09T08:16:12+00:00","dateModified":"2025-12-09T08:17:01+00:00","mainEntityOfPage":{"@id":"https:\/\/canfali.com\/ca-es\/concert-de-la-banda-de-musica-de-pedreguer\/"},"wordCount":236,"publisher":{"@id":"https:\/\/canfali.com\/ca-es\/#organization"},"image":{"@id":"https:\/\/canfali.com\/ca-es\/concert-de-la-banda-de-musica-de-pedreguer\/#primaryimage"},"thumbnailUrl":"https:\/\/canfali.com\/app\/uploads\/2025\/12\/8musica-scaled.jpg","articleSection":["Cultura","Cultura","Festes"],"inLanguage":"va-ES","copyrightYear":"2025","copyrightHolder":{"@id":"https:\/\/canfali.com\/#organization"}},{"@type":"WebPage","@id":"https:\/\/canfali.com\/ca-es\/concert-de-la-banda-de-musica-de-pedreguer\/","url":"https:\/\/canfali.com\/ca-es\/concert-de-la-banda-de-musica-de-pedreguer\/","name":"Concert de la banda de m\u00fasica de Pedreguer - Canfali","isPartOf":{"@id":"https:\/\/canfali.com\/ca-es\/#website"},"primaryImageOfPage":{"@id":"https:\/\/canfali.com\/ca-es\/concert-de-la-banda-de-musica-de-pedreguer\/#primaryimage"},"image":{"@id":"https:\/\/canfali.com\/ca-es\/concert-de-la-banda-de-musica-de-pedreguer\/#primaryimage"},"thumbnailUrl":"https:\/\/canfali.com\/app\/uploads\/2025\/12\/8musica-scaled.jpg","datePublished":"2025-12-09T08:16:12+00:00","dateModified":"2025-12-09T08:17:01+00:00","breadcrumb":{"@id":"https:\/\/canfali.com\/ca-es\/concert-de-la-banda-de-musica-de-pedreguer\/#breadcrumb"},"inLanguage":"va-ES","potentialAction":[{"@type":"ReadAction","target":["https:\/\/canfali.com\/ca-es\/concert-de-la-banda-de-musica-de-pedreguer\/"]}]},{"@type":"ImageObject","inLanguage":"va-ES","@id":"https:\/\/canfali.com\/ca-es\/concert-de-la-banda-de-musica-de-pedreguer\/#primaryimage","url":"https:\/\/canfali.com\/app\/uploads\/2025\/12\/8musica-scaled.jpg","contentUrl":"https:\/\/canfali.com\/app\/uploads\/2025\/12\/8musica-scaled.jpg","width":2560,"height":1280},{"@type":"BreadcrumbList","@id":"https:\/\/canfali.com\/ca-es\/concert-de-la-banda-de-musica-de-pedreguer\/#breadcrumb","itemListElement":[{"@type":"ListItem","position":1,"name":"Portada","item":"https:\/\/canfali.com\/ca-es\/"},{"@type":"ListItem","position":2,"name":"Concert de la banda de m\u00fasica de Pedreguer"}]},{"@type":"WebSite","@id":"https:\/\/canfali.com\/ca-es\/#website","url":"https:\/\/canfali.com\/ca-es\/","name":"Canfali","description":"","publisher":{"@id":"https:\/\/canfali.com\/ca-es\/#organization"},"potentialAction":[{"@type":"SearchAction","target":{"@type":"EntryPoint","urlTemplate":"https:\/\/canfali.com\/ca-es\/?s={search_term_string}"},"query-input":{"@type":"PropertyValueSpecification","valueRequired":true,"valueName":"search_term_string"}}],"inLanguage":"va-ES"},{"@type":"Organization","@id":"https:\/\/canfali.com\/ca-es\/#organization","name":"Canfali","url":"https:\/\/canfali.com\/ca-es\/","logo":{"@type":"ImageObject","inLanguage":"va-ES","@id":"https:\/\/canfali.com\/ca-es\/#\/schema\/logo\/image\/","url":"https:\/\/canfali.com\/app\/uploads\/2025\/12\/canfali_marina_alta_logo.png","contentUrl":"https:\/\/canfali.com\/app\/uploads\/2025\/12\/canfali_marina_alta_logo.png","width":225,"height":225,"caption":"Canfali"},"image":{"@id":"https:\/\/canfali.com\/ca-es\/#\/schema\/logo\/image\/"},"sameAs":["https:\/\/es-es.facebook.com\/CANFALIMarinaAlta","https:\/\/x.com\/canfalima","https:\/\/www.instagram.com\/canfalimarinaalta\/"]},{"@type":"Person","@id":"https:\/\/canfali.com\/ca-es\/#\/schema\/person\/f540a86fb33e10daaae53c59ceaa1194","name":"Lluis","image":{"@type":"ImageObject","inLanguage":"va-ES","@id":"https:\/\/secure.gravatar.com\/avatar\/a21ec8835290e4e02ed0886b8cb327d807d0eb6ec8ccf25d4c2a0a415f506c0d?s=96&d=mm&r=g","url":"https:\/\/secure.gravatar.com\/avatar\/a21ec8835290e4e02ed0886b8cb327d807d0eb6ec8ccf25d4c2a0a415f506c0d?s=96&d=mm&r=g","contentUrl":"https:\/\/secure.gravatar.com\/avatar\/a21ec8835290e4e02ed0886b8cb327d807d0eb6ec8ccf25d4c2a0a415f506c0d?s=96&d=mm&r=g","caption":"Lluis"},"url":"https:\/\/canfali.com\/ca-es\/author\/lluis\/"}]}},"_links":{"self":[{"href":"https:\/\/canfali.com\/ca-es\/wp-json\/wp\/v2\/posts\/83590","targetHints":{"allow":["GET"]}}],"collection":[{"href":"https:\/\/canfali.com\/ca-es\/wp-json\/wp\/v2\/posts"}],"about":[{"href":"https:\/\/canfali.com\/ca-es\/wp-json\/wp\/v2\/types\/post"}],"author":[{"embeddable":true,"href":"https:\/\/canfali.com\/ca-es\/wp-json\/wp\/v2\/users\/8"}],"replies":[{"embeddable":true,"href":"https:\/\/canfali.com\/ca-es\/wp-json\/wp\/v2\/comments?post=83590"}],"version-history":[{"count":1,"href":"https:\/\/canfali.com\/ca-es\/wp-json\/wp\/v2\/posts\/83590\/revisions"}],"predecessor-version":[{"id":83591,"href":"https:\/\/canfali.com\/ca-es\/wp-json\/wp\/v2\/posts\/83590\/revisions\/83591"}],"wp:featuredmedia":[{"embeddable":true,"href":"https:\/\/canfali.com\/ca-es\/wp-json\/wp\/v2\/media\/83584"}],"wp:attachment":[{"href":"https:\/\/canfali.com\/ca-es\/wp-json\/wp\/v2\/media?parent=83590"}],"wp:term":[{"taxonomy":"category","embeddable":true,"href":"https:\/\/canfali.com\/ca-es\/wp-json\/wp\/v2\/categories?post=83590"},{"taxonomy":"post_tag","embeddable":true,"href":"https:\/\/canfali.com\/ca-es\/wp-json\/wp\/v2\/tags?post=83590"}],"curies":[{"name":"wp","href":"https:\/\/api.w.org\/{rel}","templated":true}]}}