{"id":83446,"date":"2025-12-08T07:58:09","date_gmt":"2025-12-08T06:58:09","guid":{"rendered":"https:\/\/canfali.com\/tirar-el-fem-amb-la-targeta-o-amb-el-mobil\/"},"modified":"2025-12-08T08:03:32","modified_gmt":"2025-12-08T07:03:32","slug":"tirar-el-fem-amb-la-targeta-o-amb-el-mobil","status":"publish","type":"post","link":"https:\/\/canfali.com\/ca-es\/tirar-el-fem-amb-la-targeta-o-amb-el-mobil\/","title":{"rendered":"Tirar el fem amb la targeta o amb el m\u00f2bil"},"content":{"rendered":"\n<p>\u00a0<br\/><br\/>Benissa implantar\u00e0 els contenidors intel\u00b7ligents per a fomentar el reciclatge i aconseguir una taxa justa<\/p>\n\n<p>La nova directiva europea obliga a cobrir \u00edntegrament els costos del sistema de recollida de residus s\u00f2lids urbans i a aplicar el principi de \u201cqui m\u00e9s contamina, paga\u201d. No obstant aix\u00f2, en nombrosos municipis la mesura ha desembocat en pujades generalitzades de la taxa d&#8217;escombraries que, en la pr\u00e0ctica, no diferencien entre els qui reciclen m\u00e9s i els qui ho fan menys. Despr\u00e9s d&#8217;anys en qu\u00e8 aquest servei es mantenia amb d\u00e8ficits cr\u00f2nics assumits pels pressupostos municipals, l&#8217;actualitzaci\u00f3 normativa ha servit d&#8217;argument per a traslladar tot el cost al rebut ciutad\u00e0, generant debat, malestar i dubtes sobre si realment s&#8217;est\u00e0 complint l&#8217;esperit de la directiva europea.<\/p>\n\n<p>Brussel\u00b7les no obliga a un \u201ctasazo\u201d perqu\u00e8 no imposa una quantia o model exacte i la decisi\u00f3 final de com aplicar el principi recau en les autoritats nacionals o locals en transposar la directiva. Poques ordenances incorporen incentius reals per a qui genera menys residus i en molts casos la taxa \u00e9s r\u00edgida i uniforme. I tot per simplicitat administrativa, \u00e9s a dir, cobrar per habitatge o per IBI \u00e9s t\u00e8cnicament m\u00e9s senzill.<\/p>\n\n<p>Amb l&#8217;inici del nou any, Benissa implantar\u00e0 una xarxa de contenidors intel\u00b7ligents per a aconseguir una taxa justa, \u00e9s a dir, un nou sistema de pagament per generaci\u00f3 que fa\u00e7a efectiu l&#8217;esperit de la directiva europea. Els contenidors intel\u00b7ligents estaran tancats i per a obrir-los cal identificar-se mitjan\u00e7ant una targeta o una APP en el tel\u00e8fon m\u00f2bil. Amb aix\u00f2 es crear\u00e0 un programa inform\u00e0tic en el qual es podr\u00e0 consultar quantes vegades utilitzen els contenidors cadascuna dels habitatges donats d&#8217;alta en el sistema. Tamb\u00e9 permetr\u00e0 veure que cases no estan fent \u00fas d&#8217;aquest, ja sigui perqu\u00e8 no estan habitades o perqu\u00e8 no volen fer-ho servir.<\/p>\n\n<p>\tEl reciclatge de vidre, cart\u00f3, paper i envasos ja \u00e9s una realitat manifesta. Ara es pret\u00e9n fer el mateix separant els residus org\u00e0nics, \u00e9s a dir, menjar (carn, peix, verdures\u2026), pells de fruites, tovallons bruts, etc., de la resta de residus que generem a les cases. Per entendre&#8217;ns, tot all\u00f2 que cal dipositar en els contenidors marrons que no han tingut un \u00fas majoritari. Per aix\u00f2, Benissa tindr\u00e0 dos contenidors espec\u00edfics, un per a escombraries org\u00e0niques i un altre per a la resta. Una iniciativa pionera a la comarca per\u00f2 que ja est\u00e0 en marxa en altres punts del territori nacional com Pamplona, Mollet del Vall\u00e9s, Montmel\u00f3 i Centelles.<\/p>\n\n<p>Amb el sistema actual de contenidors oberts no es pot complir amb la normativa europea. Cal ser solidaris i hem d&#8217;assumir la nostra responsabilitat individual, que quedar\u00e0 gravada cada vegada que t&#8217;identifiques amb la targeta o l&#8217;APP del m\u00f2bil. Si no es compleixen els percentatges indicats, el municipi rebr\u00e0 una sanci\u00f3 econ\u00f2mica que, segons la nova Llei de Residus, haur\u00e0 de ser solid\u00e0ria entre la ciutadania.<\/p>\n\n<p>DOS TARGETES PER HABITATGE<\/p>\n\n<p>A Benissa hi ha un total de 12.000 objectes que tributen pel servei de recollida d&#8217;escombraries. D&#8217;ells, uns 5.000 estan en el nucli urb\u00e0 i la resta en el disseminat. Es far\u00e0 una segmentaci\u00f3 de la poblaci\u00f3 i es crearan fins a 120 \u00e0rees diferents de contenidors que proveeixen unes 100 cases cadascuna d&#8217;elles. Cada usuari haur\u00e0 de dipositar les escombraries en el contenidor que li corresponga o, si est\u00e0 ple, en un pr\u00f2xim assignat tamb\u00e9 pr\u00e8viament.<\/p>\n\n<figure class=\"wp-block-image size-large\"><img fetchpriority=\"high\" decoding=\"async\" width=\"461\" height=\"1024\" src=\"https:\/\/canfali.com\/app\/uploads\/2025\/12\/contenidor-contra-461x1024.jpg\" alt=\"\" class=\"wp-image-83440\" srcset=\"https:\/\/canfali.com\/app\/uploads\/2025\/12\/contenidor-contra-461x1024.jpg 461w, https:\/\/canfali.com\/app\/uploads\/2025\/12\/contenidor-contra-135x300.jpg 135w, https:\/\/canfali.com\/app\/uploads\/2025\/12\/contenidor-contra-768x1707.jpg 768w, https:\/\/canfali.com\/app\/uploads\/2025\/12\/contenidor-contra-691x1536.jpg 691w, https:\/\/canfali.com\/app\/uploads\/2025\/12\/contenidor-contra-921x2048.jpg 921w, https:\/\/canfali.com\/app\/uploads\/2025\/12\/contenidor-contra-scaled.jpg 1152w\" sizes=\"(max-width: 461px) 100vw, 461px\" \/><\/figure>\n\n<p>Per a utilitzar el contenidor d&#8217;org\u00e0nic o de resta nom\u00e9s caldr\u00e0 pr\u00e9mer un bot\u00f3 i acostar la targeta a la pantalla. La tapa s&#8217;obrir\u00e0 i es podr\u00e0 dipositar el residu. Amb el m\u00f2bil, el proc\u00e9s \u00e9s el mateix per\u00f2 obrint l&#8217;APP i acostant el dispositiu al contenidor. La targeta i l&#8217;APP t&#8217;identifiquen com a usuari amb la teva contrasenya personal que et facilitar\u00e0 l&#8217;ajuntament.<\/p>\n\n<p>El que es pret\u00e9n, com s&#8217;ha dit ja, \u00e9s aconseguir una taxa justa en funci\u00f3 dels nostres h\u00e0bits de reciclatge. Fer un bon \u00fas dels contenidors intel\u00b7ligents tindr\u00e0 la seua recompensa en forma de bonificacions, \u00e9s a dir, pagar\u00e0s menys en el rebut de les escombraries. La quantia de les bonificacions encara no est\u00e0 fixada perqu\u00e8 primer cal estudiar amb detall el funcionament del sistema, fer una simulaci\u00f3 i, despr\u00e9s, modificar l&#8217;ordenan\u00e7a. Per\u00f2, si es compleixen els terminis previstos, en els rebuts del 2027 pot ser que ja s&#8217;incorporen tant les bonificacions com les sancions corresponents.<\/p>\n\n<p>Aquest sistema exigir\u00e0 uns mesos d&#8217;adaptaci\u00f3 per\u00f2 est\u00e0 tot previst. El contractista assignar\u00e0 les \u00e0rees de disposici\u00f3 a cada usuari i lliurar\u00e0 la targeta \u2013dues per casa- i la contrasenya per a identificar-se, tot validat per la mercantil p\u00fablica Benissa Impuls. Es realitzar\u00e0 una campanya de difusi\u00f3 a trav\u00e9s de la web, xarxes socials, cartes i sessions p\u00fabliques informatives. I, a m\u00e9s, s&#8217;habilitaran dos punts d&#8217;informaci\u00f3 itinerant al carrer. Per a principis de 2026 s&#8217;haur\u00e0 adjudicat el servei a una empresa especialitzada que s&#8217;encarregar\u00e0 d&#8217;implantar el nou servei, amb un director del projecte, dos coordinadors i quatre informadors.<\/p>\n\n<p>Tot canvi necessitar\u00e0 d&#8217;un per\u00edode d&#8217;adaptaci\u00f3 i, segur, que hi haur\u00e0 dubtes i queixes. En aquest sentit, Vicent Ferrer, regidor de Benissa Impuls, assegura que \u201cno improvisarem sin\u00f3 que aplicarem un model provat, eficient i alineat amb Europa\u201d. \u201c\u00c9s el moment\u201d, afegeix, \u201cde fer les coses b\u00e9, amb rigor, transpar\u00e8ncia i visi\u00f3 de futur\u201d.<\/p>\n\n<p>El perqu\u00e8 d&#8217;aquest canvi est\u00e0 m\u00e9s que clar: per un comprom\u00eds ambiental, per normativa europea i per viabilitat econ\u00f2mica. Dipositar residus barrejats \u00e9s cada vegada m\u00e9s car o, dit d&#8217;una altra manera, separar \u00e9s millor, m\u00e9s barat i sostenible per a tots. Si ens apliquem a aix\u00f2, la taxa d&#8217;escombraries no s&#8217;encarir\u00e0 de manera desorbitada. Tenim una responsabilitat individual perqu\u00e8 realment siga una taxa justa i que no paguen justos per pecadors. No \u00e9s demanar la lluna en un cove per\u00f2 ha hagut de ser la Uni\u00f3 Europa qui ens \u00f2briga els ulls amb el que m\u00e9s ens fa mal, la butxaca<\/p>\n","protected":false},"excerpt":{"rendered":"\u00a0 Benissa implantar\u00e0 els contenidors intel\u00b7ligents per a fomentar el reciclatge i aconseguir una taxa justa La nova&hellip;","protected":false},"author":5,"featured_media":83443,"comment_status":"closed","ping_status":"closed","sticky":false,"template":"","format":"standard","meta":{"csco_display_header_overlay":false,"csco_singular_sidebar":"","csco_page_header_type":"","csco_page_load_nextpost":"","csco_post_video_location":[],"csco_post_video_location_hash":"","csco_post_video_url":"","csco_post_video_bg_start_time":0,"csco_post_video_bg_end_time":0,"footnotes":""},"categories":[574],"tags":[3705,5531,2565],"class_list":{"0":"post-83446","1":"post","2":"type-post","3":"status-publish","4":"format-standard","5":"has-post-thumbnail","7":"category-sociedad-2","8":"tag-contenidors","9":"tag-fem","10":"tag-reclicatge","11":"cs-entry","12":"cs-video-wrap"},"yoast_head":"<!-- This site is optimized with the Yoast SEO Premium plugin v26.6 (Yoast SEO v27.3) - https:\/\/yoast.com\/product\/yoast-seo-premium-wordpress\/ -->\n<title>Tirar el fem amb la targeta o amb el m\u00f2bil - Canfali<\/title>\n<meta name=\"robots\" content=\"index, follow, max-snippet:-1, max-image-preview:large, max-video-preview:-1\" \/>\n<link rel=\"canonical\" href=\"https:\/\/canfali.com\/ca-es\/tirar-el-fem-amb-la-targeta-o-amb-el-mobil\/\" \/>\n<meta property=\"og:locale\" content=\"en_US\" \/>\n<meta property=\"og:type\" content=\"article\" \/>\n<meta property=\"og:title\" content=\"Tirar el fem amb la targeta o amb el m\u00f2bil\" \/>\n<meta property=\"og:description\" content=\"\u00a0 Benissa implantar\u00e0 els contenidors intel\u00b7ligents per a fomentar el reciclatge i aconseguir una taxa justa La nova&hellip;\" \/>\n<meta property=\"og:url\" content=\"https:\/\/canfali.com\/ca-es\/tirar-el-fem-amb-la-targeta-o-amb-el-mobil\/\" \/>\n<meta property=\"og:site_name\" content=\"Canfali\" \/>\n<meta property=\"article:publisher\" content=\"https:\/\/es-es.facebook.com\/CANFALIMarinaAlta\" \/>\n<meta property=\"article:published_time\" content=\"2025-12-08T06:58:09+00:00\" \/>\n<meta property=\"article:modified_time\" content=\"2025-12-08T07:03:32+00:00\" \/>\n<meta property=\"og:image\" content=\"https:\/\/canfali.com\/app\/uploads\/2025\/12\/contenidor-contra2-576x1024.jpg\" \/>\n\t<meta property=\"og:image:width\" content=\"576\" \/>\n\t<meta property=\"og:image:height\" content=\"1024\" \/>\n\t<meta property=\"og:image:type\" content=\"image\/jpeg\" \/>\n<meta name=\"author\" content=\"D\u00eddac\" \/>\n<meta name=\"twitter:card\" content=\"summary_large_image\" \/>\n<meta name=\"twitter:creator\" content=\"@canfalima\" \/>\n<meta name=\"twitter:site\" content=\"@canfalima\" \/>\n<meta name=\"twitter:label1\" content=\"Written by\" \/>\n\t<meta name=\"twitter:data1\" content=\"D\u00eddac\" \/>\n\t<meta name=\"twitter:label2\" content=\"Est. reading time\" \/>\n\t<meta name=\"twitter:data2\" content=\"5 minutes\" \/>\n<script type=\"application\/ld+json\" class=\"yoast-schema-graph\">{\"@context\":\"https:\\\/\\\/schema.org\",\"@graph\":[{\"@type\":\"NewsArticle\",\"@id\":\"https:\\\/\\\/canfali.com\\\/ca-es\\\/tirar-el-fem-amb-la-targeta-o-amb-el-mobil\\\/#article\",\"isPartOf\":{\"@id\":\"https:\\\/\\\/canfali.com\\\/ca-es\\\/tirar-el-fem-amb-la-targeta-o-amb-el-mobil\\\/\"},\"author\":{\"name\":\"D\u00eddac\",\"@id\":\"https:\\\/\\\/canfali.com\\\/ca-es\\\/#\\\/schema\\\/person\\\/5211f51be1ed486a218e6a4f53355b6d\"},\"headline\":\"Tirar el fem amb la targeta o amb el m\u00f2bil\",\"datePublished\":\"2025-12-08T06:58:09+00:00\",\"dateModified\":\"2025-12-08T07:03:32+00:00\",\"mainEntityOfPage\":{\"@id\":\"https:\\\/\\\/canfali.com\\\/ca-es\\\/tirar-el-fem-amb-la-targeta-o-amb-el-mobil\\\/\"},\"wordCount\":1064,\"publisher\":{\"@id\":\"https:\\\/\\\/canfali.com\\\/ca-es\\\/#organization\"},\"image\":{\"@id\":\"https:\\\/\\\/canfali.com\\\/ca-es\\\/tirar-el-fem-amb-la-targeta-o-amb-el-mobil\\\/#primaryimage\"},\"thumbnailUrl\":\"https:\\\/\\\/canfali.com\\\/app\\\/uploads\\\/2025\\\/12\\\/contenidor-contra2.jpg\",\"keywords\":[\"\u00b4contenidors\",\"fem\",\"reclicatge\"],\"articleSection\":[\"Sociedad\"],\"inLanguage\":\"va-ES\",\"copyrightYear\":\"2025\",\"copyrightHolder\":{\"@id\":\"https:\\\/\\\/canfali.com\\\/#organization\"}},{\"@type\":\"WebPage\",\"@id\":\"https:\\\/\\\/canfali.com\\\/ca-es\\\/tirar-el-fem-amb-la-targeta-o-amb-el-mobil\\\/\",\"url\":\"https:\\\/\\\/canfali.com\\\/ca-es\\\/tirar-el-fem-amb-la-targeta-o-amb-el-mobil\\\/\",\"name\":\"Tirar el fem amb la targeta o amb el m\u00f2bil - Canfali\",\"isPartOf\":{\"@id\":\"https:\\\/\\\/canfali.com\\\/ca-es\\\/#website\"},\"primaryImageOfPage\":{\"@id\":\"https:\\\/\\\/canfali.com\\\/ca-es\\\/tirar-el-fem-amb-la-targeta-o-amb-el-mobil\\\/#primaryimage\"},\"image\":{\"@id\":\"https:\\\/\\\/canfali.com\\\/ca-es\\\/tirar-el-fem-amb-la-targeta-o-amb-el-mobil\\\/#primaryimage\"},\"thumbnailUrl\":\"https:\\\/\\\/canfali.com\\\/app\\\/uploads\\\/2025\\\/12\\\/contenidor-contra2.jpg\",\"datePublished\":\"2025-12-08T06:58:09+00:00\",\"dateModified\":\"2025-12-08T07:03:32+00:00\",\"breadcrumb\":{\"@id\":\"https:\\\/\\\/canfali.com\\\/ca-es\\\/tirar-el-fem-amb-la-targeta-o-amb-el-mobil\\\/#breadcrumb\"},\"inLanguage\":\"va-ES\",\"potentialAction\":[{\"@type\":\"ReadAction\",\"target\":[\"https:\\\/\\\/canfali.com\\\/ca-es\\\/tirar-el-fem-amb-la-targeta-o-amb-el-mobil\\\/\"]}]},{\"@type\":\"ImageObject\",\"inLanguage\":\"va-ES\",\"@id\":\"https:\\\/\\\/canfali.com\\\/ca-es\\\/tirar-el-fem-amb-la-targeta-o-amb-el-mobil\\\/#primaryimage\",\"url\":\"https:\\\/\\\/canfali.com\\\/app\\\/uploads\\\/2025\\\/12\\\/contenidor-contra2.jpg\",\"contentUrl\":\"https:\\\/\\\/canfali.com\\\/app\\\/uploads\\\/2025\\\/12\\\/contenidor-contra2.jpg\",\"width\":1299,\"height\":2309},{\"@type\":\"BreadcrumbList\",\"@id\":\"https:\\\/\\\/canfali.com\\\/ca-es\\\/tirar-el-fem-amb-la-targeta-o-amb-el-mobil\\\/#breadcrumb\",\"itemListElement\":[{\"@type\":\"ListItem\",\"position\":1,\"name\":\"Portada\",\"item\":\"https:\\\/\\\/canfali.com\\\/ca-es\\\/\"},{\"@type\":\"ListItem\",\"position\":2,\"name\":\"Tirar el fem amb la targeta o amb el m\u00f2bil\"}]},{\"@type\":\"WebSite\",\"@id\":\"https:\\\/\\\/canfali.com\\\/ca-es\\\/#website\",\"url\":\"https:\\\/\\\/canfali.com\\\/ca-es\\\/\",\"name\":\"Canfali\",\"description\":\"\",\"publisher\":{\"@id\":\"https:\\\/\\\/canfali.com\\\/ca-es\\\/#organization\"},\"potentialAction\":[{\"@type\":\"SearchAction\",\"target\":{\"@type\":\"EntryPoint\",\"urlTemplate\":\"https:\\\/\\\/canfali.com\\\/ca-es\\\/?s={search_term_string}\"},\"query-input\":{\"@type\":\"PropertyValueSpecification\",\"valueRequired\":true,\"valueName\":\"search_term_string\"}}],\"inLanguage\":\"va-ES\"},{\"@type\":\"Organization\",\"@id\":\"https:\\\/\\\/canfali.com\\\/ca-es\\\/#organization\",\"name\":\"Canfali\",\"url\":\"https:\\\/\\\/canfali.com\\\/ca-es\\\/\",\"logo\":{\"@type\":\"ImageObject\",\"inLanguage\":\"va-ES\",\"@id\":\"https:\\\/\\\/canfali.com\\\/ca-es\\\/#\\\/schema\\\/logo\\\/image\\\/\",\"url\":\"https:\\\/\\\/canfali.com\\\/app\\\/uploads\\\/2025\\\/12\\\/canfali_marina_alta_logo.png\",\"contentUrl\":\"https:\\\/\\\/canfali.com\\\/app\\\/uploads\\\/2025\\\/12\\\/canfali_marina_alta_logo.png\",\"width\":225,\"height\":225,\"caption\":\"Canfali\"},\"image\":{\"@id\":\"https:\\\/\\\/canfali.com\\\/ca-es\\\/#\\\/schema\\\/logo\\\/image\\\/\"},\"sameAs\":[\"https:\\\/\\\/es-es.facebook.com\\\/CANFALIMarinaAlta\",\"https:\\\/\\\/x.com\\\/canfalima\",\"https:\\\/\\\/www.instagram.com\\\/canfalimarinaalta\\\/\"]},{\"@type\":\"Person\",\"@id\":\"https:\\\/\\\/canfali.com\\\/ca-es\\\/#\\\/schema\\\/person\\\/5211f51be1ed486a218e6a4f53355b6d\",\"name\":\"D\u00eddac\",\"image\":{\"@type\":\"ImageObject\",\"inLanguage\":\"va-ES\",\"@id\":\"https:\\\/\\\/secure.gravatar.com\\\/avatar\\\/a68a2078c12da8a6dd6cff4f3f3f69f7eb69a2d31ac1aac4da61c3761e4557f4?s=96&d=mm&r=g\",\"url\":\"https:\\\/\\\/secure.gravatar.com\\\/avatar\\\/a68a2078c12da8a6dd6cff4f3f3f69f7eb69a2d31ac1aac4da61c3761e4557f4?s=96&d=mm&r=g\",\"contentUrl\":\"https:\\\/\\\/secure.gravatar.com\\\/avatar\\\/a68a2078c12da8a6dd6cff4f3f3f69f7eb69a2d31ac1aac4da61c3761e4557f4?s=96&d=mm&r=g\",\"caption\":\"D\u00eddac\"},\"url\":\"https:\\\/\\\/canfali.com\\\/ca-es\\\/author\\\/didac\\\/\"}]}<\/script>\n<!-- \/ Yoast SEO Premium plugin. -->","yoast_head_json":{"title":"Tirar el fem amb la targeta o amb el m\u00f2bil - Canfali","robots":{"index":"index","follow":"follow","max-snippet":"max-snippet:-1","max-image-preview":"max-image-preview:large","max-video-preview":"max-video-preview:-1"},"canonical":"https:\/\/canfali.com\/ca-es\/tirar-el-fem-amb-la-targeta-o-amb-el-mobil\/","og_locale":"en_US","og_type":"article","og_title":"Tirar el fem amb la targeta o amb el m\u00f2bil","og_description":"\u00a0 Benissa implantar\u00e0 els contenidors intel\u00b7ligents per a fomentar el reciclatge i aconseguir una taxa justa La nova&hellip;","og_url":"https:\/\/canfali.com\/ca-es\/tirar-el-fem-amb-la-targeta-o-amb-el-mobil\/","og_site_name":"Canfali","article_publisher":"https:\/\/es-es.facebook.com\/CANFALIMarinaAlta","article_published_time":"2025-12-08T06:58:09+00:00","article_modified_time":"2025-12-08T07:03:32+00:00","og_image":[{"width":576,"height":1024,"url":"https:\/\/canfali.com\/app\/uploads\/2025\/12\/contenidor-contra2-576x1024.jpg","type":"image\/jpeg"}],"author":"D\u00eddac","twitter_card":"summary_large_image","twitter_creator":"@canfalima","twitter_site":"@canfalima","twitter_misc":{"Written by":"D\u00eddac","Est. reading time":"5 minutes"},"schema":{"@context":"https:\/\/schema.org","@graph":[{"@type":"NewsArticle","@id":"https:\/\/canfali.com\/ca-es\/tirar-el-fem-amb-la-targeta-o-amb-el-mobil\/#article","isPartOf":{"@id":"https:\/\/canfali.com\/ca-es\/tirar-el-fem-amb-la-targeta-o-amb-el-mobil\/"},"author":{"name":"D\u00eddac","@id":"https:\/\/canfali.com\/ca-es\/#\/schema\/person\/5211f51be1ed486a218e6a4f53355b6d"},"headline":"Tirar el fem amb la targeta o amb el m\u00f2bil","datePublished":"2025-12-08T06:58:09+00:00","dateModified":"2025-12-08T07:03:32+00:00","mainEntityOfPage":{"@id":"https:\/\/canfali.com\/ca-es\/tirar-el-fem-amb-la-targeta-o-amb-el-mobil\/"},"wordCount":1064,"publisher":{"@id":"https:\/\/canfali.com\/ca-es\/#organization"},"image":{"@id":"https:\/\/canfali.com\/ca-es\/tirar-el-fem-amb-la-targeta-o-amb-el-mobil\/#primaryimage"},"thumbnailUrl":"https:\/\/canfali.com\/app\/uploads\/2025\/12\/contenidor-contra2.jpg","keywords":["\u00b4contenidors","fem","reclicatge"],"articleSection":["Sociedad"],"inLanguage":"va-ES","copyrightYear":"2025","copyrightHolder":{"@id":"https:\/\/canfali.com\/#organization"}},{"@type":"WebPage","@id":"https:\/\/canfali.com\/ca-es\/tirar-el-fem-amb-la-targeta-o-amb-el-mobil\/","url":"https:\/\/canfali.com\/ca-es\/tirar-el-fem-amb-la-targeta-o-amb-el-mobil\/","name":"Tirar el fem amb la targeta o amb el m\u00f2bil - Canfali","isPartOf":{"@id":"https:\/\/canfali.com\/ca-es\/#website"},"primaryImageOfPage":{"@id":"https:\/\/canfali.com\/ca-es\/tirar-el-fem-amb-la-targeta-o-amb-el-mobil\/#primaryimage"},"image":{"@id":"https:\/\/canfali.com\/ca-es\/tirar-el-fem-amb-la-targeta-o-amb-el-mobil\/#primaryimage"},"thumbnailUrl":"https:\/\/canfali.com\/app\/uploads\/2025\/12\/contenidor-contra2.jpg","datePublished":"2025-12-08T06:58:09+00:00","dateModified":"2025-12-08T07:03:32+00:00","breadcrumb":{"@id":"https:\/\/canfali.com\/ca-es\/tirar-el-fem-amb-la-targeta-o-amb-el-mobil\/#breadcrumb"},"inLanguage":"va-ES","potentialAction":[{"@type":"ReadAction","target":["https:\/\/canfali.com\/ca-es\/tirar-el-fem-amb-la-targeta-o-amb-el-mobil\/"]}]},{"@type":"ImageObject","inLanguage":"va-ES","@id":"https:\/\/canfali.com\/ca-es\/tirar-el-fem-amb-la-targeta-o-amb-el-mobil\/#primaryimage","url":"https:\/\/canfali.com\/app\/uploads\/2025\/12\/contenidor-contra2.jpg","contentUrl":"https:\/\/canfali.com\/app\/uploads\/2025\/12\/contenidor-contra2.jpg","width":1299,"height":2309},{"@type":"BreadcrumbList","@id":"https:\/\/canfali.com\/ca-es\/tirar-el-fem-amb-la-targeta-o-amb-el-mobil\/#breadcrumb","itemListElement":[{"@type":"ListItem","position":1,"name":"Portada","item":"https:\/\/canfali.com\/ca-es\/"},{"@type":"ListItem","position":2,"name":"Tirar el fem amb la targeta o amb el m\u00f2bil"}]},{"@type":"WebSite","@id":"https:\/\/canfali.com\/ca-es\/#website","url":"https:\/\/canfali.com\/ca-es\/","name":"Canfali","description":"","publisher":{"@id":"https:\/\/canfali.com\/ca-es\/#organization"},"potentialAction":[{"@type":"SearchAction","target":{"@type":"EntryPoint","urlTemplate":"https:\/\/canfali.com\/ca-es\/?s={search_term_string}"},"query-input":{"@type":"PropertyValueSpecification","valueRequired":true,"valueName":"search_term_string"}}],"inLanguage":"va-ES"},{"@type":"Organization","@id":"https:\/\/canfali.com\/ca-es\/#organization","name":"Canfali","url":"https:\/\/canfali.com\/ca-es\/","logo":{"@type":"ImageObject","inLanguage":"va-ES","@id":"https:\/\/canfali.com\/ca-es\/#\/schema\/logo\/image\/","url":"https:\/\/canfali.com\/app\/uploads\/2025\/12\/canfali_marina_alta_logo.png","contentUrl":"https:\/\/canfali.com\/app\/uploads\/2025\/12\/canfali_marina_alta_logo.png","width":225,"height":225,"caption":"Canfali"},"image":{"@id":"https:\/\/canfali.com\/ca-es\/#\/schema\/logo\/image\/"},"sameAs":["https:\/\/es-es.facebook.com\/CANFALIMarinaAlta","https:\/\/x.com\/canfalima","https:\/\/www.instagram.com\/canfalimarinaalta\/"]},{"@type":"Person","@id":"https:\/\/canfali.com\/ca-es\/#\/schema\/person\/5211f51be1ed486a218e6a4f53355b6d","name":"D\u00eddac","image":{"@type":"ImageObject","inLanguage":"va-ES","@id":"https:\/\/secure.gravatar.com\/avatar\/a68a2078c12da8a6dd6cff4f3f3f69f7eb69a2d31ac1aac4da61c3761e4557f4?s=96&d=mm&r=g","url":"https:\/\/secure.gravatar.com\/avatar\/a68a2078c12da8a6dd6cff4f3f3f69f7eb69a2d31ac1aac4da61c3761e4557f4?s=96&d=mm&r=g","contentUrl":"https:\/\/secure.gravatar.com\/avatar\/a68a2078c12da8a6dd6cff4f3f3f69f7eb69a2d31ac1aac4da61c3761e4557f4?s=96&d=mm&r=g","caption":"D\u00eddac"},"url":"https:\/\/canfali.com\/ca-es\/author\/didac\/"}]}},"_links":{"self":[{"href":"https:\/\/canfali.com\/ca-es\/wp-json\/wp\/v2\/posts\/83446","targetHints":{"allow":["GET"]}}],"collection":[{"href":"https:\/\/canfali.com\/ca-es\/wp-json\/wp\/v2\/posts"}],"about":[{"href":"https:\/\/canfali.com\/ca-es\/wp-json\/wp\/v2\/types\/post"}],"author":[{"embeddable":true,"href":"https:\/\/canfali.com\/ca-es\/wp-json\/wp\/v2\/users\/5"}],"replies":[{"embeddable":true,"href":"https:\/\/canfali.com\/ca-es\/wp-json\/wp\/v2\/comments?post=83446"}],"version-history":[{"count":1,"href":"https:\/\/canfali.com\/ca-es\/wp-json\/wp\/v2\/posts\/83446\/revisions"}],"predecessor-version":[{"id":83447,"href":"https:\/\/canfali.com\/ca-es\/wp-json\/wp\/v2\/posts\/83446\/revisions\/83447"}],"wp:featuredmedia":[{"embeddable":true,"href":"https:\/\/canfali.com\/ca-es\/wp-json\/wp\/v2\/media\/83443"}],"wp:attachment":[{"href":"https:\/\/canfali.com\/ca-es\/wp-json\/wp\/v2\/media?parent=83446"}],"wp:term":[{"taxonomy":"category","embeddable":true,"href":"https:\/\/canfali.com\/ca-es\/wp-json\/wp\/v2\/categories?post=83446"},{"taxonomy":"post_tag","embeddable":true,"href":"https:\/\/canfali.com\/ca-es\/wp-json\/wp\/v2\/tags?post=83446"}],"curies":[{"name":"wp","href":"https:\/\/api.w.org\/{rel}","templated":true}]}}