{"id":83370,"date":"2025-12-05T22:40:42","date_gmt":"2025-12-05T21:40:42","guid":{"rendered":"https:\/\/canfali.com\/el-cd-denia-convoca-una-assemblea-amb-dos-llistats-de-socis\/"},"modified":"2025-12-05T22:47:45","modified_gmt":"2025-12-05T21:47:45","slug":"el-cd-denia-convoca-una-assemblea-amb-dos-llistats-de-socis","status":"publish","type":"post","link":"https:\/\/canfali.com\/ca-es\/el-cd-denia-convoca-una-assemblea-amb-dos-llistats-de-socis\/","title":{"rendered":"El CD D\u00e9nia convoca una assemblea amb dos llistats de socis"},"content":{"rendered":"\n<p>El Club Esportiu D\u00e9nia ha convocat els socis a una assemblea que tindr\u00e0 lloc el pr\u00f2xim dissabte 20 de desembre al Sal\u00f3 de la Paraula de l\u2019Estaci\u00f3 Mar\u00edtima de D\u00e9nia. La cita \u00e9s a les 10.30 hores en primera convocat\u00f2ria, i a les 11 hores en segona convocat\u00f2ria.<br\/><\/p>\n\n<p>El club mou fitxa despr\u00e9s de la sent\u00e8ncia que anul\u00b7lava l\u2019assemblea celebrada a l\u2019agost de 2024, en la qual un grup de socis cr\u00edtics amb l\u2019actual directiva pretenia dur a terme una moci\u00f3 de censura. La maniobra va ser abortada des de la directiva, la qual cosa va desencadenar el proc\u00e9s judicial resolt fa unes setmanes.<br\/><\/p>\n\n<p>La convocat\u00f2ria, signada pel president Juan Benavente, presenta un ordre del dia que es remunta en el seu primer punt a la lectura i aprovaci\u00f3 de l\u2019acta de l\u2019assemblea de juliol de 2024, anterior a la d\u2019agost.<br\/><\/p>\n\n<p>En el punt dos es proposa l\u2019actualitzaci\u00f3 i aprovaci\u00f3, si s\u2019escau, del llibre de socis i la definici\u00f3 dels socis actuals de l\u2019entitat.<br\/><\/p>\n\n<p>En els punts seg\u00fcents apareix l\u2019aprovaci\u00f3 dels comptes anuals corresponents a l\u2019exercici tancat, i el pressupost de cara a l\u2019exercici present.<br\/><\/p>\n\n<p>A m\u00e9s, tamb\u00e9 s\u2019inclou la presentaci\u00f3 de la gesti\u00f3 esportiva de la present temporada, i es tanca amb el cap\u00edtol de precs i preguntes.<br\/><\/p>\n\n<p>Des de l\u2019entitat s\u2019adverteix que per a poder exercir el dret a vot, el soci ha d\u2019estar al corrent de pagament de \u201ctotes les quotes socials ven\u00e7udes en la data de celebraci\u00f3 de la mateixa\u201d. Tamb\u00e9 es proposa que qualsevol soci que tinga dubtes sobre la seua filiaci\u00f3 pot contactar amb l\u2019administraci\u00f3 del club per regularitzar-la amb antelaci\u00f3 a la data de l\u2019assemblea.<br\/><\/p>\n\n<p>DOS LLISTATS DE SOCIS<\/p>\n\n<p>En un exercici de transpar\u00e8ncia quan menys sorprenent, el CD D\u00e9nia ha fet p\u00fablics en la seua p\u00e0gina web els documents relatius als punts de l\u2019ordre del dia. A la mateixa web es poden consultar els comptes de l\u2019\u00faltim exercici i el pressupost corresponent a la temporada 2025\/26, que es pret\u00e9n aprovar en l\u2019assemblea.<br\/><\/p>\n\n<figure class=\"wp-block-image size-large\"><img decoding=\"async\" src=\"https:\/\/canfali.com\/app\/uploads\/2025\/12\/Captura-de-pantalla-2025-12-05-a-las-22.41.02-1024x624.png.webp\" alt=\"\" class=\"wp-image-83362\"\/><\/figure>\n\n<p>Sorprenentment, tamb\u00e9 s\u2019han publicat dos llistats de socis. D\u2019una banda, la llista dels socis amb dret a vot, que suma 117 membres i que correspon als que figuren en la relaci\u00f3 datada el 5 de maig de 2024. D\u2019altra banda, apareix el llistat de socis de la temporada 2025\/26, amb 265 membres, en el qual s\u2019observen algunes baixes significatives respecte a la llista anterior, com les de Jos\u00e9 Carpi -candidat a la presid\u00e8ncia del club- o Juan Jos\u00e9 Palacios -president del FB D\u00e9nia-, entre altres.<br\/><\/p>\n\n<p>llistat de socis amb dret a vot:<br\/><br\/>https:\/\/drive.google.com\/file\/d\/1PvwihzRYboXOPEOXN6MLfB2S0W_-vqLG\/view<\/p>\n\n<p>llista de socis 2025-26<br\/><br\/>https:\/\/drive.google.com\/file\/d\/1Ik0KAlVFd_gCJKCyw1BWivFZjQnwsg8a\/view<\/p>\n\n<p>Pressupost 2025\/26:<br\/><br\/>https:\/\/drive.google.com\/file\/d\/1vF3_dZXMpqXowMafkgoHBtT6OjdPSm-o\/view<\/p>\n\n<p>Resultats de l&#8217;exercici 2024\/25:<br\/><br\/>https:\/\/drive.google.com\/file\/d\/1IY5vNYX37Y3VCJ5bi_nkl3LbvpwkjkjL\/view<\/p>\n","protected":false},"excerpt":{"rendered":"El Club Esportiu D\u00e9nia ha convocat els socis a una assemblea que tindr\u00e0 lloc el pr\u00f2xim dissabte 20&hellip;","protected":false},"author":8,"featured_media":83360,"comment_status":"closed","ping_status":"closed","sticky":false,"template":"","format":"standard","meta":{"csco_display_header_overlay":false,"csco_singular_sidebar":"","csco_page_header_type":"","csco_page_load_nextpost":"","csco_post_video_location":[],"csco_post_video_location_hash":"","csco_post_video_url":"","csco_post_video_bg_start_time":0,"csco_post_video_bg_end_time":0,"footnotes":""},"categories":[573,598,601],"tags":[],"class_list":{"0":"post-83370","1":"post","2":"type-post","3":"status-publish","4":"format-standard","5":"has-post-thumbnail","7":"category-deportes-2","8":"category-esports","9":"category-futbol-ca-es","10":"cs-entry","11":"cs-video-wrap"},"yoast_head":"<!-- This site is optimized with the Yoast SEO Premium plugin v26.6 (Yoast SEO v27.3) - https:\/\/yoast.com\/product\/yoast-seo-premium-wordpress\/ -->\n<title>El CD D\u00e9nia convoca una assemblea amb dos llistats de socis - Canfali<\/title>\n<meta name=\"robots\" content=\"index, follow, max-snippet:-1, max-image-preview:large, max-video-preview:-1\" \/>\n<link rel=\"canonical\" href=\"https:\/\/canfali.com\/ca-es\/el-cd-denia-convoca-una-assemblea-amb-dos-llistats-de-socis\/\" \/>\n<meta property=\"og:locale\" content=\"en_US\" \/>\n<meta property=\"og:type\" content=\"article\" \/>\n<meta property=\"og:title\" content=\"El CD D\u00e9nia convoca una assemblea amb dos llistats de socis\" \/>\n<meta property=\"og:description\" content=\"El Club Esportiu D\u00e9nia ha convocat els socis a una assemblea que tindr\u00e0 lloc el pr\u00f2xim dissabte 20&hellip;\" \/>\n<meta property=\"og:url\" content=\"https:\/\/canfali.com\/ca-es\/el-cd-denia-convoca-una-assemblea-amb-dos-llistats-de-socis\/\" \/>\n<meta property=\"og:site_name\" content=\"Canfali\" \/>\n<meta property=\"article:publisher\" content=\"https:\/\/es-es.facebook.com\/CANFALIMarinaAlta\" \/>\n<meta property=\"article:published_time\" content=\"2025-12-05T21:40:42+00:00\" \/>\n<meta property=\"article:modified_time\" content=\"2025-12-05T21:47:45+00:00\" \/>\n<meta property=\"og:image\" content=\"https:\/\/canfali.com\/app\/uploads\/2025\/12\/Captura-de-pantalla-2025-12-05-a-las-22.37.42.png\" \/>\n\t<meta property=\"og:image:width\" content=\"1166\" \/>\n\t<meta property=\"og:image:height\" content=\"586\" \/>\n\t<meta property=\"og:image:type\" content=\"image\/png\" \/>\n<meta name=\"author\" content=\"Lluis\" \/>\n<meta name=\"twitter:card\" content=\"summary_large_image\" \/>\n<meta name=\"twitter:creator\" content=\"@canfalima\" \/>\n<meta name=\"twitter:site\" content=\"@canfalima\" \/>\n<meta name=\"twitter:label1\" content=\"Written by\" \/>\n\t<meta name=\"twitter:data1\" content=\"Lluis\" \/>\n\t<meta name=\"twitter:label2\" content=\"Est. reading time\" \/>\n\t<meta name=\"twitter:data2\" content=\"3 minutes\" \/>\n<script type=\"application\/ld+json\" class=\"yoast-schema-graph\">{\"@context\":\"https:\\\/\\\/schema.org\",\"@graph\":[{\"@type\":\"NewsArticle\",\"@id\":\"https:\\\/\\\/canfali.com\\\/ca-es\\\/el-cd-denia-convoca-una-assemblea-amb-dos-llistats-de-socis\\\/#article\",\"isPartOf\":{\"@id\":\"https:\\\/\\\/canfali.com\\\/ca-es\\\/el-cd-denia-convoca-una-assemblea-amb-dos-llistats-de-socis\\\/\"},\"author\":{\"name\":\"Lluis\",\"@id\":\"https:\\\/\\\/canfali.com\\\/ca-es\\\/#\\\/schema\\\/person\\\/f540a86fb33e10daaae53c59ceaa1194\"},\"headline\":\"El CD D\u00e9nia convoca una assemblea amb dos llistats de socis\",\"datePublished\":\"2025-12-05T21:40:42+00:00\",\"dateModified\":\"2025-12-05T21:47:45+00:00\",\"mainEntityOfPage\":{\"@id\":\"https:\\\/\\\/canfali.com\\\/ca-es\\\/el-cd-denia-convoca-una-assemblea-amb-dos-llistats-de-socis\\\/\"},\"wordCount\":529,\"publisher\":{\"@id\":\"https:\\\/\\\/canfali.com\\\/ca-es\\\/#organization\"},\"image\":{\"@id\":\"https:\\\/\\\/canfali.com\\\/ca-es\\\/el-cd-denia-convoca-una-assemblea-amb-dos-llistats-de-socis\\\/#primaryimage\"},\"thumbnailUrl\":\"https:\\\/\\\/canfali.com\\\/app\\\/uploads\\\/2025\\\/12\\\/Captura-de-pantalla-2025-12-05-a-las-22.37.42.png\",\"articleSection\":[\"Deportes\",\"Esports\",\"Futbol\"],\"inLanguage\":\"va-ES\",\"copyrightYear\":\"2025\",\"copyrightHolder\":{\"@id\":\"https:\\\/\\\/canfali.com\\\/#organization\"}},{\"@type\":\"WebPage\",\"@id\":\"https:\\\/\\\/canfali.com\\\/ca-es\\\/el-cd-denia-convoca-una-assemblea-amb-dos-llistats-de-socis\\\/\",\"url\":\"https:\\\/\\\/canfali.com\\\/ca-es\\\/el-cd-denia-convoca-una-assemblea-amb-dos-llistats-de-socis\\\/\",\"name\":\"El CD D\u00e9nia convoca una assemblea amb dos llistats de socis - Canfali\",\"isPartOf\":{\"@id\":\"https:\\\/\\\/canfali.com\\\/ca-es\\\/#website\"},\"primaryImageOfPage\":{\"@id\":\"https:\\\/\\\/canfali.com\\\/ca-es\\\/el-cd-denia-convoca-una-assemblea-amb-dos-llistats-de-socis\\\/#primaryimage\"},\"image\":{\"@id\":\"https:\\\/\\\/canfali.com\\\/ca-es\\\/el-cd-denia-convoca-una-assemblea-amb-dos-llistats-de-socis\\\/#primaryimage\"},\"thumbnailUrl\":\"https:\\\/\\\/canfali.com\\\/app\\\/uploads\\\/2025\\\/12\\\/Captura-de-pantalla-2025-12-05-a-las-22.37.42.png\",\"datePublished\":\"2025-12-05T21:40:42+00:00\",\"dateModified\":\"2025-12-05T21:47:45+00:00\",\"breadcrumb\":{\"@id\":\"https:\\\/\\\/canfali.com\\\/ca-es\\\/el-cd-denia-convoca-una-assemblea-amb-dos-llistats-de-socis\\\/#breadcrumb\"},\"inLanguage\":\"va-ES\",\"potentialAction\":[{\"@type\":\"ReadAction\",\"target\":[\"https:\\\/\\\/canfali.com\\\/ca-es\\\/el-cd-denia-convoca-una-assemblea-amb-dos-llistats-de-socis\\\/\"]}]},{\"@type\":\"ImageObject\",\"inLanguage\":\"va-ES\",\"@id\":\"https:\\\/\\\/canfali.com\\\/ca-es\\\/el-cd-denia-convoca-una-assemblea-amb-dos-llistats-de-socis\\\/#primaryimage\",\"url\":\"https:\\\/\\\/canfali.com\\\/app\\\/uploads\\\/2025\\\/12\\\/Captura-de-pantalla-2025-12-05-a-las-22.37.42.png\",\"contentUrl\":\"https:\\\/\\\/canfali.com\\\/app\\\/uploads\\\/2025\\\/12\\\/Captura-de-pantalla-2025-12-05-a-las-22.37.42.png\",\"width\":1166,\"height\":586},{\"@type\":\"BreadcrumbList\",\"@id\":\"https:\\\/\\\/canfali.com\\\/ca-es\\\/el-cd-denia-convoca-una-assemblea-amb-dos-llistats-de-socis\\\/#breadcrumb\",\"itemListElement\":[{\"@type\":\"ListItem\",\"position\":1,\"name\":\"Portada\",\"item\":\"https:\\\/\\\/canfali.com\\\/ca-es\\\/\"},{\"@type\":\"ListItem\",\"position\":2,\"name\":\"El CD D\u00e9nia convoca una assemblea amb dos llistats de socis\"}]},{\"@type\":\"WebSite\",\"@id\":\"https:\\\/\\\/canfali.com\\\/ca-es\\\/#website\",\"url\":\"https:\\\/\\\/canfali.com\\\/ca-es\\\/\",\"name\":\"Canfali\",\"description\":\"\",\"publisher\":{\"@id\":\"https:\\\/\\\/canfali.com\\\/ca-es\\\/#organization\"},\"potentialAction\":[{\"@type\":\"SearchAction\",\"target\":{\"@type\":\"EntryPoint\",\"urlTemplate\":\"https:\\\/\\\/canfali.com\\\/ca-es\\\/?s={search_term_string}\"},\"query-input\":{\"@type\":\"PropertyValueSpecification\",\"valueRequired\":true,\"valueName\":\"search_term_string\"}}],\"inLanguage\":\"va-ES\"},{\"@type\":\"Organization\",\"@id\":\"https:\\\/\\\/canfali.com\\\/ca-es\\\/#organization\",\"name\":\"Canfali\",\"url\":\"https:\\\/\\\/canfali.com\\\/ca-es\\\/\",\"logo\":{\"@type\":\"ImageObject\",\"inLanguage\":\"va-ES\",\"@id\":\"https:\\\/\\\/canfali.com\\\/ca-es\\\/#\\\/schema\\\/logo\\\/image\\\/\",\"url\":\"https:\\\/\\\/canfali.com\\\/app\\\/uploads\\\/2025\\\/12\\\/canfali_marina_alta_logo.png\",\"contentUrl\":\"https:\\\/\\\/canfali.com\\\/app\\\/uploads\\\/2025\\\/12\\\/canfali_marina_alta_logo.png\",\"width\":225,\"height\":225,\"caption\":\"Canfali\"},\"image\":{\"@id\":\"https:\\\/\\\/canfali.com\\\/ca-es\\\/#\\\/schema\\\/logo\\\/image\\\/\"},\"sameAs\":[\"https:\\\/\\\/es-es.facebook.com\\\/CANFALIMarinaAlta\",\"https:\\\/\\\/x.com\\\/canfalima\",\"https:\\\/\\\/www.instagram.com\\\/canfalimarinaalta\\\/\"]},{\"@type\":\"Person\",\"@id\":\"https:\\\/\\\/canfali.com\\\/ca-es\\\/#\\\/schema\\\/person\\\/f540a86fb33e10daaae53c59ceaa1194\",\"name\":\"Lluis\",\"image\":{\"@type\":\"ImageObject\",\"inLanguage\":\"va-ES\",\"@id\":\"https:\\\/\\\/secure.gravatar.com\\\/avatar\\\/a21ec8835290e4e02ed0886b8cb327d807d0eb6ec8ccf25d4c2a0a415f506c0d?s=96&d=mm&r=g\",\"url\":\"https:\\\/\\\/secure.gravatar.com\\\/avatar\\\/a21ec8835290e4e02ed0886b8cb327d807d0eb6ec8ccf25d4c2a0a415f506c0d?s=96&d=mm&r=g\",\"contentUrl\":\"https:\\\/\\\/secure.gravatar.com\\\/avatar\\\/a21ec8835290e4e02ed0886b8cb327d807d0eb6ec8ccf25d4c2a0a415f506c0d?s=96&d=mm&r=g\",\"caption\":\"Lluis\"},\"url\":\"https:\\\/\\\/canfali.com\\\/ca-es\\\/author\\\/lluis\\\/\"}]}<\/script>\n<!-- \/ Yoast SEO Premium plugin. -->","yoast_head_json":{"title":"El CD D\u00e9nia convoca una assemblea amb dos llistats de socis - Canfali","robots":{"index":"index","follow":"follow","max-snippet":"max-snippet:-1","max-image-preview":"max-image-preview:large","max-video-preview":"max-video-preview:-1"},"canonical":"https:\/\/canfali.com\/ca-es\/el-cd-denia-convoca-una-assemblea-amb-dos-llistats-de-socis\/","og_locale":"en_US","og_type":"article","og_title":"El CD D\u00e9nia convoca una assemblea amb dos llistats de socis","og_description":"El Club Esportiu D\u00e9nia ha convocat els socis a una assemblea que tindr\u00e0 lloc el pr\u00f2xim dissabte 20&hellip;","og_url":"https:\/\/canfali.com\/ca-es\/el-cd-denia-convoca-una-assemblea-amb-dos-llistats-de-socis\/","og_site_name":"Canfali","article_publisher":"https:\/\/es-es.facebook.com\/CANFALIMarinaAlta","article_published_time":"2025-12-05T21:40:42+00:00","article_modified_time":"2025-12-05T21:47:45+00:00","og_image":[{"width":1166,"height":586,"url":"https:\/\/canfali.com\/app\/uploads\/2025\/12\/Captura-de-pantalla-2025-12-05-a-las-22.37.42.png","type":"image\/png"}],"author":"Lluis","twitter_card":"summary_large_image","twitter_creator":"@canfalima","twitter_site":"@canfalima","twitter_misc":{"Written by":"Lluis","Est. reading time":"3 minutes"},"schema":{"@context":"https:\/\/schema.org","@graph":[{"@type":"NewsArticle","@id":"https:\/\/canfali.com\/ca-es\/el-cd-denia-convoca-una-assemblea-amb-dos-llistats-de-socis\/#article","isPartOf":{"@id":"https:\/\/canfali.com\/ca-es\/el-cd-denia-convoca-una-assemblea-amb-dos-llistats-de-socis\/"},"author":{"name":"Lluis","@id":"https:\/\/canfali.com\/ca-es\/#\/schema\/person\/f540a86fb33e10daaae53c59ceaa1194"},"headline":"El CD D\u00e9nia convoca una assemblea amb dos llistats de socis","datePublished":"2025-12-05T21:40:42+00:00","dateModified":"2025-12-05T21:47:45+00:00","mainEntityOfPage":{"@id":"https:\/\/canfali.com\/ca-es\/el-cd-denia-convoca-una-assemblea-amb-dos-llistats-de-socis\/"},"wordCount":529,"publisher":{"@id":"https:\/\/canfali.com\/ca-es\/#organization"},"image":{"@id":"https:\/\/canfali.com\/ca-es\/el-cd-denia-convoca-una-assemblea-amb-dos-llistats-de-socis\/#primaryimage"},"thumbnailUrl":"https:\/\/canfali.com\/app\/uploads\/2025\/12\/Captura-de-pantalla-2025-12-05-a-las-22.37.42.png","articleSection":["Deportes","Esports","Futbol"],"inLanguage":"va-ES","copyrightYear":"2025","copyrightHolder":{"@id":"https:\/\/canfali.com\/#organization"}},{"@type":"WebPage","@id":"https:\/\/canfali.com\/ca-es\/el-cd-denia-convoca-una-assemblea-amb-dos-llistats-de-socis\/","url":"https:\/\/canfali.com\/ca-es\/el-cd-denia-convoca-una-assemblea-amb-dos-llistats-de-socis\/","name":"El CD D\u00e9nia convoca una assemblea amb dos llistats de socis - Canfali","isPartOf":{"@id":"https:\/\/canfali.com\/ca-es\/#website"},"primaryImageOfPage":{"@id":"https:\/\/canfali.com\/ca-es\/el-cd-denia-convoca-una-assemblea-amb-dos-llistats-de-socis\/#primaryimage"},"image":{"@id":"https:\/\/canfali.com\/ca-es\/el-cd-denia-convoca-una-assemblea-amb-dos-llistats-de-socis\/#primaryimage"},"thumbnailUrl":"https:\/\/canfali.com\/app\/uploads\/2025\/12\/Captura-de-pantalla-2025-12-05-a-las-22.37.42.png","datePublished":"2025-12-05T21:40:42+00:00","dateModified":"2025-12-05T21:47:45+00:00","breadcrumb":{"@id":"https:\/\/canfali.com\/ca-es\/el-cd-denia-convoca-una-assemblea-amb-dos-llistats-de-socis\/#breadcrumb"},"inLanguage":"va-ES","potentialAction":[{"@type":"ReadAction","target":["https:\/\/canfali.com\/ca-es\/el-cd-denia-convoca-una-assemblea-amb-dos-llistats-de-socis\/"]}]},{"@type":"ImageObject","inLanguage":"va-ES","@id":"https:\/\/canfali.com\/ca-es\/el-cd-denia-convoca-una-assemblea-amb-dos-llistats-de-socis\/#primaryimage","url":"https:\/\/canfali.com\/app\/uploads\/2025\/12\/Captura-de-pantalla-2025-12-05-a-las-22.37.42.png","contentUrl":"https:\/\/canfali.com\/app\/uploads\/2025\/12\/Captura-de-pantalla-2025-12-05-a-las-22.37.42.png","width":1166,"height":586},{"@type":"BreadcrumbList","@id":"https:\/\/canfali.com\/ca-es\/el-cd-denia-convoca-una-assemblea-amb-dos-llistats-de-socis\/#breadcrumb","itemListElement":[{"@type":"ListItem","position":1,"name":"Portada","item":"https:\/\/canfali.com\/ca-es\/"},{"@type":"ListItem","position":2,"name":"El CD D\u00e9nia convoca una assemblea amb dos llistats de socis"}]},{"@type":"WebSite","@id":"https:\/\/canfali.com\/ca-es\/#website","url":"https:\/\/canfali.com\/ca-es\/","name":"Canfali","description":"","publisher":{"@id":"https:\/\/canfali.com\/ca-es\/#organization"},"potentialAction":[{"@type":"SearchAction","target":{"@type":"EntryPoint","urlTemplate":"https:\/\/canfali.com\/ca-es\/?s={search_term_string}"},"query-input":{"@type":"PropertyValueSpecification","valueRequired":true,"valueName":"search_term_string"}}],"inLanguage":"va-ES"},{"@type":"Organization","@id":"https:\/\/canfali.com\/ca-es\/#organization","name":"Canfali","url":"https:\/\/canfali.com\/ca-es\/","logo":{"@type":"ImageObject","inLanguage":"va-ES","@id":"https:\/\/canfali.com\/ca-es\/#\/schema\/logo\/image\/","url":"https:\/\/canfali.com\/app\/uploads\/2025\/12\/canfali_marina_alta_logo.png","contentUrl":"https:\/\/canfali.com\/app\/uploads\/2025\/12\/canfali_marina_alta_logo.png","width":225,"height":225,"caption":"Canfali"},"image":{"@id":"https:\/\/canfali.com\/ca-es\/#\/schema\/logo\/image\/"},"sameAs":["https:\/\/es-es.facebook.com\/CANFALIMarinaAlta","https:\/\/x.com\/canfalima","https:\/\/www.instagram.com\/canfalimarinaalta\/"]},{"@type":"Person","@id":"https:\/\/canfali.com\/ca-es\/#\/schema\/person\/f540a86fb33e10daaae53c59ceaa1194","name":"Lluis","image":{"@type":"ImageObject","inLanguage":"va-ES","@id":"https:\/\/secure.gravatar.com\/avatar\/a21ec8835290e4e02ed0886b8cb327d807d0eb6ec8ccf25d4c2a0a415f506c0d?s=96&d=mm&r=g","url":"https:\/\/secure.gravatar.com\/avatar\/a21ec8835290e4e02ed0886b8cb327d807d0eb6ec8ccf25d4c2a0a415f506c0d?s=96&d=mm&r=g","contentUrl":"https:\/\/secure.gravatar.com\/avatar\/a21ec8835290e4e02ed0886b8cb327d807d0eb6ec8ccf25d4c2a0a415f506c0d?s=96&d=mm&r=g","caption":"Lluis"},"url":"https:\/\/canfali.com\/ca-es\/author\/lluis\/"}]}},"_links":{"self":[{"href":"https:\/\/canfali.com\/ca-es\/wp-json\/wp\/v2\/posts\/83370","targetHints":{"allow":["GET"]}}],"collection":[{"href":"https:\/\/canfali.com\/ca-es\/wp-json\/wp\/v2\/posts"}],"about":[{"href":"https:\/\/canfali.com\/ca-es\/wp-json\/wp\/v2\/types\/post"}],"author":[{"embeddable":true,"href":"https:\/\/canfali.com\/ca-es\/wp-json\/wp\/v2\/users\/8"}],"replies":[{"embeddable":true,"href":"https:\/\/canfali.com\/ca-es\/wp-json\/wp\/v2\/comments?post=83370"}],"version-history":[{"count":1,"href":"https:\/\/canfali.com\/ca-es\/wp-json\/wp\/v2\/posts\/83370\/revisions"}],"predecessor-version":[{"id":83371,"href":"https:\/\/canfali.com\/ca-es\/wp-json\/wp\/v2\/posts\/83370\/revisions\/83371"}],"wp:featuredmedia":[{"embeddable":true,"href":"https:\/\/canfali.com\/ca-es\/wp-json\/wp\/v2\/media\/83360"}],"wp:attachment":[{"href":"https:\/\/canfali.com\/ca-es\/wp-json\/wp\/v2\/media?parent=83370"}],"wp:term":[{"taxonomy":"category","embeddable":true,"href":"https:\/\/canfali.com\/ca-es\/wp-json\/wp\/v2\/categories?post=83370"},{"taxonomy":"post_tag","embeddable":true,"href":"https:\/\/canfali.com\/ca-es\/wp-json\/wp\/v2\/tags?post=83370"}],"curies":[{"name":"wp","href":"https:\/\/api.w.org\/{rel}","templated":true}]}}