{"id":83348,"date":"2025-12-05T14:22:03","date_gmt":"2025-12-05T13:22:03","guid":{"rendered":"https:\/\/canfali.com\/xabia-renova-la-il%c2%b7lumnacio-a-les-instal%c2%b7lacions-esportives\/"},"modified":"2025-12-05T14:39:25","modified_gmt":"2025-12-05T13:39:25","slug":"xabia-renova-la-il%c2%b7lumnacio-a-les-instal%c2%b7lacions-esportives","status":"publish","type":"post","link":"https:\/\/canfali.com\/ca-es\/xabia-renova-la-il%c2%b7lumnacio-a-les-instal%c2%b7lacions-esportives\/","title":{"rendered":"X\u00e0bia renova la il\u00b7lumnaci\u00f3 a les instal\u00b7lacions esportives"},"content":{"rendered":"\n<p>L\u2019Ajuntament de X\u00e0bia ha posat en marxa la instal\u00b7laci\u00f3 de la nova il\u00b7luminaci\u00f3 en les principals instal\u00b7lacions esportives del municipi, una actuaci\u00f3 que permetr\u00e0 millorar l\u2019efici\u00e8ncia energ\u00e8tica i la qualitat de l\u2019enllumenat en els camps de futbol i en el pavell\u00f3 poliesportiu.<br\/><\/p>\n\n<p><p class=\"p1\">L\u2019empresa adjudicat\u00e0ria, <b>IMAS Energia Renovables S.L.<\/b>, executar\u00e0 el projecte per un import de <b>60.701,68 euros (IVA incl\u00f2s)<\/b>. El contracte contempla el subministrament i la substituci\u00f3 de les llumin\u00e0ries actuals dels camps de futbol 11, futbol 8 i del Pavell\u00f3 Poliesportiu, que seran reempla\u00e7ades per equips <b>LED d\u2019\u00faltima generaci\u00f3<\/b>.<\/p><\/p>\n\n<p><p class=\"p1\">Aquesta intervenci\u00f3 s\u2019emmarca en el comprom\u00eds de l\u2019Ajuntament de X\u00e0bia amb la sostenibilitat i l\u2019estalvi energ\u00e8tic, garantint tamb\u00e9 una major visibilitat i seguretat per als usuaris de les instal\u00b7lacions esportives municipals. La modernitzaci\u00f3 de l\u2019enllumenat permetr\u00e0 reduir el consum energ\u00e8tic i les emissions associades, en l\u00ednia amb les pol\u00edtiques locals de protecci\u00f3 del medi ambient. Est\u00e0 previst que les obres finalitzen en un termini aproximat de <b>sis setmanes<\/b>.<\/p><\/p>\n\n<figure class=\"wp-block-gallery has-nested-images columns-default is-cropped wp-block-gallery-15 is-layout-flex wp-block-gallery-is-layout-flex\">\n<figure class=\"wp-block-image size-large\"><img decoding=\"async\" data-id=\"83343\" src=\"https:\/\/canfali.com\/app\/uploads\/2025\/12\/fotoled-768x1024.jpg.webp\" alt=\"\" class=\"wp-image-83343\"\/><\/figure>\n\n\n\n<figure class=\"wp-block-image size-large\"><img decoding=\"async\" data-id=\"83345\" src=\"https:\/\/canfali.com\/app\/uploads\/2025\/12\/fotoled2-768x1024.jpg.webp\" alt=\"\" class=\"wp-image-83345\"\/><\/figure>\n<\/figure>\n\n<p><p class=\"p1\">El regidor d\u2019Esports, <b>Toni Molina<\/b>, ha subratllat la import\u00e0ncia d\u2019este projecte:&#13;\n<i>\u201cAquesta millora era necess\u00e0ria des de fa anys. Les instal\u00b7lacions requerien una il\u00b7luminaci\u00f3 m\u00e9s moderna, eficient i que oferira millors condicions per a la pr\u00e0ctica esportiva. Amb aquesta actuaci\u00f3 fem un pas important perqu\u00e8 els nostres clubs, esportistes i usuaris puguen gaudir d\u2019espais m\u00e9s segurs, sostenibles i de major qualitat.\u201d<\/i>&#13;\nMolina ha afegit que l\u2019Ajuntament continuar\u00e0 treballant perqu\u00e8 X\u00e0bia dispose d\u2019unes instal\u00b7lacions esportives \u201ca l\u2019altura del que mereixen els esportistes de la localitat\u201d.<\/p><\/p>\n","protected":false},"excerpt":{"rendered":"L\u2019Ajuntament de X\u00e0bia ha posat en marxa la instal\u00b7laci\u00f3 de la nova il\u00b7luminaci\u00f3 en les principals instal\u00b7lacions esportives&hellip;","protected":false},"author":8,"featured_media":83342,"comment_status":"closed","ping_status":"closed","sticky":false,"template":"","format":"standard","meta":{"csco_display_header_overlay":false,"csco_singular_sidebar":"","csco_page_header_type":"","csco_page_load_nextpost":"","csco_post_video_location":[],"csco_post_video_location_hash":"","csco_post_video_url":"","csco_post_video_bg_start_time":0,"csco_post_video_bg_end_time":0,"footnotes":""},"categories":[614],"tags":[],"class_list":{"0":"post-83348","1":"post","2":"type-post","3":"status-publish","4":"format-standard","5":"has-post-thumbnail","7":"category-municipal-ca-es","8":"cs-entry","9":"cs-video-wrap"},"yoast_head":"<!-- This site is optimized with the Yoast SEO Premium plugin v26.6 (Yoast SEO v27.3) - https:\/\/yoast.com\/product\/yoast-seo-premium-wordpress\/ -->\n<title>X\u00e0bia renova la il\u00b7lumnaci\u00f3 a les instal\u00b7lacions esportives - Canfali<\/title>\n<meta name=\"robots\" content=\"index, follow, max-snippet:-1, max-image-preview:large, max-video-preview:-1\" \/>\n<link rel=\"canonical\" href=\"https:\/\/canfali.com\/ca-es\/xabia-renova-la-il%c2%b7lumnacio-a-les-instal%c2%b7lacions-esportives\/\" \/>\n<meta property=\"og:locale\" content=\"en_US\" \/>\n<meta property=\"og:type\" content=\"article\" \/>\n<meta property=\"og:title\" content=\"X\u00e0bia renova la il\u00b7lumnaci\u00f3 a les instal\u00b7lacions esportives\" \/>\n<meta property=\"og:description\" content=\"L\u2019Ajuntament de X\u00e0bia ha posat en marxa la instal\u00b7laci\u00f3 de la nova il\u00b7luminaci\u00f3 en les principals instal\u00b7lacions esportives&hellip;\" \/>\n<meta property=\"og:url\" content=\"https:\/\/canfali.com\/ca-es\/xabia-renova-la-il%c2%b7lumnacio-a-les-instal%c2%b7lacions-esportives\/\" \/>\n<meta property=\"og:site_name\" content=\"Canfali\" \/>\n<meta property=\"article:publisher\" content=\"https:\/\/es-es.facebook.com\/CANFALIMarinaAlta\" \/>\n<meta property=\"article:published_time\" content=\"2025-12-05T13:22:03+00:00\" \/>\n<meta property=\"article:modified_time\" content=\"2025-12-05T13:39:25+00:00\" \/>\n<meta property=\"og:image\" content=\"https:\/\/canfali.com\/app\/uploads\/2025\/12\/fotoled3-copia-scaled.jpg\" \/>\n\t<meta property=\"og:image:width\" content=\"2560\" \/>\n\t<meta property=\"og:image:height\" content=\"1632\" \/>\n\t<meta property=\"og:image:type\" content=\"image\/jpeg\" \/>\n<meta name=\"author\" content=\"Lluis\" \/>\n<meta name=\"twitter:card\" content=\"summary_large_image\" \/>\n<meta name=\"twitter:creator\" content=\"@canfalima\" \/>\n<meta name=\"twitter:site\" content=\"@canfalima\" \/>\n<meta name=\"twitter:label1\" content=\"Written by\" \/>\n\t<meta name=\"twitter:data1\" content=\"Lluis\" \/>\n\t<meta name=\"twitter:label2\" content=\"Est. reading time\" \/>\n\t<meta name=\"twitter:data2\" content=\"1 minute\" \/>\n<script type=\"application\/ld+json\" class=\"yoast-schema-graph\">{\"@context\":\"https:\\\/\\\/schema.org\",\"@graph\":[{\"@type\":\"NewsArticle\",\"@id\":\"https:\\\/\\\/canfali.com\\\/ca-es\\\/xabia-renova-la-il%c2%b7lumnacio-a-les-instal%c2%b7lacions-esportives\\\/#article\",\"isPartOf\":{\"@id\":\"https:\\\/\\\/canfali.com\\\/ca-es\\\/xabia-renova-la-il%c2%b7lumnacio-a-les-instal%c2%b7lacions-esportives\\\/\"},\"author\":{\"name\":\"Lluis\",\"@id\":\"https:\\\/\\\/canfali.com\\\/ca-es\\\/#\\\/schema\\\/person\\\/f540a86fb33e10daaae53c59ceaa1194\"},\"headline\":\"X\u00e0bia renova la il\u00b7lumnaci\u00f3 a les instal\u00b7lacions esportives\",\"datePublished\":\"2025-12-05T13:22:03+00:00\",\"dateModified\":\"2025-12-05T13:39:25+00:00\",\"mainEntityOfPage\":{\"@id\":\"https:\\\/\\\/canfali.com\\\/ca-es\\\/xabia-renova-la-il%c2%b7lumnacio-a-les-instal%c2%b7lacions-esportives\\\/\"},\"wordCount\":292,\"publisher\":{\"@id\":\"https:\\\/\\\/canfali.com\\\/ca-es\\\/#organization\"},\"image\":{\"@id\":\"https:\\\/\\\/canfali.com\\\/ca-es\\\/xabia-renova-la-il%c2%b7lumnacio-a-les-instal%c2%b7lacions-esportives\\\/#primaryimage\"},\"thumbnailUrl\":\"https:\\\/\\\/canfali.com\\\/app\\\/uploads\\\/2025\\\/12\\\/fotoled3-copia-scaled.jpg\",\"articleSection\":[\"Municipal\"],\"inLanguage\":\"va-ES\",\"copyrightYear\":\"2025\",\"copyrightHolder\":{\"@id\":\"https:\\\/\\\/canfali.com\\\/#organization\"}},{\"@type\":\"WebPage\",\"@id\":\"https:\\\/\\\/canfali.com\\\/ca-es\\\/xabia-renova-la-il%c2%b7lumnacio-a-les-instal%c2%b7lacions-esportives\\\/\",\"url\":\"https:\\\/\\\/canfali.com\\\/ca-es\\\/xabia-renova-la-il%c2%b7lumnacio-a-les-instal%c2%b7lacions-esportives\\\/\",\"name\":\"X\u00e0bia renova la il\u00b7lumnaci\u00f3 a les instal\u00b7lacions esportives - Canfali\",\"isPartOf\":{\"@id\":\"https:\\\/\\\/canfali.com\\\/ca-es\\\/#website\"},\"primaryImageOfPage\":{\"@id\":\"https:\\\/\\\/canfali.com\\\/ca-es\\\/xabia-renova-la-il%c2%b7lumnacio-a-les-instal%c2%b7lacions-esportives\\\/#primaryimage\"},\"image\":{\"@id\":\"https:\\\/\\\/canfali.com\\\/ca-es\\\/xabia-renova-la-il%c2%b7lumnacio-a-les-instal%c2%b7lacions-esportives\\\/#primaryimage\"},\"thumbnailUrl\":\"https:\\\/\\\/canfali.com\\\/app\\\/uploads\\\/2025\\\/12\\\/fotoled3-copia-scaled.jpg\",\"datePublished\":\"2025-12-05T13:22:03+00:00\",\"dateModified\":\"2025-12-05T13:39:25+00:00\",\"breadcrumb\":{\"@id\":\"https:\\\/\\\/canfali.com\\\/ca-es\\\/xabia-renova-la-il%c2%b7lumnacio-a-les-instal%c2%b7lacions-esportives\\\/#breadcrumb\"},\"inLanguage\":\"va-ES\",\"potentialAction\":[{\"@type\":\"ReadAction\",\"target\":[\"https:\\\/\\\/canfali.com\\\/ca-es\\\/xabia-renova-la-il%c2%b7lumnacio-a-les-instal%c2%b7lacions-esportives\\\/\"]}]},{\"@type\":\"ImageObject\",\"inLanguage\":\"va-ES\",\"@id\":\"https:\\\/\\\/canfali.com\\\/ca-es\\\/xabia-renova-la-il%c2%b7lumnacio-a-les-instal%c2%b7lacions-esportives\\\/#primaryimage\",\"url\":\"https:\\\/\\\/canfali.com\\\/app\\\/uploads\\\/2025\\\/12\\\/fotoled3-copia-scaled.jpg\",\"contentUrl\":\"https:\\\/\\\/canfali.com\\\/app\\\/uploads\\\/2025\\\/12\\\/fotoled3-copia-scaled.jpg\",\"width\":2560,\"height\":1632},{\"@type\":\"BreadcrumbList\",\"@id\":\"https:\\\/\\\/canfali.com\\\/ca-es\\\/xabia-renova-la-il%c2%b7lumnacio-a-les-instal%c2%b7lacions-esportives\\\/#breadcrumb\",\"itemListElement\":[{\"@type\":\"ListItem\",\"position\":1,\"name\":\"Portada\",\"item\":\"https:\\\/\\\/canfali.com\\\/ca-es\\\/\"},{\"@type\":\"ListItem\",\"position\":2,\"name\":\"X\u00e0bia renova la il\u00b7lumnaci\u00f3 a les instal\u00b7lacions esportives\"}]},{\"@type\":\"WebSite\",\"@id\":\"https:\\\/\\\/canfali.com\\\/ca-es\\\/#website\",\"url\":\"https:\\\/\\\/canfali.com\\\/ca-es\\\/\",\"name\":\"Canfali\",\"description\":\"\",\"publisher\":{\"@id\":\"https:\\\/\\\/canfali.com\\\/ca-es\\\/#organization\"},\"potentialAction\":[{\"@type\":\"SearchAction\",\"target\":{\"@type\":\"EntryPoint\",\"urlTemplate\":\"https:\\\/\\\/canfali.com\\\/ca-es\\\/?s={search_term_string}\"},\"query-input\":{\"@type\":\"PropertyValueSpecification\",\"valueRequired\":true,\"valueName\":\"search_term_string\"}}],\"inLanguage\":\"va-ES\"},{\"@type\":\"Organization\",\"@id\":\"https:\\\/\\\/canfali.com\\\/ca-es\\\/#organization\",\"name\":\"Canfali\",\"url\":\"https:\\\/\\\/canfali.com\\\/ca-es\\\/\",\"logo\":{\"@type\":\"ImageObject\",\"inLanguage\":\"va-ES\",\"@id\":\"https:\\\/\\\/canfali.com\\\/ca-es\\\/#\\\/schema\\\/logo\\\/image\\\/\",\"url\":\"https:\\\/\\\/canfali.com\\\/app\\\/uploads\\\/2025\\\/12\\\/canfali_marina_alta_logo.png\",\"contentUrl\":\"https:\\\/\\\/canfali.com\\\/app\\\/uploads\\\/2025\\\/12\\\/canfali_marina_alta_logo.png\",\"width\":225,\"height\":225,\"caption\":\"Canfali\"},\"image\":{\"@id\":\"https:\\\/\\\/canfali.com\\\/ca-es\\\/#\\\/schema\\\/logo\\\/image\\\/\"},\"sameAs\":[\"https:\\\/\\\/es-es.facebook.com\\\/CANFALIMarinaAlta\",\"https:\\\/\\\/x.com\\\/canfalima\",\"https:\\\/\\\/www.instagram.com\\\/canfalimarinaalta\\\/\"]},{\"@type\":\"Person\",\"@id\":\"https:\\\/\\\/canfali.com\\\/ca-es\\\/#\\\/schema\\\/person\\\/f540a86fb33e10daaae53c59ceaa1194\",\"name\":\"Lluis\",\"image\":{\"@type\":\"ImageObject\",\"inLanguage\":\"va-ES\",\"@id\":\"https:\\\/\\\/secure.gravatar.com\\\/avatar\\\/a21ec8835290e4e02ed0886b8cb327d807d0eb6ec8ccf25d4c2a0a415f506c0d?s=96&d=mm&r=g\",\"url\":\"https:\\\/\\\/secure.gravatar.com\\\/avatar\\\/a21ec8835290e4e02ed0886b8cb327d807d0eb6ec8ccf25d4c2a0a415f506c0d?s=96&d=mm&r=g\",\"contentUrl\":\"https:\\\/\\\/secure.gravatar.com\\\/avatar\\\/a21ec8835290e4e02ed0886b8cb327d807d0eb6ec8ccf25d4c2a0a415f506c0d?s=96&d=mm&r=g\",\"caption\":\"Lluis\"},\"url\":\"https:\\\/\\\/canfali.com\\\/ca-es\\\/author\\\/lluis\\\/\"}]}<\/script>\n<!-- \/ Yoast SEO Premium plugin. -->","yoast_head_json":{"title":"X\u00e0bia renova la il\u00b7lumnaci\u00f3 a les instal\u00b7lacions esportives - Canfali","robots":{"index":"index","follow":"follow","max-snippet":"max-snippet:-1","max-image-preview":"max-image-preview:large","max-video-preview":"max-video-preview:-1"},"canonical":"https:\/\/canfali.com\/ca-es\/xabia-renova-la-il%c2%b7lumnacio-a-les-instal%c2%b7lacions-esportives\/","og_locale":"en_US","og_type":"article","og_title":"X\u00e0bia renova la il\u00b7lumnaci\u00f3 a les instal\u00b7lacions esportives","og_description":"L\u2019Ajuntament de X\u00e0bia ha posat en marxa la instal\u00b7laci\u00f3 de la nova il\u00b7luminaci\u00f3 en les principals instal\u00b7lacions esportives&hellip;","og_url":"https:\/\/canfali.com\/ca-es\/xabia-renova-la-il%c2%b7lumnacio-a-les-instal%c2%b7lacions-esportives\/","og_site_name":"Canfali","article_publisher":"https:\/\/es-es.facebook.com\/CANFALIMarinaAlta","article_published_time":"2025-12-05T13:22:03+00:00","article_modified_time":"2025-12-05T13:39:25+00:00","og_image":[{"width":2560,"height":1632,"url":"https:\/\/canfali.com\/app\/uploads\/2025\/12\/fotoled3-copia-scaled.jpg","type":"image\/jpeg"}],"author":"Lluis","twitter_card":"summary_large_image","twitter_creator":"@canfalima","twitter_site":"@canfalima","twitter_misc":{"Written by":"Lluis","Est. reading time":"1 minute"},"schema":{"@context":"https:\/\/schema.org","@graph":[{"@type":"NewsArticle","@id":"https:\/\/canfali.com\/ca-es\/xabia-renova-la-il%c2%b7lumnacio-a-les-instal%c2%b7lacions-esportives\/#article","isPartOf":{"@id":"https:\/\/canfali.com\/ca-es\/xabia-renova-la-il%c2%b7lumnacio-a-les-instal%c2%b7lacions-esportives\/"},"author":{"name":"Lluis","@id":"https:\/\/canfali.com\/ca-es\/#\/schema\/person\/f540a86fb33e10daaae53c59ceaa1194"},"headline":"X\u00e0bia renova la il\u00b7lumnaci\u00f3 a les instal\u00b7lacions esportives","datePublished":"2025-12-05T13:22:03+00:00","dateModified":"2025-12-05T13:39:25+00:00","mainEntityOfPage":{"@id":"https:\/\/canfali.com\/ca-es\/xabia-renova-la-il%c2%b7lumnacio-a-les-instal%c2%b7lacions-esportives\/"},"wordCount":292,"publisher":{"@id":"https:\/\/canfali.com\/ca-es\/#organization"},"image":{"@id":"https:\/\/canfali.com\/ca-es\/xabia-renova-la-il%c2%b7lumnacio-a-les-instal%c2%b7lacions-esportives\/#primaryimage"},"thumbnailUrl":"https:\/\/canfali.com\/app\/uploads\/2025\/12\/fotoled3-copia-scaled.jpg","articleSection":["Municipal"],"inLanguage":"va-ES","copyrightYear":"2025","copyrightHolder":{"@id":"https:\/\/canfali.com\/#organization"}},{"@type":"WebPage","@id":"https:\/\/canfali.com\/ca-es\/xabia-renova-la-il%c2%b7lumnacio-a-les-instal%c2%b7lacions-esportives\/","url":"https:\/\/canfali.com\/ca-es\/xabia-renova-la-il%c2%b7lumnacio-a-les-instal%c2%b7lacions-esportives\/","name":"X\u00e0bia renova la il\u00b7lumnaci\u00f3 a les instal\u00b7lacions esportives - Canfali","isPartOf":{"@id":"https:\/\/canfali.com\/ca-es\/#website"},"primaryImageOfPage":{"@id":"https:\/\/canfali.com\/ca-es\/xabia-renova-la-il%c2%b7lumnacio-a-les-instal%c2%b7lacions-esportives\/#primaryimage"},"image":{"@id":"https:\/\/canfali.com\/ca-es\/xabia-renova-la-il%c2%b7lumnacio-a-les-instal%c2%b7lacions-esportives\/#primaryimage"},"thumbnailUrl":"https:\/\/canfali.com\/app\/uploads\/2025\/12\/fotoled3-copia-scaled.jpg","datePublished":"2025-12-05T13:22:03+00:00","dateModified":"2025-12-05T13:39:25+00:00","breadcrumb":{"@id":"https:\/\/canfali.com\/ca-es\/xabia-renova-la-il%c2%b7lumnacio-a-les-instal%c2%b7lacions-esportives\/#breadcrumb"},"inLanguage":"va-ES","potentialAction":[{"@type":"ReadAction","target":["https:\/\/canfali.com\/ca-es\/xabia-renova-la-il%c2%b7lumnacio-a-les-instal%c2%b7lacions-esportives\/"]}]},{"@type":"ImageObject","inLanguage":"va-ES","@id":"https:\/\/canfali.com\/ca-es\/xabia-renova-la-il%c2%b7lumnacio-a-les-instal%c2%b7lacions-esportives\/#primaryimage","url":"https:\/\/canfali.com\/app\/uploads\/2025\/12\/fotoled3-copia-scaled.jpg","contentUrl":"https:\/\/canfali.com\/app\/uploads\/2025\/12\/fotoled3-copia-scaled.jpg","width":2560,"height":1632},{"@type":"BreadcrumbList","@id":"https:\/\/canfali.com\/ca-es\/xabia-renova-la-il%c2%b7lumnacio-a-les-instal%c2%b7lacions-esportives\/#breadcrumb","itemListElement":[{"@type":"ListItem","position":1,"name":"Portada","item":"https:\/\/canfali.com\/ca-es\/"},{"@type":"ListItem","position":2,"name":"X\u00e0bia renova la il\u00b7lumnaci\u00f3 a les instal\u00b7lacions esportives"}]},{"@type":"WebSite","@id":"https:\/\/canfali.com\/ca-es\/#website","url":"https:\/\/canfali.com\/ca-es\/","name":"Canfali","description":"","publisher":{"@id":"https:\/\/canfali.com\/ca-es\/#organization"},"potentialAction":[{"@type":"SearchAction","target":{"@type":"EntryPoint","urlTemplate":"https:\/\/canfali.com\/ca-es\/?s={search_term_string}"},"query-input":{"@type":"PropertyValueSpecification","valueRequired":true,"valueName":"search_term_string"}}],"inLanguage":"va-ES"},{"@type":"Organization","@id":"https:\/\/canfali.com\/ca-es\/#organization","name":"Canfali","url":"https:\/\/canfali.com\/ca-es\/","logo":{"@type":"ImageObject","inLanguage":"va-ES","@id":"https:\/\/canfali.com\/ca-es\/#\/schema\/logo\/image\/","url":"https:\/\/canfali.com\/app\/uploads\/2025\/12\/canfali_marina_alta_logo.png","contentUrl":"https:\/\/canfali.com\/app\/uploads\/2025\/12\/canfali_marina_alta_logo.png","width":225,"height":225,"caption":"Canfali"},"image":{"@id":"https:\/\/canfali.com\/ca-es\/#\/schema\/logo\/image\/"},"sameAs":["https:\/\/es-es.facebook.com\/CANFALIMarinaAlta","https:\/\/x.com\/canfalima","https:\/\/www.instagram.com\/canfalimarinaalta\/"]},{"@type":"Person","@id":"https:\/\/canfali.com\/ca-es\/#\/schema\/person\/f540a86fb33e10daaae53c59ceaa1194","name":"Lluis","image":{"@type":"ImageObject","inLanguage":"va-ES","@id":"https:\/\/secure.gravatar.com\/avatar\/a21ec8835290e4e02ed0886b8cb327d807d0eb6ec8ccf25d4c2a0a415f506c0d?s=96&d=mm&r=g","url":"https:\/\/secure.gravatar.com\/avatar\/a21ec8835290e4e02ed0886b8cb327d807d0eb6ec8ccf25d4c2a0a415f506c0d?s=96&d=mm&r=g","contentUrl":"https:\/\/secure.gravatar.com\/avatar\/a21ec8835290e4e02ed0886b8cb327d807d0eb6ec8ccf25d4c2a0a415f506c0d?s=96&d=mm&r=g","caption":"Lluis"},"url":"https:\/\/canfali.com\/ca-es\/author\/lluis\/"}]}},"_links":{"self":[{"href":"https:\/\/canfali.com\/ca-es\/wp-json\/wp\/v2\/posts\/83348","targetHints":{"allow":["GET"]}}],"collection":[{"href":"https:\/\/canfali.com\/ca-es\/wp-json\/wp\/v2\/posts"}],"about":[{"href":"https:\/\/canfali.com\/ca-es\/wp-json\/wp\/v2\/types\/post"}],"author":[{"embeddable":true,"href":"https:\/\/canfali.com\/ca-es\/wp-json\/wp\/v2\/users\/8"}],"replies":[{"embeddable":true,"href":"https:\/\/canfali.com\/ca-es\/wp-json\/wp\/v2\/comments?post=83348"}],"version-history":[{"count":1,"href":"https:\/\/canfali.com\/ca-es\/wp-json\/wp\/v2\/posts\/83348\/revisions"}],"predecessor-version":[{"id":83349,"href":"https:\/\/canfali.com\/ca-es\/wp-json\/wp\/v2\/posts\/83348\/revisions\/83349"}],"wp:featuredmedia":[{"embeddable":true,"href":"https:\/\/canfali.com\/ca-es\/wp-json\/wp\/v2\/media\/83342"}],"wp:attachment":[{"href":"https:\/\/canfali.com\/ca-es\/wp-json\/wp\/v2\/media?parent=83348"}],"wp:term":[{"taxonomy":"category","embeddable":true,"href":"https:\/\/canfali.com\/ca-es\/wp-json\/wp\/v2\/categories?post=83348"},{"taxonomy":"post_tag","embeddable":true,"href":"https:\/\/canfali.com\/ca-es\/wp-json\/wp\/v2\/tags?post=83348"}],"curies":[{"name":"wp","href":"https:\/\/api.w.org\/{rel}","templated":true}]}}