{"id":83325,"date":"2025-12-05T11:21:42","date_gmt":"2025-12-05T10:21:42","guid":{"rendered":"https:\/\/canfali.com\/?p=83325"},"modified":"2025-12-05T11:24:54","modified_gmt":"2025-12-05T10:24:54","slug":"premi-paco-cabanes-el-genoves-per-a-lescola-municipal-de-pilota-dondara","status":"publish","type":"post","link":"https:\/\/canfali.com\/ca-es\/premi-paco-cabanes-el-genoves-per-a-lescola-municipal-de-pilota-dondara\/","title":{"rendered":"Premi \u201cPaco Cabanes, el Genov\u00e9s\u201d per a l\u2019Escola Municipal de Pilota d\u2019Ondara"},"content":{"rendered":"\n<p><strong>Els seus representants l\u2019arrepleguen en la Gala Anual 2025 de la FPV<\/strong><\/p>\n\n\n\n<p>L\u2019Escola Municipal de Pilota d\u2019Ondara ha vist reconeguda la tasca de formaci\u00f3 i promoci\u00f3 de aquest esport aut\u00f2cton a la Gala de Premis Anuals 2025 de la Federaci\u00f3 de Pilota Valenciana, celebrada al Centre Cultural La Rambleta de Val\u00e8ncia.<\/p>\n\n\n\n<figure class=\"wp-block-image size-large\"><img decoding=\"async\" src=\"https:\/\/canfali.com\/app\/uploads\/2025\/12\/genovesondara2-1024x576.jpeg.webp\" alt=\"\" class=\"wp-image-83328\"\/><\/figure>\n\n\n\n<p>El guard\u00f3, que porta el nom del m\u00edtic jugador \u201cPaco Cabanes, El Genov\u00e9s\u201d, ha estat recollit pel coordinador de l\u2019escola, Juanma Garrido, acompanyat per una representaci\u00f3 d\u2019alumnes, en un acte que va reunir els principals referents del nostre esport.<\/p>\n\n\n\n<p>\u201cAquest reconeixement \u00e9s per a tota la fam\u00edlia de la pilota d\u2019Ondara que integren alumnes, entrenadors, fam\u00edlies, la trinquetera i l\u2019Ajuntament, perqu\u00e8 hem treballat molt per fer cr\u00e9ixer la pilota entre els m\u00e9s joves, i aquest premi ens anima a continuar amb m\u00e9s for\u00e7a\u201d, ha manifestat Garrido.<\/p>\n\n\n\n<figure class=\"wp-block-image size-large\"><img decoding=\"async\" src=\"https:\/\/canfali.com\/app\/uploads\/2025\/12\/genovesondara3-1024x683.jpeg.webp\" alt=\"\" class=\"wp-image-83330\"\/><\/figure>\n\n\n\n<p>L\u2019Escola Municipal d\u2019Ondara s\u2019ha vist acompanyada en el reconeixement de la junta directiva de la FPV per les de Bicorp i Alcasser, i per altres tretze esportites, entitats i figures en 11 categories diferents. &nbsp;<\/p>\n","protected":false},"excerpt":{"rendered":"Els seus representants l\u2019arrepleguen en la Gala Anual 2025 de la FPV","protected":false},"author":4,"featured_media":83327,"comment_status":"closed","ping_status":"closed","sticky":false,"template":"","format":"standard","meta":{"csco_display_header_overlay":false,"csco_singular_sidebar":"","csco_page_header_type":"","csco_page_load_nextpost":"","csco_post_video_location":[],"csco_post_video_location_hash":"","csco_post_video_url":"","csco_post_video_bg_start_time":0,"csco_post_video_bg_end_time":0,"footnotes":""},"categories":[598,617],"tags":[5520,1194,5521,5522,1143],"class_list":{"0":"post-83325","1":"post","2":"type-post","3":"status-publish","4":"format-standard","5":"has-post-thumbnail","7":"category-esports","8":"category-sin-categorizar-2","9":"tag-escola-munciipal-pilota-ondara","10":"tag-formacio","11":"tag-gala-fvp","12":"tag-premi-genoves","13":"tag-promocio","14":"cs-entry","15":"cs-video-wrap"},"yoast_head":"<!-- This site is optimized with the Yoast SEO Premium plugin v26.6 (Yoast SEO v27.3) - https:\/\/yoast.com\/product\/yoast-seo-premium-wordpress\/ -->\n<title>Premi \u201cPaco Cabanes, el Genov\u00e9s\u201d per a l\u2019Escola Municipal de Pilota d\u2019Ondara - Canfali<\/title>\n<meta name=\"robots\" content=\"index, follow, max-snippet:-1, max-image-preview:large, max-video-preview:-1\" \/>\n<link rel=\"canonical\" href=\"https:\/\/canfali.com\/ca-es\/premi-paco-cabanes-el-genoves-per-a-lescola-municipal-de-pilota-dondara\/\" \/>\n<meta property=\"og:locale\" content=\"en_US\" \/>\n<meta property=\"og:type\" content=\"article\" \/>\n<meta property=\"og:title\" content=\"Premi \u201cPaco Cabanes, el Genov\u00e9s\u201d per a l\u2019Escola Municipal de Pilota d\u2019Ondara\" \/>\n<meta property=\"og:description\" content=\"Els seus representants l\u2019arrepleguen en la Gala Anual 2025 de la FPV\" \/>\n<meta property=\"og:url\" content=\"https:\/\/canfali.com\/ca-es\/premi-paco-cabanes-el-genoves-per-a-lescola-municipal-de-pilota-dondara\/\" \/>\n<meta property=\"og:site_name\" content=\"Canfali\" \/>\n<meta property=\"article:publisher\" content=\"https:\/\/es-es.facebook.com\/CANFALIMarinaAlta\" \/>\n<meta property=\"article:published_time\" content=\"2025-12-05T10:21:42+00:00\" \/>\n<meta property=\"article:modified_time\" content=\"2025-12-05T10:24:54+00:00\" \/>\n<meta property=\"og:image\" content=\"https:\/\/canfali.com\/app\/uploads\/2025\/12\/genovesondara1.jpeg\" \/>\n\t<meta property=\"og:image:width\" content=\"2048\" \/>\n\t<meta property=\"og:image:height\" content=\"1366\" \/>\n\t<meta property=\"og:image:type\" content=\"image\/jpeg\" \/>\n<meta name=\"author\" content=\"JJ Mas\" \/>\n<meta name=\"twitter:card\" content=\"summary_large_image\" \/>\n<meta name=\"twitter:creator\" content=\"@canfalima\" \/>\n<meta name=\"twitter:site\" content=\"@canfalima\" \/>\n<meta name=\"twitter:label1\" content=\"Written by\" \/>\n\t<meta name=\"twitter:data1\" content=\"JJ Mas\" \/>\n\t<meta name=\"twitter:label2\" content=\"Est. reading time\" \/>\n\t<meta name=\"twitter:data2\" content=\"1 minute\" \/>\n<script type=\"application\/ld+json\" class=\"yoast-schema-graph\">{\"@context\":\"https:\\\/\\\/schema.org\",\"@graph\":[{\"@type\":\"NewsArticle\",\"@id\":\"https:\\\/\\\/canfali.com\\\/ca-es\\\/premi-paco-cabanes-el-genoves-per-a-lescola-municipal-de-pilota-dondara\\\/#article\",\"isPartOf\":{\"@id\":\"https:\\\/\\\/canfali.com\\\/ca-es\\\/premi-paco-cabanes-el-genoves-per-a-lescola-municipal-de-pilota-dondara\\\/\"},\"author\":{\"name\":\"JJ Mas\",\"@id\":\"https:\\\/\\\/canfali.com\\\/ca-es\\\/#\\\/schema\\\/person\\\/d834d2d4df17cac754d3c314d4c404ef\"},\"headline\":\"Premi \u201cPaco Cabanes, el Genov\u00e9s\u201d per a l\u2019Escola Municipal de Pilota d\u2019Ondara\",\"datePublished\":\"2025-12-05T10:21:42+00:00\",\"dateModified\":\"2025-12-05T10:24:54+00:00\",\"mainEntityOfPage\":{\"@id\":\"https:\\\/\\\/canfali.com\\\/ca-es\\\/premi-paco-cabanes-el-genoves-per-a-lescola-municipal-de-pilota-dondara\\\/\"},\"wordCount\":204,\"publisher\":{\"@id\":\"https:\\\/\\\/canfali.com\\\/ca-es\\\/#organization\"},\"image\":{\"@id\":\"https:\\\/\\\/canfali.com\\\/ca-es\\\/premi-paco-cabanes-el-genoves-per-a-lescola-municipal-de-pilota-dondara\\\/#primaryimage\"},\"thumbnailUrl\":\"https:\\\/\\\/canfali.com\\\/app\\\/uploads\\\/2025\\\/12\\\/genovesondara1.jpeg\",\"keywords\":[\"Escola Munciipal Pilota Ondara\",\"formaci\u00f3\",\"gala FVP\",\"premi Genov\u00e9s\",\"promoci\u00f3\"],\"articleSection\":[\"Esports\",\"Sin categorizar\"],\"inLanguage\":\"va-ES\",\"copyrightYear\":\"2025\",\"copyrightHolder\":{\"@id\":\"https:\\\/\\\/canfali.com\\\/#organization\"}},{\"@type\":\"WebPage\",\"@id\":\"https:\\\/\\\/canfali.com\\\/ca-es\\\/premi-paco-cabanes-el-genoves-per-a-lescola-municipal-de-pilota-dondara\\\/\",\"url\":\"https:\\\/\\\/canfali.com\\\/ca-es\\\/premi-paco-cabanes-el-genoves-per-a-lescola-municipal-de-pilota-dondara\\\/\",\"name\":\"Premi \u201cPaco Cabanes, el Genov\u00e9s\u201d per a l\u2019Escola Municipal de Pilota d\u2019Ondara - Canfali\",\"isPartOf\":{\"@id\":\"https:\\\/\\\/canfali.com\\\/ca-es\\\/#website\"},\"primaryImageOfPage\":{\"@id\":\"https:\\\/\\\/canfali.com\\\/ca-es\\\/premi-paco-cabanes-el-genoves-per-a-lescola-municipal-de-pilota-dondara\\\/#primaryimage\"},\"image\":{\"@id\":\"https:\\\/\\\/canfali.com\\\/ca-es\\\/premi-paco-cabanes-el-genoves-per-a-lescola-municipal-de-pilota-dondara\\\/#primaryimage\"},\"thumbnailUrl\":\"https:\\\/\\\/canfali.com\\\/app\\\/uploads\\\/2025\\\/12\\\/genovesondara1.jpeg\",\"datePublished\":\"2025-12-05T10:21:42+00:00\",\"dateModified\":\"2025-12-05T10:24:54+00:00\",\"breadcrumb\":{\"@id\":\"https:\\\/\\\/canfali.com\\\/ca-es\\\/premi-paco-cabanes-el-genoves-per-a-lescola-municipal-de-pilota-dondara\\\/#breadcrumb\"},\"inLanguage\":\"va-ES\",\"potentialAction\":[{\"@type\":\"ReadAction\",\"target\":[\"https:\\\/\\\/canfali.com\\\/ca-es\\\/premi-paco-cabanes-el-genoves-per-a-lescola-municipal-de-pilota-dondara\\\/\"]}]},{\"@type\":\"ImageObject\",\"inLanguage\":\"va-ES\",\"@id\":\"https:\\\/\\\/canfali.com\\\/ca-es\\\/premi-paco-cabanes-el-genoves-per-a-lescola-municipal-de-pilota-dondara\\\/#primaryimage\",\"url\":\"https:\\\/\\\/canfali.com\\\/app\\\/uploads\\\/2025\\\/12\\\/genovesondara1.jpeg\",\"contentUrl\":\"https:\\\/\\\/canfali.com\\\/app\\\/uploads\\\/2025\\\/12\\\/genovesondara1.jpeg\",\"width\":2048,\"height\":1366},{\"@type\":\"BreadcrumbList\",\"@id\":\"https:\\\/\\\/canfali.com\\\/ca-es\\\/premi-paco-cabanes-el-genoves-per-a-lescola-municipal-de-pilota-dondara\\\/#breadcrumb\",\"itemListElement\":[{\"@type\":\"ListItem\",\"position\":1,\"name\":\"Portada\",\"item\":\"https:\\\/\\\/canfali.com\\\/ca-es\\\/\"},{\"@type\":\"ListItem\",\"position\":2,\"name\":\"Premi \u201cPaco Cabanes, el Genov\u00e9s\u201d per a l\u2019Escola Municipal de Pilota d\u2019Ondara\"}]},{\"@type\":\"WebSite\",\"@id\":\"https:\\\/\\\/canfali.com\\\/ca-es\\\/#website\",\"url\":\"https:\\\/\\\/canfali.com\\\/ca-es\\\/\",\"name\":\"Canfali\",\"description\":\"\",\"publisher\":{\"@id\":\"https:\\\/\\\/canfali.com\\\/ca-es\\\/#organization\"},\"potentialAction\":[{\"@type\":\"SearchAction\",\"target\":{\"@type\":\"EntryPoint\",\"urlTemplate\":\"https:\\\/\\\/canfali.com\\\/ca-es\\\/?s={search_term_string}\"},\"query-input\":{\"@type\":\"PropertyValueSpecification\",\"valueRequired\":true,\"valueName\":\"search_term_string\"}}],\"inLanguage\":\"va-ES\"},{\"@type\":\"Organization\",\"@id\":\"https:\\\/\\\/canfali.com\\\/ca-es\\\/#organization\",\"name\":\"Canfali\",\"url\":\"https:\\\/\\\/canfali.com\\\/ca-es\\\/\",\"logo\":{\"@type\":\"ImageObject\",\"inLanguage\":\"va-ES\",\"@id\":\"https:\\\/\\\/canfali.com\\\/ca-es\\\/#\\\/schema\\\/logo\\\/image\\\/\",\"url\":\"https:\\\/\\\/canfali.com\\\/app\\\/uploads\\\/2025\\\/12\\\/canfali_marina_alta_logo.png\",\"contentUrl\":\"https:\\\/\\\/canfali.com\\\/app\\\/uploads\\\/2025\\\/12\\\/canfali_marina_alta_logo.png\",\"width\":225,\"height\":225,\"caption\":\"Canfali\"},\"image\":{\"@id\":\"https:\\\/\\\/canfali.com\\\/ca-es\\\/#\\\/schema\\\/logo\\\/image\\\/\"},\"sameAs\":[\"https:\\\/\\\/es-es.facebook.com\\\/CANFALIMarinaAlta\",\"https:\\\/\\\/x.com\\\/canfalima\",\"https:\\\/\\\/www.instagram.com\\\/canfalimarinaalta\\\/\"]},{\"@type\":\"Person\",\"@id\":\"https:\\\/\\\/canfali.com\\\/ca-es\\\/#\\\/schema\\\/person\\\/d834d2d4df17cac754d3c314d4c404ef\",\"name\":\"JJ Mas\",\"image\":{\"@type\":\"ImageObject\",\"inLanguage\":\"va-ES\",\"@id\":\"https:\\\/\\\/secure.gravatar.com\\\/avatar\\\/65a5191f5438bf88c2394f6d1a625a6ff903c8785268e603c623a83bc15ba1ee?s=96&d=mm&r=g\",\"url\":\"https:\\\/\\\/secure.gravatar.com\\\/avatar\\\/65a5191f5438bf88c2394f6d1a625a6ff903c8785268e603c623a83bc15ba1ee?s=96&d=mm&r=g\",\"contentUrl\":\"https:\\\/\\\/secure.gravatar.com\\\/avatar\\\/65a5191f5438bf88c2394f6d1a625a6ff903c8785268e603c623a83bc15ba1ee?s=96&d=mm&r=g\",\"caption\":\"JJ Mas\"},\"url\":\"https:\\\/\\\/canfali.com\\\/ca-es\\\/author\\\/jj\\\/\"}]}<\/script>\n<!-- \/ Yoast SEO Premium plugin. -->","yoast_head_json":{"title":"Premi \u201cPaco Cabanes, el Genov\u00e9s\u201d per a l\u2019Escola Municipal de Pilota d\u2019Ondara - Canfali","robots":{"index":"index","follow":"follow","max-snippet":"max-snippet:-1","max-image-preview":"max-image-preview:large","max-video-preview":"max-video-preview:-1"},"canonical":"https:\/\/canfali.com\/ca-es\/premi-paco-cabanes-el-genoves-per-a-lescola-municipal-de-pilota-dondara\/","og_locale":"en_US","og_type":"article","og_title":"Premi \u201cPaco Cabanes, el Genov\u00e9s\u201d per a l\u2019Escola Municipal de Pilota d\u2019Ondara","og_description":"Els seus representants l\u2019arrepleguen en la Gala Anual 2025 de la FPV","og_url":"https:\/\/canfali.com\/ca-es\/premi-paco-cabanes-el-genoves-per-a-lescola-municipal-de-pilota-dondara\/","og_site_name":"Canfali","article_publisher":"https:\/\/es-es.facebook.com\/CANFALIMarinaAlta","article_published_time":"2025-12-05T10:21:42+00:00","article_modified_time":"2025-12-05T10:24:54+00:00","og_image":[{"width":2048,"height":1366,"url":"https:\/\/canfali.com\/app\/uploads\/2025\/12\/genovesondara1.jpeg","type":"image\/jpeg"}],"author":"JJ Mas","twitter_card":"summary_large_image","twitter_creator":"@canfalima","twitter_site":"@canfalima","twitter_misc":{"Written by":"JJ Mas","Est. reading time":"1 minute"},"schema":{"@context":"https:\/\/schema.org","@graph":[{"@type":"NewsArticle","@id":"https:\/\/canfali.com\/ca-es\/premi-paco-cabanes-el-genoves-per-a-lescola-municipal-de-pilota-dondara\/#article","isPartOf":{"@id":"https:\/\/canfali.com\/ca-es\/premi-paco-cabanes-el-genoves-per-a-lescola-municipal-de-pilota-dondara\/"},"author":{"name":"JJ Mas","@id":"https:\/\/canfali.com\/ca-es\/#\/schema\/person\/d834d2d4df17cac754d3c314d4c404ef"},"headline":"Premi \u201cPaco Cabanes, el Genov\u00e9s\u201d per a l\u2019Escola Municipal de Pilota d\u2019Ondara","datePublished":"2025-12-05T10:21:42+00:00","dateModified":"2025-12-05T10:24:54+00:00","mainEntityOfPage":{"@id":"https:\/\/canfali.com\/ca-es\/premi-paco-cabanes-el-genoves-per-a-lescola-municipal-de-pilota-dondara\/"},"wordCount":204,"publisher":{"@id":"https:\/\/canfali.com\/ca-es\/#organization"},"image":{"@id":"https:\/\/canfali.com\/ca-es\/premi-paco-cabanes-el-genoves-per-a-lescola-municipal-de-pilota-dondara\/#primaryimage"},"thumbnailUrl":"https:\/\/canfali.com\/app\/uploads\/2025\/12\/genovesondara1.jpeg","keywords":["Escola Munciipal Pilota Ondara","formaci\u00f3","gala FVP","premi Genov\u00e9s","promoci\u00f3"],"articleSection":["Esports","Sin categorizar"],"inLanguage":"va-ES","copyrightYear":"2025","copyrightHolder":{"@id":"https:\/\/canfali.com\/#organization"}},{"@type":"WebPage","@id":"https:\/\/canfali.com\/ca-es\/premi-paco-cabanes-el-genoves-per-a-lescola-municipal-de-pilota-dondara\/","url":"https:\/\/canfali.com\/ca-es\/premi-paco-cabanes-el-genoves-per-a-lescola-municipal-de-pilota-dondara\/","name":"Premi \u201cPaco Cabanes, el Genov\u00e9s\u201d per a l\u2019Escola Municipal de Pilota d\u2019Ondara - Canfali","isPartOf":{"@id":"https:\/\/canfali.com\/ca-es\/#website"},"primaryImageOfPage":{"@id":"https:\/\/canfali.com\/ca-es\/premi-paco-cabanes-el-genoves-per-a-lescola-municipal-de-pilota-dondara\/#primaryimage"},"image":{"@id":"https:\/\/canfali.com\/ca-es\/premi-paco-cabanes-el-genoves-per-a-lescola-municipal-de-pilota-dondara\/#primaryimage"},"thumbnailUrl":"https:\/\/canfali.com\/app\/uploads\/2025\/12\/genovesondara1.jpeg","datePublished":"2025-12-05T10:21:42+00:00","dateModified":"2025-12-05T10:24:54+00:00","breadcrumb":{"@id":"https:\/\/canfali.com\/ca-es\/premi-paco-cabanes-el-genoves-per-a-lescola-municipal-de-pilota-dondara\/#breadcrumb"},"inLanguage":"va-ES","potentialAction":[{"@type":"ReadAction","target":["https:\/\/canfali.com\/ca-es\/premi-paco-cabanes-el-genoves-per-a-lescola-municipal-de-pilota-dondara\/"]}]},{"@type":"ImageObject","inLanguage":"va-ES","@id":"https:\/\/canfali.com\/ca-es\/premi-paco-cabanes-el-genoves-per-a-lescola-municipal-de-pilota-dondara\/#primaryimage","url":"https:\/\/canfali.com\/app\/uploads\/2025\/12\/genovesondara1.jpeg","contentUrl":"https:\/\/canfali.com\/app\/uploads\/2025\/12\/genovesondara1.jpeg","width":2048,"height":1366},{"@type":"BreadcrumbList","@id":"https:\/\/canfali.com\/ca-es\/premi-paco-cabanes-el-genoves-per-a-lescola-municipal-de-pilota-dondara\/#breadcrumb","itemListElement":[{"@type":"ListItem","position":1,"name":"Portada","item":"https:\/\/canfali.com\/ca-es\/"},{"@type":"ListItem","position":2,"name":"Premi \u201cPaco Cabanes, el Genov\u00e9s\u201d per a l\u2019Escola Municipal de Pilota d\u2019Ondara"}]},{"@type":"WebSite","@id":"https:\/\/canfali.com\/ca-es\/#website","url":"https:\/\/canfali.com\/ca-es\/","name":"Canfali","description":"","publisher":{"@id":"https:\/\/canfali.com\/ca-es\/#organization"},"potentialAction":[{"@type":"SearchAction","target":{"@type":"EntryPoint","urlTemplate":"https:\/\/canfali.com\/ca-es\/?s={search_term_string}"},"query-input":{"@type":"PropertyValueSpecification","valueRequired":true,"valueName":"search_term_string"}}],"inLanguage":"va-ES"},{"@type":"Organization","@id":"https:\/\/canfali.com\/ca-es\/#organization","name":"Canfali","url":"https:\/\/canfali.com\/ca-es\/","logo":{"@type":"ImageObject","inLanguage":"va-ES","@id":"https:\/\/canfali.com\/ca-es\/#\/schema\/logo\/image\/","url":"https:\/\/canfali.com\/app\/uploads\/2025\/12\/canfali_marina_alta_logo.png","contentUrl":"https:\/\/canfali.com\/app\/uploads\/2025\/12\/canfali_marina_alta_logo.png","width":225,"height":225,"caption":"Canfali"},"image":{"@id":"https:\/\/canfali.com\/ca-es\/#\/schema\/logo\/image\/"},"sameAs":["https:\/\/es-es.facebook.com\/CANFALIMarinaAlta","https:\/\/x.com\/canfalima","https:\/\/www.instagram.com\/canfalimarinaalta\/"]},{"@type":"Person","@id":"https:\/\/canfali.com\/ca-es\/#\/schema\/person\/d834d2d4df17cac754d3c314d4c404ef","name":"JJ Mas","image":{"@type":"ImageObject","inLanguage":"va-ES","@id":"https:\/\/secure.gravatar.com\/avatar\/65a5191f5438bf88c2394f6d1a625a6ff903c8785268e603c623a83bc15ba1ee?s=96&d=mm&r=g","url":"https:\/\/secure.gravatar.com\/avatar\/65a5191f5438bf88c2394f6d1a625a6ff903c8785268e603c623a83bc15ba1ee?s=96&d=mm&r=g","contentUrl":"https:\/\/secure.gravatar.com\/avatar\/65a5191f5438bf88c2394f6d1a625a6ff903c8785268e603c623a83bc15ba1ee?s=96&d=mm&r=g","caption":"JJ Mas"},"url":"https:\/\/canfali.com\/ca-es\/author\/jj\/"}]}},"_links":{"self":[{"href":"https:\/\/canfali.com\/ca-es\/wp-json\/wp\/v2\/posts\/83325","targetHints":{"allow":["GET"]}}],"collection":[{"href":"https:\/\/canfali.com\/ca-es\/wp-json\/wp\/v2\/posts"}],"about":[{"href":"https:\/\/canfali.com\/ca-es\/wp-json\/wp\/v2\/types\/post"}],"author":[{"embeddable":true,"href":"https:\/\/canfali.com\/ca-es\/wp-json\/wp\/v2\/users\/4"}],"replies":[{"embeddable":true,"href":"https:\/\/canfali.com\/ca-es\/wp-json\/wp\/v2\/comments?post=83325"}],"version-history":[{"count":2,"href":"https:\/\/canfali.com\/ca-es\/wp-json\/wp\/v2\/posts\/83325\/revisions"}],"predecessor-version":[{"id":83333,"href":"https:\/\/canfali.com\/ca-es\/wp-json\/wp\/v2\/posts\/83325\/revisions\/83333"}],"wp:featuredmedia":[{"embeddable":true,"href":"https:\/\/canfali.com\/ca-es\/wp-json\/wp\/v2\/media\/83327"}],"wp:attachment":[{"href":"https:\/\/canfali.com\/ca-es\/wp-json\/wp\/v2\/media?parent=83325"}],"wp:term":[{"taxonomy":"category","embeddable":true,"href":"https:\/\/canfali.com\/ca-es\/wp-json\/wp\/v2\/categories?post=83325"},{"taxonomy":"post_tag","embeddable":true,"href":"https:\/\/canfali.com\/ca-es\/wp-json\/wp\/v2\/tags?post=83325"}],"curies":[{"name":"wp","href":"https:\/\/api.w.org\/{rel}","templated":true}]}}