{"id":83286,"date":"2025-12-04T22:01:08","date_gmt":"2025-12-04T21:01:08","guid":{"rendered":"https:\/\/canfali.com\/el-tinter-copte-de-xabia-sexposa-a-cordova\/"},"modified":"2025-12-04T22:02:01","modified_gmt":"2025-12-04T21:02:01","slug":"el-tinter-copte-de-xabia-sexposa-a-cordova","status":"publish","type":"post","link":"https:\/\/canfali.com\/ca-es\/el-tinter-copte-de-xabia-sexposa-a-cordova\/","title":{"rendered":"El tinter copte de X\u00e0bia s\u2019exposa a C\u00f2rdova"},"content":{"rendered":"\n<p>El tinter copte del Muntanyar de X\u00e0bia forma part de l\u2019exposici\u00f3 \u201cEl despertar a la vida. Inf\u00e0ncia i adolesc\u00e8ncia en l\u2019Antic Egipte\u201d, que s\u2019inaugura a C\u00f2rdova i est\u00e0 comissariada per les especialistes Esther Pons, Isabel Olb\u00e9s i Maite Mascort. Les tres s\u00f3n reconegudes expertes en el m\u00f3n egipci, i dues d\u2019elles codirigeixen actualment les excavacions del jaciment d\u2019Oxirrinc (Egipte).<br\/><\/p>\n\n<p>La pe\u00e7a va ser descoberta per l\u2019antic arque\u00f2leg municipal de X\u00e0bia, Joaquim Bolufer, durant les excavacions de la necr\u00f2polis romana de la Punta de l\u2019Arenal l\u2019any 1985. Anys despr\u00e9s, el 2014, Bolufer va identificar un tinter similar procedent del jaciment d\u2019Oxirrinc, excavat aleshores per l\u2019especialista Josep Padr\u00f3. L\u2019estudi conjunt d\u2019ambd\u00f3s arque\u00f2legs va confirmar que el tinter trobat a X\u00e0bia procedia d\u2019Egipte i va ser elaborat al segle VI de la nostra era pels coptes, els cristians originaris del pa\u00eds del Nil.<br\/><\/p>\n\n<p>La pe\u00e7a est\u00e0 formada per una xicoteta cassoleta de bronze destinada a contindre la tinta, acompanyada d\u2019una tapadora que la protegia perqu\u00e8 no s\u2019assecara. Es tracta d\u2019un objecte d\u2019\u00fas singular que, molt probablement, va pert\u00e0nyer a un escriba, una figura poc habitual en aquella \u00e8poca.<br\/><\/p>\n\n<figure class=\"wp-block-image size-large\"><img decoding=\"async\" src=\"https:\/\/canfali.com\/app\/uploads\/2025\/12\/8tinter1-1024x842.jpeg.webp\" alt=\"\" class=\"wp-image-83283\"\/><\/figure>\n\n<p>Els comissaris han seleccionat el tinter de X\u00e0bia per a ocupar un espai destacat dins de l\u2019exposici\u00f3, organitzada per l\u2019Ajuntament de C\u00f2rdova i Vimcorsa, amb la col\u00b7laboraci\u00f3 d\u2019Eulen Art. La mostra oferix un recorregut complet per la civilitzaci\u00f3 de l\u2019Antic Egipte a trav\u00e9s d\u2019una de les seues etapes menys estudiades: la inf\u00e0ncia i el pas a l\u2019adolesc\u00e8ncia. En ella es podran contemplar peces procedents d\u2019alguns dels museus europeus m\u00e9s rellevants amb col\u00b7leccions dedicades a esta tem\u00e0tica.<br\/><\/p>\n\n<p>L\u2019exposici\u00f3 romandr\u00e0 oberta del 4 de desembre de 2025 al 5 d\u2019abril de 2026 a les sales Vimcorsa i Orive de la ciutat de C\u00f2rdova.<br\/><\/p>\n","protected":false},"excerpt":{"rendered":"El tinter copte del Muntanyar de X\u00e0bia forma part de l\u2019exposici\u00f3 \u201cEl despertar a la vida. Inf\u00e0ncia i&hellip;","protected":false},"author":8,"featured_media":83282,"comment_status":"closed","ping_status":"closed","sticky":false,"template":"","format":"standard","meta":{"csco_display_header_overlay":false,"csco_singular_sidebar":"","csco_page_header_type":"","csco_page_load_nextpost":"","csco_post_video_location":[],"csco_post_video_location_hash":"","csco_post_video_url":"","csco_post_video_bg_start_time":0,"csco_post_video_bg_end_time":0,"footnotes":""},"categories":[579,597,614],"tags":[],"class_list":{"0":"post-83286","1":"post","2":"type-post","3":"status-publish","4":"format-standard","5":"has-post-thumbnail","7":"category-cultura-2","8":"category-cultura-ca-es","9":"category-municipal-ca-es","10":"cs-entry","11":"cs-video-wrap"},"yoast_head":"<!-- This site is optimized with the Yoast SEO Premium plugin v26.6 (Yoast SEO v27.3) - https:\/\/yoast.com\/product\/yoast-seo-premium-wordpress\/ -->\n<title>El tinter copte de X\u00e0bia s\u2019exposa a C\u00f2rdova - Canfali<\/title>\n<meta name=\"robots\" content=\"index, follow, max-snippet:-1, max-image-preview:large, max-video-preview:-1\" \/>\n<link rel=\"canonical\" href=\"https:\/\/canfali.com\/ca-es\/el-tinter-copte-de-xabia-sexposa-a-cordova\/\" \/>\n<meta property=\"og:locale\" content=\"en_US\" \/>\n<meta property=\"og:type\" content=\"article\" \/>\n<meta property=\"og:title\" content=\"El tinter copte de X\u00e0bia s\u2019exposa a C\u00f2rdova\" \/>\n<meta property=\"og:description\" content=\"El tinter copte del Muntanyar de X\u00e0bia forma part de l\u2019exposici\u00f3 \u201cEl despertar a la vida. Inf\u00e0ncia i&hellip;\" \/>\n<meta property=\"og:url\" content=\"https:\/\/canfali.com\/ca-es\/el-tinter-copte-de-xabia-sexposa-a-cordova\/\" \/>\n<meta property=\"og:site_name\" content=\"Canfali\" \/>\n<meta property=\"article:publisher\" content=\"https:\/\/es-es.facebook.com\/CANFALIMarinaAlta\" \/>\n<meta property=\"article:published_time\" content=\"2025-12-04T21:01:08+00:00\" \/>\n<meta property=\"article:modified_time\" content=\"2025-12-04T21:02:01+00:00\" \/>\n<meta property=\"og:image\" content=\"https:\/\/canfali.com\/app\/uploads\/2025\/12\/8tinter3.jpeg\" \/>\n\t<meta property=\"og:image:width\" content=\"1600\" \/>\n\t<meta property=\"og:image:height\" content=\"1200\" \/>\n\t<meta property=\"og:image:type\" content=\"image\/jpeg\" \/>\n<meta name=\"author\" content=\"Lluis\" \/>\n<meta name=\"twitter:card\" content=\"summary_large_image\" \/>\n<meta name=\"twitter:creator\" content=\"@canfalima\" \/>\n<meta name=\"twitter:site\" content=\"@canfalima\" \/>\n<meta name=\"twitter:label1\" content=\"Written by\" \/>\n\t<meta name=\"twitter:data1\" content=\"Lluis\" \/>\n\t<meta name=\"twitter:label2\" content=\"Est. reading time\" \/>\n\t<meta name=\"twitter:data2\" content=\"2 minutes\" \/>\n<script type=\"application\/ld+json\" class=\"yoast-schema-graph\">{\"@context\":\"https:\\\/\\\/schema.org\",\"@graph\":[{\"@type\":\"NewsArticle\",\"@id\":\"https:\\\/\\\/canfali.com\\\/ca-es\\\/el-tinter-copte-de-xabia-sexposa-a-cordova\\\/#article\",\"isPartOf\":{\"@id\":\"https:\\\/\\\/canfali.com\\\/ca-es\\\/el-tinter-copte-de-xabia-sexposa-a-cordova\\\/\"},\"author\":{\"name\":\"Lluis\",\"@id\":\"https:\\\/\\\/canfali.com\\\/ca-es\\\/#\\\/schema\\\/person\\\/f540a86fb33e10daaae53c59ceaa1194\"},\"headline\":\"El tinter copte de X\u00e0bia s\u2019exposa a C\u00f2rdova\",\"datePublished\":\"2025-12-04T21:01:08+00:00\",\"dateModified\":\"2025-12-04T21:02:01+00:00\",\"mainEntityOfPage\":{\"@id\":\"https:\\\/\\\/canfali.com\\\/ca-es\\\/el-tinter-copte-de-xabia-sexposa-a-cordova\\\/\"},\"wordCount\":345,\"publisher\":{\"@id\":\"https:\\\/\\\/canfali.com\\\/ca-es\\\/#organization\"},\"image\":{\"@id\":\"https:\\\/\\\/canfali.com\\\/ca-es\\\/el-tinter-copte-de-xabia-sexposa-a-cordova\\\/#primaryimage\"},\"thumbnailUrl\":\"https:\\\/\\\/canfali.com\\\/app\\\/uploads\\\/2025\\\/12\\\/8tinter3.jpeg\",\"articleSection\":[\"Cultura\",\"Cultura\",\"Municipal\"],\"inLanguage\":\"va-ES\",\"copyrightYear\":\"2025\",\"copyrightHolder\":{\"@id\":\"https:\\\/\\\/canfali.com\\\/#organization\"}},{\"@type\":\"WebPage\",\"@id\":\"https:\\\/\\\/canfali.com\\\/ca-es\\\/el-tinter-copte-de-xabia-sexposa-a-cordova\\\/\",\"url\":\"https:\\\/\\\/canfali.com\\\/ca-es\\\/el-tinter-copte-de-xabia-sexposa-a-cordova\\\/\",\"name\":\"El tinter copte de X\u00e0bia s\u2019exposa a C\u00f2rdova - Canfali\",\"isPartOf\":{\"@id\":\"https:\\\/\\\/canfali.com\\\/ca-es\\\/#website\"},\"primaryImageOfPage\":{\"@id\":\"https:\\\/\\\/canfali.com\\\/ca-es\\\/el-tinter-copte-de-xabia-sexposa-a-cordova\\\/#primaryimage\"},\"image\":{\"@id\":\"https:\\\/\\\/canfali.com\\\/ca-es\\\/el-tinter-copte-de-xabia-sexposa-a-cordova\\\/#primaryimage\"},\"thumbnailUrl\":\"https:\\\/\\\/canfali.com\\\/app\\\/uploads\\\/2025\\\/12\\\/8tinter3.jpeg\",\"datePublished\":\"2025-12-04T21:01:08+00:00\",\"dateModified\":\"2025-12-04T21:02:01+00:00\",\"breadcrumb\":{\"@id\":\"https:\\\/\\\/canfali.com\\\/ca-es\\\/el-tinter-copte-de-xabia-sexposa-a-cordova\\\/#breadcrumb\"},\"inLanguage\":\"va-ES\",\"potentialAction\":[{\"@type\":\"ReadAction\",\"target\":[\"https:\\\/\\\/canfali.com\\\/ca-es\\\/el-tinter-copte-de-xabia-sexposa-a-cordova\\\/\"]}]},{\"@type\":\"ImageObject\",\"inLanguage\":\"va-ES\",\"@id\":\"https:\\\/\\\/canfali.com\\\/ca-es\\\/el-tinter-copte-de-xabia-sexposa-a-cordova\\\/#primaryimage\",\"url\":\"https:\\\/\\\/canfali.com\\\/app\\\/uploads\\\/2025\\\/12\\\/8tinter3.jpeg\",\"contentUrl\":\"https:\\\/\\\/canfali.com\\\/app\\\/uploads\\\/2025\\\/12\\\/8tinter3.jpeg\",\"width\":1600,\"height\":1200},{\"@type\":\"BreadcrumbList\",\"@id\":\"https:\\\/\\\/canfali.com\\\/ca-es\\\/el-tinter-copte-de-xabia-sexposa-a-cordova\\\/#breadcrumb\",\"itemListElement\":[{\"@type\":\"ListItem\",\"position\":1,\"name\":\"Portada\",\"item\":\"https:\\\/\\\/canfali.com\\\/ca-es\\\/\"},{\"@type\":\"ListItem\",\"position\":2,\"name\":\"El tinter copte de X\u00e0bia s\u2019exposa a C\u00f2rdova\"}]},{\"@type\":\"WebSite\",\"@id\":\"https:\\\/\\\/canfali.com\\\/ca-es\\\/#website\",\"url\":\"https:\\\/\\\/canfali.com\\\/ca-es\\\/\",\"name\":\"Canfali\",\"description\":\"\",\"publisher\":{\"@id\":\"https:\\\/\\\/canfali.com\\\/ca-es\\\/#organization\"},\"potentialAction\":[{\"@type\":\"SearchAction\",\"target\":{\"@type\":\"EntryPoint\",\"urlTemplate\":\"https:\\\/\\\/canfali.com\\\/ca-es\\\/?s={search_term_string}\"},\"query-input\":{\"@type\":\"PropertyValueSpecification\",\"valueRequired\":true,\"valueName\":\"search_term_string\"}}],\"inLanguage\":\"va-ES\"},{\"@type\":\"Organization\",\"@id\":\"https:\\\/\\\/canfali.com\\\/ca-es\\\/#organization\",\"name\":\"Canfali\",\"url\":\"https:\\\/\\\/canfali.com\\\/ca-es\\\/\",\"logo\":{\"@type\":\"ImageObject\",\"inLanguage\":\"va-ES\",\"@id\":\"https:\\\/\\\/canfali.com\\\/ca-es\\\/#\\\/schema\\\/logo\\\/image\\\/\",\"url\":\"https:\\\/\\\/canfali.com\\\/app\\\/uploads\\\/2025\\\/12\\\/canfali_marina_alta_logo.png\",\"contentUrl\":\"https:\\\/\\\/canfali.com\\\/app\\\/uploads\\\/2025\\\/12\\\/canfali_marina_alta_logo.png\",\"width\":225,\"height\":225,\"caption\":\"Canfali\"},\"image\":{\"@id\":\"https:\\\/\\\/canfali.com\\\/ca-es\\\/#\\\/schema\\\/logo\\\/image\\\/\"},\"sameAs\":[\"https:\\\/\\\/es-es.facebook.com\\\/CANFALIMarinaAlta\",\"https:\\\/\\\/x.com\\\/canfalima\",\"https:\\\/\\\/www.instagram.com\\\/canfalimarinaalta\\\/\"]},{\"@type\":\"Person\",\"@id\":\"https:\\\/\\\/canfali.com\\\/ca-es\\\/#\\\/schema\\\/person\\\/f540a86fb33e10daaae53c59ceaa1194\",\"name\":\"Lluis\",\"image\":{\"@type\":\"ImageObject\",\"inLanguage\":\"va-ES\",\"@id\":\"https:\\\/\\\/secure.gravatar.com\\\/avatar\\\/a21ec8835290e4e02ed0886b8cb327d807d0eb6ec8ccf25d4c2a0a415f506c0d?s=96&d=mm&r=g\",\"url\":\"https:\\\/\\\/secure.gravatar.com\\\/avatar\\\/a21ec8835290e4e02ed0886b8cb327d807d0eb6ec8ccf25d4c2a0a415f506c0d?s=96&d=mm&r=g\",\"contentUrl\":\"https:\\\/\\\/secure.gravatar.com\\\/avatar\\\/a21ec8835290e4e02ed0886b8cb327d807d0eb6ec8ccf25d4c2a0a415f506c0d?s=96&d=mm&r=g\",\"caption\":\"Lluis\"},\"url\":\"https:\\\/\\\/canfali.com\\\/ca-es\\\/author\\\/lluis\\\/\"}]}<\/script>\n<!-- \/ Yoast SEO Premium plugin. -->","yoast_head_json":{"title":"El tinter copte de X\u00e0bia s\u2019exposa a C\u00f2rdova - Canfali","robots":{"index":"index","follow":"follow","max-snippet":"max-snippet:-1","max-image-preview":"max-image-preview:large","max-video-preview":"max-video-preview:-1"},"canonical":"https:\/\/canfali.com\/ca-es\/el-tinter-copte-de-xabia-sexposa-a-cordova\/","og_locale":"en_US","og_type":"article","og_title":"El tinter copte de X\u00e0bia s\u2019exposa a C\u00f2rdova","og_description":"El tinter copte del Muntanyar de X\u00e0bia forma part de l\u2019exposici\u00f3 \u201cEl despertar a la vida. Inf\u00e0ncia i&hellip;","og_url":"https:\/\/canfali.com\/ca-es\/el-tinter-copte-de-xabia-sexposa-a-cordova\/","og_site_name":"Canfali","article_publisher":"https:\/\/es-es.facebook.com\/CANFALIMarinaAlta","article_published_time":"2025-12-04T21:01:08+00:00","article_modified_time":"2025-12-04T21:02:01+00:00","og_image":[{"width":1600,"height":1200,"url":"https:\/\/canfali.com\/app\/uploads\/2025\/12\/8tinter3.jpeg","type":"image\/jpeg"}],"author":"Lluis","twitter_card":"summary_large_image","twitter_creator":"@canfalima","twitter_site":"@canfalima","twitter_misc":{"Written by":"Lluis","Est. reading time":"2 minutes"},"schema":{"@context":"https:\/\/schema.org","@graph":[{"@type":"NewsArticle","@id":"https:\/\/canfali.com\/ca-es\/el-tinter-copte-de-xabia-sexposa-a-cordova\/#article","isPartOf":{"@id":"https:\/\/canfali.com\/ca-es\/el-tinter-copte-de-xabia-sexposa-a-cordova\/"},"author":{"name":"Lluis","@id":"https:\/\/canfali.com\/ca-es\/#\/schema\/person\/f540a86fb33e10daaae53c59ceaa1194"},"headline":"El tinter copte de X\u00e0bia s\u2019exposa a C\u00f2rdova","datePublished":"2025-12-04T21:01:08+00:00","dateModified":"2025-12-04T21:02:01+00:00","mainEntityOfPage":{"@id":"https:\/\/canfali.com\/ca-es\/el-tinter-copte-de-xabia-sexposa-a-cordova\/"},"wordCount":345,"publisher":{"@id":"https:\/\/canfali.com\/ca-es\/#organization"},"image":{"@id":"https:\/\/canfali.com\/ca-es\/el-tinter-copte-de-xabia-sexposa-a-cordova\/#primaryimage"},"thumbnailUrl":"https:\/\/canfali.com\/app\/uploads\/2025\/12\/8tinter3.jpeg","articleSection":["Cultura","Cultura","Municipal"],"inLanguage":"va-ES","copyrightYear":"2025","copyrightHolder":{"@id":"https:\/\/canfali.com\/#organization"}},{"@type":"WebPage","@id":"https:\/\/canfali.com\/ca-es\/el-tinter-copte-de-xabia-sexposa-a-cordova\/","url":"https:\/\/canfali.com\/ca-es\/el-tinter-copte-de-xabia-sexposa-a-cordova\/","name":"El tinter copte de X\u00e0bia s\u2019exposa a C\u00f2rdova - Canfali","isPartOf":{"@id":"https:\/\/canfali.com\/ca-es\/#website"},"primaryImageOfPage":{"@id":"https:\/\/canfali.com\/ca-es\/el-tinter-copte-de-xabia-sexposa-a-cordova\/#primaryimage"},"image":{"@id":"https:\/\/canfali.com\/ca-es\/el-tinter-copte-de-xabia-sexposa-a-cordova\/#primaryimage"},"thumbnailUrl":"https:\/\/canfali.com\/app\/uploads\/2025\/12\/8tinter3.jpeg","datePublished":"2025-12-04T21:01:08+00:00","dateModified":"2025-12-04T21:02:01+00:00","breadcrumb":{"@id":"https:\/\/canfali.com\/ca-es\/el-tinter-copte-de-xabia-sexposa-a-cordova\/#breadcrumb"},"inLanguage":"va-ES","potentialAction":[{"@type":"ReadAction","target":["https:\/\/canfali.com\/ca-es\/el-tinter-copte-de-xabia-sexposa-a-cordova\/"]}]},{"@type":"ImageObject","inLanguage":"va-ES","@id":"https:\/\/canfali.com\/ca-es\/el-tinter-copte-de-xabia-sexposa-a-cordova\/#primaryimage","url":"https:\/\/canfali.com\/app\/uploads\/2025\/12\/8tinter3.jpeg","contentUrl":"https:\/\/canfali.com\/app\/uploads\/2025\/12\/8tinter3.jpeg","width":1600,"height":1200},{"@type":"BreadcrumbList","@id":"https:\/\/canfali.com\/ca-es\/el-tinter-copte-de-xabia-sexposa-a-cordova\/#breadcrumb","itemListElement":[{"@type":"ListItem","position":1,"name":"Portada","item":"https:\/\/canfali.com\/ca-es\/"},{"@type":"ListItem","position":2,"name":"El tinter copte de X\u00e0bia s\u2019exposa a C\u00f2rdova"}]},{"@type":"WebSite","@id":"https:\/\/canfali.com\/ca-es\/#website","url":"https:\/\/canfali.com\/ca-es\/","name":"Canfali","description":"","publisher":{"@id":"https:\/\/canfali.com\/ca-es\/#organization"},"potentialAction":[{"@type":"SearchAction","target":{"@type":"EntryPoint","urlTemplate":"https:\/\/canfali.com\/ca-es\/?s={search_term_string}"},"query-input":{"@type":"PropertyValueSpecification","valueRequired":true,"valueName":"search_term_string"}}],"inLanguage":"va-ES"},{"@type":"Organization","@id":"https:\/\/canfali.com\/ca-es\/#organization","name":"Canfali","url":"https:\/\/canfali.com\/ca-es\/","logo":{"@type":"ImageObject","inLanguage":"va-ES","@id":"https:\/\/canfali.com\/ca-es\/#\/schema\/logo\/image\/","url":"https:\/\/canfali.com\/app\/uploads\/2025\/12\/canfali_marina_alta_logo.png","contentUrl":"https:\/\/canfali.com\/app\/uploads\/2025\/12\/canfali_marina_alta_logo.png","width":225,"height":225,"caption":"Canfali"},"image":{"@id":"https:\/\/canfali.com\/ca-es\/#\/schema\/logo\/image\/"},"sameAs":["https:\/\/es-es.facebook.com\/CANFALIMarinaAlta","https:\/\/x.com\/canfalima","https:\/\/www.instagram.com\/canfalimarinaalta\/"]},{"@type":"Person","@id":"https:\/\/canfali.com\/ca-es\/#\/schema\/person\/f540a86fb33e10daaae53c59ceaa1194","name":"Lluis","image":{"@type":"ImageObject","inLanguage":"va-ES","@id":"https:\/\/secure.gravatar.com\/avatar\/a21ec8835290e4e02ed0886b8cb327d807d0eb6ec8ccf25d4c2a0a415f506c0d?s=96&d=mm&r=g","url":"https:\/\/secure.gravatar.com\/avatar\/a21ec8835290e4e02ed0886b8cb327d807d0eb6ec8ccf25d4c2a0a415f506c0d?s=96&d=mm&r=g","contentUrl":"https:\/\/secure.gravatar.com\/avatar\/a21ec8835290e4e02ed0886b8cb327d807d0eb6ec8ccf25d4c2a0a415f506c0d?s=96&d=mm&r=g","caption":"Lluis"},"url":"https:\/\/canfali.com\/ca-es\/author\/lluis\/"}]}},"_links":{"self":[{"href":"https:\/\/canfali.com\/ca-es\/wp-json\/wp\/v2\/posts\/83286","targetHints":{"allow":["GET"]}}],"collection":[{"href":"https:\/\/canfali.com\/ca-es\/wp-json\/wp\/v2\/posts"}],"about":[{"href":"https:\/\/canfali.com\/ca-es\/wp-json\/wp\/v2\/types\/post"}],"author":[{"embeddable":true,"href":"https:\/\/canfali.com\/ca-es\/wp-json\/wp\/v2\/users\/8"}],"replies":[{"embeddable":true,"href":"https:\/\/canfali.com\/ca-es\/wp-json\/wp\/v2\/comments?post=83286"}],"version-history":[{"count":1,"href":"https:\/\/canfali.com\/ca-es\/wp-json\/wp\/v2\/posts\/83286\/revisions"}],"predecessor-version":[{"id":83287,"href":"https:\/\/canfali.com\/ca-es\/wp-json\/wp\/v2\/posts\/83286\/revisions\/83287"}],"wp:featuredmedia":[{"embeddable":true,"href":"https:\/\/canfali.com\/ca-es\/wp-json\/wp\/v2\/media\/83282"}],"wp:attachment":[{"href":"https:\/\/canfali.com\/ca-es\/wp-json\/wp\/v2\/media?parent=83286"}],"wp:term":[{"taxonomy":"category","embeddable":true,"href":"https:\/\/canfali.com\/ca-es\/wp-json\/wp\/v2\/categories?post=83286"},{"taxonomy":"post_tag","embeddable":true,"href":"https:\/\/canfali.com\/ca-es\/wp-json\/wp\/v2\/tags?post=83286"}],"curies":[{"name":"wp","href":"https:\/\/api.w.org\/{rel}","templated":true}]}}