{"id":83276,"date":"2025-12-04T21:39:05","date_gmt":"2025-12-04T20:39:05","guid":{"rendered":"https:\/\/canfali.com\/el-pulido-competicion-subcampio-de-rallyes-de-regularitat\/"},"modified":"2025-12-04T21:41:35","modified_gmt":"2025-12-04T20:41:35","slug":"el-pulido-competicion-subcampio-de-rallyes-de-regularitat","status":"publish","type":"post","link":"https:\/\/canfali.com\/ca-es\/el-pulido-competicion-subcampio-de-rallyes-de-regularitat\/","title":{"rendered":"L&#8217;equip Pulido, subcampi\u00f3 de Rallyes de Regularitat"},"content":{"rendered":"\n<p>L\u2019equip Pulido Competici\u00f3n ha tancat una temporada hist\u00f2rica despr\u00e9s de proclamar-se subcampi\u00f3 del Campionat de Rallyes de Regularitat Sport de la Comunitat Valenciana 2025, i despr\u00e9s de completar amb \u00e8xit totes les proves del calendari auton\u00f2mic. El conjunt, format pel pilot Antonio Pulido Palomares i el copilot Cristian Pulido Almod\u00f3var, el seu fill, ha tornat enguany a la competici\u00f3 amb un projecte totalment familiar i artesanal, amb origen a la Marina Alta i sostingut per un grup d\u2019amics i col\u00b7laboradors.<br\/><\/p>\n\n<figure class=\"wp-block-image size-large\"><img decoding=\"async\" src=\"https:\/\/canfali.com\/app\/uploads\/2025\/12\/8rally5-1024x768.jpg.webp\" alt=\"\" class=\"wp-image-83267\"\/><\/figure>\n\n<p>La temporada ha incl\u00f2s els rallyes de Busot, Cer\u00e0mica a Castell\u00f3, Terol, Xixona, La Nucia (en les seues dues edicions) i el Rallye Ciutat de Val\u00e8ncia, disputat este \u00faltim cap de setmana. L\u2019equip ha mantingut un rendiment constant al llarg de totes les proves, amb resultats destacats com els tercers llocs a Busot, Terol i La Nucia 2, a m\u00e9s d\u2019un quart lloc a La Nucia 1 i un altre a Val\u00e8ncia. Estos resultats han perm\u00e9s tancar el certamen en la segona posici\u00f3 final, aconseguint aix\u00ed el subcampionat auton\u00f2mic en la modalitat de Regularitat Sport.<br\/><\/p>\n\n<figure class=\"wp-block-image size-large\"><img decoding=\"async\" src=\"https:\/\/canfali.com\/app\/uploads\/2025\/12\/8rally3-1024x768.jpg.webp\" alt=\"\" class=\"wp-image-83269\"\/><\/figure>\n\n<p>Pulido Competici\u00f3n torna a l\u2019activitat m\u00e9s de dues d\u00e8cades despr\u00e9s de la seua primera etapa esportiva, compresa entre 1994 i 1998, quan competiren en rallyes i proves de muntanya amb el seu Peugeot 205 GTI, conegut com \u201cel Boet\u201d. Este retorn s\u2019ha materialitzat amb un equip renovat, que reunix persones de diferents edats i localitats de la Marina Alta, unides per la mateixa passi\u00f3 pel motor.<br\/><\/p>\n\n<figure class=\"wp-block-image size-large\"><img decoding=\"async\" src=\"https:\/\/canfali.com\/app\/uploads\/2025\/12\/8rally8-1024x683.jpg.webp\" alt=\"\" class=\"wp-image-83271\"\/><\/figure>\n\n<p>El vehicle utilitzat esta temporada ha sigut un Ford Escort XR3i 1.6 EFI de 1990, batejat com a \u201cBoet 2\u201d, completament desmuntat i reconstru\u00eft de manera artesanal per a complir la normativa de seguretat de la Federaci\u00f3 d\u2019Automobilisme de la Comunitat Valenciana. Tant el treball mec\u00e0nic com la preparaci\u00f3 t\u00e8cnica han sigut realitzats \u00edntegrament pel mateix equip, sense intervenci\u00f3 de preparadors externs.<br\/><\/p>\n\n<figure class=\"wp-block-image size-large\"><img decoding=\"async\" src=\"https:\/\/canfali.com\/app\/uploads\/2025\/12\/8rally10-1024x683.jpg.webp\" alt=\"\" class=\"wp-image-83273\"\/><\/figure>\n\n<p>El grup hum\u00e0 que fa possible este projecte est\u00e0 format per familiars i amics que exercixen les funcions de mec\u00e0nics, assist\u00e8ncia i gesti\u00f3 de xarxes socials, consolidant aix\u00ed un model de treball pr\u00f2xim, autodidacta i basat en l\u2019esfor\u00e7 col\u00b7lectiu. Tamb\u00e9 han comptat amb el suport de diversos esponsors.<br\/><\/p>\n","protected":false},"excerpt":{"rendered":"L\u2019equip Pulido Competici\u00f3n ha tancat una temporada hist\u00f2rica despr\u00e9s de proclamar-se subcampi\u00f3 del Campionat de Rallyes de Regularitat&hellip;","protected":false},"author":8,"featured_media":83266,"comment_status":"closed","ping_status":"closed","sticky":false,"template":"","format":"standard","meta":{"csco_display_header_overlay":false,"csco_singular_sidebar":"","csco_page_header_type":"","csco_page_load_nextpost":"","csco_post_video_location":[],"csco_post_video_location_hash":"","csco_post_video_url":"","csco_post_video_bg_start_time":0,"csco_post_video_bg_end_time":0,"footnotes":""},"categories":[573,598,603,1],"tags":[],"class_list":{"0":"post-83276","1":"post","2":"type-post","3":"status-publish","4":"format-standard","5":"has-post-thumbnail","7":"category-deportes-2","8":"category-esports","9":"category-motor-ca-es","10":"category-sin-categorizar","11":"cs-entry","12":"cs-video-wrap"},"yoast_head":"<!-- This site is optimized with the Yoast SEO Premium plugin v26.6 (Yoast SEO v27.3) - https:\/\/yoast.com\/product\/yoast-seo-premium-wordpress\/ -->\n<title>L&#039;equip Pulido, subcampi\u00f3 de Rallyes de Regularitat - Canfali<\/title>\n<meta name=\"robots\" content=\"index, follow, max-snippet:-1, max-image-preview:large, max-video-preview:-1\" \/>\n<link rel=\"canonical\" href=\"https:\/\/canfali.com\/ca-es\/el-pulido-competicion-subcampio-de-rallyes-de-regularitat\/\" \/>\n<meta property=\"og:locale\" content=\"en_US\" \/>\n<meta property=\"og:type\" content=\"article\" \/>\n<meta property=\"og:title\" content=\"L&#039;equip Pulido, subcampi\u00f3 de Rallyes de Regularitat\" \/>\n<meta property=\"og:description\" content=\"L\u2019equip Pulido Competici\u00f3n ha tancat una temporada hist\u00f2rica despr\u00e9s de proclamar-se subcampi\u00f3 del Campionat de Rallyes de Regularitat&hellip;\" \/>\n<meta property=\"og:url\" content=\"https:\/\/canfali.com\/ca-es\/el-pulido-competicion-subcampio-de-rallyes-de-regularitat\/\" \/>\n<meta property=\"og:site_name\" content=\"Canfali\" \/>\n<meta property=\"article:publisher\" content=\"https:\/\/es-es.facebook.com\/CANFALIMarinaAlta\" \/>\n<meta property=\"article:published_time\" content=\"2025-12-04T20:39:05+00:00\" \/>\n<meta property=\"article:modified_time\" content=\"2025-12-04T20:41:35+00:00\" \/>\n<meta property=\"og:image\" content=\"https:\/\/canfali.com\/app\/uploads\/2025\/12\/8rally2.jpg\" \/>\n\t<meta property=\"og:image:width\" content=\"1600\" \/>\n\t<meta property=\"og:image:height\" content=\"1200\" \/>\n\t<meta property=\"og:image:type\" content=\"image\/jpeg\" \/>\n<meta name=\"author\" content=\"Lluis\" \/>\n<meta name=\"twitter:card\" content=\"summary_large_image\" \/>\n<meta name=\"twitter:creator\" content=\"@canfalima\" \/>\n<meta name=\"twitter:site\" content=\"@canfalima\" \/>\n<meta name=\"twitter:label1\" content=\"Written by\" \/>\n\t<meta name=\"twitter:data1\" content=\"Lluis\" \/>\n\t<meta name=\"twitter:label2\" content=\"Est. reading time\" \/>\n\t<meta name=\"twitter:data2\" content=\"2 minutes\" \/>\n<script type=\"application\/ld+json\" class=\"yoast-schema-graph\">{\"@context\":\"https:\\\/\\\/schema.org\",\"@graph\":[{\"@type\":\"NewsArticle\",\"@id\":\"https:\\\/\\\/canfali.com\\\/ca-es\\\/el-pulido-competicion-subcampio-de-rallyes-de-regularitat\\\/#article\",\"isPartOf\":{\"@id\":\"https:\\\/\\\/canfali.com\\\/ca-es\\\/el-pulido-competicion-subcampio-de-rallyes-de-regularitat\\\/\"},\"author\":{\"name\":\"Lluis\",\"@id\":\"https:\\\/\\\/canfali.com\\\/ca-es\\\/#\\\/schema\\\/person\\\/f540a86fb33e10daaae53c59ceaa1194\"},\"headline\":\"L&#8217;equip Pulido, subcampi\u00f3 de Rallyes de Regularitat\",\"datePublished\":\"2025-12-04T20:39:05+00:00\",\"dateModified\":\"2025-12-04T20:41:35+00:00\",\"mainEntityOfPage\":{\"@id\":\"https:\\\/\\\/canfali.com\\\/ca-es\\\/el-pulido-competicion-subcampio-de-rallyes-de-regularitat\\\/\"},\"wordCount\":384,\"publisher\":{\"@id\":\"https:\\\/\\\/canfali.com\\\/ca-es\\\/#organization\"},\"image\":{\"@id\":\"https:\\\/\\\/canfali.com\\\/ca-es\\\/el-pulido-competicion-subcampio-de-rallyes-de-regularitat\\\/#primaryimage\"},\"thumbnailUrl\":\"https:\\\/\\\/canfali.com\\\/app\\\/uploads\\\/2025\\\/12\\\/8rally2.jpg\",\"articleSection\":[\"Deportes\",\"Esports\",\"Motor\",\"Sin categorizar\"],\"inLanguage\":\"va-ES\",\"copyrightYear\":\"2025\",\"copyrightHolder\":{\"@id\":\"https:\\\/\\\/canfali.com\\\/#organization\"}},{\"@type\":\"WebPage\",\"@id\":\"https:\\\/\\\/canfali.com\\\/ca-es\\\/el-pulido-competicion-subcampio-de-rallyes-de-regularitat\\\/\",\"url\":\"https:\\\/\\\/canfali.com\\\/ca-es\\\/el-pulido-competicion-subcampio-de-rallyes-de-regularitat\\\/\",\"name\":\"L'equip Pulido, subcampi\u00f3 de Rallyes de Regularitat - Canfali\",\"isPartOf\":{\"@id\":\"https:\\\/\\\/canfali.com\\\/ca-es\\\/#website\"},\"primaryImageOfPage\":{\"@id\":\"https:\\\/\\\/canfali.com\\\/ca-es\\\/el-pulido-competicion-subcampio-de-rallyes-de-regularitat\\\/#primaryimage\"},\"image\":{\"@id\":\"https:\\\/\\\/canfali.com\\\/ca-es\\\/el-pulido-competicion-subcampio-de-rallyes-de-regularitat\\\/#primaryimage\"},\"thumbnailUrl\":\"https:\\\/\\\/canfali.com\\\/app\\\/uploads\\\/2025\\\/12\\\/8rally2.jpg\",\"datePublished\":\"2025-12-04T20:39:05+00:00\",\"dateModified\":\"2025-12-04T20:41:35+00:00\",\"breadcrumb\":{\"@id\":\"https:\\\/\\\/canfali.com\\\/ca-es\\\/el-pulido-competicion-subcampio-de-rallyes-de-regularitat\\\/#breadcrumb\"},\"inLanguage\":\"va-ES\",\"potentialAction\":[{\"@type\":\"ReadAction\",\"target\":[\"https:\\\/\\\/canfali.com\\\/ca-es\\\/el-pulido-competicion-subcampio-de-rallyes-de-regularitat\\\/\"]}]},{\"@type\":\"ImageObject\",\"inLanguage\":\"va-ES\",\"@id\":\"https:\\\/\\\/canfali.com\\\/ca-es\\\/el-pulido-competicion-subcampio-de-rallyes-de-regularitat\\\/#primaryimage\",\"url\":\"https:\\\/\\\/canfali.com\\\/app\\\/uploads\\\/2025\\\/12\\\/8rally2.jpg\",\"contentUrl\":\"https:\\\/\\\/canfali.com\\\/app\\\/uploads\\\/2025\\\/12\\\/8rally2.jpg\",\"width\":1600,\"height\":1200},{\"@type\":\"BreadcrumbList\",\"@id\":\"https:\\\/\\\/canfali.com\\\/ca-es\\\/el-pulido-competicion-subcampio-de-rallyes-de-regularitat\\\/#breadcrumb\",\"itemListElement\":[{\"@type\":\"ListItem\",\"position\":1,\"name\":\"Portada\",\"item\":\"https:\\\/\\\/canfali.com\\\/ca-es\\\/\"},{\"@type\":\"ListItem\",\"position\":2,\"name\":\"L&#8217;equip Pulido, subcampi\u00f3 de Rallyes de Regularitat\"}]},{\"@type\":\"WebSite\",\"@id\":\"https:\\\/\\\/canfali.com\\\/ca-es\\\/#website\",\"url\":\"https:\\\/\\\/canfali.com\\\/ca-es\\\/\",\"name\":\"Canfali\",\"description\":\"\",\"publisher\":{\"@id\":\"https:\\\/\\\/canfali.com\\\/ca-es\\\/#organization\"},\"potentialAction\":[{\"@type\":\"SearchAction\",\"target\":{\"@type\":\"EntryPoint\",\"urlTemplate\":\"https:\\\/\\\/canfali.com\\\/ca-es\\\/?s={search_term_string}\"},\"query-input\":{\"@type\":\"PropertyValueSpecification\",\"valueRequired\":true,\"valueName\":\"search_term_string\"}}],\"inLanguage\":\"va-ES\"},{\"@type\":\"Organization\",\"@id\":\"https:\\\/\\\/canfali.com\\\/ca-es\\\/#organization\",\"name\":\"Canfali\",\"url\":\"https:\\\/\\\/canfali.com\\\/ca-es\\\/\",\"logo\":{\"@type\":\"ImageObject\",\"inLanguage\":\"va-ES\",\"@id\":\"https:\\\/\\\/canfali.com\\\/ca-es\\\/#\\\/schema\\\/logo\\\/image\\\/\",\"url\":\"https:\\\/\\\/canfali.com\\\/app\\\/uploads\\\/2025\\\/12\\\/canfali_marina_alta_logo.png\",\"contentUrl\":\"https:\\\/\\\/canfali.com\\\/app\\\/uploads\\\/2025\\\/12\\\/canfali_marina_alta_logo.png\",\"width\":225,\"height\":225,\"caption\":\"Canfali\"},\"image\":{\"@id\":\"https:\\\/\\\/canfali.com\\\/ca-es\\\/#\\\/schema\\\/logo\\\/image\\\/\"},\"sameAs\":[\"https:\\\/\\\/es-es.facebook.com\\\/CANFALIMarinaAlta\",\"https:\\\/\\\/x.com\\\/canfalima\",\"https:\\\/\\\/www.instagram.com\\\/canfalimarinaalta\\\/\"]},{\"@type\":\"Person\",\"@id\":\"https:\\\/\\\/canfali.com\\\/ca-es\\\/#\\\/schema\\\/person\\\/f540a86fb33e10daaae53c59ceaa1194\",\"name\":\"Lluis\",\"image\":{\"@type\":\"ImageObject\",\"inLanguage\":\"va-ES\",\"@id\":\"https:\\\/\\\/secure.gravatar.com\\\/avatar\\\/a21ec8835290e4e02ed0886b8cb327d807d0eb6ec8ccf25d4c2a0a415f506c0d?s=96&d=mm&r=g\",\"url\":\"https:\\\/\\\/secure.gravatar.com\\\/avatar\\\/a21ec8835290e4e02ed0886b8cb327d807d0eb6ec8ccf25d4c2a0a415f506c0d?s=96&d=mm&r=g\",\"contentUrl\":\"https:\\\/\\\/secure.gravatar.com\\\/avatar\\\/a21ec8835290e4e02ed0886b8cb327d807d0eb6ec8ccf25d4c2a0a415f506c0d?s=96&d=mm&r=g\",\"caption\":\"Lluis\"},\"url\":\"https:\\\/\\\/canfali.com\\\/ca-es\\\/author\\\/lluis\\\/\"}]}<\/script>\n<!-- \/ Yoast SEO Premium plugin. -->","yoast_head_json":{"title":"L'equip Pulido, subcampi\u00f3 de Rallyes de Regularitat - Canfali","robots":{"index":"index","follow":"follow","max-snippet":"max-snippet:-1","max-image-preview":"max-image-preview:large","max-video-preview":"max-video-preview:-1"},"canonical":"https:\/\/canfali.com\/ca-es\/el-pulido-competicion-subcampio-de-rallyes-de-regularitat\/","og_locale":"en_US","og_type":"article","og_title":"L'equip Pulido, subcampi\u00f3 de Rallyes de Regularitat","og_description":"L\u2019equip Pulido Competici\u00f3n ha tancat una temporada hist\u00f2rica despr\u00e9s de proclamar-se subcampi\u00f3 del Campionat de Rallyes de Regularitat&hellip;","og_url":"https:\/\/canfali.com\/ca-es\/el-pulido-competicion-subcampio-de-rallyes-de-regularitat\/","og_site_name":"Canfali","article_publisher":"https:\/\/es-es.facebook.com\/CANFALIMarinaAlta","article_published_time":"2025-12-04T20:39:05+00:00","article_modified_time":"2025-12-04T20:41:35+00:00","og_image":[{"width":1600,"height":1200,"url":"https:\/\/canfali.com\/app\/uploads\/2025\/12\/8rally2.jpg","type":"image\/jpeg"}],"author":"Lluis","twitter_card":"summary_large_image","twitter_creator":"@canfalima","twitter_site":"@canfalima","twitter_misc":{"Written by":"Lluis","Est. reading time":"2 minutes"},"schema":{"@context":"https:\/\/schema.org","@graph":[{"@type":"NewsArticle","@id":"https:\/\/canfali.com\/ca-es\/el-pulido-competicion-subcampio-de-rallyes-de-regularitat\/#article","isPartOf":{"@id":"https:\/\/canfali.com\/ca-es\/el-pulido-competicion-subcampio-de-rallyes-de-regularitat\/"},"author":{"name":"Lluis","@id":"https:\/\/canfali.com\/ca-es\/#\/schema\/person\/f540a86fb33e10daaae53c59ceaa1194"},"headline":"L&#8217;equip Pulido, subcampi\u00f3 de Rallyes de Regularitat","datePublished":"2025-12-04T20:39:05+00:00","dateModified":"2025-12-04T20:41:35+00:00","mainEntityOfPage":{"@id":"https:\/\/canfali.com\/ca-es\/el-pulido-competicion-subcampio-de-rallyes-de-regularitat\/"},"wordCount":384,"publisher":{"@id":"https:\/\/canfali.com\/ca-es\/#organization"},"image":{"@id":"https:\/\/canfali.com\/ca-es\/el-pulido-competicion-subcampio-de-rallyes-de-regularitat\/#primaryimage"},"thumbnailUrl":"https:\/\/canfali.com\/app\/uploads\/2025\/12\/8rally2.jpg","articleSection":["Deportes","Esports","Motor","Sin categorizar"],"inLanguage":"va-ES","copyrightYear":"2025","copyrightHolder":{"@id":"https:\/\/canfali.com\/#organization"}},{"@type":"WebPage","@id":"https:\/\/canfali.com\/ca-es\/el-pulido-competicion-subcampio-de-rallyes-de-regularitat\/","url":"https:\/\/canfali.com\/ca-es\/el-pulido-competicion-subcampio-de-rallyes-de-regularitat\/","name":"L'equip Pulido, subcampi\u00f3 de Rallyes de Regularitat - Canfali","isPartOf":{"@id":"https:\/\/canfali.com\/ca-es\/#website"},"primaryImageOfPage":{"@id":"https:\/\/canfali.com\/ca-es\/el-pulido-competicion-subcampio-de-rallyes-de-regularitat\/#primaryimage"},"image":{"@id":"https:\/\/canfali.com\/ca-es\/el-pulido-competicion-subcampio-de-rallyes-de-regularitat\/#primaryimage"},"thumbnailUrl":"https:\/\/canfali.com\/app\/uploads\/2025\/12\/8rally2.jpg","datePublished":"2025-12-04T20:39:05+00:00","dateModified":"2025-12-04T20:41:35+00:00","breadcrumb":{"@id":"https:\/\/canfali.com\/ca-es\/el-pulido-competicion-subcampio-de-rallyes-de-regularitat\/#breadcrumb"},"inLanguage":"va-ES","potentialAction":[{"@type":"ReadAction","target":["https:\/\/canfali.com\/ca-es\/el-pulido-competicion-subcampio-de-rallyes-de-regularitat\/"]}]},{"@type":"ImageObject","inLanguage":"va-ES","@id":"https:\/\/canfali.com\/ca-es\/el-pulido-competicion-subcampio-de-rallyes-de-regularitat\/#primaryimage","url":"https:\/\/canfali.com\/app\/uploads\/2025\/12\/8rally2.jpg","contentUrl":"https:\/\/canfali.com\/app\/uploads\/2025\/12\/8rally2.jpg","width":1600,"height":1200},{"@type":"BreadcrumbList","@id":"https:\/\/canfali.com\/ca-es\/el-pulido-competicion-subcampio-de-rallyes-de-regularitat\/#breadcrumb","itemListElement":[{"@type":"ListItem","position":1,"name":"Portada","item":"https:\/\/canfali.com\/ca-es\/"},{"@type":"ListItem","position":2,"name":"L&#8217;equip Pulido, subcampi\u00f3 de Rallyes de Regularitat"}]},{"@type":"WebSite","@id":"https:\/\/canfali.com\/ca-es\/#website","url":"https:\/\/canfali.com\/ca-es\/","name":"Canfali","description":"","publisher":{"@id":"https:\/\/canfali.com\/ca-es\/#organization"},"potentialAction":[{"@type":"SearchAction","target":{"@type":"EntryPoint","urlTemplate":"https:\/\/canfali.com\/ca-es\/?s={search_term_string}"},"query-input":{"@type":"PropertyValueSpecification","valueRequired":true,"valueName":"search_term_string"}}],"inLanguage":"va-ES"},{"@type":"Organization","@id":"https:\/\/canfali.com\/ca-es\/#organization","name":"Canfali","url":"https:\/\/canfali.com\/ca-es\/","logo":{"@type":"ImageObject","inLanguage":"va-ES","@id":"https:\/\/canfali.com\/ca-es\/#\/schema\/logo\/image\/","url":"https:\/\/canfali.com\/app\/uploads\/2025\/12\/canfali_marina_alta_logo.png","contentUrl":"https:\/\/canfali.com\/app\/uploads\/2025\/12\/canfali_marina_alta_logo.png","width":225,"height":225,"caption":"Canfali"},"image":{"@id":"https:\/\/canfali.com\/ca-es\/#\/schema\/logo\/image\/"},"sameAs":["https:\/\/es-es.facebook.com\/CANFALIMarinaAlta","https:\/\/x.com\/canfalima","https:\/\/www.instagram.com\/canfalimarinaalta\/"]},{"@type":"Person","@id":"https:\/\/canfali.com\/ca-es\/#\/schema\/person\/f540a86fb33e10daaae53c59ceaa1194","name":"Lluis","image":{"@type":"ImageObject","inLanguage":"va-ES","@id":"https:\/\/secure.gravatar.com\/avatar\/a21ec8835290e4e02ed0886b8cb327d807d0eb6ec8ccf25d4c2a0a415f506c0d?s=96&d=mm&r=g","url":"https:\/\/secure.gravatar.com\/avatar\/a21ec8835290e4e02ed0886b8cb327d807d0eb6ec8ccf25d4c2a0a415f506c0d?s=96&d=mm&r=g","contentUrl":"https:\/\/secure.gravatar.com\/avatar\/a21ec8835290e4e02ed0886b8cb327d807d0eb6ec8ccf25d4c2a0a415f506c0d?s=96&d=mm&r=g","caption":"Lluis"},"url":"https:\/\/canfali.com\/ca-es\/author\/lluis\/"}]}},"_links":{"self":[{"href":"https:\/\/canfali.com\/ca-es\/wp-json\/wp\/v2\/posts\/83276","targetHints":{"allow":["GET"]}}],"collection":[{"href":"https:\/\/canfali.com\/ca-es\/wp-json\/wp\/v2\/posts"}],"about":[{"href":"https:\/\/canfali.com\/ca-es\/wp-json\/wp\/v2\/types\/post"}],"author":[{"embeddable":true,"href":"https:\/\/canfali.com\/ca-es\/wp-json\/wp\/v2\/users\/8"}],"replies":[{"embeddable":true,"href":"https:\/\/canfali.com\/ca-es\/wp-json\/wp\/v2\/comments?post=83276"}],"version-history":[{"count":2,"href":"https:\/\/canfali.com\/ca-es\/wp-json\/wp\/v2\/posts\/83276\/revisions"}],"predecessor-version":[{"id":83279,"href":"https:\/\/canfali.com\/ca-es\/wp-json\/wp\/v2\/posts\/83276\/revisions\/83279"}],"wp:featuredmedia":[{"embeddable":true,"href":"https:\/\/canfali.com\/ca-es\/wp-json\/wp\/v2\/media\/83266"}],"wp:attachment":[{"href":"https:\/\/canfali.com\/ca-es\/wp-json\/wp\/v2\/media?parent=83276"}],"wp:term":[{"taxonomy":"category","embeddable":true,"href":"https:\/\/canfali.com\/ca-es\/wp-json\/wp\/v2\/categories?post=83276"},{"taxonomy":"post_tag","embeddable":true,"href":"https:\/\/canfali.com\/ca-es\/wp-json\/wp\/v2\/tags?post=83276"}],"curies":[{"name":"wp","href":"https:\/\/api.w.org\/{rel}","templated":true}]}}