{"id":83243,"date":"2025-12-04T13:03:39","date_gmt":"2025-12-04T12:03:39","guid":{"rendered":"https:\/\/canfali.com\/?p=83243"},"modified":"2025-12-04T13:05:36","modified_gmt":"2025-12-04T12:05:36","slug":"tallers-musica-jocs-i-tradicio-a-lagenda-nadalenca-de-pego","status":"publish","type":"post","link":"https:\/\/canfali.com\/ca-es\/tallers-musica-jocs-i-tradicio-a-lagenda-nadalenca-de-pego\/","title":{"rendered":"Tallers, m\u00fasica, jocs i tradici\u00f3 a l\u2019agenda nadalenca de Pego"},"content":{"rendered":"\n<p><strong>Ha estat elaborada en conjunt per les Regidories de Promoci\u00f3 Econ\u00f2mica, Festes i Joventut<\/strong><\/p>\n\n\n\n<p>L\u2019Ajuntament de Pego ha tractat de que la m\u00e0gia nadalenca embolique els carrers del municipi des dels primer dies del mes de desembre amb l\u2019agenda configurada conjuntament per les Regidories de Promoci\u00f3 Econ\u00f2mica, Festes i Joventut.<\/p>\n\n\n\n<p>&nbsp;&nbsp;&nbsp;&nbsp;&nbsp;&nbsp; L\u2019agenda t\u00e9 previst desc\u00f3rrer el tel\u00f3 dem\u00e0 divendres a les 18.30 hores amb l\u2019encesa de llums, emmarcada en la <em>Nit Blanca<\/em> del comer\u00e7 com a iniciativa en la qual els establiments adscrits a l\u2019Associaci\u00f3 de Comerciants aprofundeixen en una cita institucionalitzada entre aquesta i el departament de Promoci\u00f3 Econ\u00f2mica-Creama. Cita que enguany contempla un taller de fanalets nadalencs i el lliurament de premis del concurs de decoraci\u00f3 d\u2019aparadors de botigues.<\/p>\n\n\n\n<figure class=\"wp-block-image size-large\"><img decoding=\"async\" src=\"https:\/\/canfali.com\/app\/uploads\/2025\/12\/Programacio-de-Nadal-Pego-724x1024.jpg.webp\" alt=\"\" class=\"wp-image-83247\"\/><\/figure>\n\n\n\n<p>\u201cL&#8217;objectiu \u00e9s crear un espai de trobada i conviv\u00e8ncia que reforce el teixit comercial i social del municipi, i per tant la Nit en Blanc \u00e9s una manera de donar les gr\u00e0cies a la clientela i de comen\u00e7ar amb Nadal amb optimisme, proximitat i alegria\u201d, destaca el responsable de l\u2019\u00e0rea, Ra\u00fcl Tamarit.<\/p>\n\n\n\n<p>La seg\u00fcent cita en el calendari nadalenc de Pego est\u00e0 previst per al dijous 11 de desembre, amb una visita per part del voluntariat de DeAmicitia a la resid\u00e8ncia de majors Sant Joan de D\u00e9u per a delectar amb un mat\u00ed de nadales a usuaris i voluntaris.<\/p>\n\n\n\n<p>Per altra banda, el dia 12 des del departament d\u2019Infojove i\u00a0 Festes, s\u2019ha organitzat un taller de ciris nadalencs, que utilitzar\u00e0 cera d&#8217;abelles per a la seua confecci\u00f3 a partir de les 18 hores per als que formalitzen la inscripci\u00f3 pr\u00e8via a la seu ubicada en els baixos de l\u2019antic institut.<\/p>\n\n\n\n<p>La m\u00fasica tindr\u00e0 agafara la seua quota de protagonisme eixe mateix cap de setmana amb el concert que el diumenge 14 oferir\u00e0 el Quartet Corda Valencia a la Biblioteca Municipal Carmen Alemany Bay a partir de les 19 hores. Concert que ha fixat el preu de les entrades a 5 euros, per a destinar la recaptaci\u00f3 a ajudar a l&#8217;associaci\u00f3 Col\u00f2nies De carrer de Pego.<\/p>\n\n\n\n<p>NOVA <em>GAME EXPERIENCE<\/em><\/p>\n\n\n\n<p>Un dels esdeveniments m\u00e9s esperats en estes dates nadalenques pels m\u00e9s xicotets i les m\u00e9s xicotetes \u00e9s la <em>Game Experience,<\/em> que combina tecnologia, nost\u00e0lgia, competici\u00f3, jocs de taula i esperit comunitari en una sola jornada. La tercera edici\u00f3 de l\u2019esdeveniment , Segons han informat des del departament de Joventut, tindr\u00e0 lloc a partir de les 11 hores del dissabte 20 en el recinte del Mercat Municipal i, a petici\u00f3 dels joves, incorpora com a novetat un torneig de F\u00f3rmula 1 dins de la zona gaming, que tamb\u00e9 acollir\u00e0 els tornejos de Mario Kart World, Fifa 26 i Fortnite, aix\u00ed com una zona de simulaci\u00f3 inspirada en Gran Turisme per a enriquir l&#8217;espai dedicat a la realitat virtual. Tornejos que, tenen obertes les mitjan\u00e7ant la p\u00e0gina oficial d&#8217;Omega World.<\/p>\n\n\n\n<p>Des del departament de Joventut, han agra\u00eft a les empreses locals Tramuntanet i Sunsionet, la facilitaci\u00f3, un any m\u00e9s, de tota la xarxa de connexions requerida i l\u2019aportaci\u00f3 de regals a sortejar entre el p\u00fablic que acudisca a gaudir de la zona de joc lliure com teclats, cascos, ratolins, videoconsoles, tauletes, Funko Pops i alguna que altra sorpreses addicional.<\/p>\n\n\n\n<p>Una altra de les grans incorporacions d&#8217;aquesta edici\u00f3 \u00e9s l&#8217;arribada dels tornejos a la zona Retro, per a oferir una experi\u00e8ncia fidel en els salons recreatius dels anys 90 amb les quals els jugadors podran optar a premis com a m\u00e0quines Microplayer i jocs de taula Gamer Quiz. Tot aix\u00f2 de forma que, mitjan\u00e7ant les m\u00e0quines cl\u00e0ssiques del Museu Arcade d&#8217;Ibi, el p\u00fablic puga competir en els tornejos<\/p>\n\n\n\n<p>emblem\u00e0tics Puzle Bobble i Super Street Fighter respectivament a les 12 i 17 hores. Per a poder fer-ho requereix inscriure\u2019s in situ una hora abans fins arribar a un m\u00e0xim de 32 jugadors.<\/p>\n\n\n\n<p>La zona comptar\u00e0, aix\u00ed i tot, amb consoles mini com a Mega Drive, Super Nintendo, NES, Play Station i Atari 2600 aix\u00ed com ordinadors retro; Commodores 64, Amiga 500, Spectrum 48K, MSX, Commodore VIC 20, per a que el p\u00fablic tinga a l\u2019abast jocs tan emblem\u00e0tics com Metall Slug, Super Sidekicks 2, Tetris o Super Pang.<\/p>\n\n\n\n<p>Paral\u00b7lelament, el festival incorpora un Espai de Jocs gestionat pels j\u00f3vens Corresponsals de Pego i els Tallers Extrajoves de jocs de taula i Escacs, amb demostracions gr\u00e0cies a la col\u00b7laboraci\u00f3 de l&#8217;empresa <em>Cayro the Games<\/em>, que aporta un ampli ventall de jocs moderns i versions retro.<\/p>\n\n\n\n<p>Tot aquest desplegament amb la suma de les empreses pegolines A Tot Color i Capritx de cara a refor\u00e7ar el car\u00e0cter comunitari de l&#8217;activitat.<\/p>\n\n\n\n<p>MUSICA PER A CAP D\u2019ANY I ARRIBADA DELS REIS<\/p>\n\n\n\n<p>L\u2019equador de l\u2019agenda nadalenca li dona especial protagonisme a la m\u00fasica, primer amb el concert que el grup \u00a0\u00a0\u00c0NIMA i el grup The Enterteiners oferiran el dia 24 a les 11 del mat\u00ed a la pla\u00e7a de l\u2019Ajuntament, i despr\u00e9s amb la sessi\u00f3 doble de campanades de l\u2019\u00faltim dia de l\u2019any en el Pla de la Font. En aquest empla\u00e7ament quedar\u00e0 ubicada la carpa que a les 11 del mat\u00ed acollir\u00e0 el prendre el ra\u00efm de les m\u00e9s xicotetes i els m\u00e9s xicotets, per a donar pas a la Festa de cap d\u2019any a Pego, a partir de les 23 hores, en la que col\u00b7labora la fil\u00e0 mora Feixucs.<\/p>\n\n\n\n<p>\u00a0\u00a0\u00a0\u00a0\u00a0\u00a0 Al tram final emergeixen les tradicions al voltant de\u00a0 l\u2019arribada de Ses Majestats els Reis Mags d&#8217;Orient, que tindran un primer cap\u00edtol el dia 4 de gener, amb la pres\u00e8ncia dels emissaris per a arreplegar les cartes dels xiquets i les Xiquetes al Campament Real que se situar\u00e0 en el Calvari de 10 a 14 hores i que tamb\u00e9 comptar\u00e0 amb la col\u00b7laboraci\u00f3 de la fil\u00e0 Feixucs. La cavalcada del dia 5 de Melcior, Gaspar i Baltasar tindr\u00e0 un primer rec\u00e9s amb la visita als usuaris i les usu\u00e0ries de la resid\u00e8ncia de majors Sant Joan de D\u00e9u a les 16 hores, abans de dirigir-se a la pla\u00e7a del Convent, per a donar pas al seguici que, a partir de les 18 hores, enfilar\u00e0 l\u2019avinguda Jaume I i el carrer Major per a arribar a la pla\u00e7a de l&#8217;Ajuntament, per a dirigir-se a tots els pegolins i pegolines, abans de comen\u00e7ar amb el treball de repartiment de regals en una nit m\u00e0gica.<\/p>\n\n\n\n<p>Segons ha manifestat la regidora de Festes i Joventut, Paula Orihuel, \u201chem preparat una programaci\u00f3 pensada per a agradar a tots els p\u00fablics, des dels m\u00e9s xicotets fins a les persones majors, perqu\u00e8 Nadal a Pego \u00e9s un moment per a gaudir en comunitat i refor\u00e7ar els lla\u00e7os que ens unixen\u201d, indica la regidora de Festes\u201d. En eixa din\u00e0mica, ha volgut agrair l&#8217;esfor\u00e7 conjunt d&#8217;associacions, comer\u00e7os, entitats locals i la implicaci\u00f3 del gran nombre de voluntaris i volunt\u00e0ries que s\u2019ha sumat a la iniciativa, aix\u00ed com la disposici\u00f3 del personal de l\u2019Ajuntament, que, segons ella \u201ces bolca cada any perqu\u00e8 estes dates es visquen amb il\u00b7lusi\u00f3, proximitat i seguretat&#8221;.<\/p>\n","protected":false},"excerpt":{"rendered":"Ha estat elaborada en conjunt per les Regidories de Promoci\u00f3 Econ\u00f2mica, Festes i Joventut L\u2019Ajuntament de Pego ha&hellip;","protected":false},"author":4,"featured_media":83244,"comment_status":"closed","ping_status":"closed","sticky":false,"template":"","format":"standard","meta":{"csco_display_header_overlay":false,"csco_singular_sidebar":"","csco_page_header_type":"","csco_page_load_nextpost":"","csco_post_video_location":[],"csco_post_video_location_hash":"","csco_post_video_url":"","csco_post_video_bg_start_time":0,"csco_post_video_bg_end_time":0,"footnotes":""},"categories":[607],"tags":[5513,1467,3157,5371],"class_list":{"0":"post-83243","1":"post","2":"type-post","3":"status-publish","4":"format-standard","5":"has-post-thumbnail","7":"category-economia-i-empreses","8":"tag-agenda-nadalenca","9":"tag-joventut","10":"tag-promocio-economica","11":"tag-regidories","12":"cs-entry","13":"cs-video-wrap"},"yoast_head":"<!-- This site is optimized with the Yoast SEO Premium plugin v26.6 (Yoast SEO v27.3) - https:\/\/yoast.com\/product\/yoast-seo-premium-wordpress\/ -->\n<title>Tallers, m\u00fasica, jocs i tradici\u00f3 a l\u2019agenda nadalenca de Pego - Canfali<\/title>\n<meta name=\"robots\" content=\"index, follow, max-snippet:-1, max-image-preview:large, max-video-preview:-1\" \/>\n<link rel=\"canonical\" href=\"https:\/\/canfali.com\/ca-es\/tallers-musica-jocs-i-tradicio-a-lagenda-nadalenca-de-pego\/\" \/>\n<meta property=\"og:locale\" content=\"en_US\" \/>\n<meta property=\"og:type\" content=\"article\" \/>\n<meta property=\"og:title\" content=\"Tallers, m\u00fasica, jocs i tradici\u00f3 a l\u2019agenda nadalenca de Pego\" \/>\n<meta property=\"og:description\" content=\"Ha estat elaborada en conjunt per les Regidories de Promoci\u00f3 Econ\u00f2mica, Festes i Joventut L\u2019Ajuntament de Pego ha&hellip;\" \/>\n<meta property=\"og:url\" content=\"https:\/\/canfali.com\/ca-es\/tallers-musica-jocs-i-tradicio-a-lagenda-nadalenca-de-pego\/\" \/>\n<meta property=\"og:site_name\" content=\"Canfali\" \/>\n<meta property=\"article:publisher\" content=\"https:\/\/es-es.facebook.com\/CANFALIMarinaAlta\" \/>\n<meta property=\"article:published_time\" content=\"2025-12-04T12:03:39+00:00\" \/>\n<meta property=\"article:modified_time\" content=\"2025-12-04T12:05:36+00:00\" \/>\n<meta property=\"og:image\" content=\"https:\/\/canfali.com\/app\/uploads\/2025\/12\/nadalapego1-scaled.jpg\" \/>\n\t<meta property=\"og:image:width\" content=\"2560\" \/>\n\t<meta property=\"og:image:height\" content=\"1440\" \/>\n\t<meta property=\"og:image:type\" content=\"image\/jpeg\" \/>\n<meta name=\"author\" content=\"JJ Mas\" \/>\n<meta name=\"twitter:card\" content=\"summary_large_image\" \/>\n<meta name=\"twitter:creator\" content=\"@canfalima\" \/>\n<meta name=\"twitter:site\" content=\"@canfalima\" \/>\n<meta name=\"twitter:label1\" content=\"Written by\" \/>\n\t<meta name=\"twitter:data1\" content=\"JJ Mas\" \/>\n\t<meta name=\"twitter:label2\" content=\"Est. reading time\" \/>\n\t<meta name=\"twitter:data2\" content=\"6 minutes\" \/>\n<script type=\"application\/ld+json\" class=\"yoast-schema-graph\">{\"@context\":\"https:\\\/\\\/schema.org\",\"@graph\":[{\"@type\":\"NewsArticle\",\"@id\":\"https:\\\/\\\/canfali.com\\\/ca-es\\\/tallers-musica-jocs-i-tradicio-a-lagenda-nadalenca-de-pego\\\/#article\",\"isPartOf\":{\"@id\":\"https:\\\/\\\/canfali.com\\\/ca-es\\\/tallers-musica-jocs-i-tradicio-a-lagenda-nadalenca-de-pego\\\/\"},\"author\":{\"name\":\"JJ Mas\",\"@id\":\"https:\\\/\\\/canfali.com\\\/ca-es\\\/#\\\/schema\\\/person\\\/d834d2d4df17cac754d3c314d4c404ef\"},\"headline\":\"Tallers, m\u00fasica, jocs i tradici\u00f3 a l\u2019agenda nadalenca de Pego\",\"datePublished\":\"2025-12-04T12:03:39+00:00\",\"dateModified\":\"2025-12-04T12:05:36+00:00\",\"mainEntityOfPage\":{\"@id\":\"https:\\\/\\\/canfali.com\\\/ca-es\\\/tallers-musica-jocs-i-tradicio-a-lagenda-nadalenca-de-pego\\\/\"},\"wordCount\":1235,\"publisher\":{\"@id\":\"https:\\\/\\\/canfali.com\\\/ca-es\\\/#organization\"},\"image\":{\"@id\":\"https:\\\/\\\/canfali.com\\\/ca-es\\\/tallers-musica-jocs-i-tradicio-a-lagenda-nadalenca-de-pego\\\/#primaryimage\"},\"thumbnailUrl\":\"https:\\\/\\\/canfali.com\\\/app\\\/uploads\\\/2025\\\/12\\\/nadalapego1-scaled.jpg\",\"keywords\":[\"Agenda nadalenca\",\"Joventut\",\"Promoci\u00f3 Econ\u00f2mica\",\"Regidories\"],\"articleSection\":[\"Economia i Empreses\"],\"inLanguage\":\"va-ES\",\"copyrightYear\":\"2025\",\"copyrightHolder\":{\"@id\":\"https:\\\/\\\/canfali.com\\\/#organization\"}},{\"@type\":\"WebPage\",\"@id\":\"https:\\\/\\\/canfali.com\\\/ca-es\\\/tallers-musica-jocs-i-tradicio-a-lagenda-nadalenca-de-pego\\\/\",\"url\":\"https:\\\/\\\/canfali.com\\\/ca-es\\\/tallers-musica-jocs-i-tradicio-a-lagenda-nadalenca-de-pego\\\/\",\"name\":\"Tallers, m\u00fasica, jocs i tradici\u00f3 a l\u2019agenda nadalenca de Pego - Canfali\",\"isPartOf\":{\"@id\":\"https:\\\/\\\/canfali.com\\\/ca-es\\\/#website\"},\"primaryImageOfPage\":{\"@id\":\"https:\\\/\\\/canfali.com\\\/ca-es\\\/tallers-musica-jocs-i-tradicio-a-lagenda-nadalenca-de-pego\\\/#primaryimage\"},\"image\":{\"@id\":\"https:\\\/\\\/canfali.com\\\/ca-es\\\/tallers-musica-jocs-i-tradicio-a-lagenda-nadalenca-de-pego\\\/#primaryimage\"},\"thumbnailUrl\":\"https:\\\/\\\/canfali.com\\\/app\\\/uploads\\\/2025\\\/12\\\/nadalapego1-scaled.jpg\",\"datePublished\":\"2025-12-04T12:03:39+00:00\",\"dateModified\":\"2025-12-04T12:05:36+00:00\",\"breadcrumb\":{\"@id\":\"https:\\\/\\\/canfali.com\\\/ca-es\\\/tallers-musica-jocs-i-tradicio-a-lagenda-nadalenca-de-pego\\\/#breadcrumb\"},\"inLanguage\":\"va-ES\",\"potentialAction\":[{\"@type\":\"ReadAction\",\"target\":[\"https:\\\/\\\/canfali.com\\\/ca-es\\\/tallers-musica-jocs-i-tradicio-a-lagenda-nadalenca-de-pego\\\/\"]}]},{\"@type\":\"ImageObject\",\"inLanguage\":\"va-ES\",\"@id\":\"https:\\\/\\\/canfali.com\\\/ca-es\\\/tallers-musica-jocs-i-tradicio-a-lagenda-nadalenca-de-pego\\\/#primaryimage\",\"url\":\"https:\\\/\\\/canfali.com\\\/app\\\/uploads\\\/2025\\\/12\\\/nadalapego1-scaled.jpg\",\"contentUrl\":\"https:\\\/\\\/canfali.com\\\/app\\\/uploads\\\/2025\\\/12\\\/nadalapego1-scaled.jpg\",\"width\":2560,\"height\":1440},{\"@type\":\"BreadcrumbList\",\"@id\":\"https:\\\/\\\/canfali.com\\\/ca-es\\\/tallers-musica-jocs-i-tradicio-a-lagenda-nadalenca-de-pego\\\/#breadcrumb\",\"itemListElement\":[{\"@type\":\"ListItem\",\"position\":1,\"name\":\"Portada\",\"item\":\"https:\\\/\\\/canfali.com\\\/ca-es\\\/\"},{\"@type\":\"ListItem\",\"position\":2,\"name\":\"Tallers, m\u00fasica, jocs i tradici\u00f3 a l\u2019agenda nadalenca de Pego\"}]},{\"@type\":\"WebSite\",\"@id\":\"https:\\\/\\\/canfali.com\\\/ca-es\\\/#website\",\"url\":\"https:\\\/\\\/canfali.com\\\/ca-es\\\/\",\"name\":\"Canfali\",\"description\":\"\",\"publisher\":{\"@id\":\"https:\\\/\\\/canfali.com\\\/ca-es\\\/#organization\"},\"potentialAction\":[{\"@type\":\"SearchAction\",\"target\":{\"@type\":\"EntryPoint\",\"urlTemplate\":\"https:\\\/\\\/canfali.com\\\/ca-es\\\/?s={search_term_string}\"},\"query-input\":{\"@type\":\"PropertyValueSpecification\",\"valueRequired\":true,\"valueName\":\"search_term_string\"}}],\"inLanguage\":\"va-ES\"},{\"@type\":\"Organization\",\"@id\":\"https:\\\/\\\/canfali.com\\\/ca-es\\\/#organization\",\"name\":\"Canfali\",\"url\":\"https:\\\/\\\/canfali.com\\\/ca-es\\\/\",\"logo\":{\"@type\":\"ImageObject\",\"inLanguage\":\"va-ES\",\"@id\":\"https:\\\/\\\/canfali.com\\\/ca-es\\\/#\\\/schema\\\/logo\\\/image\\\/\",\"url\":\"https:\\\/\\\/canfali.com\\\/app\\\/uploads\\\/2025\\\/12\\\/canfali_marina_alta_logo.png\",\"contentUrl\":\"https:\\\/\\\/canfali.com\\\/app\\\/uploads\\\/2025\\\/12\\\/canfali_marina_alta_logo.png\",\"width\":225,\"height\":225,\"caption\":\"Canfali\"},\"image\":{\"@id\":\"https:\\\/\\\/canfali.com\\\/ca-es\\\/#\\\/schema\\\/logo\\\/image\\\/\"},\"sameAs\":[\"https:\\\/\\\/es-es.facebook.com\\\/CANFALIMarinaAlta\",\"https:\\\/\\\/x.com\\\/canfalima\",\"https:\\\/\\\/www.instagram.com\\\/canfalimarinaalta\\\/\"]},{\"@type\":\"Person\",\"@id\":\"https:\\\/\\\/canfali.com\\\/ca-es\\\/#\\\/schema\\\/person\\\/d834d2d4df17cac754d3c314d4c404ef\",\"name\":\"JJ Mas\",\"image\":{\"@type\":\"ImageObject\",\"inLanguage\":\"va-ES\",\"@id\":\"https:\\\/\\\/secure.gravatar.com\\\/avatar\\\/65a5191f5438bf88c2394f6d1a625a6ff903c8785268e603c623a83bc15ba1ee?s=96&d=mm&r=g\",\"url\":\"https:\\\/\\\/secure.gravatar.com\\\/avatar\\\/65a5191f5438bf88c2394f6d1a625a6ff903c8785268e603c623a83bc15ba1ee?s=96&d=mm&r=g\",\"contentUrl\":\"https:\\\/\\\/secure.gravatar.com\\\/avatar\\\/65a5191f5438bf88c2394f6d1a625a6ff903c8785268e603c623a83bc15ba1ee?s=96&d=mm&r=g\",\"caption\":\"JJ Mas\"},\"url\":\"https:\\\/\\\/canfali.com\\\/ca-es\\\/author\\\/jj\\\/\"}]}<\/script>\n<!-- \/ Yoast SEO Premium plugin. -->","yoast_head_json":{"title":"Tallers, m\u00fasica, jocs i tradici\u00f3 a l\u2019agenda nadalenca de Pego - Canfali","robots":{"index":"index","follow":"follow","max-snippet":"max-snippet:-1","max-image-preview":"max-image-preview:large","max-video-preview":"max-video-preview:-1"},"canonical":"https:\/\/canfali.com\/ca-es\/tallers-musica-jocs-i-tradicio-a-lagenda-nadalenca-de-pego\/","og_locale":"en_US","og_type":"article","og_title":"Tallers, m\u00fasica, jocs i tradici\u00f3 a l\u2019agenda nadalenca de Pego","og_description":"Ha estat elaborada en conjunt per les Regidories de Promoci\u00f3 Econ\u00f2mica, Festes i Joventut L\u2019Ajuntament de Pego ha&hellip;","og_url":"https:\/\/canfali.com\/ca-es\/tallers-musica-jocs-i-tradicio-a-lagenda-nadalenca-de-pego\/","og_site_name":"Canfali","article_publisher":"https:\/\/es-es.facebook.com\/CANFALIMarinaAlta","article_published_time":"2025-12-04T12:03:39+00:00","article_modified_time":"2025-12-04T12:05:36+00:00","og_image":[{"width":2560,"height":1440,"url":"https:\/\/canfali.com\/app\/uploads\/2025\/12\/nadalapego1-scaled.jpg","type":"image\/jpeg"}],"author":"JJ Mas","twitter_card":"summary_large_image","twitter_creator":"@canfalima","twitter_site":"@canfalima","twitter_misc":{"Written by":"JJ Mas","Est. reading time":"6 minutes"},"schema":{"@context":"https:\/\/schema.org","@graph":[{"@type":"NewsArticle","@id":"https:\/\/canfali.com\/ca-es\/tallers-musica-jocs-i-tradicio-a-lagenda-nadalenca-de-pego\/#article","isPartOf":{"@id":"https:\/\/canfali.com\/ca-es\/tallers-musica-jocs-i-tradicio-a-lagenda-nadalenca-de-pego\/"},"author":{"name":"JJ Mas","@id":"https:\/\/canfali.com\/ca-es\/#\/schema\/person\/d834d2d4df17cac754d3c314d4c404ef"},"headline":"Tallers, m\u00fasica, jocs i tradici\u00f3 a l\u2019agenda nadalenca de Pego","datePublished":"2025-12-04T12:03:39+00:00","dateModified":"2025-12-04T12:05:36+00:00","mainEntityOfPage":{"@id":"https:\/\/canfali.com\/ca-es\/tallers-musica-jocs-i-tradicio-a-lagenda-nadalenca-de-pego\/"},"wordCount":1235,"publisher":{"@id":"https:\/\/canfali.com\/ca-es\/#organization"},"image":{"@id":"https:\/\/canfali.com\/ca-es\/tallers-musica-jocs-i-tradicio-a-lagenda-nadalenca-de-pego\/#primaryimage"},"thumbnailUrl":"https:\/\/canfali.com\/app\/uploads\/2025\/12\/nadalapego1-scaled.jpg","keywords":["Agenda nadalenca","Joventut","Promoci\u00f3 Econ\u00f2mica","Regidories"],"articleSection":["Economia i Empreses"],"inLanguage":"va-ES","copyrightYear":"2025","copyrightHolder":{"@id":"https:\/\/canfali.com\/#organization"}},{"@type":"WebPage","@id":"https:\/\/canfali.com\/ca-es\/tallers-musica-jocs-i-tradicio-a-lagenda-nadalenca-de-pego\/","url":"https:\/\/canfali.com\/ca-es\/tallers-musica-jocs-i-tradicio-a-lagenda-nadalenca-de-pego\/","name":"Tallers, m\u00fasica, jocs i tradici\u00f3 a l\u2019agenda nadalenca de Pego - Canfali","isPartOf":{"@id":"https:\/\/canfali.com\/ca-es\/#website"},"primaryImageOfPage":{"@id":"https:\/\/canfali.com\/ca-es\/tallers-musica-jocs-i-tradicio-a-lagenda-nadalenca-de-pego\/#primaryimage"},"image":{"@id":"https:\/\/canfali.com\/ca-es\/tallers-musica-jocs-i-tradicio-a-lagenda-nadalenca-de-pego\/#primaryimage"},"thumbnailUrl":"https:\/\/canfali.com\/app\/uploads\/2025\/12\/nadalapego1-scaled.jpg","datePublished":"2025-12-04T12:03:39+00:00","dateModified":"2025-12-04T12:05:36+00:00","breadcrumb":{"@id":"https:\/\/canfali.com\/ca-es\/tallers-musica-jocs-i-tradicio-a-lagenda-nadalenca-de-pego\/#breadcrumb"},"inLanguage":"va-ES","potentialAction":[{"@type":"ReadAction","target":["https:\/\/canfali.com\/ca-es\/tallers-musica-jocs-i-tradicio-a-lagenda-nadalenca-de-pego\/"]}]},{"@type":"ImageObject","inLanguage":"va-ES","@id":"https:\/\/canfali.com\/ca-es\/tallers-musica-jocs-i-tradicio-a-lagenda-nadalenca-de-pego\/#primaryimage","url":"https:\/\/canfali.com\/app\/uploads\/2025\/12\/nadalapego1-scaled.jpg","contentUrl":"https:\/\/canfali.com\/app\/uploads\/2025\/12\/nadalapego1-scaled.jpg","width":2560,"height":1440},{"@type":"BreadcrumbList","@id":"https:\/\/canfali.com\/ca-es\/tallers-musica-jocs-i-tradicio-a-lagenda-nadalenca-de-pego\/#breadcrumb","itemListElement":[{"@type":"ListItem","position":1,"name":"Portada","item":"https:\/\/canfali.com\/ca-es\/"},{"@type":"ListItem","position":2,"name":"Tallers, m\u00fasica, jocs i tradici\u00f3 a l\u2019agenda nadalenca de Pego"}]},{"@type":"WebSite","@id":"https:\/\/canfali.com\/ca-es\/#website","url":"https:\/\/canfali.com\/ca-es\/","name":"Canfali","description":"","publisher":{"@id":"https:\/\/canfali.com\/ca-es\/#organization"},"potentialAction":[{"@type":"SearchAction","target":{"@type":"EntryPoint","urlTemplate":"https:\/\/canfali.com\/ca-es\/?s={search_term_string}"},"query-input":{"@type":"PropertyValueSpecification","valueRequired":true,"valueName":"search_term_string"}}],"inLanguage":"va-ES"},{"@type":"Organization","@id":"https:\/\/canfali.com\/ca-es\/#organization","name":"Canfali","url":"https:\/\/canfali.com\/ca-es\/","logo":{"@type":"ImageObject","inLanguage":"va-ES","@id":"https:\/\/canfali.com\/ca-es\/#\/schema\/logo\/image\/","url":"https:\/\/canfali.com\/app\/uploads\/2025\/12\/canfali_marina_alta_logo.png","contentUrl":"https:\/\/canfali.com\/app\/uploads\/2025\/12\/canfali_marina_alta_logo.png","width":225,"height":225,"caption":"Canfali"},"image":{"@id":"https:\/\/canfali.com\/ca-es\/#\/schema\/logo\/image\/"},"sameAs":["https:\/\/es-es.facebook.com\/CANFALIMarinaAlta","https:\/\/x.com\/canfalima","https:\/\/www.instagram.com\/canfalimarinaalta\/"]},{"@type":"Person","@id":"https:\/\/canfali.com\/ca-es\/#\/schema\/person\/d834d2d4df17cac754d3c314d4c404ef","name":"JJ Mas","image":{"@type":"ImageObject","inLanguage":"va-ES","@id":"https:\/\/secure.gravatar.com\/avatar\/65a5191f5438bf88c2394f6d1a625a6ff903c8785268e603c623a83bc15ba1ee?s=96&d=mm&r=g","url":"https:\/\/secure.gravatar.com\/avatar\/65a5191f5438bf88c2394f6d1a625a6ff903c8785268e603c623a83bc15ba1ee?s=96&d=mm&r=g","contentUrl":"https:\/\/secure.gravatar.com\/avatar\/65a5191f5438bf88c2394f6d1a625a6ff903c8785268e603c623a83bc15ba1ee?s=96&d=mm&r=g","caption":"JJ Mas"},"url":"https:\/\/canfali.com\/ca-es\/author\/jj\/"}]}},"_links":{"self":[{"href":"https:\/\/canfali.com\/ca-es\/wp-json\/wp\/v2\/posts\/83243","targetHints":{"allow":["GET"]}}],"collection":[{"href":"https:\/\/canfali.com\/ca-es\/wp-json\/wp\/v2\/posts"}],"about":[{"href":"https:\/\/canfali.com\/ca-es\/wp-json\/wp\/v2\/types\/post"}],"author":[{"embeddable":true,"href":"https:\/\/canfali.com\/ca-es\/wp-json\/wp\/v2\/users\/4"}],"replies":[{"embeddable":true,"href":"https:\/\/canfali.com\/ca-es\/wp-json\/wp\/v2\/comments?post=83243"}],"version-history":[{"count":2,"href":"https:\/\/canfali.com\/ca-es\/wp-json\/wp\/v2\/posts\/83243\/revisions"}],"predecessor-version":[{"id":83250,"href":"https:\/\/canfali.com\/ca-es\/wp-json\/wp\/v2\/posts\/83243\/revisions\/83250"}],"wp:featuredmedia":[{"embeddable":true,"href":"https:\/\/canfali.com\/ca-es\/wp-json\/wp\/v2\/media\/83244"}],"wp:attachment":[{"href":"https:\/\/canfali.com\/ca-es\/wp-json\/wp\/v2\/media?parent=83243"}],"wp:term":[{"taxonomy":"category","embeddable":true,"href":"https:\/\/canfali.com\/ca-es\/wp-json\/wp\/v2\/categories?post=83243"},{"taxonomy":"post_tag","embeddable":true,"href":"https:\/\/canfali.com\/ca-es\/wp-json\/wp\/v2\/tags?post=83243"}],"curies":[{"name":"wp","href":"https:\/\/api.w.org\/{rel}","templated":true}]}}